{"id":845050,"date":"2024-09-13T14:32:12","date_gmt":"2024-09-13T17:32:12","guid":{"rendered":"https:\/\/bahiaeconomica.com.br\/wp\/?p=845050"},"modified":"2024-09-13T14:32:12","modified_gmt":"2024-09-13T17:32:12","slug":"maior-parque-industrial-do-brasil-sp-puxa-queda-do-setor-em-julho","status":"publish","type":"post","link":"https:\/\/bahiaeconomica.com.br\/wp\/2024\/09\/13\/maior-parque-industrial-do-brasil-sp-puxa-queda-do-setor-em-julho\/","title":{"rendered":"MAIOR PARQUE INDUSTRIAL DO BRASIL, SP PUXA QUEDA DO SETOR EM JULHO"},"content":{"rendered":"<p>Locomotiva da ind\u00fastria nacional, representando um ter\u00e7o da produ\u00e7\u00e3o das f\u00e1bricas do pa\u00eds, o estado de S\u00e3o Paulo apresentou recuo de 1,8% na produ\u00e7\u00e3o industrial em julho. Esse cen\u00e1rio explica o resultado nacional, que ficou no terreno negativo: -1,4%.\u00a0 J\u00e1 na Bahia, que responde por 3,9% da produ\u00e7\u00e3o nacional &#8211; os resultados negativos foram explicados pelos setores de produtos qu\u00edmicos e celulose.<\/p>\n<p>A constata\u00e7\u00e3o faz parte da Pesquisa Industrial Mensal Regional, divulgada nesta sexta-feira (13), no Rio de Janeiro, pelo Instituto Brasileiro de Geografia e Estat\u00edstica (IBGE). O levantamento \u00e9 um complemento da pesquisa nacional, divulgada no \u00faltimo dia 4, que apura o comportamento do parque fabril em 15 regi\u00f5es.<\/p>\n<p>Al\u00e9m de S\u00e3o Paulo, apresentaram diminui\u00e7\u00e3o na produ\u00e7\u00e3o Par\u00e1 (-3,8%) e Bahia (-2,3%). Em S\u00e3o Paulo, o resultado interrompeu tr\u00eas meses seguidos de taxas positivas, per\u00edodo em que acumulou alta de 4,1%.<\/p>\n<p>\u201cA queda de 1,8%, acima da m\u00e9dia nacional, acabou eliminando parte do crescimento acumulado no per\u00edodo. A ind\u00fastria farmac\u00eautica influenciou negativamente o resultado da produ\u00e7\u00e3o paulista\u201d, explica Bernardo Almeida, analista do IBGE.<\/p>\n<p>No acumulado do ano, S\u00e3o Paulo apresenta expans\u00e3o de 4,7% e, em 12 meses, 2,5%. Com esse resultado, a ind\u00fastria paulista est\u00e1 2,2% acima do patamar pr\u00e9-pandemia (fevereiro de 2020), acima da m\u00e9dia nacional, que est\u00e1 1,4% al\u00e9m do alcan\u00e7ado no segundo m\u00eas de 2020. No Par\u00e1, que representa 4,1% da produ\u00e7\u00e3o nacional, a queda na passagem de junho para julho \u00e9 explicada por redu\u00e7\u00e3o no setor de minerais n\u00e3o met\u00e1licos.<\/p>\n<p>No campo positivo, os estados com maiores altas de junho para julho foram Amazonas (6,9%), Esp\u00edrito Santo (5,8%), Paran\u00e1 (4,4%) e Pernambuco (4,2%). Os outros locais pesquisados que apresentaram expans\u00e3o foram Regi\u00e3o Nordeste (3,0%), Minas Gerais (2,1%), Cear\u00e1 (1,9%), Mato Grosso (1,8%), Rio de Janeiro (1,4%), Santa Catarina (1,3%), Goi\u00e1s (1,2%) e Rio Grande do Sul (0,8%).<\/p>\n<p>Fonte: Ag\u00eancia Brasil.<\/p>\n<p>Foto: Governo do Esp\u00edrito Santo\/Divulga\u00e7\u00e3o.<\/p>\n","protected":false},"excerpt":{"rendered":"<p>Locomotiva da ind\u00fastria nacional, representando um ter\u00e7o da produ\u00e7\u00e3o das f\u00e1bricas do pa\u00eds, o estado de S\u00e3o Paulo apresentou recuo de 1,8% na produ\u00e7\u00e3o industrial em julho. Esse cen\u00e1rio explica o resultado nacional, que ficou no terreno negativo: -1,4%.\u00a0 J\u00e1 na Bahia, que responde por 3,9% da produ\u00e7\u00e3o nacional &#8211; os resultados negativos foram explicados [&hellip;]<\/p>\n","protected":false},"author":21,"featured_media":845059,"comment_status":"closed","ping_status":"closed","sticky":false,"template":"","format":"standard","meta":[],"categories":[3],"tags":[225,32217,1768],"acf":[],"yoast_head":"<!-- This site is optimized with the Yoast SEO plugin v20.8 - https:\/\/yoast.com\/wordpress\/plugins\/seo\/ -->\n<title>MAIOR PARQUE INDUSTRIAL DO BRASIL, SP PUXA QUEDA DO SETOR EM JULHO - Bahia Economica<\/title>\n<meta name=\"description\" content=\"O maior portal de Economia da Bahia ECONOMIA \/ POL\u00cdTICA Bahia Economica Locomotiva da ind\u00fastria nacional, representando um ter\u00e7o\" \/>\n<meta name=\"robots\" content=\"index, follow, max-snippet:-1, max-image-preview:large, max-video-preview:-1\" \/>\n<link rel=\"canonical\" href=\"https:\/\/bahiaeconomica.com.br\/wp\/2024\/09\/13\/maior-parque-industrial-do-brasil-sp-puxa-queda-do-setor-em-julho\/\" \/>\n<meta property=\"og:locale\" content=\"pt_BR\" \/>\n<meta property=\"og:type\" content=\"article\" \/>\n<meta property=\"og:title\" content=\"MAIOR PARQUE INDUSTRIAL DO BRASIL, SP PUXA QUEDA DO SETOR EM JULHO - Bahia Economica\" \/>\n<meta property=\"og:description\" content=\"O maior portal de Economia da Bahia ECONOMIA \/ POL\u00cdTICA Bahia Economica Locomotiva da ind\u00fastria nacional, representando um ter\u00e7o\" \/>\n<meta property=\"og:url\" content=\"https:\/\/bahiaeconomica.com.br\/wp\/2024\/09\/13\/maior-parque-industrial-do-brasil-sp-puxa-queda-do-setor-em-julho\/\" \/>\n<meta property=\"og:site_name\" content=\"Bahia Economica\" \/>\n<meta property=\"article:publisher\" content=\"https:\/\/www.facebook.com\/bahiaeconomica\" \/>\n<meta property=\"article:published_time\" content=\"2024-09-13T17:32:12+00:00\" \/>\n<meta property=\"og:image\" content=\"https:\/\/bahiaeconomica.com.br\/wp\/wp-content\/uploads\/2024\/09\/robos_industriais-1024x613-1.webp\" \/>\n\t<meta property=\"og:image:width\" content=\"1024\" \/>\n\t<meta property=\"og:image:height\" content=\"613\" \/>\n\t<meta property=\"og:image:type\" content=\"image\/webp\" \/>\n<meta name=\"author\" content=\"HUGO LEITE\" \/>\n<meta name=\"twitter:card\" content=\"summary_large_image\" \/>\n<meta name=\"twitter:label1\" content=\"Escrito por\" \/>\n\t<meta name=\"twitter:data1\" content=\"HUGO LEITE\" \/>\n\t<meta name=\"twitter:label2\" content=\"Est. tempo de leitura\" \/>\n\t<meta name=\"twitter:data2\" content=\"2 minutos\" \/>\n<script type=\"application\/ld+json\" class=\"yoast-schema-graph\">{\"@context\":\"https:\/\/schema.org\",\"@graph\":[{\"@type\":\"Article\",\"@id\":\"https:\/\/bahiaeconomica.com.br\/wp\/2024\/09\/13\/maior-parque-industrial-do-brasil-sp-puxa-queda-do-setor-em-julho\/#article\",\"isPartOf\":{\"@id\":\"https:\/\/bahiaeconomica.com.br\/wp\/2024\/09\/13\/maior-parque-industrial-do-brasil-sp-puxa-queda-do-setor-em-julho\/\"},\"author\":{\"name\":\"HUGO LEITE\",\"@id\":\"https:\/\/bahiaeconomica.com.br\/wp\/#\/schema\/person\/1704090528f3af7c918b3cb25d9d4016\"},\"headline\":\"MAIOR PARQUE INDUSTRIAL DO BRASIL, SP PUXA QUEDA DO SETOR EM JULHO\",\"datePublished\":\"2024-09-13T17:32:12+00:00\",\"dateModified\":\"2024-09-13T17:32:12+00:00\",\"mainEntityOfPage\":{\"@id\":\"https:\/\/bahiaeconomica.com.br\/wp\/2024\/09\/13\/maior-parque-industrial-do-brasil-sp-puxa-queda-do-setor-em-julho\/\"},\"wordCount\":338,\"publisher\":{\"@id\":\"https:\/\/bahiaeconomica.com.br\/wp\/#organization\"},\"keywords\":[\"IBGE\",\"parque industrial\",\"sp\"],\"articleSection\":[\"ECONOMIA \/ POL\u00cdTICA\"],\"inLanguage\":\"pt-BR\"},{\"@type\":\"WebPage\",\"@id\":\"https:\/\/bahiaeconomica.com.br\/wp\/2024\/09\/13\/maior-parque-industrial-do-brasil-sp-puxa-queda-do-setor-em-julho\/\",\"url\":\"https:\/\/bahiaeconomica.com.br\/wp\/2024\/09\/13\/maior-parque-industrial-do-brasil-sp-puxa-queda-do-setor-em-julho\/\",\"name\":\"MAIOR PARQUE INDUSTRIAL DO BRASIL, SP PUXA QUEDA DO SETOR EM JULHO - Bahia Economica\",\"isPartOf\":{\"@id\":\"https:\/\/bahiaeconomica.com.br\/wp\/#website\"},\"datePublished\":\"2024-09-13T17:32:12+00:00\",\"dateModified\":\"2024-09-13T17:32:12+00:00\",\"description\":\"O maior portal de Economia da Bahia ECONOMIA \/ POL\u00cdTICA Bahia Economica Locomotiva da ind\u00fastria nacional, representando um ter\u00e7o\",\"breadcrumb\":{\"@id\":\"https:\/\/bahiaeconomica.com.br\/wp\/2024\/09\/13\/maior-parque-industrial-do-brasil-sp-puxa-queda-do-setor-em-julho\/#breadcrumb\"},\"inLanguage\":\"pt-BR\",\"potentialAction\":[{\"@type\":\"ReadAction\",\"target\":[\"https:\/\/bahiaeconomica.com.br\/wp\/2024\/09\/13\/maior-parque-industrial-do-brasil-sp-puxa-queda-do-setor-em-julho\/\"]}]},{\"@type\":\"BreadcrumbList\",\"@id\":\"https:\/\/bahiaeconomica.com.br\/wp\/2024\/09\/13\/maior-parque-industrial-do-brasil-sp-puxa-queda-do-setor-em-julho\/#breadcrumb\",\"itemListElement\":[{\"@type\":\"ListItem\",\"position\":1,\"name\":\"In\u00edcio\",\"item\":\"https:\/\/bahiaeconomica.com.br\/wp\/\"},{\"@type\":\"ListItem\",\"position\":2,\"name\":\"MAIOR PARQUE INDUSTRIAL DO BRASIL, SP PUXA QUEDA DO SETOR EM JULHO\"}]},{\"@type\":\"WebSite\",\"@id\":\"https:\/\/bahiaeconomica.com.br\/wp\/#website\",\"url\":\"https:\/\/bahiaeconomica.com.br\/wp\/\",\"name\":\"Bahia Economica\",\"description\":\"O maior portal de Economia da Bahia\",\"publisher\":{\"@id\":\"https:\/\/bahiaeconomica.com.br\/wp\/#organization\"},\"potentialAction\":[{\"@type\":\"SearchAction\",\"target\":{\"@type\":\"EntryPoint\",\"urlTemplate\":\"https:\/\/bahiaeconomica.com.br\/wp\/?s={search_term_string}\"},\"query-input\":\"required name=search_term_string\"}],\"inLanguage\":\"pt-BR\"},{\"@type\":\"Organization\",\"@id\":\"https:\/\/bahiaeconomica.com.br\/wp\/#organization\",\"name\":\"Bahia Econ\u00f4mica\",\"url\":\"https:\/\/bahiaeconomica.com.br\/wp\/\",\"logo\":{\"@type\":\"ImageObject\",\"inLanguage\":\"pt-BR\",\"@id\":\"https:\/\/bahiaeconomica.com.br\/wp\/#\/schema\/logo\/image\/\",\"url\":\"https:\/\/bahiaeconomica.com.br\/wp\/wp-content\/uploads\/2020\/12\/cropped-BE.png\",\"contentUrl\":\"https:\/\/bahiaeconomica.com.br\/wp\/wp-content\/uploads\/2020\/12\/cropped-BE.png\",\"width\":512,\"height\":512,\"caption\":\"Bahia Econ\u00f4mica\"},\"image\":{\"@id\":\"https:\/\/bahiaeconomica.com.br\/wp\/#\/schema\/logo\/image\/\"},\"sameAs\":[\"https:\/\/www.facebook.com\/bahiaeconomica\"]},{\"@type\":\"Person\",\"@id\":\"https:\/\/bahiaeconomica.com.br\/wp\/#\/schema\/person\/1704090528f3af7c918b3cb25d9d4016\",\"name\":\"HUGO LEITE\",\"sameAs\":[\"http:\/\/www.bahiaeconomica.com.br\"],\"url\":\"https:\/\/bahiaeconomica.com.br\/wp\/author\/hugo-leite\/\"}]}<\/script>\n<!-- \/ Yoast SEO plugin. -->","yoast_head_json":{"title":"MAIOR PARQUE INDUSTRIAL DO BRASIL, SP PUXA QUEDA DO SETOR EM JULHO - Bahia Economica","description":"O maior portal de Economia da Bahia ECONOMIA \/ POL\u00cdTICA Bahia Economica Locomotiva da ind\u00fastria nacional, representando um ter\u00e7o","robots":{"index":"index","follow":"follow","max-snippet":"max-snippet:-1","max-image-preview":"max-image-preview:large","max-video-preview":"max-video-preview:-1"},"canonical":"https:\/\/bahiaeconomica.com.br\/wp\/2024\/09\/13\/maior-parque-industrial-do-brasil-sp-puxa-queda-do-setor-em-julho\/","og_locale":"pt_BR","og_type":"article","og_title":"MAIOR PARQUE INDUSTRIAL DO BRASIL, SP PUXA QUEDA DO SETOR EM JULHO - Bahia Economica","og_description":"O maior portal de Economia da Bahia ECONOMIA \/ POL\u00cdTICA Bahia Economica Locomotiva da ind\u00fastria nacional, representando um ter\u00e7o","og_url":"https:\/\/bahiaeconomica.com.br\/wp\/2024\/09\/13\/maior-parque-industrial-do-brasil-sp-puxa-queda-do-setor-em-julho\/","og_site_name":"Bahia Economica","article_publisher":"https:\/\/www.facebook.com\/bahiaeconomica","article_published_time":"2024-09-13T17:32:12+00:00","og_image":[{"width":1024,"height":613,"url":"https:\/\/bahiaeconomica.com.br\/wp\/wp-content\/uploads\/2024\/09\/robos_industriais-1024x613-1.webp","type":"image\/webp"}],"author":"HUGO LEITE","twitter_card":"summary_large_image","twitter_misc":{"Escrito por":"HUGO LEITE","Est. tempo de leitura":"2 minutos"},"schema":{"@context":"https:\/\/schema.org","@graph":[{"@type":"Article","@id":"https:\/\/bahiaeconomica.com.br\/wp\/2024\/09\/13\/maior-parque-industrial-do-brasil-sp-puxa-queda-do-setor-em-julho\/#article","isPartOf":{"@id":"https:\/\/bahiaeconomica.com.br\/wp\/2024\/09\/13\/maior-parque-industrial-do-brasil-sp-puxa-queda-do-setor-em-julho\/"},"author":{"name":"HUGO LEITE","@id":"https:\/\/bahiaeconomica.com.br\/wp\/#\/schema\/person\/1704090528f3af7c918b3cb25d9d4016"},"headline":"MAIOR PARQUE INDUSTRIAL DO BRASIL, SP PUXA QUEDA DO SETOR EM JULHO","datePublished":"2024-09-13T17:32:12+00:00","dateModified":"2024-09-13T17:32:12+00:00","mainEntityOfPage":{"@id":"https:\/\/bahiaeconomica.com.br\/wp\/2024\/09\/13\/maior-parque-industrial-do-brasil-sp-puxa-queda-do-setor-em-julho\/"},"wordCount":338,"publisher":{"@id":"https:\/\/bahiaeconomica.com.br\/wp\/#organization"},"keywords":["IBGE","parque industrial","sp"],"articleSection":["ECONOMIA \/ POL\u00cdTICA"],"inLanguage":"pt-BR"},{"@type":"WebPage","@id":"https:\/\/bahiaeconomica.com.br\/wp\/2024\/09\/13\/maior-parque-industrial-do-brasil-sp-puxa-queda-do-setor-em-julho\/","url":"https:\/\/bahiaeconomica.com.br\/wp\/2024\/09\/13\/maior-parque-industrial-do-brasil-sp-puxa-queda-do-setor-em-julho\/","name":"MAIOR PARQUE INDUSTRIAL DO BRASIL, SP PUXA QUEDA DO SETOR EM JULHO - Bahia Economica","isPartOf":{"@id":"https:\/\/bahiaeconomica.com.br\/wp\/#website"},"datePublished":"2024-09-13T17:32:12+00:00","dateModified":"2024-09-13T17:32:12+00:00","description":"O maior portal de Economia da Bahia ECONOMIA \/ POL\u00cdTICA Bahia Economica Locomotiva da ind\u00fastria nacional, representando um ter\u00e7o","breadcrumb":{"@id":"https:\/\/bahiaeconomica.com.br\/wp\/2024\/09\/13\/maior-parque-industrial-do-brasil-sp-puxa-queda-do-setor-em-julho\/#breadcrumb"},"inLanguage":"pt-BR","potentialAction":[{"@type":"ReadAction","target":["https:\/\/bahiaeconomica.com.br\/wp\/2024\/09\/13\/maior-parque-industrial-do-brasil-sp-puxa-queda-do-setor-em-julho\/"]}]},{"@type":"BreadcrumbList","@id":"https:\/\/bahiaeconomica.com.br\/wp\/2024\/09\/13\/maior-parque-industrial-do-brasil-sp-puxa-queda-do-setor-em-julho\/#breadcrumb","itemListElement":[{"@type":"ListItem","position":1,"name":"In\u00edcio","item":"https:\/\/bahiaeconomica.com.br\/wp\/"},{"@type":"ListItem","position":2,"name":"MAIOR PARQUE INDUSTRIAL DO BRASIL, SP PUXA QUEDA DO SETOR EM JULHO"}]},{"@type":"WebSite","@id":"https:\/\/bahiaeconomica.com.br\/wp\/#website","url":"https:\/\/bahiaeconomica.com.br\/wp\/","name":"Bahia Economica","description":"O maior portal de Economia da Bahia","publisher":{"@id":"https:\/\/bahiaeconomica.com.br\/wp\/#organization"},"potentialAction":[{"@type":"SearchAction","target":{"@type":"EntryPoint","urlTemplate":"https:\/\/bahiaeconomica.com.br\/wp\/?s={search_term_string}"},"query-input":"required name=search_term_string"}],"inLanguage":"pt-BR"},{"@type":"Organization","@id":"https:\/\/bahiaeconomica.com.br\/wp\/#organization","name":"Bahia Econ\u00f4mica","url":"https:\/\/bahiaeconomica.com.br\/wp\/","logo":{"@type":"ImageObject","inLanguage":"pt-BR","@id":"https:\/\/bahiaeconomica.com.br\/wp\/#\/schema\/logo\/image\/","url":"https:\/\/bahiaeconomica.com.br\/wp\/wp-content\/uploads\/2020\/12\/cropped-BE.png","contentUrl":"https:\/\/bahiaeconomica.com.br\/wp\/wp-content\/uploads\/2020\/12\/cropped-BE.png","width":512,"height":512,"caption":"Bahia Econ\u00f4mica"},"image":{"@id":"https:\/\/bahiaeconomica.com.br\/wp\/#\/schema\/logo\/image\/"},"sameAs":["https:\/\/www.facebook.com\/bahiaeconomica"]},{"@type":"Person","@id":"https:\/\/bahiaeconomica.com.br\/wp\/#\/schema\/person\/1704090528f3af7c918b3cb25d9d4016","name":"HUGO LEITE","sameAs":["http:\/\/www.bahiaeconomica.com.br"],"url":"https:\/\/bahiaeconomica.com.br\/wp\/author\/hugo-leite\/"}]}},"views":17,"_links":{"self":[{"href":"https:\/\/bahiaeconomica.com.br\/wp\/wp-json\/wp\/v2\/posts\/845050"}],"collection":[{"href":"https:\/\/bahiaeconomica.com.br\/wp\/wp-json\/wp\/v2\/posts"}],"about":[{"href":"https:\/\/bahiaeconomica.com.br\/wp\/wp-json\/wp\/v2\/types\/post"}],"author":[{"embeddable":true,"href":"https:\/\/bahiaeconomica.com.br\/wp\/wp-json\/wp\/v2\/users\/21"}],"replies":[{"embeddable":true,"href":"https:\/\/bahiaeconomica.com.br\/wp\/wp-json\/wp\/v2\/comments?post=845050"}],"version-history":[{"count":1,"href":"https:\/\/bahiaeconomica.com.br\/wp\/wp-json\/wp\/v2\/posts\/845050\/revisions"}],"predecessor-version":[{"id":845060,"href":"https:\/\/bahiaeconomica.com.br\/wp\/wp-json\/wp\/v2\/posts\/845050\/revisions\/845060"}],"wp:featuredmedia":[{"embeddable":true,"href":"https:\/\/bahiaeconomica.com.br\/wp\/wp-json\/wp\/v2\/media\/845059"}],"wp:attachment":[{"href":"https:\/\/bahiaeconomica.com.br\/wp\/wp-json\/wp\/v2\/media?parent=845050"}],"wp:term":[{"taxonomy":"category","embeddable":true,"href":"https:\/\/bahiaeconomica.com.br\/wp\/wp-json\/wp\/v2\/categories?post=845050"},{"taxonomy":"post_tag","embeddable":true,"href":"https:\/\/bahiaeconomica.com.br\/wp\/wp-json\/wp\/v2\/tags?post=845050"}],"curies":[{"name":"wp","href":"https:\/\/api.w.org\/{rel}","templated":true}]}}