{"id":844576,"date":"2024-09-12T08:40:12","date_gmt":"2024-09-12T11:40:12","guid":{"rendered":"https:\/\/bahiaeconomica.com.br\/wp\/?p=844576"},"modified":"2024-09-12T09:00:50","modified_gmt":"2024-09-12T12:00:50","slug":"candidato-a-vereador-bruno-amaral-propoe-centro-de-suporte-psicologico-para-jovens-em-lauro-de-freitas","status":"publish","type":"post","link":"https:\/\/bahiaeconomica.com.br\/wp\/2024\/09\/12\/candidato-a-vereador-bruno-amaral-propoe-centro-de-suporte-psicologico-para-jovens-em-lauro-de-freitas\/","title":{"rendered":"CANDIDATO A VEREADOR, BRUNO AMARAL PROP\u00d5E CENTRO DE SUPORTE PSICOL\u00d3GICO PARA JOVENS EM LAURO DE FREITAS"},"content":{"rendered":"<p>O candidato a vereador de Lauro de Freitas, Bruno Amaral (Republicanos), conhecido como Bruno Juventude, anunciou que uma de suas principais propostas \u00e9 a cria\u00e7\u00e3o de um Centro de Acolhimento para Jovens e Adolescentes (CAJA). O objetivo \u00e9 oferecer suporte psicol\u00f3gico a jovens que enfrentam problemas como depress\u00e3o e atualmente n\u00e3o encontram o apoio necess\u00e1rio.Bruno destacou que muitos jovens sofrem com a falta de atendimento psicol\u00f3gico no munic\u00edpio, localizado na Regi\u00e3o Metropolitana de Salvador (RMS), e sua proposta visa trazer profissionais especializados em sa\u00fade mental para atender essa demanda.<\/p>\n<p>&#8220;Tenho algumas boas ideias e projetos para o munic\u00edpio, mas o meu principal \u00e9 a cria\u00e7\u00e3o de um centro de acolhimento para jovens e adolescentes, onde eles possam receber atendimento psicol\u00f3gico. Muitos est\u00e3o sofrendo com depress\u00e3o e n\u00e3o t\u00eam acesso a esse tipo de ajuda. A proposta \u00e9 trazer profissionais especializados em sa\u00fade mental e apoio emocional para atender esses jovens. Essa \u00e9 a minha maior proposta como vereador em Lauro de Freitas&#8221;, afirmou Bruno.<\/p>\n<p>Ele acrescentou que a cria\u00e7\u00e3o do CAJA pode ser &#8220;crucial para enfrentar os desafios da sa\u00fade mental entre os jovens&#8221;, devido ao aumento de casos de transtornos psicol\u00f3gicos nessa faixa et\u00e1ria. Al\u00e9m disso, o espa\u00e7o poder\u00e1 oferecer atividades que contribuam para o desenvolvimento pessoal e emocional dos adolescentes.<\/p>\n","protected":false},"excerpt":{"rendered":"<p>O candidato a vereador de Lauro de Freitas, Bruno Amaral (Republicanos), conhecido como Bruno Juventude, anunciou que uma de suas principais propostas \u00e9 a cria\u00e7\u00e3o de um Centro de Acolhimento para Jovens e Adolescentes (CAJA). O objetivo \u00e9 oferecer suporte psicol\u00f3gico a jovens que enfrentam problemas como depress\u00e3o e atualmente n\u00e3o encontram o apoio necess\u00e1rio.Bruno [&hellip;]<\/p>\n","protected":false},"author":8,"featured_media":844577,"comment_status":"closed","ping_status":"closed","sticky":false,"template":"","format":"standard","meta":[],"categories":[5],"tags":[1404,406],"acf":[],"yoast_head":"<!-- This site is optimized with the Yoast SEO plugin v20.8 - https:\/\/yoast.com\/wordpress\/plugins\/seo\/ -->\n<title>CANDIDATO A VEREADOR, BRUNO AMARAL PROP\u00d5E CENTRO DE SUPORTE PSICOL\u00d3GICO PARA JOVENS EM LAURO DE FREITAS - Bahia Economica<\/title>\n<meta name=\"description\" content=\"O maior portal de Economia da Bahia MUNIC\u00cdPIOS Bahia Economica candidato a vereador de Lauro de Freitas, Bruno Amaral (Republicanos)\" \/>\n<meta name=\"robots\" content=\"index, follow, max-snippet:-1, max-image-preview:large, max-video-preview:-1\" \/>\n<link rel=\"canonical\" href=\"https:\/\/bahiaeconomica.com.br\/wp\/2024\/09\/12\/candidato-a-vereador-bruno-amaral-propoe-centro-de-suporte-psicologico-para-jovens-em-lauro-de-freitas\/\" \/>\n<meta property=\"og:locale\" content=\"pt_BR\" \/>\n<meta property=\"og:type\" content=\"article\" \/>\n<meta property=\"og:title\" content=\"CANDIDATO A VEREADOR, BRUNO AMARAL PROP\u00d5E CENTRO DE SUPORTE PSICOL\u00d3GICO PARA JOVENS EM LAURO DE FREITAS - Bahia Economica\" \/>\n<meta property=\"og:description\" content=\"O maior portal de Economia da Bahia MUNIC\u00cdPIOS Bahia Economica candidato a vereador de Lauro de Freitas, Bruno Amaral (Republicanos)\" \/>\n<meta property=\"og:url\" content=\"https:\/\/bahiaeconomica.com.br\/wp\/2024\/09\/12\/candidato-a-vereador-bruno-amaral-propoe-centro-de-suporte-psicologico-para-jovens-em-lauro-de-freitas\/\" \/>\n<meta property=\"og:site_name\" content=\"Bahia Economica\" \/>\n<meta property=\"article:publisher\" content=\"https:\/\/www.facebook.com\/bahiaeconomica\" \/>\n<meta property=\"article:published_time\" content=\"2024-09-12T11:40:12+00:00\" \/>\n<meta property=\"article:modified_time\" content=\"2024-09-12T12:00:50+00:00\" \/>\n<meta property=\"og:image\" content=\"https:\/\/bahiaeconomica.com.br\/wp\/wp-content\/uploads\/2024\/09\/WhatsApp-Image-2024-09-12-at-08.14.19.jpeg\" \/>\n\t<meta property=\"og:image:width\" content=\"1073\" \/>\n\t<meta property=\"og:image:height\" content=\"850\" \/>\n\t<meta property=\"og:image:type\" content=\"image\/jpeg\" \/>\n<meta name=\"author\" content=\"JP\" \/>\n<meta name=\"twitter:card\" content=\"summary_large_image\" \/>\n<meta name=\"twitter:label1\" content=\"Escrito por\" \/>\n\t<meta name=\"twitter:data1\" content=\"JP\" \/>\n\t<meta name=\"twitter:label2\" content=\"Est. tempo de leitura\" \/>\n\t<meta name=\"twitter:data2\" content=\"2 minutos\" \/>\n<script type=\"application\/ld+json\" class=\"yoast-schema-graph\">{\"@context\":\"https:\/\/schema.org\",\"@graph\":[{\"@type\":\"Article\",\"@id\":\"https:\/\/bahiaeconomica.com.br\/wp\/2024\/09\/12\/candidato-a-vereador-bruno-amaral-propoe-centro-de-suporte-psicologico-para-jovens-em-lauro-de-freitas\/#article\",\"isPartOf\":{\"@id\":\"https:\/\/bahiaeconomica.com.br\/wp\/2024\/09\/12\/candidato-a-vereador-bruno-amaral-propoe-centro-de-suporte-psicologico-para-jovens-em-lauro-de-freitas\/\"},\"author\":{\"name\":\"JP\",\"@id\":\"https:\/\/bahiaeconomica.com.br\/wp\/#\/schema\/person\/c86d3a3f8960425a0f9d0e5245991f4e\"},\"headline\":\"CANDIDATO A VEREADOR, BRUNO AMARAL PROP\u00d5E CENTRO DE SUPORTE PSICOL\u00d3GICO PARA JOVENS EM LAURO DE FREITAS\",\"datePublished\":\"2024-09-12T11:40:12+00:00\",\"dateModified\":\"2024-09-12T12:00:50+00:00\",\"mainEntityOfPage\":{\"@id\":\"https:\/\/bahiaeconomica.com.br\/wp\/2024\/09\/12\/candidato-a-vereador-bruno-amaral-propoe-centro-de-suporte-psicologico-para-jovens-em-lauro-de-freitas\/\"},\"wordCount\":249,\"publisher\":{\"@id\":\"https:\/\/bahiaeconomica.com.br\/wp\/#organization\"},\"keywords\":[\"candidato\",\"vereador\"],\"articleSection\":[\"MUNIC\u00cdPIOS\"],\"inLanguage\":\"pt-BR\"},{\"@type\":\"WebPage\",\"@id\":\"https:\/\/bahiaeconomica.com.br\/wp\/2024\/09\/12\/candidato-a-vereador-bruno-amaral-propoe-centro-de-suporte-psicologico-para-jovens-em-lauro-de-freitas\/\",\"url\":\"https:\/\/bahiaeconomica.com.br\/wp\/2024\/09\/12\/candidato-a-vereador-bruno-amaral-propoe-centro-de-suporte-psicologico-para-jovens-em-lauro-de-freitas\/\",\"name\":\"CANDIDATO A VEREADOR, BRUNO AMARAL PROP\u00d5E CENTRO DE SUPORTE PSICOL\u00d3GICO PARA JOVENS EM LAURO DE FREITAS - Bahia Economica\",\"isPartOf\":{\"@id\":\"https:\/\/bahiaeconomica.com.br\/wp\/#website\"},\"datePublished\":\"2024-09-12T11:40:12+00:00\",\"dateModified\":\"2024-09-12T12:00:50+00:00\",\"description\":\"O maior portal de Economia da Bahia MUNIC\u00cdPIOS Bahia Economica candidato a vereador de Lauro de Freitas, Bruno Amaral (Republicanos)\",\"breadcrumb\":{\"@id\":\"https:\/\/bahiaeconomica.com.br\/wp\/2024\/09\/12\/candidato-a-vereador-bruno-amaral-propoe-centro-de-suporte-psicologico-para-jovens-em-lauro-de-freitas\/#breadcrumb\"},\"inLanguage\":\"pt-BR\",\"potentialAction\":[{\"@type\":\"ReadAction\",\"target\":[\"https:\/\/bahiaeconomica.com.br\/wp\/2024\/09\/12\/candidato-a-vereador-bruno-amaral-propoe-centro-de-suporte-psicologico-para-jovens-em-lauro-de-freitas\/\"]}]},{\"@type\":\"BreadcrumbList\",\"@id\":\"https:\/\/bahiaeconomica.com.br\/wp\/2024\/09\/12\/candidato-a-vereador-bruno-amaral-propoe-centro-de-suporte-psicologico-para-jovens-em-lauro-de-freitas\/#breadcrumb\",\"itemListElement\":[{\"@type\":\"ListItem\",\"position\":1,\"name\":\"In\u00edcio\",\"item\":\"https:\/\/bahiaeconomica.com.br\/wp\/\"},{\"@type\":\"ListItem\",\"position\":2,\"name\":\"CANDIDATO A VEREADOR, BRUNO AMARAL PROP\u00d5E CENTRO DE SUPORTE PSICOL\u00d3GICO PARA JOVENS EM LAURO DE FREITAS\"}]},{\"@type\":\"WebSite\",\"@id\":\"https:\/\/bahiaeconomica.com.br\/wp\/#website\",\"url\":\"https:\/\/bahiaeconomica.com.br\/wp\/\",\"name\":\"Bahia Economica\",\"description\":\"O maior portal de Economia da Bahia\",\"publisher\":{\"@id\":\"https:\/\/bahiaeconomica.com.br\/wp\/#organization\"},\"potentialAction\":[{\"@type\":\"SearchAction\",\"target\":{\"@type\":\"EntryPoint\",\"urlTemplate\":\"https:\/\/bahiaeconomica.com.br\/wp\/?s={search_term_string}\"},\"query-input\":\"required name=search_term_string\"}],\"inLanguage\":\"pt-BR\"},{\"@type\":\"Organization\",\"@id\":\"https:\/\/bahiaeconomica.com.br\/wp\/#organization\",\"name\":\"Bahia Econ\u00f4mica\",\"url\":\"https:\/\/bahiaeconomica.com.br\/wp\/\",\"logo\":{\"@type\":\"ImageObject\",\"inLanguage\":\"pt-BR\",\"@id\":\"https:\/\/bahiaeconomica.com.br\/wp\/#\/schema\/logo\/image\/\",\"url\":\"https:\/\/bahiaeconomica.com.br\/wp\/wp-content\/uploads\/2020\/12\/cropped-BE.png\",\"contentUrl\":\"https:\/\/bahiaeconomica.com.br\/wp\/wp-content\/uploads\/2020\/12\/cropped-BE.png\",\"width\":512,\"height\":512,\"caption\":\"Bahia Econ\u00f4mica\"},\"image\":{\"@id\":\"https:\/\/bahiaeconomica.com.br\/wp\/#\/schema\/logo\/image\/\"},\"sameAs\":[\"https:\/\/www.facebook.com\/bahiaeconomica\"]},{\"@type\":\"Person\",\"@id\":\"https:\/\/bahiaeconomica.com.br\/wp\/#\/schema\/person\/c86d3a3f8960425a0f9d0e5245991f4e\",\"name\":\"JP\",\"sameAs\":[\"https:\/\/bahiaeconomica.com.br\/wp\/beta\/\"],\"url\":\"https:\/\/bahiaeconomica.com.br\/wp\/author\/jp\/\"}]}<\/script>\n<!-- \/ Yoast SEO plugin. -->","yoast_head_json":{"title":"CANDIDATO A VEREADOR, BRUNO AMARAL PROP\u00d5E CENTRO DE SUPORTE PSICOL\u00d3GICO PARA JOVENS EM LAURO DE FREITAS - Bahia Economica","description":"O maior portal de Economia da Bahia MUNIC\u00cdPIOS Bahia Economica candidato a vereador de Lauro de Freitas, Bruno Amaral (Republicanos)","robots":{"index":"index","follow":"follow","max-snippet":"max-snippet:-1","max-image-preview":"max-image-preview:large","max-video-preview":"max-video-preview:-1"},"canonical":"https:\/\/bahiaeconomica.com.br\/wp\/2024\/09\/12\/candidato-a-vereador-bruno-amaral-propoe-centro-de-suporte-psicologico-para-jovens-em-lauro-de-freitas\/","og_locale":"pt_BR","og_type":"article","og_title":"CANDIDATO A VEREADOR, BRUNO AMARAL PROP\u00d5E CENTRO DE SUPORTE PSICOL\u00d3GICO PARA JOVENS EM LAURO DE FREITAS - Bahia Economica","og_description":"O maior portal de Economia da Bahia MUNIC\u00cdPIOS Bahia Economica candidato a vereador de Lauro de Freitas, Bruno Amaral (Republicanos)","og_url":"https:\/\/bahiaeconomica.com.br\/wp\/2024\/09\/12\/candidato-a-vereador-bruno-amaral-propoe-centro-de-suporte-psicologico-para-jovens-em-lauro-de-freitas\/","og_site_name":"Bahia Economica","article_publisher":"https:\/\/www.facebook.com\/bahiaeconomica","article_published_time":"2024-09-12T11:40:12+00:00","article_modified_time":"2024-09-12T12:00:50+00:00","og_image":[{"width":1073,"height":850,"url":"https:\/\/bahiaeconomica.com.br\/wp\/wp-content\/uploads\/2024\/09\/WhatsApp-Image-2024-09-12-at-08.14.19.jpeg","type":"image\/jpeg"}],"author":"JP","twitter_card":"summary_large_image","twitter_misc":{"Escrito por":"JP","Est. tempo de leitura":"2 minutos"},"schema":{"@context":"https:\/\/schema.org","@graph":[{"@type":"Article","@id":"https:\/\/bahiaeconomica.com.br\/wp\/2024\/09\/12\/candidato-a-vereador-bruno-amaral-propoe-centro-de-suporte-psicologico-para-jovens-em-lauro-de-freitas\/#article","isPartOf":{"@id":"https:\/\/bahiaeconomica.com.br\/wp\/2024\/09\/12\/candidato-a-vereador-bruno-amaral-propoe-centro-de-suporte-psicologico-para-jovens-em-lauro-de-freitas\/"},"author":{"name":"JP","@id":"https:\/\/bahiaeconomica.com.br\/wp\/#\/schema\/person\/c86d3a3f8960425a0f9d0e5245991f4e"},"headline":"CANDIDATO A VEREADOR, BRUNO AMARAL PROP\u00d5E CENTRO DE SUPORTE PSICOL\u00d3GICO PARA JOVENS EM LAURO DE FREITAS","datePublished":"2024-09-12T11:40:12+00:00","dateModified":"2024-09-12T12:00:50+00:00","mainEntityOfPage":{"@id":"https:\/\/bahiaeconomica.com.br\/wp\/2024\/09\/12\/candidato-a-vereador-bruno-amaral-propoe-centro-de-suporte-psicologico-para-jovens-em-lauro-de-freitas\/"},"wordCount":249,"publisher":{"@id":"https:\/\/bahiaeconomica.com.br\/wp\/#organization"},"keywords":["candidato","vereador"],"articleSection":["MUNIC\u00cdPIOS"],"inLanguage":"pt-BR"},{"@type":"WebPage","@id":"https:\/\/bahiaeconomica.com.br\/wp\/2024\/09\/12\/candidato-a-vereador-bruno-amaral-propoe-centro-de-suporte-psicologico-para-jovens-em-lauro-de-freitas\/","url":"https:\/\/bahiaeconomica.com.br\/wp\/2024\/09\/12\/candidato-a-vereador-bruno-amaral-propoe-centro-de-suporte-psicologico-para-jovens-em-lauro-de-freitas\/","name":"CANDIDATO A VEREADOR, BRUNO AMARAL PROP\u00d5E CENTRO DE SUPORTE PSICOL\u00d3GICO PARA JOVENS EM LAURO DE FREITAS - Bahia Economica","isPartOf":{"@id":"https:\/\/bahiaeconomica.com.br\/wp\/#website"},"datePublished":"2024-09-12T11:40:12+00:00","dateModified":"2024-09-12T12:00:50+00:00","description":"O maior portal de Economia da Bahia MUNIC\u00cdPIOS Bahia Economica candidato a vereador de Lauro de Freitas, Bruno Amaral (Republicanos)","breadcrumb":{"@id":"https:\/\/bahiaeconomica.com.br\/wp\/2024\/09\/12\/candidato-a-vereador-bruno-amaral-propoe-centro-de-suporte-psicologico-para-jovens-em-lauro-de-freitas\/#breadcrumb"},"inLanguage":"pt-BR","potentialAction":[{"@type":"ReadAction","target":["https:\/\/bahiaeconomica.com.br\/wp\/2024\/09\/12\/candidato-a-vereador-bruno-amaral-propoe-centro-de-suporte-psicologico-para-jovens-em-lauro-de-freitas\/"]}]},{"@type":"BreadcrumbList","@id":"https:\/\/bahiaeconomica.com.br\/wp\/2024\/09\/12\/candidato-a-vereador-bruno-amaral-propoe-centro-de-suporte-psicologico-para-jovens-em-lauro-de-freitas\/#breadcrumb","itemListElement":[{"@type":"ListItem","position":1,"name":"In\u00edcio","item":"https:\/\/bahiaeconomica.com.br\/wp\/"},{"@type":"ListItem","position":2,"name":"CANDIDATO A VEREADOR, BRUNO AMARAL PROP\u00d5E CENTRO DE SUPORTE PSICOL\u00d3GICO PARA JOVENS EM LAURO DE FREITAS"}]},{"@type":"WebSite","@id":"https:\/\/bahiaeconomica.com.br\/wp\/#website","url":"https:\/\/bahiaeconomica.com.br\/wp\/","name":"Bahia Economica","description":"O maior portal de Economia da Bahia","publisher":{"@id":"https:\/\/bahiaeconomica.com.br\/wp\/#organization"},"potentialAction":[{"@type":"SearchAction","target":{"@type":"EntryPoint","urlTemplate":"https:\/\/bahiaeconomica.com.br\/wp\/?s={search_term_string}"},"query-input":"required name=search_term_string"}],"inLanguage":"pt-BR"},{"@type":"Organization","@id":"https:\/\/bahiaeconomica.com.br\/wp\/#organization","name":"Bahia Econ\u00f4mica","url":"https:\/\/bahiaeconomica.com.br\/wp\/","logo":{"@type":"ImageObject","inLanguage":"pt-BR","@id":"https:\/\/bahiaeconomica.com.br\/wp\/#\/schema\/logo\/image\/","url":"https:\/\/bahiaeconomica.com.br\/wp\/wp-content\/uploads\/2020\/12\/cropped-BE.png","contentUrl":"https:\/\/bahiaeconomica.com.br\/wp\/wp-content\/uploads\/2020\/12\/cropped-BE.png","width":512,"height":512,"caption":"Bahia Econ\u00f4mica"},"image":{"@id":"https:\/\/bahiaeconomica.com.br\/wp\/#\/schema\/logo\/image\/"},"sameAs":["https:\/\/www.facebook.com\/bahiaeconomica"]},{"@type":"Person","@id":"https:\/\/bahiaeconomica.com.br\/wp\/#\/schema\/person\/c86d3a3f8960425a0f9d0e5245991f4e","name":"JP","sameAs":["https:\/\/bahiaeconomica.com.br\/wp\/beta\/"],"url":"https:\/\/bahiaeconomica.com.br\/wp\/author\/jp\/"}]}},"views":38,"_links":{"self":[{"href":"https:\/\/bahiaeconomica.com.br\/wp\/wp-json\/wp\/v2\/posts\/844576"}],"collection":[{"href":"https:\/\/bahiaeconomica.com.br\/wp\/wp-json\/wp\/v2\/posts"}],"about":[{"href":"https:\/\/bahiaeconomica.com.br\/wp\/wp-json\/wp\/v2\/types\/post"}],"author":[{"embeddable":true,"href":"https:\/\/bahiaeconomica.com.br\/wp\/wp-json\/wp\/v2\/users\/8"}],"replies":[{"embeddable":true,"href":"https:\/\/bahiaeconomica.com.br\/wp\/wp-json\/wp\/v2\/comments?post=844576"}],"version-history":[{"count":1,"href":"https:\/\/bahiaeconomica.com.br\/wp\/wp-json\/wp\/v2\/posts\/844576\/revisions"}],"predecessor-version":[{"id":844578,"href":"https:\/\/bahiaeconomica.com.br\/wp\/wp-json\/wp\/v2\/posts\/844576\/revisions\/844578"}],"wp:featuredmedia":[{"embeddable":true,"href":"https:\/\/bahiaeconomica.com.br\/wp\/wp-json\/wp\/v2\/media\/844577"}],"wp:attachment":[{"href":"https:\/\/bahiaeconomica.com.br\/wp\/wp-json\/wp\/v2\/media?parent=844576"}],"wp:term":[{"taxonomy":"category","embeddable":true,"href":"https:\/\/bahiaeconomica.com.br\/wp\/wp-json\/wp\/v2\/categories?post=844576"},{"taxonomy":"post_tag","embeddable":true,"href":"https:\/\/bahiaeconomica.com.br\/wp\/wp-json\/wp\/v2\/tags?post=844576"}],"curies":[{"name":"wp","href":"https:\/\/api.w.org\/{rel}","templated":true}]}}