{"id":844437,"date":"2024-09-11T16:53:56","date_gmt":"2024-09-11T19:53:56","guid":{"rendered":"https:\/\/bahiaeconomica.com.br\/wp\/?p=844437"},"modified":"2024-09-11T16:53:56","modified_gmt":"2024-09-11T19:53:56","slug":"acelen-apoia-projeto-de-educacao-ambiental-e-replantio-de-mangue","status":"publish","type":"post","link":"https:\/\/bahiaeconomica.com.br\/wp\/2024\/09\/11\/acelen-apoia-projeto-de-educacao-ambiental-e-replantio-de-mangue\/","title":{"rendered":"ACELEN APOIA PROJETO DE EDUCA\u00c7\u00c3O AMBIENTAL E REPLANTIO DE MANGUE"},"content":{"rendered":"<p>Os manguezais est\u00e3o amea\u00e7ados de extin\u00e7\u00e3o em todo o mundo. Um estudo pioneiro da International Union for Conservation of Nature (IUCN) revela que 50% desses ecossistemas est\u00e3o sob alguma amea\u00e7a de extin\u00e7\u00e3o e correm risco de colapsar at\u00e9 2050. No entorno da Refinaria de Mataripe h\u00e1 \u00e1reas de mangue protegidas e monitoradas pela Acelen, que tem o meio ambiente como uma das suas prioridades e o caminho para a transi\u00e7\u00e3o energ\u00e9tica. Com base nessa premissa, a empresa realiza a\u00e7\u00f5es de educa\u00e7\u00e3o e preserva\u00e7\u00e3o ambiental.<\/p>\n<p>S\u00e3o exemplos do cuidado com o meio ambiente os mutir\u00f5es de limpezas de manguezais e o apoio ao Projeto Recife das Pira\u00fanas &#8211; Movimento Replantio e de Educa\u00e7\u00e3o Ambiental nas escolas Ana Junqueira Ayres Tourinho e Iromar Silva Nogueira, na comunidade de Ca\u00edpe, em S\u00e3o Francisco do Conde. O objetivo do projeto \u00e9 promover a educa\u00e7\u00e3o socioambiental e sensibilizar as pessoas sobre a import\u00e2ncia da preserva\u00e7\u00e3o e recupera\u00e7\u00e3o da vegeta\u00e7\u00e3o desses ecossistemas.<\/p>\n<p>O mangue, que se desenvolve no encontro das \u00e1guas dos rios com as do oceano, \u00e9 ber\u00e7\u00e1rio natural de v\u00e1rias esp\u00e9cies, al\u00e9m de barreira contra o avan\u00e7o do mar e fundamental para mitigar os impactos das altera\u00e7\u00f5es clim\u00e1ticas, pois contribui para regular o di\u00f3xido de carbono na atmosfera.<\/p>\n<p>O projeto envolve aulas te\u00f3ricas e de campo, com a participa\u00e7\u00e3o de 10 monitores da comunidade capacitados pelo pr\u00f3prio projeto, palestras, distribui\u00e7\u00e3o de cartilhas educativas e o plantio de 600 mudas de mangue-vermelho, cultivadas pelos benefici\u00e1rios. Uma das aulas \u00e9 sobre monitoramento dos res\u00edduos s\u00f3lidos e coleta de prop\u00e1gulos, a semente do mangue. \u201cA iniciativa busca engajar a comunidade em atividades educativas que v\u00e3o desde palestras at\u00e9 o plantio de mudas de \u00e1rvores de mangue\u201d, diz a gerente de Recursos Humanos, Ila Leonelli. O plantio das mudas ser\u00e1 no dia 18 de outubro em \u00e1reas de manguezal pr\u00f3ximas \u00e0s escolas do projeto.<\/p>\n<p>Para o gerente de Meio Ambiente da Acelen, Daniel Rocha, \u201co apoio ao projeto Recife das Pira\u00fanas \u00e9 como plantar sementes de conscientiza\u00e7\u00e3o para a preserva\u00e7\u00e3o do meio ambiente e da sustentabilidade\u201d. Ele destaca ainda os resultados relevantes da moderniza\u00e7\u00e3o da Refinaria de Mataripe na melhoria dos \u00edndices ambientais, de efici\u00eancia h\u00eddrica e energ\u00e9tica da planta industrial.<\/p>\n<p>Entre os principais resultados, destacam-se menos emiss\u00f5es de gases e gera\u00e7\u00e3o de res\u00edduos s\u00f3lidos. Nos anos de 2022 e 2023, foram reduzidos em 43% o volume de gases enviados ao flare e ao meio ambiente, al\u00e9m da redu\u00e7\u00e3o em 11% na emiss\u00e3o de enxofre. A gera\u00e7\u00e3o de res\u00edduos foi reduzida em 30% em 2023, uma redu\u00e7\u00e3o de mais de 7 mil toneladas em rela\u00e7\u00e3o a 2022.<\/p>\n<p>Vale registrar ainda a economia de 12% no consumo de energia sobre o patamar da aquisi\u00e7\u00e3o da planta em dezembro de 2021 e de 7% frente a 2022, representando uma redu\u00e7\u00e3o de 637 GWh, economia que equivale ao consumo de energia el\u00e9trica de todo o estado de Roraima, que tem 636 mil habitantes. Houve tamb\u00e9m redu\u00e7\u00e3o de 17% do consumo de \u00e1gua, entre dezembro de 2021 e dezembro de 2023, o equivalente ao volume que daria para abastecer Candeias, gerando economia de 2,7 bilh\u00f5es de litros. Al\u00e9m da redu\u00e7\u00e3o do consumo de \u00e1gua, houve aumento de 6% de reuso no per\u00edodo.<\/p>\n<p>Foto: Divulga\u00e7\u00e3o\/Acelen.<\/p>\n","protected":false},"excerpt":{"rendered":"<p>Os manguezais est\u00e3o amea\u00e7ados de extin\u00e7\u00e3o em todo o mundo. Um estudo pioneiro da International Union for Conservation of Nature (IUCN) revela que 50% desses ecossistemas est\u00e3o sob alguma amea\u00e7a de extin\u00e7\u00e3o e correm risco de colapsar at\u00e9 2050. No entorno da Refinaria de Mataripe h\u00e1 \u00e1reas de mangue protegidas e monitoradas pela Acelen, que [&hellip;]<\/p>\n","protected":false},"author":21,"featured_media":844442,"comment_status":"closed","ping_status":"closed","sticky":false,"template":"","format":"standard","meta":[],"categories":[5],"tags":[1693,32987,20734],"acf":[],"yoast_head":"<!-- This site is optimized with the Yoast SEO plugin v20.8 - https:\/\/yoast.com\/wordpress\/plugins\/seo\/ -->\n<title>ACELEN APOIA PROJETO DE EDUCA\u00c7\u00c3O AMBIENTAL E REPLANTIO DE MANGUE - Bahia Economica<\/title>\n<meta name=\"description\" content=\"O maior portal de Economia da Bahia MUNIC\u00cdPIOS Bahia Economica Os manguezais est\u00e3o amea\u00e7ados de extin\u00e7\u00e3o em todo o mundo\" \/>\n<meta name=\"robots\" content=\"index, follow, max-snippet:-1, max-image-preview:large, max-video-preview:-1\" \/>\n<link rel=\"canonical\" href=\"https:\/\/bahiaeconomica.com.br\/wp\/2024\/09\/11\/acelen-apoia-projeto-de-educacao-ambiental-e-replantio-de-mangue\/\" \/>\n<meta property=\"og:locale\" content=\"pt_BR\" \/>\n<meta property=\"og:type\" content=\"article\" \/>\n<meta property=\"og:title\" content=\"ACELEN APOIA PROJETO DE EDUCA\u00c7\u00c3O AMBIENTAL E REPLANTIO DE MANGUE - Bahia Economica\" \/>\n<meta property=\"og:description\" content=\"O maior portal de Economia da Bahia MUNIC\u00cdPIOS Bahia Economica Os manguezais est\u00e3o amea\u00e7ados de extin\u00e7\u00e3o em todo o mundo\" \/>\n<meta property=\"og:url\" content=\"https:\/\/bahiaeconomica.com.br\/wp\/2024\/09\/11\/acelen-apoia-projeto-de-educacao-ambiental-e-replantio-de-mangue\/\" \/>\n<meta property=\"og:site_name\" content=\"Bahia Economica\" \/>\n<meta property=\"article:publisher\" content=\"https:\/\/www.facebook.com\/bahiaeconomica\" \/>\n<meta property=\"article:published_time\" content=\"2024-09-11T19:53:56+00:00\" \/>\n<meta property=\"og:image\" content=\"https:\/\/bahiaeconomica.com.br\/wp\/wp-content\/uploads\/2024\/09\/WhatsApp-Image-2024-09-11-at-14.41.01-1.jpeg\" \/>\n\t<meta property=\"og:image:width\" content=\"1600\" \/>\n\t<meta property=\"og:image:height\" content=\"1011\" \/>\n\t<meta property=\"og:image:type\" content=\"image\/jpeg\" \/>\n<meta name=\"author\" content=\"HUGO LEITE\" \/>\n<meta name=\"twitter:card\" content=\"summary_large_image\" \/>\n<meta name=\"twitter:label1\" content=\"Escrito por\" \/>\n\t<meta name=\"twitter:data1\" content=\"HUGO LEITE\" \/>\n\t<meta name=\"twitter:label2\" content=\"Est. tempo de leitura\" \/>\n\t<meta name=\"twitter:data2\" content=\"3 minutos\" \/>\n<script type=\"application\/ld+json\" class=\"yoast-schema-graph\">{\"@context\":\"https:\/\/schema.org\",\"@graph\":[{\"@type\":\"Article\",\"@id\":\"https:\/\/bahiaeconomica.com.br\/wp\/2024\/09\/11\/acelen-apoia-projeto-de-educacao-ambiental-e-replantio-de-mangue\/#article\",\"isPartOf\":{\"@id\":\"https:\/\/bahiaeconomica.com.br\/wp\/2024\/09\/11\/acelen-apoia-projeto-de-educacao-ambiental-e-replantio-de-mangue\/\"},\"author\":{\"name\":\"HUGO LEITE\",\"@id\":\"https:\/\/bahiaeconomica.com.br\/wp\/#\/schema\/person\/1704090528f3af7c918b3cb25d9d4016\"},\"headline\":\"ACELEN APOIA PROJETO DE EDUCA\u00c7\u00c3O AMBIENTAL E REPLANTIO DE MANGUE\",\"datePublished\":\"2024-09-11T19:53:56+00:00\",\"dateModified\":\"2024-09-11T19:53:56+00:00\",\"mainEntityOfPage\":{\"@id\":\"https:\/\/bahiaeconomica.com.br\/wp\/2024\/09\/11\/acelen-apoia-projeto-de-educacao-ambiental-e-replantio-de-mangue\/\"},\"wordCount\":584,\"publisher\":{\"@id\":\"https:\/\/bahiaeconomica.com.br\/wp\/#organization\"},\"keywords\":[\"acelen\",\"IUCN\",\"Manguezais\"],\"articleSection\":[\"MUNIC\u00cdPIOS\"],\"inLanguage\":\"pt-BR\"},{\"@type\":\"WebPage\",\"@id\":\"https:\/\/bahiaeconomica.com.br\/wp\/2024\/09\/11\/acelen-apoia-projeto-de-educacao-ambiental-e-replantio-de-mangue\/\",\"url\":\"https:\/\/bahiaeconomica.com.br\/wp\/2024\/09\/11\/acelen-apoia-projeto-de-educacao-ambiental-e-replantio-de-mangue\/\",\"name\":\"ACELEN APOIA PROJETO DE EDUCA\u00c7\u00c3O AMBIENTAL E REPLANTIO DE MANGUE - Bahia Economica\",\"isPartOf\":{\"@id\":\"https:\/\/bahiaeconomica.com.br\/wp\/#website\"},\"datePublished\":\"2024-09-11T19:53:56+00:00\",\"dateModified\":\"2024-09-11T19:53:56+00:00\",\"description\":\"O maior portal de Economia da Bahia MUNIC\u00cdPIOS Bahia Economica Os manguezais est\u00e3o amea\u00e7ados de extin\u00e7\u00e3o em todo o mundo\",\"breadcrumb\":{\"@id\":\"https:\/\/bahiaeconomica.com.br\/wp\/2024\/09\/11\/acelen-apoia-projeto-de-educacao-ambiental-e-replantio-de-mangue\/#breadcrumb\"},\"inLanguage\":\"pt-BR\",\"potentialAction\":[{\"@type\":\"ReadAction\",\"target\":[\"https:\/\/bahiaeconomica.com.br\/wp\/2024\/09\/11\/acelen-apoia-projeto-de-educacao-ambiental-e-replantio-de-mangue\/\"]}]},{\"@type\":\"BreadcrumbList\",\"@id\":\"https:\/\/bahiaeconomica.com.br\/wp\/2024\/09\/11\/acelen-apoia-projeto-de-educacao-ambiental-e-replantio-de-mangue\/#breadcrumb\",\"itemListElement\":[{\"@type\":\"ListItem\",\"position\":1,\"name\":\"In\u00edcio\",\"item\":\"https:\/\/bahiaeconomica.com.br\/wp\/\"},{\"@type\":\"ListItem\",\"position\":2,\"name\":\"ACELEN APOIA PROJETO DE EDUCA\u00c7\u00c3O AMBIENTAL E REPLANTIO DE MANGUE\"}]},{\"@type\":\"WebSite\",\"@id\":\"https:\/\/bahiaeconomica.com.br\/wp\/#website\",\"url\":\"https:\/\/bahiaeconomica.com.br\/wp\/\",\"name\":\"Bahia Economica\",\"description\":\"O maior portal de Economia da Bahia\",\"publisher\":{\"@id\":\"https:\/\/bahiaeconomica.com.br\/wp\/#organization\"},\"potentialAction\":[{\"@type\":\"SearchAction\",\"target\":{\"@type\":\"EntryPoint\",\"urlTemplate\":\"https:\/\/bahiaeconomica.com.br\/wp\/?s={search_term_string}\"},\"query-input\":\"required name=search_term_string\"}],\"inLanguage\":\"pt-BR\"},{\"@type\":\"Organization\",\"@id\":\"https:\/\/bahiaeconomica.com.br\/wp\/#organization\",\"name\":\"Bahia Econ\u00f4mica\",\"url\":\"https:\/\/bahiaeconomica.com.br\/wp\/\",\"logo\":{\"@type\":\"ImageObject\",\"inLanguage\":\"pt-BR\",\"@id\":\"https:\/\/bahiaeconomica.com.br\/wp\/#\/schema\/logo\/image\/\",\"url\":\"https:\/\/bahiaeconomica.com.br\/wp\/wp-content\/uploads\/2020\/12\/cropped-BE.png\",\"contentUrl\":\"https:\/\/bahiaeconomica.com.br\/wp\/wp-content\/uploads\/2020\/12\/cropped-BE.png\",\"width\":512,\"height\":512,\"caption\":\"Bahia Econ\u00f4mica\"},\"image\":{\"@id\":\"https:\/\/bahiaeconomica.com.br\/wp\/#\/schema\/logo\/image\/\"},\"sameAs\":[\"https:\/\/www.facebook.com\/bahiaeconomica\"]},{\"@type\":\"Person\",\"@id\":\"https:\/\/bahiaeconomica.com.br\/wp\/#\/schema\/person\/1704090528f3af7c918b3cb25d9d4016\",\"name\":\"HUGO LEITE\",\"sameAs\":[\"http:\/\/www.bahiaeconomica.com.br\"],\"url\":\"https:\/\/bahiaeconomica.com.br\/wp\/author\/hugo-leite\/\"}]}<\/script>\n<!-- \/ Yoast SEO plugin. -->","yoast_head_json":{"title":"ACELEN APOIA PROJETO DE EDUCA\u00c7\u00c3O AMBIENTAL E REPLANTIO DE MANGUE - Bahia Economica","description":"O maior portal de Economia da Bahia MUNIC\u00cdPIOS Bahia Economica Os manguezais est\u00e3o amea\u00e7ados de extin\u00e7\u00e3o em todo o mundo","robots":{"index":"index","follow":"follow","max-snippet":"max-snippet:-1","max-image-preview":"max-image-preview:large","max-video-preview":"max-video-preview:-1"},"canonical":"https:\/\/bahiaeconomica.com.br\/wp\/2024\/09\/11\/acelen-apoia-projeto-de-educacao-ambiental-e-replantio-de-mangue\/","og_locale":"pt_BR","og_type":"article","og_title":"ACELEN APOIA PROJETO DE EDUCA\u00c7\u00c3O AMBIENTAL E REPLANTIO DE MANGUE - Bahia Economica","og_description":"O maior portal de Economia da Bahia MUNIC\u00cdPIOS Bahia Economica Os manguezais est\u00e3o amea\u00e7ados de extin\u00e7\u00e3o em todo o mundo","og_url":"https:\/\/bahiaeconomica.com.br\/wp\/2024\/09\/11\/acelen-apoia-projeto-de-educacao-ambiental-e-replantio-de-mangue\/","og_site_name":"Bahia Economica","article_publisher":"https:\/\/www.facebook.com\/bahiaeconomica","article_published_time":"2024-09-11T19:53:56+00:00","og_image":[{"width":1600,"height":1011,"url":"https:\/\/bahiaeconomica.com.br\/wp\/wp-content\/uploads\/2024\/09\/WhatsApp-Image-2024-09-11-at-14.41.01-1.jpeg","type":"image\/jpeg"}],"author":"HUGO LEITE","twitter_card":"summary_large_image","twitter_misc":{"Escrito por":"HUGO LEITE","Est. tempo de leitura":"3 minutos"},"schema":{"@context":"https:\/\/schema.org","@graph":[{"@type":"Article","@id":"https:\/\/bahiaeconomica.com.br\/wp\/2024\/09\/11\/acelen-apoia-projeto-de-educacao-ambiental-e-replantio-de-mangue\/#article","isPartOf":{"@id":"https:\/\/bahiaeconomica.com.br\/wp\/2024\/09\/11\/acelen-apoia-projeto-de-educacao-ambiental-e-replantio-de-mangue\/"},"author":{"name":"HUGO LEITE","@id":"https:\/\/bahiaeconomica.com.br\/wp\/#\/schema\/person\/1704090528f3af7c918b3cb25d9d4016"},"headline":"ACELEN APOIA PROJETO DE EDUCA\u00c7\u00c3O AMBIENTAL E REPLANTIO DE MANGUE","datePublished":"2024-09-11T19:53:56+00:00","dateModified":"2024-09-11T19:53:56+00:00","mainEntityOfPage":{"@id":"https:\/\/bahiaeconomica.com.br\/wp\/2024\/09\/11\/acelen-apoia-projeto-de-educacao-ambiental-e-replantio-de-mangue\/"},"wordCount":584,"publisher":{"@id":"https:\/\/bahiaeconomica.com.br\/wp\/#organization"},"keywords":["acelen","IUCN","Manguezais"],"articleSection":["MUNIC\u00cdPIOS"],"inLanguage":"pt-BR"},{"@type":"WebPage","@id":"https:\/\/bahiaeconomica.com.br\/wp\/2024\/09\/11\/acelen-apoia-projeto-de-educacao-ambiental-e-replantio-de-mangue\/","url":"https:\/\/bahiaeconomica.com.br\/wp\/2024\/09\/11\/acelen-apoia-projeto-de-educacao-ambiental-e-replantio-de-mangue\/","name":"ACELEN APOIA PROJETO DE EDUCA\u00c7\u00c3O AMBIENTAL E REPLANTIO DE MANGUE - Bahia Economica","isPartOf":{"@id":"https:\/\/bahiaeconomica.com.br\/wp\/#website"},"datePublished":"2024-09-11T19:53:56+00:00","dateModified":"2024-09-11T19:53:56+00:00","description":"O maior portal de Economia da Bahia MUNIC\u00cdPIOS Bahia Economica Os manguezais est\u00e3o amea\u00e7ados de extin\u00e7\u00e3o em todo o mundo","breadcrumb":{"@id":"https:\/\/bahiaeconomica.com.br\/wp\/2024\/09\/11\/acelen-apoia-projeto-de-educacao-ambiental-e-replantio-de-mangue\/#breadcrumb"},"inLanguage":"pt-BR","potentialAction":[{"@type":"ReadAction","target":["https:\/\/bahiaeconomica.com.br\/wp\/2024\/09\/11\/acelen-apoia-projeto-de-educacao-ambiental-e-replantio-de-mangue\/"]}]},{"@type":"BreadcrumbList","@id":"https:\/\/bahiaeconomica.com.br\/wp\/2024\/09\/11\/acelen-apoia-projeto-de-educacao-ambiental-e-replantio-de-mangue\/#breadcrumb","itemListElement":[{"@type":"ListItem","position":1,"name":"In\u00edcio","item":"https:\/\/bahiaeconomica.com.br\/wp\/"},{"@type":"ListItem","position":2,"name":"ACELEN APOIA PROJETO DE EDUCA\u00c7\u00c3O AMBIENTAL E REPLANTIO DE MANGUE"}]},{"@type":"WebSite","@id":"https:\/\/bahiaeconomica.com.br\/wp\/#website","url":"https:\/\/bahiaeconomica.com.br\/wp\/","name":"Bahia Economica","description":"O maior portal de Economia da Bahia","publisher":{"@id":"https:\/\/bahiaeconomica.com.br\/wp\/#organization"},"potentialAction":[{"@type":"SearchAction","target":{"@type":"EntryPoint","urlTemplate":"https:\/\/bahiaeconomica.com.br\/wp\/?s={search_term_string}"},"query-input":"required name=search_term_string"}],"inLanguage":"pt-BR"},{"@type":"Organization","@id":"https:\/\/bahiaeconomica.com.br\/wp\/#organization","name":"Bahia Econ\u00f4mica","url":"https:\/\/bahiaeconomica.com.br\/wp\/","logo":{"@type":"ImageObject","inLanguage":"pt-BR","@id":"https:\/\/bahiaeconomica.com.br\/wp\/#\/schema\/logo\/image\/","url":"https:\/\/bahiaeconomica.com.br\/wp\/wp-content\/uploads\/2020\/12\/cropped-BE.png","contentUrl":"https:\/\/bahiaeconomica.com.br\/wp\/wp-content\/uploads\/2020\/12\/cropped-BE.png","width":512,"height":512,"caption":"Bahia Econ\u00f4mica"},"image":{"@id":"https:\/\/bahiaeconomica.com.br\/wp\/#\/schema\/logo\/image\/"},"sameAs":["https:\/\/www.facebook.com\/bahiaeconomica"]},{"@type":"Person","@id":"https:\/\/bahiaeconomica.com.br\/wp\/#\/schema\/person\/1704090528f3af7c918b3cb25d9d4016","name":"HUGO LEITE","sameAs":["http:\/\/www.bahiaeconomica.com.br"],"url":"https:\/\/bahiaeconomica.com.br\/wp\/author\/hugo-leite\/"}]}},"views":15,"_links":{"self":[{"href":"https:\/\/bahiaeconomica.com.br\/wp\/wp-json\/wp\/v2\/posts\/844437"}],"collection":[{"href":"https:\/\/bahiaeconomica.com.br\/wp\/wp-json\/wp\/v2\/posts"}],"about":[{"href":"https:\/\/bahiaeconomica.com.br\/wp\/wp-json\/wp\/v2\/types\/post"}],"author":[{"embeddable":true,"href":"https:\/\/bahiaeconomica.com.br\/wp\/wp-json\/wp\/v2\/users\/21"}],"replies":[{"embeddable":true,"href":"https:\/\/bahiaeconomica.com.br\/wp\/wp-json\/wp\/v2\/comments?post=844437"}],"version-history":[{"count":1,"href":"https:\/\/bahiaeconomica.com.br\/wp\/wp-json\/wp\/v2\/posts\/844437\/revisions"}],"predecessor-version":[{"id":844445,"href":"https:\/\/bahiaeconomica.com.br\/wp\/wp-json\/wp\/v2\/posts\/844437\/revisions\/844445"}],"wp:featuredmedia":[{"embeddable":true,"href":"https:\/\/bahiaeconomica.com.br\/wp\/wp-json\/wp\/v2\/media\/844442"}],"wp:attachment":[{"href":"https:\/\/bahiaeconomica.com.br\/wp\/wp-json\/wp\/v2\/media?parent=844437"}],"wp:term":[{"taxonomy":"category","embeddable":true,"href":"https:\/\/bahiaeconomica.com.br\/wp\/wp-json\/wp\/v2\/categories?post=844437"},{"taxonomy":"post_tag","embeddable":true,"href":"https:\/\/bahiaeconomica.com.br\/wp\/wp-json\/wp\/v2\/tags?post=844437"}],"curies":[{"name":"wp","href":"https:\/\/api.w.org\/{rel}","templated":true}]}}