{"id":843935,"date":"2024-09-10T15:00:37","date_gmt":"2024-09-10T18:00:37","guid":{"rendered":"https:\/\/bahiaeconomica.com.br\/wp\/?p=843935"},"modified":"2024-09-10T14:25:47","modified_gmt":"2024-09-10T17:25:47","slug":"em-agosto-inflacao-oficial-da-regiao-metropolitana-de-salvador-desacelera-e-fica-em-003","status":"publish","type":"post","link":"https:\/\/bahiaeconomica.com.br\/wp\/2024\/09\/10\/em-agosto-inflacao-oficial-da-regiao-metropolitana-de-salvador-desacelera-e-fica-em-003\/","title":{"rendered":"EM AGOSTO, INFLA\u00c7\u00c3O OFICIAL DA REGI\u00c3O METROPOLITANA DE SALVADOR DESACELERA E FICA EM 0,03%"},"content":{"rendered":"<p>Em agosto, o \u00cdndice Nacional de Pre\u00e7os ao Consumidor Amplo (IPCA), medida oficial da infla\u00e7\u00e3o (ou custo de vida), calculado pelo IBGE, ficou em 0,03% na Regi\u00e3o Metropolitana de Salvador (RMS). O indicador apresentou desacelera\u00e7\u00e3o (aumentou menos) frente a julho, quando havia sido de 0,18%, ficando tamb\u00e9m abaixo do verificado em agosto de 2023 (que tinha sido de 0,17%). No m\u00eas, a infla\u00e7\u00e3o na RM Salvador foi a 6\u00aa mais alta entre os 16 locais pesquisados separadamente no pa\u00eds, empatada com a do munic\u00edpio de Campo Grande\/MS (0,03%), e ficou levemente acima da registrada no Brasil como um todo, onde houve defla\u00e7\u00e3o (-0,02%).<\/p>\n<p>Dos 16 locais, 8 registraram defla\u00e7\u00e3o, segundo o IPCA de agosto, com os menores \u00edndices sendo registrados nos munic\u00edpios de S\u00e3o Lu\u00eds\/MA (-0,54%) e Goi\u00e2nia\/GO (-0,51%), e na RM Bel\u00e9m\/PA (-0,40%). Por outro lado, as maiores infla\u00e7\u00f5es ocorreram na RM Porto Alegre\/RS (0,18%), em Bras\u00edlia\/DF (0,17%) e na Grande Vit\u00f3ria\/ES (0,14%). Com o resultado do m\u00eas, o IPCA da RM Salvador acumula alta de 2,68% de janeiro a agosto de 2024. Segue abaixo do \u00edndice nacional (2,85%) e \u00e9 o 7\u00ba entre os 16 locais pesquisados. Tamb\u00e9m continua abaixo do registrado no mesmo per\u00edodo de 2023 (3,44%) e \u00e9 a menor infla\u00e7\u00e3o acumulada, na RMS, em quatro anos: desde 2020, primeiro ano da pandemia (quando o acumulado tinha sido 1,48%).<\/p>\n<p>Nos 12 meses encerrados em agosto, a infla\u00e7\u00e3o na RM Salvador acumula alta de 3,71%, desacelerando em rela\u00e7\u00e3o ao \u00edndice de julho (que havia sido 3,86%) e ficando abaixo do acumulado para o mesmo per\u00edodo em 2023 (que tinha sido de 4,41%). Tamb\u00e9m segue menor do que o acumulado no Brasil como um todo (4,24%), mantendo-se o 4\u00ba menor \u00edndice entre os 16 locais pesquisados. O quadro a seguir mostra o IPCA para o Brasil e as \u00e1reas pesquisadas, no m\u00eas, no acumulado no ano e nos 12 meses encerrados em agosto de 2024.<\/p>\n<p>&nbsp;<\/p>\n<p>Imagem de\u00a0Tom Glod\u00a0por\u00a0Pixabay<\/p>\n","protected":false},"excerpt":{"rendered":"<p>Em agosto, o \u00cdndice Nacional de Pre\u00e7os ao Consumidor Amplo (IPCA), medida oficial da infla\u00e7\u00e3o (ou custo de vida), calculado pelo IBGE, ficou em 0,03% na Regi\u00e3o Metropolitana de Salvador (RMS). O indicador apresentou desacelera\u00e7\u00e3o (aumentou menos) frente a julho, quando havia sido de 0,18%, ficando tamb\u00e9m abaixo do verificado em agosto de 2023 (que [&hellip;]<\/p>\n","protected":false},"author":8,"featured_media":843936,"comment_status":"closed","ping_status":"closed","sticky":false,"template":"","format":"standard","meta":[],"categories":[14,3],"tags":[2197,52,801],"acf":[],"yoast_head":"<!-- This site is optimized with the Yoast SEO plugin v20.8 - https:\/\/yoast.com\/wordpress\/plugins\/seo\/ -->\n<title>EM AGOSTO, INFLA\u00c7\u00c3O OFICIAL DA REGI\u00c3O METROPOLITANA DE SALVADOR DESACELERA E FICA EM 0,03% - Bahia Economica<\/title>\n<meta name=\"description\" content=\"O maior portal de Economia da Bahia DESTAQUE DO DIA, ECONOMIA \/ POL\u00cdTICA Bahia Economica o \u00cdndice Nacional de Pre\u00e7os ao Consumidor Amplo (IPCA)\" \/>\n<meta name=\"robots\" content=\"index, follow, max-snippet:-1, max-image-preview:large, max-video-preview:-1\" \/>\n<link rel=\"canonical\" href=\"https:\/\/bahiaeconomica.com.br\/wp\/2024\/09\/10\/em-agosto-inflacao-oficial-da-regiao-metropolitana-de-salvador-desacelera-e-fica-em-003\/\" \/>\n<meta property=\"og:locale\" content=\"pt_BR\" \/>\n<meta property=\"og:type\" content=\"article\" \/>\n<meta property=\"og:title\" content=\"EM AGOSTO, INFLA\u00c7\u00c3O OFICIAL DA REGI\u00c3O METROPOLITANA DE SALVADOR DESACELERA E FICA EM 0,03% - Bahia Economica\" \/>\n<meta property=\"og:description\" content=\"O maior portal de Economia da Bahia DESTAQUE DO DIA, ECONOMIA \/ POL\u00cdTICA Bahia Economica o \u00cdndice Nacional de Pre\u00e7os ao Consumidor Amplo (IPCA)\" \/>\n<meta property=\"og:url\" content=\"https:\/\/bahiaeconomica.com.br\/wp\/2024\/09\/10\/em-agosto-inflacao-oficial-da-regiao-metropolitana-de-salvador-desacelera-e-fica-em-003\/\" \/>\n<meta property=\"og:site_name\" content=\"Bahia Economica\" \/>\n<meta property=\"article:publisher\" content=\"https:\/\/www.facebook.com\/bahiaeconomica\" \/>\n<meta property=\"article:published_time\" content=\"2024-09-10T18:00:37+00:00\" \/>\n<meta property=\"article:modified_time\" content=\"2024-09-10T17:25:47+00:00\" \/>\n<meta property=\"og:image\" content=\"https:\/\/bahiaeconomica.com.br\/wp\/wp-content\/uploads\/2024\/09\/grocery-store-405522_1280.jpg\" \/>\n\t<meta property=\"og:image:width\" content=\"1280\" \/>\n\t<meta property=\"og:image:height\" content=\"960\" \/>\n\t<meta property=\"og:image:type\" content=\"image\/jpeg\" \/>\n<meta name=\"author\" content=\"JP\" \/>\n<meta name=\"twitter:card\" content=\"summary_large_image\" \/>\n<meta name=\"twitter:label1\" content=\"Escrito por\" \/>\n\t<meta name=\"twitter:data1\" content=\"JP\" \/>\n\t<meta name=\"twitter:label2\" content=\"Est. tempo de leitura\" \/>\n\t<meta name=\"twitter:data2\" content=\"2 minutos\" \/>\n<script type=\"application\/ld+json\" class=\"yoast-schema-graph\">{\"@context\":\"https:\/\/schema.org\",\"@graph\":[{\"@type\":\"Article\",\"@id\":\"https:\/\/bahiaeconomica.com.br\/wp\/2024\/09\/10\/em-agosto-inflacao-oficial-da-regiao-metropolitana-de-salvador-desacelera-e-fica-em-003\/#article\",\"isPartOf\":{\"@id\":\"https:\/\/bahiaeconomica.com.br\/wp\/2024\/09\/10\/em-agosto-inflacao-oficial-da-regiao-metropolitana-de-salvador-desacelera-e-fica-em-003\/\"},\"author\":{\"name\":\"JP\",\"@id\":\"https:\/\/bahiaeconomica.com.br\/wp\/#\/schema\/person\/c86d3a3f8960425a0f9d0e5245991f4e\"},\"headline\":\"EM AGOSTO, INFLA\u00c7\u00c3O OFICIAL DA REGI\u00c3O METROPOLITANA DE SALVADOR DESACELERA E FICA EM 0,03%\",\"datePublished\":\"2024-09-10T18:00:37+00:00\",\"dateModified\":\"2024-09-10T17:25:47+00:00\",\"mainEntityOfPage\":{\"@id\":\"https:\/\/bahiaeconomica.com.br\/wp\/2024\/09\/10\/em-agosto-inflacao-oficial-da-regiao-metropolitana-de-salvador-desacelera-e-fica-em-003\/\"},\"wordCount\":341,\"publisher\":{\"@id\":\"https:\/\/bahiaeconomica.com.br\/wp\/#organization\"},\"keywords\":[\"alimentos\",\"Brasil\",\"infla\u00e7\u00e3o\"],\"articleSection\":[\"DESTAQUE DO DIA\",\"ECONOMIA \/ POL\u00cdTICA\"],\"inLanguage\":\"pt-BR\"},{\"@type\":\"WebPage\",\"@id\":\"https:\/\/bahiaeconomica.com.br\/wp\/2024\/09\/10\/em-agosto-inflacao-oficial-da-regiao-metropolitana-de-salvador-desacelera-e-fica-em-003\/\",\"url\":\"https:\/\/bahiaeconomica.com.br\/wp\/2024\/09\/10\/em-agosto-inflacao-oficial-da-regiao-metropolitana-de-salvador-desacelera-e-fica-em-003\/\",\"name\":\"EM AGOSTO, INFLA\u00c7\u00c3O OFICIAL DA REGI\u00c3O METROPOLITANA DE SALVADOR DESACELERA E FICA EM 0,03% - Bahia Economica\",\"isPartOf\":{\"@id\":\"https:\/\/bahiaeconomica.com.br\/wp\/#website\"},\"datePublished\":\"2024-09-10T18:00:37+00:00\",\"dateModified\":\"2024-09-10T17:25:47+00:00\",\"description\":\"O maior portal de Economia da Bahia DESTAQUE DO DIA, ECONOMIA \/ POL\u00cdTICA Bahia Economica o \u00cdndice Nacional de Pre\u00e7os ao Consumidor Amplo (IPCA)\",\"breadcrumb\":{\"@id\":\"https:\/\/bahiaeconomica.com.br\/wp\/2024\/09\/10\/em-agosto-inflacao-oficial-da-regiao-metropolitana-de-salvador-desacelera-e-fica-em-003\/#breadcrumb\"},\"inLanguage\":\"pt-BR\",\"potentialAction\":[{\"@type\":\"ReadAction\",\"target\":[\"https:\/\/bahiaeconomica.com.br\/wp\/2024\/09\/10\/em-agosto-inflacao-oficial-da-regiao-metropolitana-de-salvador-desacelera-e-fica-em-003\/\"]}]},{\"@type\":\"BreadcrumbList\",\"@id\":\"https:\/\/bahiaeconomica.com.br\/wp\/2024\/09\/10\/em-agosto-inflacao-oficial-da-regiao-metropolitana-de-salvador-desacelera-e-fica-em-003\/#breadcrumb\",\"itemListElement\":[{\"@type\":\"ListItem\",\"position\":1,\"name\":\"In\u00edcio\",\"item\":\"https:\/\/bahiaeconomica.com.br\/wp\/\"},{\"@type\":\"ListItem\",\"position\":2,\"name\":\"EM AGOSTO, INFLA\u00c7\u00c3O OFICIAL DA REGI\u00c3O METROPOLITANA DE SALVADOR DESACELERA E FICA EM 0,03%\"}]},{\"@type\":\"WebSite\",\"@id\":\"https:\/\/bahiaeconomica.com.br\/wp\/#website\",\"url\":\"https:\/\/bahiaeconomica.com.br\/wp\/\",\"name\":\"Bahia Economica\",\"description\":\"O maior portal de Economia da Bahia\",\"publisher\":{\"@id\":\"https:\/\/bahiaeconomica.com.br\/wp\/#organization\"},\"potentialAction\":[{\"@type\":\"SearchAction\",\"target\":{\"@type\":\"EntryPoint\",\"urlTemplate\":\"https:\/\/bahiaeconomica.com.br\/wp\/?s={search_term_string}\"},\"query-input\":\"required name=search_term_string\"}],\"inLanguage\":\"pt-BR\"},{\"@type\":\"Organization\",\"@id\":\"https:\/\/bahiaeconomica.com.br\/wp\/#organization\",\"name\":\"Bahia Econ\u00f4mica\",\"url\":\"https:\/\/bahiaeconomica.com.br\/wp\/\",\"logo\":{\"@type\":\"ImageObject\",\"inLanguage\":\"pt-BR\",\"@id\":\"https:\/\/bahiaeconomica.com.br\/wp\/#\/schema\/logo\/image\/\",\"url\":\"https:\/\/bahiaeconomica.com.br\/wp\/wp-content\/uploads\/2020\/12\/cropped-BE.png\",\"contentUrl\":\"https:\/\/bahiaeconomica.com.br\/wp\/wp-content\/uploads\/2020\/12\/cropped-BE.png\",\"width\":512,\"height\":512,\"caption\":\"Bahia Econ\u00f4mica\"},\"image\":{\"@id\":\"https:\/\/bahiaeconomica.com.br\/wp\/#\/schema\/logo\/image\/\"},\"sameAs\":[\"https:\/\/www.facebook.com\/bahiaeconomica\"]},{\"@type\":\"Person\",\"@id\":\"https:\/\/bahiaeconomica.com.br\/wp\/#\/schema\/person\/c86d3a3f8960425a0f9d0e5245991f4e\",\"name\":\"JP\",\"sameAs\":[\"https:\/\/bahiaeconomica.com.br\/wp\/beta\/\"],\"url\":\"https:\/\/bahiaeconomica.com.br\/wp\/author\/jp\/\"}]}<\/script>\n<!-- \/ Yoast SEO plugin. -->","yoast_head_json":{"title":"EM AGOSTO, INFLA\u00c7\u00c3O OFICIAL DA REGI\u00c3O METROPOLITANA DE SALVADOR DESACELERA E FICA EM 0,03% - Bahia Economica","description":"O maior portal de Economia da Bahia DESTAQUE DO DIA, ECONOMIA \/ POL\u00cdTICA Bahia Economica o \u00cdndice Nacional de Pre\u00e7os ao Consumidor Amplo (IPCA)","robots":{"index":"index","follow":"follow","max-snippet":"max-snippet:-1","max-image-preview":"max-image-preview:large","max-video-preview":"max-video-preview:-1"},"canonical":"https:\/\/bahiaeconomica.com.br\/wp\/2024\/09\/10\/em-agosto-inflacao-oficial-da-regiao-metropolitana-de-salvador-desacelera-e-fica-em-003\/","og_locale":"pt_BR","og_type":"article","og_title":"EM AGOSTO, INFLA\u00c7\u00c3O OFICIAL DA REGI\u00c3O METROPOLITANA DE SALVADOR DESACELERA E FICA EM 0,03% - Bahia Economica","og_description":"O maior portal de Economia da Bahia DESTAQUE DO DIA, ECONOMIA \/ POL\u00cdTICA Bahia Economica o \u00cdndice Nacional de Pre\u00e7os ao Consumidor Amplo (IPCA)","og_url":"https:\/\/bahiaeconomica.com.br\/wp\/2024\/09\/10\/em-agosto-inflacao-oficial-da-regiao-metropolitana-de-salvador-desacelera-e-fica-em-003\/","og_site_name":"Bahia Economica","article_publisher":"https:\/\/www.facebook.com\/bahiaeconomica","article_published_time":"2024-09-10T18:00:37+00:00","article_modified_time":"2024-09-10T17:25:47+00:00","og_image":[{"width":1280,"height":960,"url":"https:\/\/bahiaeconomica.com.br\/wp\/wp-content\/uploads\/2024\/09\/grocery-store-405522_1280.jpg","type":"image\/jpeg"}],"author":"JP","twitter_card":"summary_large_image","twitter_misc":{"Escrito por":"JP","Est. tempo de leitura":"2 minutos"},"schema":{"@context":"https:\/\/schema.org","@graph":[{"@type":"Article","@id":"https:\/\/bahiaeconomica.com.br\/wp\/2024\/09\/10\/em-agosto-inflacao-oficial-da-regiao-metropolitana-de-salvador-desacelera-e-fica-em-003\/#article","isPartOf":{"@id":"https:\/\/bahiaeconomica.com.br\/wp\/2024\/09\/10\/em-agosto-inflacao-oficial-da-regiao-metropolitana-de-salvador-desacelera-e-fica-em-003\/"},"author":{"name":"JP","@id":"https:\/\/bahiaeconomica.com.br\/wp\/#\/schema\/person\/c86d3a3f8960425a0f9d0e5245991f4e"},"headline":"EM AGOSTO, INFLA\u00c7\u00c3O OFICIAL DA REGI\u00c3O METROPOLITANA DE SALVADOR DESACELERA E FICA EM 0,03%","datePublished":"2024-09-10T18:00:37+00:00","dateModified":"2024-09-10T17:25:47+00:00","mainEntityOfPage":{"@id":"https:\/\/bahiaeconomica.com.br\/wp\/2024\/09\/10\/em-agosto-inflacao-oficial-da-regiao-metropolitana-de-salvador-desacelera-e-fica-em-003\/"},"wordCount":341,"publisher":{"@id":"https:\/\/bahiaeconomica.com.br\/wp\/#organization"},"keywords":["alimentos","Brasil","infla\u00e7\u00e3o"],"articleSection":["DESTAQUE DO DIA","ECONOMIA \/ POL\u00cdTICA"],"inLanguage":"pt-BR"},{"@type":"WebPage","@id":"https:\/\/bahiaeconomica.com.br\/wp\/2024\/09\/10\/em-agosto-inflacao-oficial-da-regiao-metropolitana-de-salvador-desacelera-e-fica-em-003\/","url":"https:\/\/bahiaeconomica.com.br\/wp\/2024\/09\/10\/em-agosto-inflacao-oficial-da-regiao-metropolitana-de-salvador-desacelera-e-fica-em-003\/","name":"EM AGOSTO, INFLA\u00c7\u00c3O OFICIAL DA REGI\u00c3O METROPOLITANA DE SALVADOR DESACELERA E FICA EM 0,03% - Bahia Economica","isPartOf":{"@id":"https:\/\/bahiaeconomica.com.br\/wp\/#website"},"datePublished":"2024-09-10T18:00:37+00:00","dateModified":"2024-09-10T17:25:47+00:00","description":"O maior portal de Economia da Bahia DESTAQUE DO DIA, ECONOMIA \/ POL\u00cdTICA Bahia Economica o \u00cdndice Nacional de Pre\u00e7os ao Consumidor Amplo (IPCA)","breadcrumb":{"@id":"https:\/\/bahiaeconomica.com.br\/wp\/2024\/09\/10\/em-agosto-inflacao-oficial-da-regiao-metropolitana-de-salvador-desacelera-e-fica-em-003\/#breadcrumb"},"inLanguage":"pt-BR","potentialAction":[{"@type":"ReadAction","target":["https:\/\/bahiaeconomica.com.br\/wp\/2024\/09\/10\/em-agosto-inflacao-oficial-da-regiao-metropolitana-de-salvador-desacelera-e-fica-em-003\/"]}]},{"@type":"BreadcrumbList","@id":"https:\/\/bahiaeconomica.com.br\/wp\/2024\/09\/10\/em-agosto-inflacao-oficial-da-regiao-metropolitana-de-salvador-desacelera-e-fica-em-003\/#breadcrumb","itemListElement":[{"@type":"ListItem","position":1,"name":"In\u00edcio","item":"https:\/\/bahiaeconomica.com.br\/wp\/"},{"@type":"ListItem","position":2,"name":"EM AGOSTO, INFLA\u00c7\u00c3O OFICIAL DA REGI\u00c3O METROPOLITANA DE SALVADOR DESACELERA E FICA EM 0,03%"}]},{"@type":"WebSite","@id":"https:\/\/bahiaeconomica.com.br\/wp\/#website","url":"https:\/\/bahiaeconomica.com.br\/wp\/","name":"Bahia Economica","description":"O maior portal de Economia da Bahia","publisher":{"@id":"https:\/\/bahiaeconomica.com.br\/wp\/#organization"},"potentialAction":[{"@type":"SearchAction","target":{"@type":"EntryPoint","urlTemplate":"https:\/\/bahiaeconomica.com.br\/wp\/?s={search_term_string}"},"query-input":"required name=search_term_string"}],"inLanguage":"pt-BR"},{"@type":"Organization","@id":"https:\/\/bahiaeconomica.com.br\/wp\/#organization","name":"Bahia Econ\u00f4mica","url":"https:\/\/bahiaeconomica.com.br\/wp\/","logo":{"@type":"ImageObject","inLanguage":"pt-BR","@id":"https:\/\/bahiaeconomica.com.br\/wp\/#\/schema\/logo\/image\/","url":"https:\/\/bahiaeconomica.com.br\/wp\/wp-content\/uploads\/2020\/12\/cropped-BE.png","contentUrl":"https:\/\/bahiaeconomica.com.br\/wp\/wp-content\/uploads\/2020\/12\/cropped-BE.png","width":512,"height":512,"caption":"Bahia Econ\u00f4mica"},"image":{"@id":"https:\/\/bahiaeconomica.com.br\/wp\/#\/schema\/logo\/image\/"},"sameAs":["https:\/\/www.facebook.com\/bahiaeconomica"]},{"@type":"Person","@id":"https:\/\/bahiaeconomica.com.br\/wp\/#\/schema\/person\/c86d3a3f8960425a0f9d0e5245991f4e","name":"JP","sameAs":["https:\/\/bahiaeconomica.com.br\/wp\/beta\/"],"url":"https:\/\/bahiaeconomica.com.br\/wp\/author\/jp\/"}]}},"views":16,"_links":{"self":[{"href":"https:\/\/bahiaeconomica.com.br\/wp\/wp-json\/wp\/v2\/posts\/843935"}],"collection":[{"href":"https:\/\/bahiaeconomica.com.br\/wp\/wp-json\/wp\/v2\/posts"}],"about":[{"href":"https:\/\/bahiaeconomica.com.br\/wp\/wp-json\/wp\/v2\/types\/post"}],"author":[{"embeddable":true,"href":"https:\/\/bahiaeconomica.com.br\/wp\/wp-json\/wp\/v2\/users\/8"}],"replies":[{"embeddable":true,"href":"https:\/\/bahiaeconomica.com.br\/wp\/wp-json\/wp\/v2\/comments?post=843935"}],"version-history":[{"count":1,"href":"https:\/\/bahiaeconomica.com.br\/wp\/wp-json\/wp\/v2\/posts\/843935\/revisions"}],"predecessor-version":[{"id":843937,"href":"https:\/\/bahiaeconomica.com.br\/wp\/wp-json\/wp\/v2\/posts\/843935\/revisions\/843937"}],"wp:featuredmedia":[{"embeddable":true,"href":"https:\/\/bahiaeconomica.com.br\/wp\/wp-json\/wp\/v2\/media\/843936"}],"wp:attachment":[{"href":"https:\/\/bahiaeconomica.com.br\/wp\/wp-json\/wp\/v2\/media?parent=843935"}],"wp:term":[{"taxonomy":"category","embeddable":true,"href":"https:\/\/bahiaeconomica.com.br\/wp\/wp-json\/wp\/v2\/categories?post=843935"},{"taxonomy":"post_tag","embeddable":true,"href":"https:\/\/bahiaeconomica.com.br\/wp\/wp-json\/wp\/v2\/tags?post=843935"}],"curies":[{"name":"wp","href":"https:\/\/api.w.org\/{rel}","templated":true}]}}