{"id":843498,"date":"2024-09-08T11:00:56","date_gmt":"2024-09-08T14:00:56","guid":{"rendered":"https:\/\/bahiaeconomica.com.br\/wp\/?p=843498"},"modified":"2024-09-07T23:13:24","modified_gmt":"2024-09-08T02:13:24","slug":"vamos-valorizar-os-profissionais-da-educacao-zerar-a-evasao-escolar-e-melhorar-a-qualidade-da-merenda-escolar-inclusive-ampliando-as-compras-da-agricultura-familiar-afirma-tito","status":"publish","type":"post","link":"https:\/\/bahiaeconomica.com.br\/wp\/2024\/09\/08\/vamos-valorizar-os-profissionais-da-educacao-zerar-a-evasao-escolar-e-melhorar-a-qualidade-da-merenda-escolar-inclusive-ampliando-as-compras-da-agricultura-familiar-afirma-tito\/","title":{"rendered":"\u201cVAMOS VALORIZAR OS PROFISSIONAIS DA EDUCA\u00c7\u00c3O, ZERAR A EVAS\u00c3O ESCOLAR E MELHORAR A QUALIDADE DA MERENDA ESCOLAR, INCLUSIVE AMPLIANDO AS COMPRAS DA AGRICULTURA FAMILIAR\u201d, AFIRMA TITO"},"content":{"rendered":"<p>Valorizar os profissionais da educa\u00e7\u00e3o, zerar a evas\u00e3o escolar e melhorar a qualidade da merenda escolar, inclusive ampliando as compras da agricultura familiar. Essas s\u00e3o algumas das a\u00e7\u00f5es efetivas que o candidato a prefeito de Barreiras, Tito (PT), tomar\u00e1, e que constam no Programa de Governo Participativo (PGP). A reformula\u00e7\u00e3o do plano de cargos e sal\u00e1rios da educa\u00e7\u00e3o e a cria\u00e7\u00e3o de uma mesa permanente de negocia\u00e7\u00e3o com os servidores p\u00fablicos, especialmente com os professores, tamb\u00e9m s\u00e3o iniciativas que v\u00e3o melhorar a qualidade de ensino em Barreiras.<\/p>\n<p>Essas foram algumas das propostas apresentadas por um coletivo da \u00e1rea de educa\u00e7\u00e3o para o candidato durante os encontros para o recebimento de sugest\u00f5es da popula\u00e7\u00e3o para se formatar o PGP. Com essas e outras melhorias na \u00e1rea educacional do munic\u00edpio, uma das metas ser\u00e1 a de elevar o \u00cdndice de Desenvolvimento da Educa\u00e7\u00e3o B\u00e1sica (IDEB) de Barreiras, que atualmente est\u00e1 na \u00faltima coloca\u00e7\u00e3o entre os munic\u00edpios com mais de 100 mil habitantes.<\/p>\n<p>\u201cDaremos a m\u00e1xima aten\u00e7\u00e3o aos nossos professores, alunos e pais, n\u00e3o se faz educa\u00e7\u00e3o s\u00f3 com constru\u00e7\u00e3o, com cimento, \u00e9 preciso investir em recursos humanos, melhorar as condi\u00e7\u00f5es de trabalho dos profissionais da educa\u00e7\u00e3o e garantir capacita\u00e7\u00e3o e forma\u00e7\u00e3o continuada\u201d, explicou Tito. Uma das propostas nessa linha \u00e9 a cria\u00e7\u00e3o, em parceria com as universidades p\u00fablicas, do Centro de Forma\u00e7\u00e3o Continuada para os Profissionais de Educa\u00e7\u00e3o.<\/p>\n<p>Educa\u00e7\u00e3o integral<\/p>\n<p>\u201cEm parceria com o governo do estado, vamos tamb\u00e9m construir uma proposta de educa\u00e7\u00e3o integral para o nosso munic\u00edpio, garantindo assim uma educa\u00e7\u00e3o e merenda de qualidade para nossas crian\u00e7as e jovens\u201d, disse o candidato a vice-prefeito Emerson (Avante)<\/p>\n<p>&nbsp;<\/p>\n<p>Foto: Ricardo Oliveira<\/p>\n","protected":false},"excerpt":{"rendered":"<p>Valorizar os profissionais da educa\u00e7\u00e3o, zerar a evas\u00e3o escolar e melhorar a qualidade da merenda escolar, inclusive ampliando as compras da agricultura familiar. Essas s\u00e3o algumas das a\u00e7\u00f5es efetivas que o candidato a prefeito de Barreiras, Tito (PT), tomar\u00e1, e que constam no Programa de Governo Participativo (PGP). A reformula\u00e7\u00e3o do plano de cargos e [&hellip;]<\/p>\n","protected":false},"author":8,"featured_media":843499,"comment_status":"closed","ping_status":"closed","sticky":false,"template":"","format":"standard","meta":[],"categories":[14601],"tags":[52,486,100,24957],"acf":[],"yoast_head":"<!-- This site is optimized with the Yoast SEO plugin v20.8 - https:\/\/yoast.com\/wordpress\/plugins\/seo\/ -->\n<title>\u201cVAMOS VALORIZAR OS PROFISSIONAIS DA EDUCA\u00c7\u00c3O, ZERAR A EVAS\u00c3O ESCOLAR E MELHORAR A QUALIDADE DA MERENDA ESCOLAR, INCLUSIVE AMPLIANDO AS COMPRAS DA AGRICULTURA FAMILIAR\u201d, AFIRMA TITO - Bahia Economica<\/title>\n<meta name=\"description\" content=\"O maior portal de Economia da Bahia Pol\u00edtica Bahia Economica em recursos humanos, melhorar as condi\u00e7\u00f5es de trabalho\" \/>\n<meta name=\"robots\" content=\"index, follow, max-snippet:-1, max-image-preview:large, max-video-preview:-1\" \/>\n<link rel=\"canonical\" href=\"https:\/\/bahiaeconomica.com.br\/wp\/2024\/09\/08\/vamos-valorizar-os-profissionais-da-educacao-zerar-a-evasao-escolar-e-melhorar-a-qualidade-da-merenda-escolar-inclusive-ampliando-as-compras-da-agricultura-familiar-afirma-tito\/\" \/>\n<meta property=\"og:locale\" content=\"pt_BR\" \/>\n<meta property=\"og:type\" content=\"article\" \/>\n<meta property=\"og:title\" content=\"\u201cVAMOS VALORIZAR OS PROFISSIONAIS DA EDUCA\u00c7\u00c3O, ZERAR A EVAS\u00c3O ESCOLAR E MELHORAR A QUALIDADE DA MERENDA ESCOLAR, INCLUSIVE AMPLIANDO AS COMPRAS DA AGRICULTURA FAMILIAR\u201d, AFIRMA TITO - Bahia Economica\" \/>\n<meta property=\"og:description\" content=\"O maior portal de Economia da Bahia Pol\u00edtica Bahia Economica em recursos humanos, melhorar as condi\u00e7\u00f5es de trabalho\" \/>\n<meta property=\"og:url\" content=\"https:\/\/bahiaeconomica.com.br\/wp\/2024\/09\/08\/vamos-valorizar-os-profissionais-da-educacao-zerar-a-evasao-escolar-e-melhorar-a-qualidade-da-merenda-escolar-inclusive-ampliando-as-compras-da-agricultura-familiar-afirma-tito\/\" \/>\n<meta property=\"og:site_name\" content=\"Bahia Economica\" \/>\n<meta property=\"article:publisher\" content=\"https:\/\/www.facebook.com\/bahiaeconomica\" \/>\n<meta property=\"article:published_time\" content=\"2024-09-08T14:00:56+00:00\" \/>\n<meta property=\"article:modified_time\" content=\"2024-09-08T02:13:24+00:00\" \/>\n<meta property=\"og:image\" content=\"https:\/\/bahiaeconomica.com.br\/wp\/wp-content\/uploads\/2024\/09\/WhatsApp-Image-2024-09-07-at-16.32.41.jpeg\" \/>\n\t<meta property=\"og:image:width\" content=\"1600\" \/>\n\t<meta property=\"og:image:height\" content=\"1050\" \/>\n\t<meta property=\"og:image:type\" content=\"image\/jpeg\" \/>\n<meta name=\"author\" content=\"JP\" \/>\n<meta name=\"twitter:card\" content=\"summary_large_image\" \/>\n<meta name=\"twitter:label1\" content=\"Escrito por\" \/>\n\t<meta name=\"twitter:data1\" content=\"JP\" \/>\n\t<meta name=\"twitter:label2\" content=\"Est. tempo de leitura\" \/>\n\t<meta name=\"twitter:data2\" content=\"2 minutos\" \/>\n<script type=\"application\/ld+json\" class=\"yoast-schema-graph\">{\"@context\":\"https:\/\/schema.org\",\"@graph\":[{\"@type\":\"Article\",\"@id\":\"https:\/\/bahiaeconomica.com.br\/wp\/2024\/09\/08\/vamos-valorizar-os-profissionais-da-educacao-zerar-a-evasao-escolar-e-melhorar-a-qualidade-da-merenda-escolar-inclusive-ampliando-as-compras-da-agricultura-familiar-afirma-tito\/#article\",\"isPartOf\":{\"@id\":\"https:\/\/bahiaeconomica.com.br\/wp\/2024\/09\/08\/vamos-valorizar-os-profissionais-da-educacao-zerar-a-evasao-escolar-e-melhorar-a-qualidade-da-merenda-escolar-inclusive-ampliando-as-compras-da-agricultura-familiar-afirma-tito\/\"},\"author\":{\"name\":\"JP\",\"@id\":\"https:\/\/bahiaeconomica.com.br\/wp\/#\/schema\/person\/c86d3a3f8960425a0f9d0e5245991f4e\"},\"headline\":\"\u201cVAMOS VALORIZAR OS PROFISSIONAIS DA EDUCA\u00c7\u00c3O, ZERAR A EVAS\u00c3O ESCOLAR E MELHORAR A QUALIDADE DA MERENDA ESCOLAR, INCLUSIVE AMPLIANDO AS COMPRAS DA AGRICULTURA FAMILIAR\u201d, AFIRMA TITO\",\"datePublished\":\"2024-09-08T14:00:56+00:00\",\"dateModified\":\"2024-09-08T02:13:24+00:00\",\"mainEntityOfPage\":{\"@id\":\"https:\/\/bahiaeconomica.com.br\/wp\/2024\/09\/08\/vamos-valorizar-os-profissionais-da-educacao-zerar-a-evasao-escolar-e-melhorar-a-qualidade-da-merenda-escolar-inclusive-ampliando-as-compras-da-agricultura-familiar-afirma-tito\/\"},\"wordCount\":336,\"publisher\":{\"@id\":\"https:\/\/bahiaeconomica.com.br\/wp\/#organization\"},\"keywords\":[\"Brasil\",\"Munic\u00edpios\",\"Pol\u00edtica\",\"Tito\"],\"articleSection\":[\"Pol\u00edtica\"],\"inLanguage\":\"pt-BR\"},{\"@type\":\"WebPage\",\"@id\":\"https:\/\/bahiaeconomica.com.br\/wp\/2024\/09\/08\/vamos-valorizar-os-profissionais-da-educacao-zerar-a-evasao-escolar-e-melhorar-a-qualidade-da-merenda-escolar-inclusive-ampliando-as-compras-da-agricultura-familiar-afirma-tito\/\",\"url\":\"https:\/\/bahiaeconomica.com.br\/wp\/2024\/09\/08\/vamos-valorizar-os-profissionais-da-educacao-zerar-a-evasao-escolar-e-melhorar-a-qualidade-da-merenda-escolar-inclusive-ampliando-as-compras-da-agricultura-familiar-afirma-tito\/\",\"name\":\"\u201cVAMOS VALORIZAR OS PROFISSIONAIS DA EDUCA\u00c7\u00c3O, ZERAR A EVAS\u00c3O ESCOLAR E MELHORAR A QUALIDADE DA MERENDA ESCOLAR, INCLUSIVE AMPLIANDO AS COMPRAS DA AGRICULTURA FAMILIAR\u201d, AFIRMA TITO - Bahia Economica\",\"isPartOf\":{\"@id\":\"https:\/\/bahiaeconomica.com.br\/wp\/#website\"},\"datePublished\":\"2024-09-08T14:00:56+00:00\",\"dateModified\":\"2024-09-08T02:13:24+00:00\",\"description\":\"O maior portal de Economia da Bahia Pol\u00edtica Bahia Economica em recursos humanos, melhorar as condi\u00e7\u00f5es de trabalho\",\"breadcrumb\":{\"@id\":\"https:\/\/bahiaeconomica.com.br\/wp\/2024\/09\/08\/vamos-valorizar-os-profissionais-da-educacao-zerar-a-evasao-escolar-e-melhorar-a-qualidade-da-merenda-escolar-inclusive-ampliando-as-compras-da-agricultura-familiar-afirma-tito\/#breadcrumb\"},\"inLanguage\":\"pt-BR\",\"potentialAction\":[{\"@type\":\"ReadAction\",\"target\":[\"https:\/\/bahiaeconomica.com.br\/wp\/2024\/09\/08\/vamos-valorizar-os-profissionais-da-educacao-zerar-a-evasao-escolar-e-melhorar-a-qualidade-da-merenda-escolar-inclusive-ampliando-as-compras-da-agricultura-familiar-afirma-tito\/\"]}]},{\"@type\":\"BreadcrumbList\",\"@id\":\"https:\/\/bahiaeconomica.com.br\/wp\/2024\/09\/08\/vamos-valorizar-os-profissionais-da-educacao-zerar-a-evasao-escolar-e-melhorar-a-qualidade-da-merenda-escolar-inclusive-ampliando-as-compras-da-agricultura-familiar-afirma-tito\/#breadcrumb\",\"itemListElement\":[{\"@type\":\"ListItem\",\"position\":1,\"name\":\"In\u00edcio\",\"item\":\"https:\/\/bahiaeconomica.com.br\/wp\/\"},{\"@type\":\"ListItem\",\"position\":2,\"name\":\"\u201cVAMOS VALORIZAR OS PROFISSIONAIS DA EDUCA\u00c7\u00c3O, ZERAR A EVAS\u00c3O ESCOLAR E MELHORAR A QUALIDADE DA MERENDA ESCOLAR, INCLUSIVE AMPLIANDO AS COMPRAS DA AGRICULTURA FAMILIAR\u201d, AFIRMA TITO\"}]},{\"@type\":\"WebSite\",\"@id\":\"https:\/\/bahiaeconomica.com.br\/wp\/#website\",\"url\":\"https:\/\/bahiaeconomica.com.br\/wp\/\",\"name\":\"Bahia Economica\",\"description\":\"O maior portal de Economia da Bahia\",\"publisher\":{\"@id\":\"https:\/\/bahiaeconomica.com.br\/wp\/#organization\"},\"potentialAction\":[{\"@type\":\"SearchAction\",\"target\":{\"@type\":\"EntryPoint\",\"urlTemplate\":\"https:\/\/bahiaeconomica.com.br\/wp\/?s={search_term_string}\"},\"query-input\":\"required name=search_term_string\"}],\"inLanguage\":\"pt-BR\"},{\"@type\":\"Organization\",\"@id\":\"https:\/\/bahiaeconomica.com.br\/wp\/#organization\",\"name\":\"Bahia Econ\u00f4mica\",\"url\":\"https:\/\/bahiaeconomica.com.br\/wp\/\",\"logo\":{\"@type\":\"ImageObject\",\"inLanguage\":\"pt-BR\",\"@id\":\"https:\/\/bahiaeconomica.com.br\/wp\/#\/schema\/logo\/image\/\",\"url\":\"https:\/\/bahiaeconomica.com.br\/wp\/wp-content\/uploads\/2020\/12\/cropped-BE.png\",\"contentUrl\":\"https:\/\/bahiaeconomica.com.br\/wp\/wp-content\/uploads\/2020\/12\/cropped-BE.png\",\"width\":512,\"height\":512,\"caption\":\"Bahia Econ\u00f4mica\"},\"image\":{\"@id\":\"https:\/\/bahiaeconomica.com.br\/wp\/#\/schema\/logo\/image\/\"},\"sameAs\":[\"https:\/\/www.facebook.com\/bahiaeconomica\"]},{\"@type\":\"Person\",\"@id\":\"https:\/\/bahiaeconomica.com.br\/wp\/#\/schema\/person\/c86d3a3f8960425a0f9d0e5245991f4e\",\"name\":\"JP\",\"sameAs\":[\"https:\/\/bahiaeconomica.com.br\/wp\/beta\/\"],\"url\":\"https:\/\/bahiaeconomica.com.br\/wp\/author\/jp\/\"}]}<\/script>\n<!-- \/ Yoast SEO plugin. -->","yoast_head_json":{"title":"\u201cVAMOS VALORIZAR OS PROFISSIONAIS DA EDUCA\u00c7\u00c3O, ZERAR A EVAS\u00c3O ESCOLAR E MELHORAR A QUALIDADE DA MERENDA ESCOLAR, INCLUSIVE AMPLIANDO AS COMPRAS DA AGRICULTURA FAMILIAR\u201d, AFIRMA TITO - Bahia Economica","description":"O maior portal de Economia da Bahia Pol\u00edtica Bahia Economica em recursos humanos, melhorar as condi\u00e7\u00f5es de trabalho","robots":{"index":"index","follow":"follow","max-snippet":"max-snippet:-1","max-image-preview":"max-image-preview:large","max-video-preview":"max-video-preview:-1"},"canonical":"https:\/\/bahiaeconomica.com.br\/wp\/2024\/09\/08\/vamos-valorizar-os-profissionais-da-educacao-zerar-a-evasao-escolar-e-melhorar-a-qualidade-da-merenda-escolar-inclusive-ampliando-as-compras-da-agricultura-familiar-afirma-tito\/","og_locale":"pt_BR","og_type":"article","og_title":"\u201cVAMOS VALORIZAR OS PROFISSIONAIS DA EDUCA\u00c7\u00c3O, ZERAR A EVAS\u00c3O ESCOLAR E MELHORAR A QUALIDADE DA MERENDA ESCOLAR, INCLUSIVE AMPLIANDO AS COMPRAS DA AGRICULTURA FAMILIAR\u201d, AFIRMA TITO - Bahia Economica","og_description":"O maior portal de Economia da Bahia Pol\u00edtica Bahia Economica em recursos humanos, melhorar as condi\u00e7\u00f5es de trabalho","og_url":"https:\/\/bahiaeconomica.com.br\/wp\/2024\/09\/08\/vamos-valorizar-os-profissionais-da-educacao-zerar-a-evasao-escolar-e-melhorar-a-qualidade-da-merenda-escolar-inclusive-ampliando-as-compras-da-agricultura-familiar-afirma-tito\/","og_site_name":"Bahia Economica","article_publisher":"https:\/\/www.facebook.com\/bahiaeconomica","article_published_time":"2024-09-08T14:00:56+00:00","article_modified_time":"2024-09-08T02:13:24+00:00","og_image":[{"width":1600,"height":1050,"url":"https:\/\/bahiaeconomica.com.br\/wp\/wp-content\/uploads\/2024\/09\/WhatsApp-Image-2024-09-07-at-16.32.41.jpeg","type":"image\/jpeg"}],"author":"JP","twitter_card":"summary_large_image","twitter_misc":{"Escrito por":"JP","Est. tempo de leitura":"2 minutos"},"schema":{"@context":"https:\/\/schema.org","@graph":[{"@type":"Article","@id":"https:\/\/bahiaeconomica.com.br\/wp\/2024\/09\/08\/vamos-valorizar-os-profissionais-da-educacao-zerar-a-evasao-escolar-e-melhorar-a-qualidade-da-merenda-escolar-inclusive-ampliando-as-compras-da-agricultura-familiar-afirma-tito\/#article","isPartOf":{"@id":"https:\/\/bahiaeconomica.com.br\/wp\/2024\/09\/08\/vamos-valorizar-os-profissionais-da-educacao-zerar-a-evasao-escolar-e-melhorar-a-qualidade-da-merenda-escolar-inclusive-ampliando-as-compras-da-agricultura-familiar-afirma-tito\/"},"author":{"name":"JP","@id":"https:\/\/bahiaeconomica.com.br\/wp\/#\/schema\/person\/c86d3a3f8960425a0f9d0e5245991f4e"},"headline":"\u201cVAMOS VALORIZAR OS PROFISSIONAIS DA EDUCA\u00c7\u00c3O, ZERAR A EVAS\u00c3O ESCOLAR E MELHORAR A QUALIDADE DA MERENDA ESCOLAR, INCLUSIVE AMPLIANDO AS COMPRAS DA AGRICULTURA FAMILIAR\u201d, AFIRMA TITO","datePublished":"2024-09-08T14:00:56+00:00","dateModified":"2024-09-08T02:13:24+00:00","mainEntityOfPage":{"@id":"https:\/\/bahiaeconomica.com.br\/wp\/2024\/09\/08\/vamos-valorizar-os-profissionais-da-educacao-zerar-a-evasao-escolar-e-melhorar-a-qualidade-da-merenda-escolar-inclusive-ampliando-as-compras-da-agricultura-familiar-afirma-tito\/"},"wordCount":336,"publisher":{"@id":"https:\/\/bahiaeconomica.com.br\/wp\/#organization"},"keywords":["Brasil","Munic\u00edpios","Pol\u00edtica","Tito"],"articleSection":["Pol\u00edtica"],"inLanguage":"pt-BR"},{"@type":"WebPage","@id":"https:\/\/bahiaeconomica.com.br\/wp\/2024\/09\/08\/vamos-valorizar-os-profissionais-da-educacao-zerar-a-evasao-escolar-e-melhorar-a-qualidade-da-merenda-escolar-inclusive-ampliando-as-compras-da-agricultura-familiar-afirma-tito\/","url":"https:\/\/bahiaeconomica.com.br\/wp\/2024\/09\/08\/vamos-valorizar-os-profissionais-da-educacao-zerar-a-evasao-escolar-e-melhorar-a-qualidade-da-merenda-escolar-inclusive-ampliando-as-compras-da-agricultura-familiar-afirma-tito\/","name":"\u201cVAMOS VALORIZAR OS PROFISSIONAIS DA EDUCA\u00c7\u00c3O, ZERAR A EVAS\u00c3O ESCOLAR E MELHORAR A QUALIDADE DA MERENDA ESCOLAR, INCLUSIVE AMPLIANDO AS COMPRAS DA AGRICULTURA FAMILIAR\u201d, AFIRMA TITO - Bahia Economica","isPartOf":{"@id":"https:\/\/bahiaeconomica.com.br\/wp\/#website"},"datePublished":"2024-09-08T14:00:56+00:00","dateModified":"2024-09-08T02:13:24+00:00","description":"O maior portal de Economia da Bahia Pol\u00edtica Bahia Economica em recursos humanos, melhorar as condi\u00e7\u00f5es de trabalho","breadcrumb":{"@id":"https:\/\/bahiaeconomica.com.br\/wp\/2024\/09\/08\/vamos-valorizar-os-profissionais-da-educacao-zerar-a-evasao-escolar-e-melhorar-a-qualidade-da-merenda-escolar-inclusive-ampliando-as-compras-da-agricultura-familiar-afirma-tito\/#breadcrumb"},"inLanguage":"pt-BR","potentialAction":[{"@type":"ReadAction","target":["https:\/\/bahiaeconomica.com.br\/wp\/2024\/09\/08\/vamos-valorizar-os-profissionais-da-educacao-zerar-a-evasao-escolar-e-melhorar-a-qualidade-da-merenda-escolar-inclusive-ampliando-as-compras-da-agricultura-familiar-afirma-tito\/"]}]},{"@type":"BreadcrumbList","@id":"https:\/\/bahiaeconomica.com.br\/wp\/2024\/09\/08\/vamos-valorizar-os-profissionais-da-educacao-zerar-a-evasao-escolar-e-melhorar-a-qualidade-da-merenda-escolar-inclusive-ampliando-as-compras-da-agricultura-familiar-afirma-tito\/#breadcrumb","itemListElement":[{"@type":"ListItem","position":1,"name":"In\u00edcio","item":"https:\/\/bahiaeconomica.com.br\/wp\/"},{"@type":"ListItem","position":2,"name":"\u201cVAMOS VALORIZAR OS PROFISSIONAIS DA EDUCA\u00c7\u00c3O, ZERAR A EVAS\u00c3O ESCOLAR E MELHORAR A QUALIDADE DA MERENDA ESCOLAR, INCLUSIVE AMPLIANDO AS COMPRAS DA AGRICULTURA FAMILIAR\u201d, AFIRMA TITO"}]},{"@type":"WebSite","@id":"https:\/\/bahiaeconomica.com.br\/wp\/#website","url":"https:\/\/bahiaeconomica.com.br\/wp\/","name":"Bahia Economica","description":"O maior portal de Economia da Bahia","publisher":{"@id":"https:\/\/bahiaeconomica.com.br\/wp\/#organization"},"potentialAction":[{"@type":"SearchAction","target":{"@type":"EntryPoint","urlTemplate":"https:\/\/bahiaeconomica.com.br\/wp\/?s={search_term_string}"},"query-input":"required name=search_term_string"}],"inLanguage":"pt-BR"},{"@type":"Organization","@id":"https:\/\/bahiaeconomica.com.br\/wp\/#organization","name":"Bahia Econ\u00f4mica","url":"https:\/\/bahiaeconomica.com.br\/wp\/","logo":{"@type":"ImageObject","inLanguage":"pt-BR","@id":"https:\/\/bahiaeconomica.com.br\/wp\/#\/schema\/logo\/image\/","url":"https:\/\/bahiaeconomica.com.br\/wp\/wp-content\/uploads\/2020\/12\/cropped-BE.png","contentUrl":"https:\/\/bahiaeconomica.com.br\/wp\/wp-content\/uploads\/2020\/12\/cropped-BE.png","width":512,"height":512,"caption":"Bahia Econ\u00f4mica"},"image":{"@id":"https:\/\/bahiaeconomica.com.br\/wp\/#\/schema\/logo\/image\/"},"sameAs":["https:\/\/www.facebook.com\/bahiaeconomica"]},{"@type":"Person","@id":"https:\/\/bahiaeconomica.com.br\/wp\/#\/schema\/person\/c86d3a3f8960425a0f9d0e5245991f4e","name":"JP","sameAs":["https:\/\/bahiaeconomica.com.br\/wp\/beta\/"],"url":"https:\/\/bahiaeconomica.com.br\/wp\/author\/jp\/"}]}},"views":4,"_links":{"self":[{"href":"https:\/\/bahiaeconomica.com.br\/wp\/wp-json\/wp\/v2\/posts\/843498"}],"collection":[{"href":"https:\/\/bahiaeconomica.com.br\/wp\/wp-json\/wp\/v2\/posts"}],"about":[{"href":"https:\/\/bahiaeconomica.com.br\/wp\/wp-json\/wp\/v2\/types\/post"}],"author":[{"embeddable":true,"href":"https:\/\/bahiaeconomica.com.br\/wp\/wp-json\/wp\/v2\/users\/8"}],"replies":[{"embeddable":true,"href":"https:\/\/bahiaeconomica.com.br\/wp\/wp-json\/wp\/v2\/comments?post=843498"}],"version-history":[{"count":1,"href":"https:\/\/bahiaeconomica.com.br\/wp\/wp-json\/wp\/v2\/posts\/843498\/revisions"}],"predecessor-version":[{"id":843500,"href":"https:\/\/bahiaeconomica.com.br\/wp\/wp-json\/wp\/v2\/posts\/843498\/revisions\/843500"}],"wp:featuredmedia":[{"embeddable":true,"href":"https:\/\/bahiaeconomica.com.br\/wp\/wp-json\/wp\/v2\/media\/843499"}],"wp:attachment":[{"href":"https:\/\/bahiaeconomica.com.br\/wp\/wp-json\/wp\/v2\/media?parent=843498"}],"wp:term":[{"taxonomy":"category","embeddable":true,"href":"https:\/\/bahiaeconomica.com.br\/wp\/wp-json\/wp\/v2\/categories?post=843498"},{"taxonomy":"post_tag","embeddable":true,"href":"https:\/\/bahiaeconomica.com.br\/wp\/wp-json\/wp\/v2\/tags?post=843498"}],"curies":[{"name":"wp","href":"https:\/\/api.w.org\/{rel}","templated":true}]}}