{"id":843414,"date":"2024-09-06T18:59:55","date_gmt":"2024-09-06T21:59:55","guid":{"rendered":"https:\/\/bahiaeconomica.com.br\/wp\/?p=843414"},"modified":"2024-09-06T17:43:26","modified_gmt":"2024-09-06T20:43:26","slug":"governo-do-estado-certifica-500-trabalhadores-dos-cursos-preparatorios-para-selecao-da-byd","status":"publish","type":"post","link":"https:\/\/bahiaeconomica.com.br\/wp\/2024\/09\/06\/governo-do-estado-certifica-500-trabalhadores-dos-cursos-preparatorios-para-selecao-da-byd\/","title":{"rendered":"GOVERNO DO ESTADO CERTIFICA 500 TRABALHADORES DOS CURSOS PREPARAT\u00d3RIOS PARA SELE\u00c7\u00c3O DA BYD"},"content":{"rendered":"<p>Os 500 trabalhadores que participaram dos cursos preparat\u00f3rios para a sele\u00e7\u00e3o da montadora chinesa Build Your Dreams (BYD) receberam o certificado de conclus\u00e3o das capacita\u00e7\u00f5es nesta sexta-feira (6), em Cama\u00e7ari. A forma\u00e7\u00e3o integra o programa Qualifica Bahia \u2013 Setor Industrial\/BYD, uma iniciativa do Governo do Estado, por meio da Secretaria do Trabalho, Emprego, Renda e Esporte (Setre), em parceria com o Servi\u00e7o Nacional de Aprendizagem Industrial (Senai).<\/p>\n<p>O investimento na qualifica\u00e7\u00e3o, totalmente gratuita para os trabalhadores, foi de quase R$ 2 milh\u00f5es, com recursos provenientes do Fundo Estadual de Combate e Erradica\u00e7\u00e3o da Pobreza (FUNCEP). Participaram pessoas sem ocupa\u00e7\u00e3o, cadastradas nas ag\u00eancias do Sistema Nacional de Emprego (Sine) e benefici\u00e1rios das demais pol\u00edticas p\u00fablicas de trabalho e renda, que estejam buscando uma vaga de emprego.<\/p>\n<p>&#8220;Com a sa\u00edda da Ford, muitos trabalhadores perderam seus postos de trabalho. Ent\u00e3o, esperamos que com essa capacita\u00e7\u00e3o, a gente possa ser aproveitado, seja na BYD ou em qualquer outra empresa que venha para Cama\u00e7ari&#8221;, considerou Naelson Pereira, que concluiu o curso de Auxiliar de Linha de Produ\u00e7\u00e3o.<\/p>\n<p>A inclus\u00e3o tamb\u00e9m foi outro ponto desta turma, que teve vagas para pessoas com defici\u00eancia. &#8221; Eu tenho esperan\u00e7a tamb\u00e9m de entrar na BYD. Quero s\u00f3 agradecer mesmo pela oportunidade, estou muito feliz de estar aqui hoje&#8221;, agradeceu o concluinte do curso de Auxiliar de Linha de Produ\u00e7\u00e3o, Telmo Bastos, que \u00e9 surdo. A colega de turma, Helena Duarte, que tamb\u00e9m \u00e9 surda, completou: &#8220;Estou me sentindo preparada. Agrade\u00e7o muito pela oportunidade e tenho a expectativa de entrar na BYD&#8221;.<\/p>\n<p>A qualifica\u00e7\u00e3o visa, especialmente, preparar candidatos para participar da sele\u00e7\u00e3o da montadora chinesa, mas n\u00e3o garante a contrata\u00e7\u00e3o, que est\u00e1 atrelada a crit\u00e9rios espec\u00edficos da empresa automotiva.<\/p>\n<p>&#8220;N\u00f3s estamos qualificando essa m\u00e3o-de-obra, para que ela seja absorvida pela BYD. Um importante mercado de trabalho, que \u00e9 o retorno da ind\u00fastria automotiva. Mas n\u00e3o s\u00f3 isso, \u00e9 a ind\u00fastria automotiva moderna com carros el\u00e9tricos e tamb\u00e9m com desenvolvimento tecnol\u00f3gico&#8221;, destacou o titular da Setre, Davidson Magalh\u00e3es. Na ocasi\u00e3o, foi anunciada a abertura de mais 150 vagas para novas qualifica\u00e7\u00f5es.<\/p>\n<p>Nesta primeira etapa foram certificados 500 alunos, distribu\u00eddos em 16 turmas, que conclu\u00edram um dos quatro cursos: Operador de Produ\u00e7\u00e3o Veicular; Auxiliar de Linha de Produ\u00e7\u00e3o; Inspetor de Qualidade e Mec\u00e2nico de Manuten\u00e7\u00e3o de M\u00e1quinas Industriais. Os participantes receberam fardamento, material did\u00e1tico, transporte e lanche.<\/p>\n<p>&#8220;Esse \u00e9 um programa que foi discutido com a Setre, para que a gente pudesse desenvolver e ofertar cursos que fossem aderentes a essa possibilidade de inser\u00e7\u00e3o no segmento automotivo, para atendimento a essa demanda local&#8221;, disse o gerente do Senai de Cama\u00e7ari, S\u00e9rgio Martins.<\/p>\n<p>Foto:\u00a0 Matheus LandimGOVBA<\/p>\n","protected":false},"excerpt":{"rendered":"<p>Os 500 trabalhadores que participaram dos cursos preparat\u00f3rios para a sele\u00e7\u00e3o da montadora chinesa Build Your Dreams (BYD) receberam o certificado de conclus\u00e3o das capacita\u00e7\u00f5es nesta sexta-feira (6), em Cama\u00e7ari. A forma\u00e7\u00e3o integra o programa Qualifica Bahia \u2013 Setor Industrial\/BYD, uma iniciativa do Governo do Estado, por meio da Secretaria do Trabalho, Emprego, Renda e [&hellip;]<\/p>\n","protected":false},"author":15,"featured_media":843422,"comment_status":"closed","ping_status":"closed","sticky":false,"template":"","format":"standard","meta":[],"categories":[14,3],"tags":[6382,1028,87],"acf":[],"yoast_head":"<!-- This site is optimized with the Yoast SEO plugin v20.8 - https:\/\/yoast.com\/wordpress\/plugins\/seo\/ -->\n<title>GOVERNO DO ESTADO CERTIFICA 500 TRABALHADORES DOS CURSOS PREPARAT\u00d3RIOS PARA SELE\u00c7\u00c3O DA BYD - Bahia Economica<\/title>\n<meta name=\"description\" content=\"O maior portal de Economia da Bahia DESTAQUE DO DIA, ECONOMIA \/ POL\u00cdTICA Bahia Economica Os 500 trabalhadores que participaram dos cursos preparat\u00f3rios para\" \/>\n<meta name=\"robots\" content=\"index, follow, max-snippet:-1, max-image-preview:large, max-video-preview:-1\" \/>\n<link rel=\"canonical\" href=\"https:\/\/bahiaeconomica.com.br\/wp\/2024\/09\/06\/governo-do-estado-certifica-500-trabalhadores-dos-cursos-preparatorios-para-selecao-da-byd\/\" \/>\n<meta property=\"og:locale\" content=\"pt_BR\" \/>\n<meta property=\"og:type\" content=\"article\" \/>\n<meta property=\"og:title\" content=\"GOVERNO DO ESTADO CERTIFICA 500 TRABALHADORES DOS CURSOS PREPARAT\u00d3RIOS PARA SELE\u00c7\u00c3O DA BYD - Bahia Economica\" \/>\n<meta property=\"og:description\" content=\"O maior portal de Economia da Bahia DESTAQUE DO DIA, ECONOMIA \/ POL\u00cdTICA Bahia Economica Os 500 trabalhadores que participaram dos cursos preparat\u00f3rios para\" \/>\n<meta property=\"og:url\" content=\"https:\/\/bahiaeconomica.com.br\/wp\/2024\/09\/06\/governo-do-estado-certifica-500-trabalhadores-dos-cursos-preparatorios-para-selecao-da-byd\/\" \/>\n<meta property=\"og:site_name\" content=\"Bahia Economica\" \/>\n<meta property=\"article:publisher\" content=\"https:\/\/www.facebook.com\/bahiaeconomica\" \/>\n<meta property=\"article:published_time\" content=\"2024-09-06T21:59:55+00:00\" \/>\n<meta property=\"article:modified_time\" content=\"2024-09-06T20:43:26+00:00\" \/>\n<meta property=\"og:image\" content=\"https:\/\/bahiaeconomica.com.br\/wp\/wp-content\/uploads\/2024\/09\/Fotos-Matheus-LandimGOVBA-2-1.jpeg\" \/>\n\t<meta property=\"og:image:width\" content=\"1600\" \/>\n\t<meta property=\"og:image:height\" content=\"899\" \/>\n\t<meta property=\"og:image:type\" content=\"image\/jpeg\" \/>\n<meta name=\"author\" content=\"VICTORIA ISABEL\" \/>\n<meta name=\"twitter:card\" content=\"summary_large_image\" \/>\n<meta name=\"twitter:label1\" content=\"Escrito por\" \/>\n\t<meta name=\"twitter:data1\" content=\"VICTORIA ISABEL\" \/>\n\t<meta name=\"twitter:label2\" content=\"Est. tempo de leitura\" \/>\n\t<meta name=\"twitter:data2\" content=\"3 minutos\" \/>\n<script type=\"application\/ld+json\" class=\"yoast-schema-graph\">{\"@context\":\"https:\/\/schema.org\",\"@graph\":[{\"@type\":\"Article\",\"@id\":\"https:\/\/bahiaeconomica.com.br\/wp\/2024\/09\/06\/governo-do-estado-certifica-500-trabalhadores-dos-cursos-preparatorios-para-selecao-da-byd\/#article\",\"isPartOf\":{\"@id\":\"https:\/\/bahiaeconomica.com.br\/wp\/2024\/09\/06\/governo-do-estado-certifica-500-trabalhadores-dos-cursos-preparatorios-para-selecao-da-byd\/\"},\"author\":{\"name\":\"VICTORIA ISABEL\",\"@id\":\"https:\/\/bahiaeconomica.com.br\/wp\/#\/schema\/person\/b719ce0fb1c09f3c7a00d9243ced4a6f\"},\"headline\":\"GOVERNO DO ESTADO CERTIFICA 500 TRABALHADORES DOS CURSOS PREPARAT\u00d3RIOS PARA SELE\u00c7\u00c3O DA BYD\",\"datePublished\":\"2024-09-06T21:59:55+00:00\",\"dateModified\":\"2024-09-06T20:43:26+00:00\",\"mainEntityOfPage\":{\"@id\":\"https:\/\/bahiaeconomica.com.br\/wp\/2024\/09\/06\/governo-do-estado-certifica-500-trabalhadores-dos-cursos-preparatorios-para-selecao-da-byd\/\"},\"wordCount\":492,\"publisher\":{\"@id\":\"https:\/\/bahiaeconomica.com.br\/wp\/#organization\"},\"keywords\":[\"byd\",\"cursos\",\"governo do estado\"],\"articleSection\":[\"DESTAQUE DO DIA\",\"ECONOMIA \/ POL\u00cdTICA\"],\"inLanguage\":\"pt-BR\"},{\"@type\":\"WebPage\",\"@id\":\"https:\/\/bahiaeconomica.com.br\/wp\/2024\/09\/06\/governo-do-estado-certifica-500-trabalhadores-dos-cursos-preparatorios-para-selecao-da-byd\/\",\"url\":\"https:\/\/bahiaeconomica.com.br\/wp\/2024\/09\/06\/governo-do-estado-certifica-500-trabalhadores-dos-cursos-preparatorios-para-selecao-da-byd\/\",\"name\":\"GOVERNO DO ESTADO CERTIFICA 500 TRABALHADORES DOS CURSOS PREPARAT\u00d3RIOS PARA SELE\u00c7\u00c3O DA BYD - Bahia Economica\",\"isPartOf\":{\"@id\":\"https:\/\/bahiaeconomica.com.br\/wp\/#website\"},\"datePublished\":\"2024-09-06T21:59:55+00:00\",\"dateModified\":\"2024-09-06T20:43:26+00:00\",\"description\":\"O maior portal de Economia da Bahia DESTAQUE DO DIA, ECONOMIA \/ POL\u00cdTICA Bahia Economica Os 500 trabalhadores que participaram dos cursos preparat\u00f3rios para\",\"breadcrumb\":{\"@id\":\"https:\/\/bahiaeconomica.com.br\/wp\/2024\/09\/06\/governo-do-estado-certifica-500-trabalhadores-dos-cursos-preparatorios-para-selecao-da-byd\/#breadcrumb\"},\"inLanguage\":\"pt-BR\",\"potentialAction\":[{\"@type\":\"ReadAction\",\"target\":[\"https:\/\/bahiaeconomica.com.br\/wp\/2024\/09\/06\/governo-do-estado-certifica-500-trabalhadores-dos-cursos-preparatorios-para-selecao-da-byd\/\"]}]},{\"@type\":\"BreadcrumbList\",\"@id\":\"https:\/\/bahiaeconomica.com.br\/wp\/2024\/09\/06\/governo-do-estado-certifica-500-trabalhadores-dos-cursos-preparatorios-para-selecao-da-byd\/#breadcrumb\",\"itemListElement\":[{\"@type\":\"ListItem\",\"position\":1,\"name\":\"In\u00edcio\",\"item\":\"https:\/\/bahiaeconomica.com.br\/wp\/\"},{\"@type\":\"ListItem\",\"position\":2,\"name\":\"GOVERNO DO ESTADO CERTIFICA 500 TRABALHADORES DOS CURSOS PREPARAT\u00d3RIOS PARA SELE\u00c7\u00c3O DA BYD\"}]},{\"@type\":\"WebSite\",\"@id\":\"https:\/\/bahiaeconomica.com.br\/wp\/#website\",\"url\":\"https:\/\/bahiaeconomica.com.br\/wp\/\",\"name\":\"Bahia Economica\",\"description\":\"O maior portal de Economia da Bahia\",\"publisher\":{\"@id\":\"https:\/\/bahiaeconomica.com.br\/wp\/#organization\"},\"potentialAction\":[{\"@type\":\"SearchAction\",\"target\":{\"@type\":\"EntryPoint\",\"urlTemplate\":\"https:\/\/bahiaeconomica.com.br\/wp\/?s={search_term_string}\"},\"query-input\":\"required name=search_term_string\"}],\"inLanguage\":\"pt-BR\"},{\"@type\":\"Organization\",\"@id\":\"https:\/\/bahiaeconomica.com.br\/wp\/#organization\",\"name\":\"Bahia Econ\u00f4mica\",\"url\":\"https:\/\/bahiaeconomica.com.br\/wp\/\",\"logo\":{\"@type\":\"ImageObject\",\"inLanguage\":\"pt-BR\",\"@id\":\"https:\/\/bahiaeconomica.com.br\/wp\/#\/schema\/logo\/image\/\",\"url\":\"https:\/\/bahiaeconomica.com.br\/wp\/wp-content\/uploads\/2020\/12\/cropped-BE.png\",\"contentUrl\":\"https:\/\/bahiaeconomica.com.br\/wp\/wp-content\/uploads\/2020\/12\/cropped-BE.png\",\"width\":512,\"height\":512,\"caption\":\"Bahia Econ\u00f4mica\"},\"image\":{\"@id\":\"https:\/\/bahiaeconomica.com.br\/wp\/#\/schema\/logo\/image\/\"},\"sameAs\":[\"https:\/\/www.facebook.com\/bahiaeconomica\"]},{\"@type\":\"Person\",\"@id\":\"https:\/\/bahiaeconomica.com.br\/wp\/#\/schema\/person\/b719ce0fb1c09f3c7a00d9243ced4a6f\",\"name\":\"VICTORIA ISABEL\",\"sameAs\":[\"http:\/\/www.bahiaeconomica.com.br\"],\"url\":\"https:\/\/bahiaeconomica.com.br\/wp\/author\/victoria-isabel\/\"}]}<\/script>\n<!-- \/ Yoast SEO plugin. -->","yoast_head_json":{"title":"GOVERNO DO ESTADO CERTIFICA 500 TRABALHADORES DOS CURSOS PREPARAT\u00d3RIOS PARA SELE\u00c7\u00c3O DA BYD - Bahia Economica","description":"O maior portal de Economia da Bahia DESTAQUE DO DIA, ECONOMIA \/ POL\u00cdTICA Bahia Economica Os 500 trabalhadores que participaram dos cursos preparat\u00f3rios para","robots":{"index":"index","follow":"follow","max-snippet":"max-snippet:-1","max-image-preview":"max-image-preview:large","max-video-preview":"max-video-preview:-1"},"canonical":"https:\/\/bahiaeconomica.com.br\/wp\/2024\/09\/06\/governo-do-estado-certifica-500-trabalhadores-dos-cursos-preparatorios-para-selecao-da-byd\/","og_locale":"pt_BR","og_type":"article","og_title":"GOVERNO DO ESTADO CERTIFICA 500 TRABALHADORES DOS CURSOS PREPARAT\u00d3RIOS PARA SELE\u00c7\u00c3O DA BYD - Bahia Economica","og_description":"O maior portal de Economia da Bahia DESTAQUE DO DIA, ECONOMIA \/ POL\u00cdTICA Bahia Economica Os 500 trabalhadores que participaram dos cursos preparat\u00f3rios para","og_url":"https:\/\/bahiaeconomica.com.br\/wp\/2024\/09\/06\/governo-do-estado-certifica-500-trabalhadores-dos-cursos-preparatorios-para-selecao-da-byd\/","og_site_name":"Bahia Economica","article_publisher":"https:\/\/www.facebook.com\/bahiaeconomica","article_published_time":"2024-09-06T21:59:55+00:00","article_modified_time":"2024-09-06T20:43:26+00:00","og_image":[{"width":1600,"height":899,"url":"https:\/\/bahiaeconomica.com.br\/wp\/wp-content\/uploads\/2024\/09\/Fotos-Matheus-LandimGOVBA-2-1.jpeg","type":"image\/jpeg"}],"author":"VICTORIA ISABEL","twitter_card":"summary_large_image","twitter_misc":{"Escrito por":"VICTORIA ISABEL","Est. tempo de leitura":"3 minutos"},"schema":{"@context":"https:\/\/schema.org","@graph":[{"@type":"Article","@id":"https:\/\/bahiaeconomica.com.br\/wp\/2024\/09\/06\/governo-do-estado-certifica-500-trabalhadores-dos-cursos-preparatorios-para-selecao-da-byd\/#article","isPartOf":{"@id":"https:\/\/bahiaeconomica.com.br\/wp\/2024\/09\/06\/governo-do-estado-certifica-500-trabalhadores-dos-cursos-preparatorios-para-selecao-da-byd\/"},"author":{"name":"VICTORIA ISABEL","@id":"https:\/\/bahiaeconomica.com.br\/wp\/#\/schema\/person\/b719ce0fb1c09f3c7a00d9243ced4a6f"},"headline":"GOVERNO DO ESTADO CERTIFICA 500 TRABALHADORES DOS CURSOS PREPARAT\u00d3RIOS PARA SELE\u00c7\u00c3O DA BYD","datePublished":"2024-09-06T21:59:55+00:00","dateModified":"2024-09-06T20:43:26+00:00","mainEntityOfPage":{"@id":"https:\/\/bahiaeconomica.com.br\/wp\/2024\/09\/06\/governo-do-estado-certifica-500-trabalhadores-dos-cursos-preparatorios-para-selecao-da-byd\/"},"wordCount":492,"publisher":{"@id":"https:\/\/bahiaeconomica.com.br\/wp\/#organization"},"keywords":["byd","cursos","governo do estado"],"articleSection":["DESTAQUE DO DIA","ECONOMIA \/ POL\u00cdTICA"],"inLanguage":"pt-BR"},{"@type":"WebPage","@id":"https:\/\/bahiaeconomica.com.br\/wp\/2024\/09\/06\/governo-do-estado-certifica-500-trabalhadores-dos-cursos-preparatorios-para-selecao-da-byd\/","url":"https:\/\/bahiaeconomica.com.br\/wp\/2024\/09\/06\/governo-do-estado-certifica-500-trabalhadores-dos-cursos-preparatorios-para-selecao-da-byd\/","name":"GOVERNO DO ESTADO CERTIFICA 500 TRABALHADORES DOS CURSOS PREPARAT\u00d3RIOS PARA SELE\u00c7\u00c3O DA BYD - Bahia Economica","isPartOf":{"@id":"https:\/\/bahiaeconomica.com.br\/wp\/#website"},"datePublished":"2024-09-06T21:59:55+00:00","dateModified":"2024-09-06T20:43:26+00:00","description":"O maior portal de Economia da Bahia DESTAQUE DO DIA, ECONOMIA \/ POL\u00cdTICA Bahia Economica Os 500 trabalhadores que participaram dos cursos preparat\u00f3rios para","breadcrumb":{"@id":"https:\/\/bahiaeconomica.com.br\/wp\/2024\/09\/06\/governo-do-estado-certifica-500-trabalhadores-dos-cursos-preparatorios-para-selecao-da-byd\/#breadcrumb"},"inLanguage":"pt-BR","potentialAction":[{"@type":"ReadAction","target":["https:\/\/bahiaeconomica.com.br\/wp\/2024\/09\/06\/governo-do-estado-certifica-500-trabalhadores-dos-cursos-preparatorios-para-selecao-da-byd\/"]}]},{"@type":"BreadcrumbList","@id":"https:\/\/bahiaeconomica.com.br\/wp\/2024\/09\/06\/governo-do-estado-certifica-500-trabalhadores-dos-cursos-preparatorios-para-selecao-da-byd\/#breadcrumb","itemListElement":[{"@type":"ListItem","position":1,"name":"In\u00edcio","item":"https:\/\/bahiaeconomica.com.br\/wp\/"},{"@type":"ListItem","position":2,"name":"GOVERNO DO ESTADO CERTIFICA 500 TRABALHADORES DOS CURSOS PREPARAT\u00d3RIOS PARA SELE\u00c7\u00c3O DA BYD"}]},{"@type":"WebSite","@id":"https:\/\/bahiaeconomica.com.br\/wp\/#website","url":"https:\/\/bahiaeconomica.com.br\/wp\/","name":"Bahia Economica","description":"O maior portal de Economia da Bahia","publisher":{"@id":"https:\/\/bahiaeconomica.com.br\/wp\/#organization"},"potentialAction":[{"@type":"SearchAction","target":{"@type":"EntryPoint","urlTemplate":"https:\/\/bahiaeconomica.com.br\/wp\/?s={search_term_string}"},"query-input":"required name=search_term_string"}],"inLanguage":"pt-BR"},{"@type":"Organization","@id":"https:\/\/bahiaeconomica.com.br\/wp\/#organization","name":"Bahia Econ\u00f4mica","url":"https:\/\/bahiaeconomica.com.br\/wp\/","logo":{"@type":"ImageObject","inLanguage":"pt-BR","@id":"https:\/\/bahiaeconomica.com.br\/wp\/#\/schema\/logo\/image\/","url":"https:\/\/bahiaeconomica.com.br\/wp\/wp-content\/uploads\/2020\/12\/cropped-BE.png","contentUrl":"https:\/\/bahiaeconomica.com.br\/wp\/wp-content\/uploads\/2020\/12\/cropped-BE.png","width":512,"height":512,"caption":"Bahia Econ\u00f4mica"},"image":{"@id":"https:\/\/bahiaeconomica.com.br\/wp\/#\/schema\/logo\/image\/"},"sameAs":["https:\/\/www.facebook.com\/bahiaeconomica"]},{"@type":"Person","@id":"https:\/\/bahiaeconomica.com.br\/wp\/#\/schema\/person\/b719ce0fb1c09f3c7a00d9243ced4a6f","name":"VICTORIA ISABEL","sameAs":["http:\/\/www.bahiaeconomica.com.br"],"url":"https:\/\/bahiaeconomica.com.br\/wp\/author\/victoria-isabel\/"}]}},"views":33,"_links":{"self":[{"href":"https:\/\/bahiaeconomica.com.br\/wp\/wp-json\/wp\/v2\/posts\/843414"}],"collection":[{"href":"https:\/\/bahiaeconomica.com.br\/wp\/wp-json\/wp\/v2\/posts"}],"about":[{"href":"https:\/\/bahiaeconomica.com.br\/wp\/wp-json\/wp\/v2\/types\/post"}],"author":[{"embeddable":true,"href":"https:\/\/bahiaeconomica.com.br\/wp\/wp-json\/wp\/v2\/users\/15"}],"replies":[{"embeddable":true,"href":"https:\/\/bahiaeconomica.com.br\/wp\/wp-json\/wp\/v2\/comments?post=843414"}],"version-history":[{"count":1,"href":"https:\/\/bahiaeconomica.com.br\/wp\/wp-json\/wp\/v2\/posts\/843414\/revisions"}],"predecessor-version":[{"id":843423,"href":"https:\/\/bahiaeconomica.com.br\/wp\/wp-json\/wp\/v2\/posts\/843414\/revisions\/843423"}],"wp:featuredmedia":[{"embeddable":true,"href":"https:\/\/bahiaeconomica.com.br\/wp\/wp-json\/wp\/v2\/media\/843422"}],"wp:attachment":[{"href":"https:\/\/bahiaeconomica.com.br\/wp\/wp-json\/wp\/v2\/media?parent=843414"}],"wp:term":[{"taxonomy":"category","embeddable":true,"href":"https:\/\/bahiaeconomica.com.br\/wp\/wp-json\/wp\/v2\/categories?post=843414"},{"taxonomy":"post_tag","embeddable":true,"href":"https:\/\/bahiaeconomica.com.br\/wp\/wp-json\/wp\/v2\/tags?post=843414"}],"curies":[{"name":"wp","href":"https:\/\/api.w.org\/{rel}","templated":true}]}}