{"id":843278,"date":"2024-09-06T14:58:20","date_gmt":"2024-09-06T17:58:20","guid":{"rendered":"https:\/\/bahiaeconomica.com.br\/wp\/?p=843278"},"modified":"2024-09-06T14:36:11","modified_gmt":"2024-09-06T17:36:11","slug":"lula-diz-tomara-decisao-sobre-permanencia-de-silvio-almeida-no-governo-hoje","status":"publish","type":"post","link":"https:\/\/bahiaeconomica.com.br\/wp\/2024\/09\/06\/lula-diz-tomara-decisao-sobre-permanencia-de-silvio-almeida-no-governo-hoje\/","title":{"rendered":"LULA DIZ TOMAR\u00c1 DECIS\u00c3O SOBRE PERMAN\u00caNCIA DE SILVIO ALMEIDA NO GOVERNO HOJE"},"content":{"rendered":"<p>O presidente Luiz In\u00e1cio Lula da Silva afirmou que deve tomar, ainda nesta sexta-feira, 6, uma decis\u00e3o sobre a perman\u00eancia do ministro dos Direitos Humanos e Cidadania, Silvio Almeida, no governo, a partir de conversas com ministros que devem ocorrer nesta tarde. A declara\u00e7\u00e3o ocorreu em entrevista \u00e0 r\u00e1dio Difusora Goi\u00e2nia, na manh\u00e3 desta sexta-feira, ap\u00f3s a organiza\u00e7\u00e3o n\u00e3o-governamental Me Too Brasil ter informado, em nota, na quinta-feira, 5, que recebeu den\u00fancias de que Almeida teria cometido ass\u00e9dios sexuais. &#8220;\u00c9 isso o que vou decidir hoje \u00e0 tarde&#8221;, afirmou. &#8220;Vou tomar uma decis\u00e3o, porque \u00e9 o seguinte: o governo precisa de tranquilidade &#8221;<\/p>\n<p>Lula continuou: &#8220;o pa\u00eds est\u00e1 indo bem, as coisas est\u00e3o funcionando bem, a economia est\u00e1 crescendo, o emprego est\u00e1 crescendo, o sal\u00e1rio est\u00e1 crescendo, o nosso com\u00e9rcio exterior est\u00e1 crescendo. S\u00f3 de mercados novos para os produtos brasileiros, foram abertos 183 novos mercados em apenas 19 meses Eu n\u00e3o vou permitir que um erro pessoal de algu\u00e9m, um equ\u00edvoco de algu\u00e9m, v\u00e1 prejudicar o governo&#8221;. Na sequ\u00eancia, Lula disse querer &#8220;paz e tranquilidade&#8221; e afirmou que &#8220;ass\u00e9dio n\u00e3o pode coexistir com a democracia, com os direitos humanos e, sobretudo, com o respeito ao subordinado&#8221;.<\/p>\n<p>N\u00e3o houve apresenta\u00e7\u00e3o de provas sobre os relatos de ass\u00e9dio. Em nota e em v\u00eddeo em redes sociais, o ministro afirmou que as den\u00fancias s\u00e3o falsas e que est\u00e1 sendo v\u00edtima de persegui\u00e7\u00e3o. De acordo com o governo federal, a Comiss\u00e3o de \u00c9tica da Presid\u00eancia da Rep\u00fablica vai apurar as den\u00fancias. O Pal\u00e1cio do Planalto declarou que Almeida foi chamado para dar explica\u00e7\u00f5es sobre o caso. O Planalto n\u00e3o fez refer\u00eancia \u00e0 ministra da Igualdade Racial, Anielle Franco. Segundo o site Metr\u00f3poles, a ministra tamb\u00e9m teria sido v\u00edtima de ass\u00e9dio. Ela n\u00e3o se manifestou.<\/p>\n<p>Cr\u00e9dito: Reprodu\u00e7\u00e3o<\/p>\n","protected":false},"excerpt":{"rendered":"<p>O presidente Luiz In\u00e1cio Lula da Silva afirmou que deve tomar, ainda nesta sexta-feira, 6, uma decis\u00e3o sobre a perman\u00eancia do ministro dos Direitos Humanos e Cidadania, Silvio Almeida, no governo, a partir de conversas com ministros que devem ocorrer nesta tarde. A declara\u00e7\u00e3o ocorreu em entrevista \u00e0 r\u00e1dio Difusora Goi\u00e2nia, na manh\u00e3 desta sexta-feira, [&hellip;]<\/p>\n","protected":false},"author":8,"featured_media":843279,"comment_status":"closed","ping_status":"closed","sticky":false,"template":"","format":"standard","meta":[],"categories":[14,3],"tags":[52,182,100,2375],"acf":[],"yoast_head":"<!-- This site is optimized with the Yoast SEO plugin v20.8 - https:\/\/yoast.com\/wordpress\/plugins\/seo\/ -->\n<title>LULA DIZ TOMAR\u00c1 DECIS\u00c3O SOBRE PERMAN\u00caNCIA DE SILVIO ALMEIDA NO GOVERNO HOJE - Bahia Economica<\/title>\n<meta name=\"description\" content=\"O maior portal de Economia da Bahia DESTAQUE DO DIA, ECONOMIA \/ POL\u00cdTICA Bahia Economica as coisas est\u00e3o funcionando bem, a economia est\u00e1 crescendo,\" \/>\n<meta name=\"robots\" content=\"index, follow, max-snippet:-1, max-image-preview:large, max-video-preview:-1\" \/>\n<link rel=\"canonical\" href=\"https:\/\/bahiaeconomica.com.br\/wp\/2024\/09\/06\/lula-diz-tomara-decisao-sobre-permanencia-de-silvio-almeida-no-governo-hoje\/\" \/>\n<meta property=\"og:locale\" content=\"pt_BR\" \/>\n<meta property=\"og:type\" content=\"article\" \/>\n<meta property=\"og:title\" content=\"LULA DIZ TOMAR\u00c1 DECIS\u00c3O SOBRE PERMAN\u00caNCIA DE SILVIO ALMEIDA NO GOVERNO HOJE - Bahia Economica\" \/>\n<meta property=\"og:description\" content=\"O maior portal de Economia da Bahia DESTAQUE DO DIA, ECONOMIA \/ POL\u00cdTICA Bahia Economica as coisas est\u00e3o funcionando bem, a economia est\u00e1 crescendo,\" \/>\n<meta property=\"og:url\" content=\"https:\/\/bahiaeconomica.com.br\/wp\/2024\/09\/06\/lula-diz-tomara-decisao-sobre-permanencia-de-silvio-almeida-no-governo-hoje\/\" \/>\n<meta property=\"og:site_name\" content=\"Bahia Economica\" \/>\n<meta property=\"article:publisher\" content=\"https:\/\/www.facebook.com\/bahiaeconomica\" \/>\n<meta property=\"article:published_time\" content=\"2024-09-06T17:58:20+00:00\" \/>\n<meta property=\"article:modified_time\" content=\"2024-09-06T17:36:11+00:00\" \/>\n<meta property=\"og:image\" content=\"https:\/\/bahiaeconomica.com.br\/wp\/wp-content\/uploads\/2024\/09\/lula-e-silvio-almeida-2415102-article.jpg\" \/>\n\t<meta property=\"og:image:width\" content=\"1200\" \/>\n\t<meta property=\"og:image:height\" content=\"675\" \/>\n\t<meta property=\"og:image:type\" content=\"image\/jpeg\" \/>\n<meta name=\"author\" content=\"JP\" \/>\n<meta name=\"twitter:card\" content=\"summary_large_image\" \/>\n<meta name=\"twitter:label1\" content=\"Escrito por\" \/>\n\t<meta name=\"twitter:data1\" content=\"JP\" \/>\n\t<meta name=\"twitter:label2\" content=\"Est. tempo de leitura\" \/>\n\t<meta name=\"twitter:data2\" content=\"2 minutos\" \/>\n<script type=\"application\/ld+json\" class=\"yoast-schema-graph\">{\"@context\":\"https:\/\/schema.org\",\"@graph\":[{\"@type\":\"Article\",\"@id\":\"https:\/\/bahiaeconomica.com.br\/wp\/2024\/09\/06\/lula-diz-tomara-decisao-sobre-permanencia-de-silvio-almeida-no-governo-hoje\/#article\",\"isPartOf\":{\"@id\":\"https:\/\/bahiaeconomica.com.br\/wp\/2024\/09\/06\/lula-diz-tomara-decisao-sobre-permanencia-de-silvio-almeida-no-governo-hoje\/\"},\"author\":{\"name\":\"JP\",\"@id\":\"https:\/\/bahiaeconomica.com.br\/wp\/#\/schema\/person\/c86d3a3f8960425a0f9d0e5245991f4e\"},\"headline\":\"LULA DIZ TOMAR\u00c1 DECIS\u00c3O SOBRE PERMAN\u00caNCIA DE SILVIO ALMEIDA NO GOVERNO HOJE\",\"datePublished\":\"2024-09-06T17:58:20+00:00\",\"dateModified\":\"2024-09-06T17:36:11+00:00\",\"mainEntityOfPage\":{\"@id\":\"https:\/\/bahiaeconomica.com.br\/wp\/2024\/09\/06\/lula-diz-tomara-decisao-sobre-permanencia-de-silvio-almeida-no-governo-hoje\/\"},\"wordCount\":343,\"publisher\":{\"@id\":\"https:\/\/bahiaeconomica.com.br\/wp\/#organization\"},\"keywords\":[\"Brasil\",\"Lula\",\"Pol\u00edtica\",\"silvio\"],\"articleSection\":[\"DESTAQUE DO DIA\",\"ECONOMIA \/ POL\u00cdTICA\"],\"inLanguage\":\"pt-BR\"},{\"@type\":\"WebPage\",\"@id\":\"https:\/\/bahiaeconomica.com.br\/wp\/2024\/09\/06\/lula-diz-tomara-decisao-sobre-permanencia-de-silvio-almeida-no-governo-hoje\/\",\"url\":\"https:\/\/bahiaeconomica.com.br\/wp\/2024\/09\/06\/lula-diz-tomara-decisao-sobre-permanencia-de-silvio-almeida-no-governo-hoje\/\",\"name\":\"LULA DIZ TOMAR\u00c1 DECIS\u00c3O SOBRE PERMAN\u00caNCIA DE SILVIO ALMEIDA NO GOVERNO HOJE - Bahia Economica\",\"isPartOf\":{\"@id\":\"https:\/\/bahiaeconomica.com.br\/wp\/#website\"},\"datePublished\":\"2024-09-06T17:58:20+00:00\",\"dateModified\":\"2024-09-06T17:36:11+00:00\",\"description\":\"O maior portal de Economia da Bahia DESTAQUE DO DIA, ECONOMIA \/ POL\u00cdTICA Bahia Economica as coisas est\u00e3o funcionando bem, a economia est\u00e1 crescendo,\",\"breadcrumb\":{\"@id\":\"https:\/\/bahiaeconomica.com.br\/wp\/2024\/09\/06\/lula-diz-tomara-decisao-sobre-permanencia-de-silvio-almeida-no-governo-hoje\/#breadcrumb\"},\"inLanguage\":\"pt-BR\",\"potentialAction\":[{\"@type\":\"ReadAction\",\"target\":[\"https:\/\/bahiaeconomica.com.br\/wp\/2024\/09\/06\/lula-diz-tomara-decisao-sobre-permanencia-de-silvio-almeida-no-governo-hoje\/\"]}]},{\"@type\":\"BreadcrumbList\",\"@id\":\"https:\/\/bahiaeconomica.com.br\/wp\/2024\/09\/06\/lula-diz-tomara-decisao-sobre-permanencia-de-silvio-almeida-no-governo-hoje\/#breadcrumb\",\"itemListElement\":[{\"@type\":\"ListItem\",\"position\":1,\"name\":\"In\u00edcio\",\"item\":\"https:\/\/bahiaeconomica.com.br\/wp\/\"},{\"@type\":\"ListItem\",\"position\":2,\"name\":\"LULA DIZ TOMAR\u00c1 DECIS\u00c3O SOBRE PERMAN\u00caNCIA DE SILVIO ALMEIDA NO GOVERNO HOJE\"}]},{\"@type\":\"WebSite\",\"@id\":\"https:\/\/bahiaeconomica.com.br\/wp\/#website\",\"url\":\"https:\/\/bahiaeconomica.com.br\/wp\/\",\"name\":\"Bahia Economica\",\"description\":\"O maior portal de Economia da Bahia\",\"publisher\":{\"@id\":\"https:\/\/bahiaeconomica.com.br\/wp\/#organization\"},\"potentialAction\":[{\"@type\":\"SearchAction\",\"target\":{\"@type\":\"EntryPoint\",\"urlTemplate\":\"https:\/\/bahiaeconomica.com.br\/wp\/?s={search_term_string}\"},\"query-input\":\"required name=search_term_string\"}],\"inLanguage\":\"pt-BR\"},{\"@type\":\"Organization\",\"@id\":\"https:\/\/bahiaeconomica.com.br\/wp\/#organization\",\"name\":\"Bahia Econ\u00f4mica\",\"url\":\"https:\/\/bahiaeconomica.com.br\/wp\/\",\"logo\":{\"@type\":\"ImageObject\",\"inLanguage\":\"pt-BR\",\"@id\":\"https:\/\/bahiaeconomica.com.br\/wp\/#\/schema\/logo\/image\/\",\"url\":\"https:\/\/bahiaeconomica.com.br\/wp\/wp-content\/uploads\/2020\/12\/cropped-BE.png\",\"contentUrl\":\"https:\/\/bahiaeconomica.com.br\/wp\/wp-content\/uploads\/2020\/12\/cropped-BE.png\",\"width\":512,\"height\":512,\"caption\":\"Bahia Econ\u00f4mica\"},\"image\":{\"@id\":\"https:\/\/bahiaeconomica.com.br\/wp\/#\/schema\/logo\/image\/\"},\"sameAs\":[\"https:\/\/www.facebook.com\/bahiaeconomica\"]},{\"@type\":\"Person\",\"@id\":\"https:\/\/bahiaeconomica.com.br\/wp\/#\/schema\/person\/c86d3a3f8960425a0f9d0e5245991f4e\",\"name\":\"JP\",\"sameAs\":[\"https:\/\/bahiaeconomica.com.br\/wp\/beta\/\"],\"url\":\"https:\/\/bahiaeconomica.com.br\/wp\/author\/jp\/\"}]}<\/script>\n<!-- \/ Yoast SEO plugin. -->","yoast_head_json":{"title":"LULA DIZ TOMAR\u00c1 DECIS\u00c3O SOBRE PERMAN\u00caNCIA DE SILVIO ALMEIDA NO GOVERNO HOJE - Bahia Economica","description":"O maior portal de Economia da Bahia DESTAQUE DO DIA, ECONOMIA \/ POL\u00cdTICA Bahia Economica as coisas est\u00e3o funcionando bem, a economia est\u00e1 crescendo,","robots":{"index":"index","follow":"follow","max-snippet":"max-snippet:-1","max-image-preview":"max-image-preview:large","max-video-preview":"max-video-preview:-1"},"canonical":"https:\/\/bahiaeconomica.com.br\/wp\/2024\/09\/06\/lula-diz-tomara-decisao-sobre-permanencia-de-silvio-almeida-no-governo-hoje\/","og_locale":"pt_BR","og_type":"article","og_title":"LULA DIZ TOMAR\u00c1 DECIS\u00c3O SOBRE PERMAN\u00caNCIA DE SILVIO ALMEIDA NO GOVERNO HOJE - Bahia Economica","og_description":"O maior portal de Economia da Bahia DESTAQUE DO DIA, ECONOMIA \/ POL\u00cdTICA Bahia Economica as coisas est\u00e3o funcionando bem, a economia est\u00e1 crescendo,","og_url":"https:\/\/bahiaeconomica.com.br\/wp\/2024\/09\/06\/lula-diz-tomara-decisao-sobre-permanencia-de-silvio-almeida-no-governo-hoje\/","og_site_name":"Bahia Economica","article_publisher":"https:\/\/www.facebook.com\/bahiaeconomica","article_published_time":"2024-09-06T17:58:20+00:00","article_modified_time":"2024-09-06T17:36:11+00:00","og_image":[{"width":1200,"height":675,"url":"https:\/\/bahiaeconomica.com.br\/wp\/wp-content\/uploads\/2024\/09\/lula-e-silvio-almeida-2415102-article.jpg","type":"image\/jpeg"}],"author":"JP","twitter_card":"summary_large_image","twitter_misc":{"Escrito por":"JP","Est. tempo de leitura":"2 minutos"},"schema":{"@context":"https:\/\/schema.org","@graph":[{"@type":"Article","@id":"https:\/\/bahiaeconomica.com.br\/wp\/2024\/09\/06\/lula-diz-tomara-decisao-sobre-permanencia-de-silvio-almeida-no-governo-hoje\/#article","isPartOf":{"@id":"https:\/\/bahiaeconomica.com.br\/wp\/2024\/09\/06\/lula-diz-tomara-decisao-sobre-permanencia-de-silvio-almeida-no-governo-hoje\/"},"author":{"name":"JP","@id":"https:\/\/bahiaeconomica.com.br\/wp\/#\/schema\/person\/c86d3a3f8960425a0f9d0e5245991f4e"},"headline":"LULA DIZ TOMAR\u00c1 DECIS\u00c3O SOBRE PERMAN\u00caNCIA DE SILVIO ALMEIDA NO GOVERNO HOJE","datePublished":"2024-09-06T17:58:20+00:00","dateModified":"2024-09-06T17:36:11+00:00","mainEntityOfPage":{"@id":"https:\/\/bahiaeconomica.com.br\/wp\/2024\/09\/06\/lula-diz-tomara-decisao-sobre-permanencia-de-silvio-almeida-no-governo-hoje\/"},"wordCount":343,"publisher":{"@id":"https:\/\/bahiaeconomica.com.br\/wp\/#organization"},"keywords":["Brasil","Lula","Pol\u00edtica","silvio"],"articleSection":["DESTAQUE DO DIA","ECONOMIA \/ POL\u00cdTICA"],"inLanguage":"pt-BR"},{"@type":"WebPage","@id":"https:\/\/bahiaeconomica.com.br\/wp\/2024\/09\/06\/lula-diz-tomara-decisao-sobre-permanencia-de-silvio-almeida-no-governo-hoje\/","url":"https:\/\/bahiaeconomica.com.br\/wp\/2024\/09\/06\/lula-diz-tomara-decisao-sobre-permanencia-de-silvio-almeida-no-governo-hoje\/","name":"LULA DIZ TOMAR\u00c1 DECIS\u00c3O SOBRE PERMAN\u00caNCIA DE SILVIO ALMEIDA NO GOVERNO HOJE - Bahia Economica","isPartOf":{"@id":"https:\/\/bahiaeconomica.com.br\/wp\/#website"},"datePublished":"2024-09-06T17:58:20+00:00","dateModified":"2024-09-06T17:36:11+00:00","description":"O maior portal de Economia da Bahia DESTAQUE DO DIA, ECONOMIA \/ POL\u00cdTICA Bahia Economica as coisas est\u00e3o funcionando bem, a economia est\u00e1 crescendo,","breadcrumb":{"@id":"https:\/\/bahiaeconomica.com.br\/wp\/2024\/09\/06\/lula-diz-tomara-decisao-sobre-permanencia-de-silvio-almeida-no-governo-hoje\/#breadcrumb"},"inLanguage":"pt-BR","potentialAction":[{"@type":"ReadAction","target":["https:\/\/bahiaeconomica.com.br\/wp\/2024\/09\/06\/lula-diz-tomara-decisao-sobre-permanencia-de-silvio-almeida-no-governo-hoje\/"]}]},{"@type":"BreadcrumbList","@id":"https:\/\/bahiaeconomica.com.br\/wp\/2024\/09\/06\/lula-diz-tomara-decisao-sobre-permanencia-de-silvio-almeida-no-governo-hoje\/#breadcrumb","itemListElement":[{"@type":"ListItem","position":1,"name":"In\u00edcio","item":"https:\/\/bahiaeconomica.com.br\/wp\/"},{"@type":"ListItem","position":2,"name":"LULA DIZ TOMAR\u00c1 DECIS\u00c3O SOBRE PERMAN\u00caNCIA DE SILVIO ALMEIDA NO GOVERNO HOJE"}]},{"@type":"WebSite","@id":"https:\/\/bahiaeconomica.com.br\/wp\/#website","url":"https:\/\/bahiaeconomica.com.br\/wp\/","name":"Bahia Economica","description":"O maior portal de Economia da Bahia","publisher":{"@id":"https:\/\/bahiaeconomica.com.br\/wp\/#organization"},"potentialAction":[{"@type":"SearchAction","target":{"@type":"EntryPoint","urlTemplate":"https:\/\/bahiaeconomica.com.br\/wp\/?s={search_term_string}"},"query-input":"required name=search_term_string"}],"inLanguage":"pt-BR"},{"@type":"Organization","@id":"https:\/\/bahiaeconomica.com.br\/wp\/#organization","name":"Bahia Econ\u00f4mica","url":"https:\/\/bahiaeconomica.com.br\/wp\/","logo":{"@type":"ImageObject","inLanguage":"pt-BR","@id":"https:\/\/bahiaeconomica.com.br\/wp\/#\/schema\/logo\/image\/","url":"https:\/\/bahiaeconomica.com.br\/wp\/wp-content\/uploads\/2020\/12\/cropped-BE.png","contentUrl":"https:\/\/bahiaeconomica.com.br\/wp\/wp-content\/uploads\/2020\/12\/cropped-BE.png","width":512,"height":512,"caption":"Bahia Econ\u00f4mica"},"image":{"@id":"https:\/\/bahiaeconomica.com.br\/wp\/#\/schema\/logo\/image\/"},"sameAs":["https:\/\/www.facebook.com\/bahiaeconomica"]},{"@type":"Person","@id":"https:\/\/bahiaeconomica.com.br\/wp\/#\/schema\/person\/c86d3a3f8960425a0f9d0e5245991f4e","name":"JP","sameAs":["https:\/\/bahiaeconomica.com.br\/wp\/beta\/"],"url":"https:\/\/bahiaeconomica.com.br\/wp\/author\/jp\/"}]}},"views":20,"_links":{"self":[{"href":"https:\/\/bahiaeconomica.com.br\/wp\/wp-json\/wp\/v2\/posts\/843278"}],"collection":[{"href":"https:\/\/bahiaeconomica.com.br\/wp\/wp-json\/wp\/v2\/posts"}],"about":[{"href":"https:\/\/bahiaeconomica.com.br\/wp\/wp-json\/wp\/v2\/types\/post"}],"author":[{"embeddable":true,"href":"https:\/\/bahiaeconomica.com.br\/wp\/wp-json\/wp\/v2\/users\/8"}],"replies":[{"embeddable":true,"href":"https:\/\/bahiaeconomica.com.br\/wp\/wp-json\/wp\/v2\/comments?post=843278"}],"version-history":[{"count":1,"href":"https:\/\/bahiaeconomica.com.br\/wp\/wp-json\/wp\/v2\/posts\/843278\/revisions"}],"predecessor-version":[{"id":843280,"href":"https:\/\/bahiaeconomica.com.br\/wp\/wp-json\/wp\/v2\/posts\/843278\/revisions\/843280"}],"wp:featuredmedia":[{"embeddable":true,"href":"https:\/\/bahiaeconomica.com.br\/wp\/wp-json\/wp\/v2\/media\/843279"}],"wp:attachment":[{"href":"https:\/\/bahiaeconomica.com.br\/wp\/wp-json\/wp\/v2\/media?parent=843278"}],"wp:term":[{"taxonomy":"category","embeddable":true,"href":"https:\/\/bahiaeconomica.com.br\/wp\/wp-json\/wp\/v2\/categories?post=843278"},{"taxonomy":"post_tag","embeddable":true,"href":"https:\/\/bahiaeconomica.com.br\/wp\/wp-json\/wp\/v2\/tags?post=843278"}],"curies":[{"name":"wp","href":"https:\/\/api.w.org\/{rel}","templated":true}]}}