{"id":842988,"date":"2024-09-05T14:50:54","date_gmt":"2024-09-05T17:50:54","guid":{"rendered":"https:\/\/bahiaeconomica.com.br\/wp\/?p=842988"},"modified":"2024-09-05T14:50:54","modified_gmt":"2024-09-05T17:50:54","slug":"jeronimo-rodrigues-celebra-inauguracao-de-colegio-de-tempo-integral-e-novos-investimentos-infraestrutura-saude-e-agricultura-familiar-na-comunidade-de-nova-soure","status":"publish","type":"post","link":"https:\/\/bahiaeconomica.com.br\/wp\/2024\/09\/05\/jeronimo-rodrigues-celebra-inauguracao-de-colegio-de-tempo-integral-e-novos-investimentos-infraestrutura-saude-e-agricultura-familiar-na-comunidade-de-nova-soure\/","title":{"rendered":"JER\u00d4NIMO RODRIGUES CELEBRA INAUGURA\u00c7\u00c3O DE COL\u00c9GIO DE TEMPO INTEGRAL E NOVOS INVESTIMENTOS INFRAESTRUTURA, SA\u00daDE E AGRICULTURA FAMILIAR NA COMUNIDADE DE NOVA SOURE"},"content":{"rendered":"<p>Novos investimentos realizados pelo Governo do Estado, em \u00e1reas como educa\u00e7\u00e3o, sa\u00fade e infraestrutura, foram celebrados pela popula\u00e7\u00e3o de Nova Soure, no interior baiano, nesta quinta-feira (5). O governador Jer\u00f4nimo Rodrigues participou de um caf\u00e9 da manh\u00e3 com os estudantes e inaugurou o novo Col\u00e9gio Estadual de Tempo Integral Sert\u00e3o da Natuba, resultado de um investimento de aproximadamente R$ 30 milh\u00f5es e uma obra realizada pela Companhia de Desenvolvimento Urbano do Estado da Bahia (Conder). A inaugura\u00e7\u00e3o tamb\u00e9m incluiu a entrega de um \u00f4nibus escolar para a comunidade rural.<\/p>\n<p>&#8220;Garantir que em cada canto da Bahia tenha uma escola como esta, uma escola de tempo integral. N\u00f3s vamos continuar cuidando, porque n\u00e3o \u00e9 s\u00f3 o pr\u00e9dio, s\u00e3o os programas que est\u00e3o ali dentro, s\u00e3o os professores que est\u00e3o ali dentro&#8221;, pontuou Jer\u00f4nimo Rodrigues durante a entrega do novo equipamento.<\/p>\n<p>&#8220;Essa escola, para mim, \u00e9 a realiza\u00e7\u00e3o de um sonho, porque nunca tivemos a oportunidade de estudar com tanto conforto e de ter tantas oportunidades de fazer coisas diferentes. Aqui, a gente n\u00e3o tem apenas as mat\u00e9rias b\u00e1sicas, temos muito mais. Sinto que, nesta escola, tenho acesso \u00e0 cultura, e sei que ela n\u00e3o vai mudar apenas o meu futuro, mas tamb\u00e9m de toda a Nova Soure. Sou muito grata por t\u00ea-la&#8221;, relata a estudante, do terceiro ano e integrante do grupo de teatro, \u00c9rica Mac\u00eado.<\/p>\n<p>O novo col\u00e9gio oferece uma estrutura completa para os estudantes, incluindo 24 salas de aula, laborat\u00f3rios, biblioteca, sala de dan\u00e7a, sala multiuso, teatro com 200 lugares, \u00e1rea administrativa e diversas instala\u00e7\u00f5es esportivas. A unidade tamb\u00e9m conta com um restaurante estudantil com capacidade para 200 pessoas, um campo de futebol society com pista de atletismo, quadra poliesportiva, banheiros e guarita de seguran\u00e7a.<\/p>\n<p>De acordo com a secret\u00e1ria da Educa\u00e7\u00e3o, Rowenna Brito: &#8220;um munic\u00edpio que, para n\u00f3s, \u00e9 estrat\u00e9gico, onde a rela\u00e7\u00e3o com o estado \u00e9 muito fortalecida. Hoje, entregamos ao munic\u00edpio de Nova Soure essa grande obra: um verdadeiro pal\u00e1cio do conhecimento. Desejamos que nossos estudantes e professores se sintam parte desse processo, vivenciando a escola de forma integral. Os laborat\u00f3rios proporcionam aos professores a oportunidade de desenvolver novas metodologias e ferramentas para aprimorar a capacidade cognitiva dos nossos alunos, potencializando o processo de aprendizagem. Assim, eles poder\u00e3o construir alternativas para o mundo do trabalho e para o acesso \u00e0 universidade&#8221;, afirma.<\/p>\n<p>Al\u00e9m da inaugura\u00e7\u00e3o do col\u00e9gio, Jer\u00f4nimo autorizou as obras para constru\u00e7\u00e3o do centro de comercializa\u00e7\u00e3o de animais com balan\u00e7a e o processo licitat\u00f3rio para pavimenta\u00e7\u00e3o asf\u00e1ltica e drenagem de v\u00e1rias ruas do bairro de F\u00e1tima. O munic\u00edpio tamb\u00e9m recebeu 150 barracas de feira para a Associa\u00e7\u00e3o dos Agricultores Familiares do Bend\u00f3, uma ambul\u00e2ncia para a sede e equipamentos e mobili\u00e1rios para o Hospital Sagrado Cora\u00e7\u00e3o de Jesus.<\/p>\n<p><strong>Mais investimentos<\/strong><\/p>\n<p>O governador assinou ordem de servi\u00e7o para a constru\u00e7\u00e3o de uma nova unidade escolar municipal com 12 salas no povoado de Quixabeirinha, a 20 km da sede, al\u00e9m de uma quadra poliesportiva na Escola Municipal Jos\u00e9 Teixeira Saldanha, no povoado de Monte Alegre.<\/p>\n<p>Na cidade, Jer\u00f4nimo autorizou ainda a constru\u00e7\u00e3o de Sistemas de Abastecimento de \u00c1gua em v\u00e1rias localidades, como Concei\u00e7\u00e3o, Serem\u00e3o, Santo Ant\u00f4nio, Pau Branco, Saco Ro\u00e7ado, Baixa do Dend\u00ea, Cotia, Melancia, Bela Vista, Lagoa Grande, Alto do Cruzeiro e nos assentamentos Cajuba e Terra Prometida. As obras devem beneficiar milhares de habitantes em \u00e1reas urbanas e rurais.<\/p>\n<p>Essas inaugura\u00e7\u00f5es e projetos refor\u00e7am o compromisso do governo com o desenvolvimento de Nova Soure, trazendo benef\u00edcios concretos para a popula\u00e7\u00e3o em diferentes \u00e1reas.<\/p>\n<p>&nbsp;<\/p>\n<p>Rep\u00f3rter: Joci Santana\/GOVBA<\/p>\n","protected":false},"excerpt":{"rendered":"<p>Novos investimentos realizados pelo Governo do Estado, em \u00e1reas como educa\u00e7\u00e3o, sa\u00fade e infraestrutura, foram celebrados pela popula\u00e7\u00e3o de Nova Soure, no interior baiano, nesta quinta-feira (5). O governador Jer\u00f4nimo Rodrigues participou de um caf\u00e9 da manh\u00e3 com os estudantes e inaugurou o novo Col\u00e9gio Estadual de Tempo Integral Sert\u00e3o da Natuba, resultado de um [&hellip;]<\/p>\n","protected":false},"author":22,"featured_media":842990,"comment_status":"closed","ping_status":"closed","sticky":false,"template":"","format":"standard","meta":[],"categories":[3],"tags":[567,1943,233,1509,3904],"acf":[],"yoast_head":"<!-- This site is optimized with the Yoast SEO plugin v20.8 - https:\/\/yoast.com\/wordpress\/plugins\/seo\/ -->\n<title>JER\u00d4NIMO RODRIGUES CELEBRA INAUGURA\u00c7\u00c3O DE COL\u00c9GIO DE TEMPO INTEGRAL E NOVOS INVESTIMENTOS INFRAESTRUTURA, SA\u00daDE E AGRICULTURA FAMILIAR NA COMUNIDADE DE NOVA SOURE - Bahia Economica<\/title>\n<meta name=\"description\" content=\"O maior portal de Economia da Bahia ECONOMIA \/ POL\u00cdTICA Bahia Economica\" \/>\n<meta name=\"robots\" content=\"index, follow, max-snippet:-1, max-image-preview:large, max-video-preview:-1\" \/>\n<link rel=\"canonical\" href=\"https:\/\/bahiaeconomica.com.br\/wp\/2024\/09\/05\/jeronimo-rodrigues-celebra-inauguracao-de-colegio-de-tempo-integral-e-novos-investimentos-infraestrutura-saude-e-agricultura-familiar-na-comunidade-de-nova-soure\/\" \/>\n<meta property=\"og:locale\" content=\"pt_BR\" \/>\n<meta property=\"og:type\" content=\"article\" \/>\n<meta property=\"og:title\" content=\"JER\u00d4NIMO RODRIGUES CELEBRA INAUGURA\u00c7\u00c3O DE COL\u00c9GIO DE TEMPO INTEGRAL E NOVOS INVESTIMENTOS INFRAESTRUTURA, SA\u00daDE E AGRICULTURA FAMILIAR NA COMUNIDADE DE NOVA SOURE - Bahia Economica\" \/>\n<meta property=\"og:description\" content=\"O maior portal de Economia da Bahia ECONOMIA \/ POL\u00cdTICA Bahia Economica\" \/>\n<meta property=\"og:url\" content=\"https:\/\/bahiaeconomica.com.br\/wp\/2024\/09\/05\/jeronimo-rodrigues-celebra-inauguracao-de-colegio-de-tempo-integral-e-novos-investimentos-infraestrutura-saude-e-agricultura-familiar-na-comunidade-de-nova-soure\/\" \/>\n<meta property=\"og:site_name\" content=\"Bahia Economica\" \/>\n<meta property=\"article:publisher\" content=\"https:\/\/www.facebook.com\/bahiaeconomica\" \/>\n<meta property=\"article:published_time\" content=\"2024-09-05T17:50:54+00:00\" \/>\n<meta property=\"og:image\" content=\"https:\/\/bahiaeconomica.com.br\/wp\/wp-content\/uploads\/2024\/09\/Thuane-MariaGOVBA-1-1024x682.png\" \/>\n\t<meta property=\"og:image:width\" content=\"1024\" \/>\n\t<meta property=\"og:image:height\" content=\"682\" \/>\n\t<meta property=\"og:image:type\" content=\"image\/png\" \/>\n<meta name=\"author\" content=\"Matheus Souza\" \/>\n<meta name=\"twitter:card\" content=\"summary_large_image\" \/>\n<meta name=\"twitter:label1\" content=\"Escrito por\" \/>\n\t<meta name=\"twitter:data1\" content=\"Matheus Souza\" \/>\n\t<meta name=\"twitter:label2\" content=\"Est. tempo de leitura\" \/>\n\t<meta name=\"twitter:data2\" content=\"4 minutos\" \/>\n<script type=\"application\/ld+json\" class=\"yoast-schema-graph\">{\"@context\":\"https:\/\/schema.org\",\"@graph\":[{\"@type\":\"Article\",\"@id\":\"https:\/\/bahiaeconomica.com.br\/wp\/2024\/09\/05\/jeronimo-rodrigues-celebra-inauguracao-de-colegio-de-tempo-integral-e-novos-investimentos-infraestrutura-saude-e-agricultura-familiar-na-comunidade-de-nova-soure\/#article\",\"isPartOf\":{\"@id\":\"https:\/\/bahiaeconomica.com.br\/wp\/2024\/09\/05\/jeronimo-rodrigues-celebra-inauguracao-de-colegio-de-tempo-integral-e-novos-investimentos-infraestrutura-saude-e-agricultura-familiar-na-comunidade-de-nova-soure\/\"},\"author\":{\"name\":\"Matheus Souza\",\"@id\":\"https:\/\/bahiaeconomica.com.br\/wp\/#\/schema\/person\/3304d50cfd32353c7d08c39066638997\"},\"headline\":\"JER\u00d4NIMO RODRIGUES CELEBRA INAUGURA\u00c7\u00c3O DE COL\u00c9GIO DE TEMPO INTEGRAL E NOVOS INVESTIMENTOS INFRAESTRUTURA, SA\u00daDE E AGRICULTURA FAMILIAR NA COMUNIDADE DE NOVA SOURE\",\"datePublished\":\"2024-09-05T17:50:54+00:00\",\"dateModified\":\"2024-09-05T17:50:54+00:00\",\"mainEntityOfPage\":{\"@id\":\"https:\/\/bahiaeconomica.com.br\/wp\/2024\/09\/05\/jeronimo-rodrigues-celebra-inauguracao-de-colegio-de-tempo-integral-e-novos-investimentos-infraestrutura-saude-e-agricultura-familiar-na-comunidade-de-nova-soure\/\"},\"wordCount\":669,\"publisher\":{\"@id\":\"https:\/\/bahiaeconomica.com.br\/wp\/#organization\"},\"keywords\":[\"Educa\u00e7\u00e3o\",\"entrega\",\"Governo\",\"inauguracao\",\"nova soure\"],\"articleSection\":[\"ECONOMIA \/ POL\u00cdTICA\"],\"inLanguage\":\"pt-BR\"},{\"@type\":\"WebPage\",\"@id\":\"https:\/\/bahiaeconomica.com.br\/wp\/2024\/09\/05\/jeronimo-rodrigues-celebra-inauguracao-de-colegio-de-tempo-integral-e-novos-investimentos-infraestrutura-saude-e-agricultura-familiar-na-comunidade-de-nova-soure\/\",\"url\":\"https:\/\/bahiaeconomica.com.br\/wp\/2024\/09\/05\/jeronimo-rodrigues-celebra-inauguracao-de-colegio-de-tempo-integral-e-novos-investimentos-infraestrutura-saude-e-agricultura-familiar-na-comunidade-de-nova-soure\/\",\"name\":\"JER\u00d4NIMO RODRIGUES CELEBRA INAUGURA\u00c7\u00c3O DE COL\u00c9GIO DE TEMPO INTEGRAL E NOVOS INVESTIMENTOS INFRAESTRUTURA, SA\u00daDE E AGRICULTURA FAMILIAR NA COMUNIDADE DE NOVA SOURE - Bahia Economica\",\"isPartOf\":{\"@id\":\"https:\/\/bahiaeconomica.com.br\/wp\/#website\"},\"datePublished\":\"2024-09-05T17:50:54+00:00\",\"dateModified\":\"2024-09-05T17:50:54+00:00\",\"description\":\"O maior portal de Economia da Bahia ECONOMIA \/ POL\u00cdTICA Bahia Economica\",\"breadcrumb\":{\"@id\":\"https:\/\/bahiaeconomica.com.br\/wp\/2024\/09\/05\/jeronimo-rodrigues-celebra-inauguracao-de-colegio-de-tempo-integral-e-novos-investimentos-infraestrutura-saude-e-agricultura-familiar-na-comunidade-de-nova-soure\/#breadcrumb\"},\"inLanguage\":\"pt-BR\",\"potentialAction\":[{\"@type\":\"ReadAction\",\"target\":[\"https:\/\/bahiaeconomica.com.br\/wp\/2024\/09\/05\/jeronimo-rodrigues-celebra-inauguracao-de-colegio-de-tempo-integral-e-novos-investimentos-infraestrutura-saude-e-agricultura-familiar-na-comunidade-de-nova-soure\/\"]}]},{\"@type\":\"BreadcrumbList\",\"@id\":\"https:\/\/bahiaeconomica.com.br\/wp\/2024\/09\/05\/jeronimo-rodrigues-celebra-inauguracao-de-colegio-de-tempo-integral-e-novos-investimentos-infraestrutura-saude-e-agricultura-familiar-na-comunidade-de-nova-soure\/#breadcrumb\",\"itemListElement\":[{\"@type\":\"ListItem\",\"position\":1,\"name\":\"In\u00edcio\",\"item\":\"https:\/\/bahiaeconomica.com.br\/wp\/\"},{\"@type\":\"ListItem\",\"position\":2,\"name\":\"JER\u00d4NIMO RODRIGUES CELEBRA INAUGURA\u00c7\u00c3O DE COL\u00c9GIO DE TEMPO INTEGRAL E NOVOS INVESTIMENTOS INFRAESTRUTURA, SA\u00daDE E AGRICULTURA FAMILIAR NA COMUNIDADE DE NOVA SOURE\"}]},{\"@type\":\"WebSite\",\"@id\":\"https:\/\/bahiaeconomica.com.br\/wp\/#website\",\"url\":\"https:\/\/bahiaeconomica.com.br\/wp\/\",\"name\":\"Bahia Economica\",\"description\":\"O maior portal de Economia da Bahia\",\"publisher\":{\"@id\":\"https:\/\/bahiaeconomica.com.br\/wp\/#organization\"},\"potentialAction\":[{\"@type\":\"SearchAction\",\"target\":{\"@type\":\"EntryPoint\",\"urlTemplate\":\"https:\/\/bahiaeconomica.com.br\/wp\/?s={search_term_string}\"},\"query-input\":\"required name=search_term_string\"}],\"inLanguage\":\"pt-BR\"},{\"@type\":\"Organization\",\"@id\":\"https:\/\/bahiaeconomica.com.br\/wp\/#organization\",\"name\":\"Bahia Econ\u00f4mica\",\"url\":\"https:\/\/bahiaeconomica.com.br\/wp\/\",\"logo\":{\"@type\":\"ImageObject\",\"inLanguage\":\"pt-BR\",\"@id\":\"https:\/\/bahiaeconomica.com.br\/wp\/#\/schema\/logo\/image\/\",\"url\":\"https:\/\/bahiaeconomica.com.br\/wp\/wp-content\/uploads\/2020\/12\/cropped-BE.png\",\"contentUrl\":\"https:\/\/bahiaeconomica.com.br\/wp\/wp-content\/uploads\/2020\/12\/cropped-BE.png\",\"width\":512,\"height\":512,\"caption\":\"Bahia Econ\u00f4mica\"},\"image\":{\"@id\":\"https:\/\/bahiaeconomica.com.br\/wp\/#\/schema\/logo\/image\/\"},\"sameAs\":[\"https:\/\/www.facebook.com\/bahiaeconomica\"]},{\"@type\":\"Person\",\"@id\":\"https:\/\/bahiaeconomica.com.br\/wp\/#\/schema\/person\/3304d50cfd32353c7d08c39066638997\",\"name\":\"Matheus Souza\",\"sameAs\":[\"http:\/\/www.bahiaeconomica.com.br\"],\"url\":\"https:\/\/bahiaeconomica.com.br\/wp\/author\/matheus-souza\/\"}]}<\/script>\n<!-- \/ Yoast SEO plugin. -->","yoast_head_json":{"title":"JER\u00d4NIMO RODRIGUES CELEBRA INAUGURA\u00c7\u00c3O DE COL\u00c9GIO DE TEMPO INTEGRAL E NOVOS INVESTIMENTOS INFRAESTRUTURA, SA\u00daDE E AGRICULTURA FAMILIAR NA COMUNIDADE DE NOVA SOURE - Bahia Economica","description":"O maior portal de Economia da Bahia ECONOMIA \/ POL\u00cdTICA Bahia Economica","robots":{"index":"index","follow":"follow","max-snippet":"max-snippet:-1","max-image-preview":"max-image-preview:large","max-video-preview":"max-video-preview:-1"},"canonical":"https:\/\/bahiaeconomica.com.br\/wp\/2024\/09\/05\/jeronimo-rodrigues-celebra-inauguracao-de-colegio-de-tempo-integral-e-novos-investimentos-infraestrutura-saude-e-agricultura-familiar-na-comunidade-de-nova-soure\/","og_locale":"pt_BR","og_type":"article","og_title":"JER\u00d4NIMO RODRIGUES CELEBRA INAUGURA\u00c7\u00c3O DE COL\u00c9GIO DE TEMPO INTEGRAL E NOVOS INVESTIMENTOS INFRAESTRUTURA, SA\u00daDE E AGRICULTURA FAMILIAR NA COMUNIDADE DE NOVA SOURE - Bahia Economica","og_description":"O maior portal de Economia da Bahia ECONOMIA \/ POL\u00cdTICA Bahia Economica","og_url":"https:\/\/bahiaeconomica.com.br\/wp\/2024\/09\/05\/jeronimo-rodrigues-celebra-inauguracao-de-colegio-de-tempo-integral-e-novos-investimentos-infraestrutura-saude-e-agricultura-familiar-na-comunidade-de-nova-soure\/","og_site_name":"Bahia Economica","article_publisher":"https:\/\/www.facebook.com\/bahiaeconomica","article_published_time":"2024-09-05T17:50:54+00:00","og_image":[{"width":1024,"height":682,"url":"https:\/\/bahiaeconomica.com.br\/wp\/wp-content\/uploads\/2024\/09\/Thuane-MariaGOVBA-1-1024x682.png","type":"image\/png"}],"author":"Matheus Souza","twitter_card":"summary_large_image","twitter_misc":{"Escrito por":"Matheus Souza","Est. tempo de leitura":"4 minutos"},"schema":{"@context":"https:\/\/schema.org","@graph":[{"@type":"Article","@id":"https:\/\/bahiaeconomica.com.br\/wp\/2024\/09\/05\/jeronimo-rodrigues-celebra-inauguracao-de-colegio-de-tempo-integral-e-novos-investimentos-infraestrutura-saude-e-agricultura-familiar-na-comunidade-de-nova-soure\/#article","isPartOf":{"@id":"https:\/\/bahiaeconomica.com.br\/wp\/2024\/09\/05\/jeronimo-rodrigues-celebra-inauguracao-de-colegio-de-tempo-integral-e-novos-investimentos-infraestrutura-saude-e-agricultura-familiar-na-comunidade-de-nova-soure\/"},"author":{"name":"Matheus Souza","@id":"https:\/\/bahiaeconomica.com.br\/wp\/#\/schema\/person\/3304d50cfd32353c7d08c39066638997"},"headline":"JER\u00d4NIMO RODRIGUES CELEBRA INAUGURA\u00c7\u00c3O DE COL\u00c9GIO DE TEMPO INTEGRAL E NOVOS INVESTIMENTOS INFRAESTRUTURA, SA\u00daDE E AGRICULTURA FAMILIAR NA COMUNIDADE DE NOVA SOURE","datePublished":"2024-09-05T17:50:54+00:00","dateModified":"2024-09-05T17:50:54+00:00","mainEntityOfPage":{"@id":"https:\/\/bahiaeconomica.com.br\/wp\/2024\/09\/05\/jeronimo-rodrigues-celebra-inauguracao-de-colegio-de-tempo-integral-e-novos-investimentos-infraestrutura-saude-e-agricultura-familiar-na-comunidade-de-nova-soure\/"},"wordCount":669,"publisher":{"@id":"https:\/\/bahiaeconomica.com.br\/wp\/#organization"},"keywords":["Educa\u00e7\u00e3o","entrega","Governo","inauguracao","nova soure"],"articleSection":["ECONOMIA \/ POL\u00cdTICA"],"inLanguage":"pt-BR"},{"@type":"WebPage","@id":"https:\/\/bahiaeconomica.com.br\/wp\/2024\/09\/05\/jeronimo-rodrigues-celebra-inauguracao-de-colegio-de-tempo-integral-e-novos-investimentos-infraestrutura-saude-e-agricultura-familiar-na-comunidade-de-nova-soure\/","url":"https:\/\/bahiaeconomica.com.br\/wp\/2024\/09\/05\/jeronimo-rodrigues-celebra-inauguracao-de-colegio-de-tempo-integral-e-novos-investimentos-infraestrutura-saude-e-agricultura-familiar-na-comunidade-de-nova-soure\/","name":"JER\u00d4NIMO RODRIGUES CELEBRA INAUGURA\u00c7\u00c3O DE COL\u00c9GIO DE TEMPO INTEGRAL E NOVOS INVESTIMENTOS INFRAESTRUTURA, SA\u00daDE E AGRICULTURA FAMILIAR NA COMUNIDADE DE NOVA SOURE - Bahia Economica","isPartOf":{"@id":"https:\/\/bahiaeconomica.com.br\/wp\/#website"},"datePublished":"2024-09-05T17:50:54+00:00","dateModified":"2024-09-05T17:50:54+00:00","description":"O maior portal de Economia da Bahia ECONOMIA \/ POL\u00cdTICA Bahia Economica","breadcrumb":{"@id":"https:\/\/bahiaeconomica.com.br\/wp\/2024\/09\/05\/jeronimo-rodrigues-celebra-inauguracao-de-colegio-de-tempo-integral-e-novos-investimentos-infraestrutura-saude-e-agricultura-familiar-na-comunidade-de-nova-soure\/#breadcrumb"},"inLanguage":"pt-BR","potentialAction":[{"@type":"ReadAction","target":["https:\/\/bahiaeconomica.com.br\/wp\/2024\/09\/05\/jeronimo-rodrigues-celebra-inauguracao-de-colegio-de-tempo-integral-e-novos-investimentos-infraestrutura-saude-e-agricultura-familiar-na-comunidade-de-nova-soure\/"]}]},{"@type":"BreadcrumbList","@id":"https:\/\/bahiaeconomica.com.br\/wp\/2024\/09\/05\/jeronimo-rodrigues-celebra-inauguracao-de-colegio-de-tempo-integral-e-novos-investimentos-infraestrutura-saude-e-agricultura-familiar-na-comunidade-de-nova-soure\/#breadcrumb","itemListElement":[{"@type":"ListItem","position":1,"name":"In\u00edcio","item":"https:\/\/bahiaeconomica.com.br\/wp\/"},{"@type":"ListItem","position":2,"name":"JER\u00d4NIMO RODRIGUES CELEBRA INAUGURA\u00c7\u00c3O DE COL\u00c9GIO DE TEMPO INTEGRAL E NOVOS INVESTIMENTOS INFRAESTRUTURA, SA\u00daDE E AGRICULTURA FAMILIAR NA COMUNIDADE DE NOVA SOURE"}]},{"@type":"WebSite","@id":"https:\/\/bahiaeconomica.com.br\/wp\/#website","url":"https:\/\/bahiaeconomica.com.br\/wp\/","name":"Bahia Economica","description":"O maior portal de Economia da Bahia","publisher":{"@id":"https:\/\/bahiaeconomica.com.br\/wp\/#organization"},"potentialAction":[{"@type":"SearchAction","target":{"@type":"EntryPoint","urlTemplate":"https:\/\/bahiaeconomica.com.br\/wp\/?s={search_term_string}"},"query-input":"required name=search_term_string"}],"inLanguage":"pt-BR"},{"@type":"Organization","@id":"https:\/\/bahiaeconomica.com.br\/wp\/#organization","name":"Bahia Econ\u00f4mica","url":"https:\/\/bahiaeconomica.com.br\/wp\/","logo":{"@type":"ImageObject","inLanguage":"pt-BR","@id":"https:\/\/bahiaeconomica.com.br\/wp\/#\/schema\/logo\/image\/","url":"https:\/\/bahiaeconomica.com.br\/wp\/wp-content\/uploads\/2020\/12\/cropped-BE.png","contentUrl":"https:\/\/bahiaeconomica.com.br\/wp\/wp-content\/uploads\/2020\/12\/cropped-BE.png","width":512,"height":512,"caption":"Bahia Econ\u00f4mica"},"image":{"@id":"https:\/\/bahiaeconomica.com.br\/wp\/#\/schema\/logo\/image\/"},"sameAs":["https:\/\/www.facebook.com\/bahiaeconomica"]},{"@type":"Person","@id":"https:\/\/bahiaeconomica.com.br\/wp\/#\/schema\/person\/3304d50cfd32353c7d08c39066638997","name":"Matheus Souza","sameAs":["http:\/\/www.bahiaeconomica.com.br"],"url":"https:\/\/bahiaeconomica.com.br\/wp\/author\/matheus-souza\/"}]}},"views":30,"_links":{"self":[{"href":"https:\/\/bahiaeconomica.com.br\/wp\/wp-json\/wp\/v2\/posts\/842988"}],"collection":[{"href":"https:\/\/bahiaeconomica.com.br\/wp\/wp-json\/wp\/v2\/posts"}],"about":[{"href":"https:\/\/bahiaeconomica.com.br\/wp\/wp-json\/wp\/v2\/types\/post"}],"author":[{"embeddable":true,"href":"https:\/\/bahiaeconomica.com.br\/wp\/wp-json\/wp\/v2\/users\/22"}],"replies":[{"embeddable":true,"href":"https:\/\/bahiaeconomica.com.br\/wp\/wp-json\/wp\/v2\/comments?post=842988"}],"version-history":[{"count":1,"href":"https:\/\/bahiaeconomica.com.br\/wp\/wp-json\/wp\/v2\/posts\/842988\/revisions"}],"predecessor-version":[{"id":842992,"href":"https:\/\/bahiaeconomica.com.br\/wp\/wp-json\/wp\/v2\/posts\/842988\/revisions\/842992"}],"wp:featuredmedia":[{"embeddable":true,"href":"https:\/\/bahiaeconomica.com.br\/wp\/wp-json\/wp\/v2\/media\/842990"}],"wp:attachment":[{"href":"https:\/\/bahiaeconomica.com.br\/wp\/wp-json\/wp\/v2\/media?parent=842988"}],"wp:term":[{"taxonomy":"category","embeddable":true,"href":"https:\/\/bahiaeconomica.com.br\/wp\/wp-json\/wp\/v2\/categories?post=842988"},{"taxonomy":"post_tag","embeddable":true,"href":"https:\/\/bahiaeconomica.com.br\/wp\/wp-json\/wp\/v2\/tags?post=842988"}],"curies":[{"name":"wp","href":"https:\/\/api.w.org\/{rel}","templated":true}]}}