{"id":842841,"date":"2024-09-05T08:40:18","date_gmt":"2024-09-05T11:40:18","guid":{"rendered":"https:\/\/bahiaeconomica.com.br\/wp\/?p=842841"},"modified":"2024-09-05T08:53:37","modified_gmt":"2024-09-05T11:53:37","slug":"tito-afirma-que-vai-criar-a-secretaria-da-juventude-promover-cursos-profissionalizantes-e-retomar-o-carnaval-de-barreiras","status":"publish","type":"post","link":"https:\/\/bahiaeconomica.com.br\/wp\/2024\/09\/05\/tito-afirma-que-vai-criar-a-secretaria-da-juventude-promover-cursos-profissionalizantes-e-retomar-o-carnaval-de-barreiras\/","title":{"rendered":"TITO AFIRMA QUE VAI CRIAR A SECRETARIA DA JUVENTUDE, PROMOVER CURSOS PROFISSIONALIZANTES E RETOMAR O CARNAVAL DE BARREIRAS"},"content":{"rendered":"<p>Durante encontro, Tito mobiliza juventude para atuar nas redes sociais e nas ruas, refor\u00e7ando a import\u00e2ncia das parcerias com Jer\u00f4nimo Rodrigues e Lula para transformar Barreiras em uma cidade mais humana e acolhedora. Na noite desta ter\u00e7a-feira (03\/07), Tito (PT), candidato a prefeito de Barreiras, se reuniu com a juventude local no Comit\u00ea Central da Campanha e afirmou que vai criar a Secretaria da Juventude, promover cursos profissionalizantes e retomar o carnaval de Barreiras. Ao lado de seu candidato a vice-prefeito, Emerson (Avante), Tito ouviu atentamente sugest\u00f5es do p\u00fablico. O encontro foi marcado por apresenta\u00e7\u00f5es culturais, com muita m\u00fasica e capoeira.<\/p>\n<p>\u201cA juventude precisa, quer e ter\u00e1 esporte, lazer, cultura e oportunidades como prioridades do nosso governo. Vamos resgatar as tradi\u00e7\u00f5es culturais do munic\u00edpio e promover um calend\u00e1rio esportivo anual, al\u00e9m de contemplar desde as festas populares, como o carnaval de Barreiras at\u00e9 as atividades religiosas, como o dia do evang\u00e9lico,\u201d garantiu Tito. Tito refor\u00e7ou a participa\u00e7\u00e3o ativa dos jovens, ressaltando a import\u00e2ncia das propostas apresentadas. Ele destacou que muitas dessas ideias j\u00e1 est\u00e3o contempladas em seu Plano de Governo Participativo (PGP), que foi constru\u00eddo de forma participativa.<\/p>\n<p>Mais investimentos e aten\u00e7\u00e3o<\/p>\n<p>\u201cNosso plano de governo expressa o desejo da juventude por mais investimentos e aten\u00e7\u00e3o. Estamos comprometidos com as mudan\u00e7as necess\u00e1rias que atendam as necessidades em favor da Juventude e para potencializar as a\u00e7\u00f5es voltadas a essa parcela t\u00e3o importante da nossa sociedade,\u201d afirmou Tito.<\/p>\n<p>Durante o encontro, Tito tamb\u00e9m enfatizou a import\u00e2ncia das parcerias com o Governo do Estado, sob a lideran\u00e7a do governador Jer\u00f4nimo Rodrigues, e com o Governo Federal, do presidente Lula. Ele salientou que essas alian\u00e7as ser\u00e3o essenciais para garantir os investimentos necess\u00e1rios para melhorar a qualidade de vida dos jovens em Barreiras.<\/p>\n<p>Al\u00e9m de abordar as propostas, Tito fez um apelo \u00e0 juventude para que o momento \u00e9 de uni\u00e3o e que um maior empenho de todos na campanha \u00e9 fundamental. Ele pediu para que os jovens compartilhem as publica\u00e7\u00f5es da campanha nas redes sociais e saiam \u00e0s ruas em busca de votos, convencendo cada vez mais pessoas para que Barreiras saia do atraso e possa se tornar uma cidade cada vez mais humana e acolhedora.<\/p>\n<p>Transformar demandas em realidade<\/p>\n<p>As demandas apresentadas inclu\u00edram tamb\u00e9m a cria\u00e7\u00e3o de um hospital universit\u00e1rio, moradia atrav\u00e9s do programa Minha Casa, Minha Vida, e a constru\u00e7\u00e3o de um novo parque de exposi\u00e7\u00f5es. Tito garantiu que trabalhar\u00e1 incansavelmente para transformar essas demandas em realidade, sempre contando com o apoio das esferas estadual e federal.<\/p>\n<p>O encontro no Comit\u00ea Central evidenciou o compromisso de Tito com a juventude de Barreiras e sua determina\u00e7\u00e3o em promover um governo que realmente ou\u00e7a e atenda \u00e0s necessidades dessa parte vital da popula\u00e7\u00e3o.<\/p>\n<p>Fotos: Ricardo Oliveira<\/p>\n","protected":false},"excerpt":{"rendered":"<p>Durante encontro, Tito mobiliza juventude para atuar nas redes sociais e nas ruas, refor\u00e7ando a import\u00e2ncia das parcerias com Jer\u00f4nimo Rodrigues e Lula para transformar Barreiras em uma cidade mais humana e acolhedora. Na noite desta ter\u00e7a-feira (03\/07), Tito (PT), candidato a prefeito de Barreiras, se reuniu com a juventude local no Comit\u00ea Central da [&hellip;]<\/p>\n","protected":false},"author":8,"featured_media":842842,"comment_status":"closed","ping_status":"closed","sticky":false,"template":"","format":"standard","meta":[],"categories":[14601],"tags":[52,1176,1086,24957],"acf":[],"yoast_head":"<!-- This site is optimized with the Yoast SEO plugin v20.8 - https:\/\/yoast.com\/wordpress\/plugins\/seo\/ -->\n<title>TITO AFIRMA QUE VAI CRIAR A SECRETARIA DA JUVENTUDE, PROMOVER CURSOS PROFISSIONALIZANTES E RETOMAR O CARNAVAL DE BARREIRAS - Bahia Economica<\/title>\n<meta name=\"description\" content=\"O maior portal de Economia da Bahia Pol\u00edtica Bahia Economica Tito mobiliza juventude para atuar nas redes sociais e nas ruas, refor\u00e7ando\" \/>\n<meta name=\"robots\" content=\"index, follow, max-snippet:-1, max-image-preview:large, max-video-preview:-1\" \/>\n<link rel=\"canonical\" href=\"https:\/\/bahiaeconomica.com.br\/wp\/2024\/09\/05\/tito-afirma-que-vai-criar-a-secretaria-da-juventude-promover-cursos-profissionalizantes-e-retomar-o-carnaval-de-barreiras\/\" \/>\n<meta property=\"og:locale\" content=\"pt_BR\" \/>\n<meta property=\"og:type\" content=\"article\" \/>\n<meta property=\"og:title\" content=\"TITO AFIRMA QUE VAI CRIAR A SECRETARIA DA JUVENTUDE, PROMOVER CURSOS PROFISSIONALIZANTES E RETOMAR O CARNAVAL DE BARREIRAS - Bahia Economica\" \/>\n<meta property=\"og:description\" content=\"O maior portal de Economia da Bahia Pol\u00edtica Bahia Economica Tito mobiliza juventude para atuar nas redes sociais e nas ruas, refor\u00e7ando\" \/>\n<meta property=\"og:url\" content=\"https:\/\/bahiaeconomica.com.br\/wp\/2024\/09\/05\/tito-afirma-que-vai-criar-a-secretaria-da-juventude-promover-cursos-profissionalizantes-e-retomar-o-carnaval-de-barreiras\/\" \/>\n<meta property=\"og:site_name\" content=\"Bahia Economica\" \/>\n<meta property=\"article:publisher\" content=\"https:\/\/www.facebook.com\/bahiaeconomica\" \/>\n<meta property=\"article:published_time\" content=\"2024-09-05T11:40:18+00:00\" \/>\n<meta property=\"article:modified_time\" content=\"2024-09-05T11:53:37+00:00\" \/>\n<meta property=\"og:image\" content=\"https:\/\/bahiaeconomica.com.br\/wp\/wp-content\/uploads\/2024\/09\/WhatsApp-Image-2024-09-04-at-16.33.06.jpeg\" \/>\n\t<meta property=\"og:image:width\" content=\"799\" \/>\n\t<meta property=\"og:image:height\" content=\"530\" \/>\n\t<meta property=\"og:image:type\" content=\"image\/jpeg\" \/>\n<meta name=\"author\" content=\"JP\" \/>\n<meta name=\"twitter:card\" content=\"summary_large_image\" \/>\n<meta name=\"twitter:label1\" content=\"Escrito por\" \/>\n\t<meta name=\"twitter:data1\" content=\"JP\" \/>\n\t<meta name=\"twitter:label2\" content=\"Est. tempo de leitura\" \/>\n\t<meta name=\"twitter:data2\" content=\"3 minutos\" \/>\n<script type=\"application\/ld+json\" class=\"yoast-schema-graph\">{\"@context\":\"https:\/\/schema.org\",\"@graph\":[{\"@type\":\"Article\",\"@id\":\"https:\/\/bahiaeconomica.com.br\/wp\/2024\/09\/05\/tito-afirma-que-vai-criar-a-secretaria-da-juventude-promover-cursos-profissionalizantes-e-retomar-o-carnaval-de-barreiras\/#article\",\"isPartOf\":{\"@id\":\"https:\/\/bahiaeconomica.com.br\/wp\/2024\/09\/05\/tito-afirma-que-vai-criar-a-secretaria-da-juventude-promover-cursos-profissionalizantes-e-retomar-o-carnaval-de-barreiras\/\"},\"author\":{\"name\":\"JP\",\"@id\":\"https:\/\/bahiaeconomica.com.br\/wp\/#\/schema\/person\/c86d3a3f8960425a0f9d0e5245991f4e\"},\"headline\":\"TITO AFIRMA QUE VAI CRIAR A SECRETARIA DA JUVENTUDE, PROMOVER CURSOS PROFISSIONALIZANTES E RETOMAR O CARNAVAL DE BARREIRAS\",\"datePublished\":\"2024-09-05T11:40:18+00:00\",\"dateModified\":\"2024-09-05T11:53:37+00:00\",\"mainEntityOfPage\":{\"@id\":\"https:\/\/bahiaeconomica.com.br\/wp\/2024\/09\/05\/tito-afirma-que-vai-criar-a-secretaria-da-juventude-promover-cursos-profissionalizantes-e-retomar-o-carnaval-de-barreiras\/\"},\"wordCount\":510,\"publisher\":{\"@id\":\"https:\/\/bahiaeconomica.com.br\/wp\/#organization\"},\"keywords\":[\"Brasil\",\"mudan\u00e7a\",\"novidade\",\"Tito\"],\"articleSection\":[\"Pol\u00edtica\"],\"inLanguage\":\"pt-BR\"},{\"@type\":\"WebPage\",\"@id\":\"https:\/\/bahiaeconomica.com.br\/wp\/2024\/09\/05\/tito-afirma-que-vai-criar-a-secretaria-da-juventude-promover-cursos-profissionalizantes-e-retomar-o-carnaval-de-barreiras\/\",\"url\":\"https:\/\/bahiaeconomica.com.br\/wp\/2024\/09\/05\/tito-afirma-que-vai-criar-a-secretaria-da-juventude-promover-cursos-profissionalizantes-e-retomar-o-carnaval-de-barreiras\/\",\"name\":\"TITO AFIRMA QUE VAI CRIAR A SECRETARIA DA JUVENTUDE, PROMOVER CURSOS PROFISSIONALIZANTES E RETOMAR O CARNAVAL DE BARREIRAS - Bahia Economica\",\"isPartOf\":{\"@id\":\"https:\/\/bahiaeconomica.com.br\/wp\/#website\"},\"datePublished\":\"2024-09-05T11:40:18+00:00\",\"dateModified\":\"2024-09-05T11:53:37+00:00\",\"description\":\"O maior portal de Economia da Bahia Pol\u00edtica Bahia Economica Tito mobiliza juventude para atuar nas redes sociais e nas ruas, refor\u00e7ando\",\"breadcrumb\":{\"@id\":\"https:\/\/bahiaeconomica.com.br\/wp\/2024\/09\/05\/tito-afirma-que-vai-criar-a-secretaria-da-juventude-promover-cursos-profissionalizantes-e-retomar-o-carnaval-de-barreiras\/#breadcrumb\"},\"inLanguage\":\"pt-BR\",\"potentialAction\":[{\"@type\":\"ReadAction\",\"target\":[\"https:\/\/bahiaeconomica.com.br\/wp\/2024\/09\/05\/tito-afirma-que-vai-criar-a-secretaria-da-juventude-promover-cursos-profissionalizantes-e-retomar-o-carnaval-de-barreiras\/\"]}]},{\"@type\":\"BreadcrumbList\",\"@id\":\"https:\/\/bahiaeconomica.com.br\/wp\/2024\/09\/05\/tito-afirma-que-vai-criar-a-secretaria-da-juventude-promover-cursos-profissionalizantes-e-retomar-o-carnaval-de-barreiras\/#breadcrumb\",\"itemListElement\":[{\"@type\":\"ListItem\",\"position\":1,\"name\":\"In\u00edcio\",\"item\":\"https:\/\/bahiaeconomica.com.br\/wp\/\"},{\"@type\":\"ListItem\",\"position\":2,\"name\":\"TITO AFIRMA QUE VAI CRIAR A SECRETARIA DA JUVENTUDE, PROMOVER CURSOS PROFISSIONALIZANTES E RETOMAR O CARNAVAL DE BARREIRAS\"}]},{\"@type\":\"WebSite\",\"@id\":\"https:\/\/bahiaeconomica.com.br\/wp\/#website\",\"url\":\"https:\/\/bahiaeconomica.com.br\/wp\/\",\"name\":\"Bahia Economica\",\"description\":\"O maior portal de Economia da Bahia\",\"publisher\":{\"@id\":\"https:\/\/bahiaeconomica.com.br\/wp\/#organization\"},\"potentialAction\":[{\"@type\":\"SearchAction\",\"target\":{\"@type\":\"EntryPoint\",\"urlTemplate\":\"https:\/\/bahiaeconomica.com.br\/wp\/?s={search_term_string}\"},\"query-input\":\"required name=search_term_string\"}],\"inLanguage\":\"pt-BR\"},{\"@type\":\"Organization\",\"@id\":\"https:\/\/bahiaeconomica.com.br\/wp\/#organization\",\"name\":\"Bahia Econ\u00f4mica\",\"url\":\"https:\/\/bahiaeconomica.com.br\/wp\/\",\"logo\":{\"@type\":\"ImageObject\",\"inLanguage\":\"pt-BR\",\"@id\":\"https:\/\/bahiaeconomica.com.br\/wp\/#\/schema\/logo\/image\/\",\"url\":\"https:\/\/bahiaeconomica.com.br\/wp\/wp-content\/uploads\/2020\/12\/cropped-BE.png\",\"contentUrl\":\"https:\/\/bahiaeconomica.com.br\/wp\/wp-content\/uploads\/2020\/12\/cropped-BE.png\",\"width\":512,\"height\":512,\"caption\":\"Bahia Econ\u00f4mica\"},\"image\":{\"@id\":\"https:\/\/bahiaeconomica.com.br\/wp\/#\/schema\/logo\/image\/\"},\"sameAs\":[\"https:\/\/www.facebook.com\/bahiaeconomica\"]},{\"@type\":\"Person\",\"@id\":\"https:\/\/bahiaeconomica.com.br\/wp\/#\/schema\/person\/c86d3a3f8960425a0f9d0e5245991f4e\",\"name\":\"JP\",\"sameAs\":[\"https:\/\/bahiaeconomica.com.br\/wp\/beta\/\"],\"url\":\"https:\/\/bahiaeconomica.com.br\/wp\/author\/jp\/\"}]}<\/script>\n<!-- \/ Yoast SEO plugin. -->","yoast_head_json":{"title":"TITO AFIRMA QUE VAI CRIAR A SECRETARIA DA JUVENTUDE, PROMOVER CURSOS PROFISSIONALIZANTES E RETOMAR O CARNAVAL DE BARREIRAS - Bahia Economica","description":"O maior portal de Economia da Bahia Pol\u00edtica Bahia Economica Tito mobiliza juventude para atuar nas redes sociais e nas ruas, refor\u00e7ando","robots":{"index":"index","follow":"follow","max-snippet":"max-snippet:-1","max-image-preview":"max-image-preview:large","max-video-preview":"max-video-preview:-1"},"canonical":"https:\/\/bahiaeconomica.com.br\/wp\/2024\/09\/05\/tito-afirma-que-vai-criar-a-secretaria-da-juventude-promover-cursos-profissionalizantes-e-retomar-o-carnaval-de-barreiras\/","og_locale":"pt_BR","og_type":"article","og_title":"TITO AFIRMA QUE VAI CRIAR A SECRETARIA DA JUVENTUDE, PROMOVER CURSOS PROFISSIONALIZANTES E RETOMAR O CARNAVAL DE BARREIRAS - Bahia Economica","og_description":"O maior portal de Economia da Bahia Pol\u00edtica Bahia Economica Tito mobiliza juventude para atuar nas redes sociais e nas ruas, refor\u00e7ando","og_url":"https:\/\/bahiaeconomica.com.br\/wp\/2024\/09\/05\/tito-afirma-que-vai-criar-a-secretaria-da-juventude-promover-cursos-profissionalizantes-e-retomar-o-carnaval-de-barreiras\/","og_site_name":"Bahia Economica","article_publisher":"https:\/\/www.facebook.com\/bahiaeconomica","article_published_time":"2024-09-05T11:40:18+00:00","article_modified_time":"2024-09-05T11:53:37+00:00","og_image":[{"width":799,"height":530,"url":"https:\/\/bahiaeconomica.com.br\/wp\/wp-content\/uploads\/2024\/09\/WhatsApp-Image-2024-09-04-at-16.33.06.jpeg","type":"image\/jpeg"}],"author":"JP","twitter_card":"summary_large_image","twitter_misc":{"Escrito por":"JP","Est. tempo de leitura":"3 minutos"},"schema":{"@context":"https:\/\/schema.org","@graph":[{"@type":"Article","@id":"https:\/\/bahiaeconomica.com.br\/wp\/2024\/09\/05\/tito-afirma-que-vai-criar-a-secretaria-da-juventude-promover-cursos-profissionalizantes-e-retomar-o-carnaval-de-barreiras\/#article","isPartOf":{"@id":"https:\/\/bahiaeconomica.com.br\/wp\/2024\/09\/05\/tito-afirma-que-vai-criar-a-secretaria-da-juventude-promover-cursos-profissionalizantes-e-retomar-o-carnaval-de-barreiras\/"},"author":{"name":"JP","@id":"https:\/\/bahiaeconomica.com.br\/wp\/#\/schema\/person\/c86d3a3f8960425a0f9d0e5245991f4e"},"headline":"TITO AFIRMA QUE VAI CRIAR A SECRETARIA DA JUVENTUDE, PROMOVER CURSOS PROFISSIONALIZANTES E RETOMAR O CARNAVAL DE BARREIRAS","datePublished":"2024-09-05T11:40:18+00:00","dateModified":"2024-09-05T11:53:37+00:00","mainEntityOfPage":{"@id":"https:\/\/bahiaeconomica.com.br\/wp\/2024\/09\/05\/tito-afirma-que-vai-criar-a-secretaria-da-juventude-promover-cursos-profissionalizantes-e-retomar-o-carnaval-de-barreiras\/"},"wordCount":510,"publisher":{"@id":"https:\/\/bahiaeconomica.com.br\/wp\/#organization"},"keywords":["Brasil","mudan\u00e7a","novidade","Tito"],"articleSection":["Pol\u00edtica"],"inLanguage":"pt-BR"},{"@type":"WebPage","@id":"https:\/\/bahiaeconomica.com.br\/wp\/2024\/09\/05\/tito-afirma-que-vai-criar-a-secretaria-da-juventude-promover-cursos-profissionalizantes-e-retomar-o-carnaval-de-barreiras\/","url":"https:\/\/bahiaeconomica.com.br\/wp\/2024\/09\/05\/tito-afirma-que-vai-criar-a-secretaria-da-juventude-promover-cursos-profissionalizantes-e-retomar-o-carnaval-de-barreiras\/","name":"TITO AFIRMA QUE VAI CRIAR A SECRETARIA DA JUVENTUDE, PROMOVER CURSOS PROFISSIONALIZANTES E RETOMAR O CARNAVAL DE BARREIRAS - Bahia Economica","isPartOf":{"@id":"https:\/\/bahiaeconomica.com.br\/wp\/#website"},"datePublished":"2024-09-05T11:40:18+00:00","dateModified":"2024-09-05T11:53:37+00:00","description":"O maior portal de Economia da Bahia Pol\u00edtica Bahia Economica Tito mobiliza juventude para atuar nas redes sociais e nas ruas, refor\u00e7ando","breadcrumb":{"@id":"https:\/\/bahiaeconomica.com.br\/wp\/2024\/09\/05\/tito-afirma-que-vai-criar-a-secretaria-da-juventude-promover-cursos-profissionalizantes-e-retomar-o-carnaval-de-barreiras\/#breadcrumb"},"inLanguage":"pt-BR","potentialAction":[{"@type":"ReadAction","target":["https:\/\/bahiaeconomica.com.br\/wp\/2024\/09\/05\/tito-afirma-que-vai-criar-a-secretaria-da-juventude-promover-cursos-profissionalizantes-e-retomar-o-carnaval-de-barreiras\/"]}]},{"@type":"BreadcrumbList","@id":"https:\/\/bahiaeconomica.com.br\/wp\/2024\/09\/05\/tito-afirma-que-vai-criar-a-secretaria-da-juventude-promover-cursos-profissionalizantes-e-retomar-o-carnaval-de-barreiras\/#breadcrumb","itemListElement":[{"@type":"ListItem","position":1,"name":"In\u00edcio","item":"https:\/\/bahiaeconomica.com.br\/wp\/"},{"@type":"ListItem","position":2,"name":"TITO AFIRMA QUE VAI CRIAR A SECRETARIA DA JUVENTUDE, PROMOVER CURSOS PROFISSIONALIZANTES E RETOMAR O CARNAVAL DE BARREIRAS"}]},{"@type":"WebSite","@id":"https:\/\/bahiaeconomica.com.br\/wp\/#website","url":"https:\/\/bahiaeconomica.com.br\/wp\/","name":"Bahia Economica","description":"O maior portal de Economia da Bahia","publisher":{"@id":"https:\/\/bahiaeconomica.com.br\/wp\/#organization"},"potentialAction":[{"@type":"SearchAction","target":{"@type":"EntryPoint","urlTemplate":"https:\/\/bahiaeconomica.com.br\/wp\/?s={search_term_string}"},"query-input":"required name=search_term_string"}],"inLanguage":"pt-BR"},{"@type":"Organization","@id":"https:\/\/bahiaeconomica.com.br\/wp\/#organization","name":"Bahia Econ\u00f4mica","url":"https:\/\/bahiaeconomica.com.br\/wp\/","logo":{"@type":"ImageObject","inLanguage":"pt-BR","@id":"https:\/\/bahiaeconomica.com.br\/wp\/#\/schema\/logo\/image\/","url":"https:\/\/bahiaeconomica.com.br\/wp\/wp-content\/uploads\/2020\/12\/cropped-BE.png","contentUrl":"https:\/\/bahiaeconomica.com.br\/wp\/wp-content\/uploads\/2020\/12\/cropped-BE.png","width":512,"height":512,"caption":"Bahia Econ\u00f4mica"},"image":{"@id":"https:\/\/bahiaeconomica.com.br\/wp\/#\/schema\/logo\/image\/"},"sameAs":["https:\/\/www.facebook.com\/bahiaeconomica"]},{"@type":"Person","@id":"https:\/\/bahiaeconomica.com.br\/wp\/#\/schema\/person\/c86d3a3f8960425a0f9d0e5245991f4e","name":"JP","sameAs":["https:\/\/bahiaeconomica.com.br\/wp\/beta\/"],"url":"https:\/\/bahiaeconomica.com.br\/wp\/author\/jp\/"}]}},"views":11,"_links":{"self":[{"href":"https:\/\/bahiaeconomica.com.br\/wp\/wp-json\/wp\/v2\/posts\/842841"}],"collection":[{"href":"https:\/\/bahiaeconomica.com.br\/wp\/wp-json\/wp\/v2\/posts"}],"about":[{"href":"https:\/\/bahiaeconomica.com.br\/wp\/wp-json\/wp\/v2\/types\/post"}],"author":[{"embeddable":true,"href":"https:\/\/bahiaeconomica.com.br\/wp\/wp-json\/wp\/v2\/users\/8"}],"replies":[{"embeddable":true,"href":"https:\/\/bahiaeconomica.com.br\/wp\/wp-json\/wp\/v2\/comments?post=842841"}],"version-history":[{"count":1,"href":"https:\/\/bahiaeconomica.com.br\/wp\/wp-json\/wp\/v2\/posts\/842841\/revisions"}],"predecessor-version":[{"id":842843,"href":"https:\/\/bahiaeconomica.com.br\/wp\/wp-json\/wp\/v2\/posts\/842841\/revisions\/842843"}],"wp:featuredmedia":[{"embeddable":true,"href":"https:\/\/bahiaeconomica.com.br\/wp\/wp-json\/wp\/v2\/media\/842842"}],"wp:attachment":[{"href":"https:\/\/bahiaeconomica.com.br\/wp\/wp-json\/wp\/v2\/media?parent=842841"}],"wp:term":[{"taxonomy":"category","embeddable":true,"href":"https:\/\/bahiaeconomica.com.br\/wp\/wp-json\/wp\/v2\/categories?post=842841"},{"taxonomy":"post_tag","embeddable":true,"href":"https:\/\/bahiaeconomica.com.br\/wp\/wp-json\/wp\/v2\/tags?post=842841"}],"curies":[{"name":"wp","href":"https:\/\/api.w.org\/{rel}","templated":true}]}}