{"id":842796,"date":"2024-09-05T07:00:00","date_gmt":"2024-09-05T10:00:00","guid":{"rendered":"https:\/\/bahiaeconomica.com.br\/wp\/?p=842796"},"modified":"2024-09-05T07:16:53","modified_gmt":"2024-09-05T10:16:53","slug":"industria-baiana-tem-previsao-de-crescimento-de-19-em-2024","status":"publish","type":"post","link":"https:\/\/bahiaeconomica.com.br\/wp\/2024\/09\/05\/industria-baiana-tem-previsao-de-crescimento-de-19-em-2024\/","title":{"rendered":"IND\u00daSTRIA BAIANA TEM PREVIS\u00c3O DE CRESCIMENTO DE 1,9% EM 2024"},"content":{"rendered":"<p>A ind\u00fastria baiana deve crescer em 2024 na m\u00e9dia de 1,9% em rela\u00e7\u00e3o ao ano anterior, taxa semelhante \u00e0 brasileira. Em 2023, o \u00edndice no estado ficou em 1,1% acima do resultado apurado em 2022. Destaque para a chamada ind\u00fastria de transforma\u00e7\u00e3o, beneficiada pela recupera\u00e7\u00e3o da economia, com o aumento da massa salarial e a queda do desemprego para o n\u00edvel de 11,1% na Bahia, podendo chegar a 9% at\u00e9 o final do ano \u2013 contra 14% no ano passado.<\/p>\n<p>A proje\u00e7\u00e3o foi divulgada ontem em primeira m\u00e3o pela Federa\u00e7\u00e3o das Ind\u00fastrias do Estado da Bahia (Fieb), um dia ap\u00f3s o an\u00fancio feito pelo Instituto Brasileiro de Geografia e Estat\u00edstica (IBGE), de que o Produto Interno Bruto (PIB), ou a soma de toda a riqueza produzida no pa\u00eds, teve crescimento de 1,4% no segundo trimestre deste ano em compara\u00e7\u00e3o ao primeiro trimestre.<\/p>\n<p>Por quest\u00f5es metodol\u00f3gicas, o c\u00e1lculo realizado pela Fieb \u00e9 estimado de forma anual, e n\u00e3o trimestral, como feito pelo IBGE. De acordo com o especialista em Desenvolvimento Industrial da Fieb, Carlos Danilo Peres Almeida, o bom desempenho da atividade econ\u00f4mica impactou diretamente setores, como alimentos e bebidas, cal\u00e7ados, t\u00eaxtil e materiais de constru\u00e7\u00e3o (produtos minerais) \u2013 a ind\u00fastria voltada para o consumo final, explicou.<\/p>\n<p>\u201cDiferentemente do Brasil, aqui na Bahia tem muita ind\u00fastria que produz para outra ind\u00fastria, como na \u00e1rea de celulose, pneus (borracha), refino, (segmentos) que n\u00e3o se beneficiaram tanto. Pelo contr\u00e1rio, essas v\u00eam sofrendo muito com os (produtos) importados, como com pneus chineses (vendidos em supermercados), que vem impactando sobremaneira a ind\u00fastria no Brasil e na Bahia. Assim como na petroqu\u00edmica e refino, com a importa\u00e7\u00e3o de diesel\u201d, afirmou Almeida. \u201cPortanto, uma parte da ind\u00fastria de transforma\u00e7\u00e3o se beneficiou, outra n\u00e3o\u201d, completou.<\/p>\n<p>Foto: Shirley Stolze \/ Ag A TARDE<\/p>\n<p>&nbsp;<\/p>\n","protected":false},"excerpt":{"rendered":"<p>A ind\u00fastria baiana deve crescer em 2024 na m\u00e9dia de 1,9% em rela\u00e7\u00e3o ao ano anterior, taxa semelhante \u00e0 brasileira. Em 2023, o \u00edndice no estado ficou em 1,1% acima do resultado apurado em 2022. Destaque para a chamada ind\u00fastria de transforma\u00e7\u00e3o, beneficiada pela recupera\u00e7\u00e3o da economia, com o aumento da massa salarial e a [&hellip;]<\/p>\n","protected":false},"author":8,"featured_media":842797,"comment_status":"closed","ping_status":"closed","sticky":false,"template":"","format":"standard","meta":[],"categories":[14,3],"tags":[910,1175,490],"acf":[],"yoast_head":"<!-- This site is optimized with the Yoast SEO plugin v20.8 - https:\/\/yoast.com\/wordpress\/plugins\/seo\/ -->\n<title>IND\u00daSTRIA BAIANA TEM PREVIS\u00c3O DE CRESCIMENTO DE 1,9% EM 2024 - Bahia Economica<\/title>\n<meta name=\"description\" content=\"O maior portal de Economia da Bahia DESTAQUE DO DIA, ECONOMIA \/ POL\u00cdTICA Bahia Economica em primeira m\u00e3o pela Federa\u00e7\u00e3o das Ind\u00fastrias do Estado\" \/>\n<meta name=\"robots\" content=\"index, follow, max-snippet:-1, max-image-preview:large, max-video-preview:-1\" \/>\n<link rel=\"canonical\" href=\"https:\/\/bahiaeconomica.com.br\/wp\/2024\/09\/05\/industria-baiana-tem-previsao-de-crescimento-de-19-em-2024\/\" \/>\n<meta property=\"og:locale\" content=\"pt_BR\" \/>\n<meta property=\"og:type\" content=\"article\" \/>\n<meta property=\"og:title\" content=\"IND\u00daSTRIA BAIANA TEM PREVIS\u00c3O DE CRESCIMENTO DE 1,9% EM 2024 - Bahia Economica\" \/>\n<meta property=\"og:description\" content=\"O maior portal de Economia da Bahia DESTAQUE DO DIA, ECONOMIA \/ POL\u00cdTICA Bahia Economica em primeira m\u00e3o pela Federa\u00e7\u00e3o das Ind\u00fastrias do Estado\" \/>\n<meta property=\"og:url\" content=\"https:\/\/bahiaeconomica.com.br\/wp\/2024\/09\/05\/industria-baiana-tem-previsao-de-crescimento-de-19-em-2024\/\" \/>\n<meta property=\"og:site_name\" content=\"Bahia Economica\" \/>\n<meta property=\"article:publisher\" content=\"https:\/\/www.facebook.com\/bahiaeconomica\" \/>\n<meta property=\"article:published_time\" content=\"2024-09-05T10:00:00+00:00\" \/>\n<meta property=\"article:modified_time\" content=\"2024-09-05T10:16:53+00:00\" \/>\n<meta property=\"og:image\" content=\"https:\/\/bahiaeconomica.com.br\/wp\/wp-content\/uploads\/2024\/09\/Industria-baiana-tem-previsao-de-crescimento-de-190128562800202409042250-ScaleDownProportional.webp\" \/>\n\t<meta property=\"og:image:width\" content=\"1195\" \/>\n\t<meta property=\"og:image:height\" content=\"720\" \/>\n\t<meta property=\"og:image:type\" content=\"image\/webp\" \/>\n<meta name=\"author\" content=\"JP\" \/>\n<meta name=\"twitter:card\" content=\"summary_large_image\" \/>\n<meta name=\"twitter:label1\" content=\"Escrito por\" \/>\n\t<meta name=\"twitter:data1\" content=\"JP\" \/>\n\t<meta name=\"twitter:label2\" content=\"Est. tempo de leitura\" \/>\n\t<meta name=\"twitter:data2\" content=\"2 minutos\" \/>\n<script type=\"application\/ld+json\" class=\"yoast-schema-graph\">{\"@context\":\"https:\/\/schema.org\",\"@graph\":[{\"@type\":\"Article\",\"@id\":\"https:\/\/bahiaeconomica.com.br\/wp\/2024\/09\/05\/industria-baiana-tem-previsao-de-crescimento-de-19-em-2024\/#article\",\"isPartOf\":{\"@id\":\"https:\/\/bahiaeconomica.com.br\/wp\/2024\/09\/05\/industria-baiana-tem-previsao-de-crescimento-de-19-em-2024\/\"},\"author\":{\"name\":\"JP\",\"@id\":\"https:\/\/bahiaeconomica.com.br\/wp\/#\/schema\/person\/c86d3a3f8960425a0f9d0e5245991f4e\"},\"headline\":\"IND\u00daSTRIA BAIANA TEM PREVIS\u00c3O DE CRESCIMENTO DE 1,9% EM 2024\",\"datePublished\":\"2024-09-05T10:00:00+00:00\",\"dateModified\":\"2024-09-05T10:16:53+00:00\",\"mainEntityOfPage\":{\"@id\":\"https:\/\/bahiaeconomica.com.br\/wp\/2024\/09\/05\/industria-baiana-tem-previsao-de-crescimento-de-19-em-2024\/\"},\"wordCount\":327,\"publisher\":{\"@id\":\"https:\/\/bahiaeconomica.com.br\/wp\/#organization\"},\"keywords\":[\"baiana\",\"crescimento\",\"ind\u00fastria\"],\"articleSection\":[\"DESTAQUE DO DIA\",\"ECONOMIA \/ POL\u00cdTICA\"],\"inLanguage\":\"pt-BR\"},{\"@type\":\"WebPage\",\"@id\":\"https:\/\/bahiaeconomica.com.br\/wp\/2024\/09\/05\/industria-baiana-tem-previsao-de-crescimento-de-19-em-2024\/\",\"url\":\"https:\/\/bahiaeconomica.com.br\/wp\/2024\/09\/05\/industria-baiana-tem-previsao-de-crescimento-de-19-em-2024\/\",\"name\":\"IND\u00daSTRIA BAIANA TEM PREVIS\u00c3O DE CRESCIMENTO DE 1,9% EM 2024 - Bahia Economica\",\"isPartOf\":{\"@id\":\"https:\/\/bahiaeconomica.com.br\/wp\/#website\"},\"datePublished\":\"2024-09-05T10:00:00+00:00\",\"dateModified\":\"2024-09-05T10:16:53+00:00\",\"description\":\"O maior portal de Economia da Bahia DESTAQUE DO DIA, ECONOMIA \/ POL\u00cdTICA Bahia Economica em primeira m\u00e3o pela Federa\u00e7\u00e3o das Ind\u00fastrias do Estado\",\"breadcrumb\":{\"@id\":\"https:\/\/bahiaeconomica.com.br\/wp\/2024\/09\/05\/industria-baiana-tem-previsao-de-crescimento-de-19-em-2024\/#breadcrumb\"},\"inLanguage\":\"pt-BR\",\"potentialAction\":[{\"@type\":\"ReadAction\",\"target\":[\"https:\/\/bahiaeconomica.com.br\/wp\/2024\/09\/05\/industria-baiana-tem-previsao-de-crescimento-de-19-em-2024\/\"]}]},{\"@type\":\"BreadcrumbList\",\"@id\":\"https:\/\/bahiaeconomica.com.br\/wp\/2024\/09\/05\/industria-baiana-tem-previsao-de-crescimento-de-19-em-2024\/#breadcrumb\",\"itemListElement\":[{\"@type\":\"ListItem\",\"position\":1,\"name\":\"In\u00edcio\",\"item\":\"https:\/\/bahiaeconomica.com.br\/wp\/\"},{\"@type\":\"ListItem\",\"position\":2,\"name\":\"IND\u00daSTRIA BAIANA TEM PREVIS\u00c3O DE CRESCIMENTO DE 1,9% EM 2024\"}]},{\"@type\":\"WebSite\",\"@id\":\"https:\/\/bahiaeconomica.com.br\/wp\/#website\",\"url\":\"https:\/\/bahiaeconomica.com.br\/wp\/\",\"name\":\"Bahia Economica\",\"description\":\"O maior portal de Economia da Bahia\",\"publisher\":{\"@id\":\"https:\/\/bahiaeconomica.com.br\/wp\/#organization\"},\"potentialAction\":[{\"@type\":\"SearchAction\",\"target\":{\"@type\":\"EntryPoint\",\"urlTemplate\":\"https:\/\/bahiaeconomica.com.br\/wp\/?s={search_term_string}\"},\"query-input\":\"required name=search_term_string\"}],\"inLanguage\":\"pt-BR\"},{\"@type\":\"Organization\",\"@id\":\"https:\/\/bahiaeconomica.com.br\/wp\/#organization\",\"name\":\"Bahia Econ\u00f4mica\",\"url\":\"https:\/\/bahiaeconomica.com.br\/wp\/\",\"logo\":{\"@type\":\"ImageObject\",\"inLanguage\":\"pt-BR\",\"@id\":\"https:\/\/bahiaeconomica.com.br\/wp\/#\/schema\/logo\/image\/\",\"url\":\"https:\/\/bahiaeconomica.com.br\/wp\/wp-content\/uploads\/2020\/12\/cropped-BE.png\",\"contentUrl\":\"https:\/\/bahiaeconomica.com.br\/wp\/wp-content\/uploads\/2020\/12\/cropped-BE.png\",\"width\":512,\"height\":512,\"caption\":\"Bahia Econ\u00f4mica\"},\"image\":{\"@id\":\"https:\/\/bahiaeconomica.com.br\/wp\/#\/schema\/logo\/image\/\"},\"sameAs\":[\"https:\/\/www.facebook.com\/bahiaeconomica\"]},{\"@type\":\"Person\",\"@id\":\"https:\/\/bahiaeconomica.com.br\/wp\/#\/schema\/person\/c86d3a3f8960425a0f9d0e5245991f4e\",\"name\":\"JP\",\"sameAs\":[\"https:\/\/bahiaeconomica.com.br\/wp\/beta\/\"],\"url\":\"https:\/\/bahiaeconomica.com.br\/wp\/author\/jp\/\"}]}<\/script>\n<!-- \/ Yoast SEO plugin. -->","yoast_head_json":{"title":"IND\u00daSTRIA BAIANA TEM PREVIS\u00c3O DE CRESCIMENTO DE 1,9% EM 2024 - Bahia Economica","description":"O maior portal de Economia da Bahia DESTAQUE DO DIA, ECONOMIA \/ POL\u00cdTICA Bahia Economica em primeira m\u00e3o pela Federa\u00e7\u00e3o das Ind\u00fastrias do Estado","robots":{"index":"index","follow":"follow","max-snippet":"max-snippet:-1","max-image-preview":"max-image-preview:large","max-video-preview":"max-video-preview:-1"},"canonical":"https:\/\/bahiaeconomica.com.br\/wp\/2024\/09\/05\/industria-baiana-tem-previsao-de-crescimento-de-19-em-2024\/","og_locale":"pt_BR","og_type":"article","og_title":"IND\u00daSTRIA BAIANA TEM PREVIS\u00c3O DE CRESCIMENTO DE 1,9% EM 2024 - Bahia Economica","og_description":"O maior portal de Economia da Bahia DESTAQUE DO DIA, ECONOMIA \/ POL\u00cdTICA Bahia Economica em primeira m\u00e3o pela Federa\u00e7\u00e3o das Ind\u00fastrias do Estado","og_url":"https:\/\/bahiaeconomica.com.br\/wp\/2024\/09\/05\/industria-baiana-tem-previsao-de-crescimento-de-19-em-2024\/","og_site_name":"Bahia Economica","article_publisher":"https:\/\/www.facebook.com\/bahiaeconomica","article_published_time":"2024-09-05T10:00:00+00:00","article_modified_time":"2024-09-05T10:16:53+00:00","og_image":[{"width":1195,"height":720,"url":"https:\/\/bahiaeconomica.com.br\/wp\/wp-content\/uploads\/2024\/09\/Industria-baiana-tem-previsao-de-crescimento-de-190128562800202409042250-ScaleDownProportional.webp","type":"image\/webp"}],"author":"JP","twitter_card":"summary_large_image","twitter_misc":{"Escrito por":"JP","Est. tempo de leitura":"2 minutos"},"schema":{"@context":"https:\/\/schema.org","@graph":[{"@type":"Article","@id":"https:\/\/bahiaeconomica.com.br\/wp\/2024\/09\/05\/industria-baiana-tem-previsao-de-crescimento-de-19-em-2024\/#article","isPartOf":{"@id":"https:\/\/bahiaeconomica.com.br\/wp\/2024\/09\/05\/industria-baiana-tem-previsao-de-crescimento-de-19-em-2024\/"},"author":{"name":"JP","@id":"https:\/\/bahiaeconomica.com.br\/wp\/#\/schema\/person\/c86d3a3f8960425a0f9d0e5245991f4e"},"headline":"IND\u00daSTRIA BAIANA TEM PREVIS\u00c3O DE CRESCIMENTO DE 1,9% EM 2024","datePublished":"2024-09-05T10:00:00+00:00","dateModified":"2024-09-05T10:16:53+00:00","mainEntityOfPage":{"@id":"https:\/\/bahiaeconomica.com.br\/wp\/2024\/09\/05\/industria-baiana-tem-previsao-de-crescimento-de-19-em-2024\/"},"wordCount":327,"publisher":{"@id":"https:\/\/bahiaeconomica.com.br\/wp\/#organization"},"keywords":["baiana","crescimento","ind\u00fastria"],"articleSection":["DESTAQUE DO DIA","ECONOMIA \/ POL\u00cdTICA"],"inLanguage":"pt-BR"},{"@type":"WebPage","@id":"https:\/\/bahiaeconomica.com.br\/wp\/2024\/09\/05\/industria-baiana-tem-previsao-de-crescimento-de-19-em-2024\/","url":"https:\/\/bahiaeconomica.com.br\/wp\/2024\/09\/05\/industria-baiana-tem-previsao-de-crescimento-de-19-em-2024\/","name":"IND\u00daSTRIA BAIANA TEM PREVIS\u00c3O DE CRESCIMENTO DE 1,9% EM 2024 - Bahia Economica","isPartOf":{"@id":"https:\/\/bahiaeconomica.com.br\/wp\/#website"},"datePublished":"2024-09-05T10:00:00+00:00","dateModified":"2024-09-05T10:16:53+00:00","description":"O maior portal de Economia da Bahia DESTAQUE DO DIA, ECONOMIA \/ POL\u00cdTICA Bahia Economica em primeira m\u00e3o pela Federa\u00e7\u00e3o das Ind\u00fastrias do Estado","breadcrumb":{"@id":"https:\/\/bahiaeconomica.com.br\/wp\/2024\/09\/05\/industria-baiana-tem-previsao-de-crescimento-de-19-em-2024\/#breadcrumb"},"inLanguage":"pt-BR","potentialAction":[{"@type":"ReadAction","target":["https:\/\/bahiaeconomica.com.br\/wp\/2024\/09\/05\/industria-baiana-tem-previsao-de-crescimento-de-19-em-2024\/"]}]},{"@type":"BreadcrumbList","@id":"https:\/\/bahiaeconomica.com.br\/wp\/2024\/09\/05\/industria-baiana-tem-previsao-de-crescimento-de-19-em-2024\/#breadcrumb","itemListElement":[{"@type":"ListItem","position":1,"name":"In\u00edcio","item":"https:\/\/bahiaeconomica.com.br\/wp\/"},{"@type":"ListItem","position":2,"name":"IND\u00daSTRIA BAIANA TEM PREVIS\u00c3O DE CRESCIMENTO DE 1,9% EM 2024"}]},{"@type":"WebSite","@id":"https:\/\/bahiaeconomica.com.br\/wp\/#website","url":"https:\/\/bahiaeconomica.com.br\/wp\/","name":"Bahia Economica","description":"O maior portal de Economia da Bahia","publisher":{"@id":"https:\/\/bahiaeconomica.com.br\/wp\/#organization"},"potentialAction":[{"@type":"SearchAction","target":{"@type":"EntryPoint","urlTemplate":"https:\/\/bahiaeconomica.com.br\/wp\/?s={search_term_string}"},"query-input":"required name=search_term_string"}],"inLanguage":"pt-BR"},{"@type":"Organization","@id":"https:\/\/bahiaeconomica.com.br\/wp\/#organization","name":"Bahia Econ\u00f4mica","url":"https:\/\/bahiaeconomica.com.br\/wp\/","logo":{"@type":"ImageObject","inLanguage":"pt-BR","@id":"https:\/\/bahiaeconomica.com.br\/wp\/#\/schema\/logo\/image\/","url":"https:\/\/bahiaeconomica.com.br\/wp\/wp-content\/uploads\/2020\/12\/cropped-BE.png","contentUrl":"https:\/\/bahiaeconomica.com.br\/wp\/wp-content\/uploads\/2020\/12\/cropped-BE.png","width":512,"height":512,"caption":"Bahia Econ\u00f4mica"},"image":{"@id":"https:\/\/bahiaeconomica.com.br\/wp\/#\/schema\/logo\/image\/"},"sameAs":["https:\/\/www.facebook.com\/bahiaeconomica"]},{"@type":"Person","@id":"https:\/\/bahiaeconomica.com.br\/wp\/#\/schema\/person\/c86d3a3f8960425a0f9d0e5245991f4e","name":"JP","sameAs":["https:\/\/bahiaeconomica.com.br\/wp\/beta\/"],"url":"https:\/\/bahiaeconomica.com.br\/wp\/author\/jp\/"}]}},"views":42,"_links":{"self":[{"href":"https:\/\/bahiaeconomica.com.br\/wp\/wp-json\/wp\/v2\/posts\/842796"}],"collection":[{"href":"https:\/\/bahiaeconomica.com.br\/wp\/wp-json\/wp\/v2\/posts"}],"about":[{"href":"https:\/\/bahiaeconomica.com.br\/wp\/wp-json\/wp\/v2\/types\/post"}],"author":[{"embeddable":true,"href":"https:\/\/bahiaeconomica.com.br\/wp\/wp-json\/wp\/v2\/users\/8"}],"replies":[{"embeddable":true,"href":"https:\/\/bahiaeconomica.com.br\/wp\/wp-json\/wp\/v2\/comments?post=842796"}],"version-history":[{"count":1,"href":"https:\/\/bahiaeconomica.com.br\/wp\/wp-json\/wp\/v2\/posts\/842796\/revisions"}],"predecessor-version":[{"id":842798,"href":"https:\/\/bahiaeconomica.com.br\/wp\/wp-json\/wp\/v2\/posts\/842796\/revisions\/842798"}],"wp:featuredmedia":[{"embeddable":true,"href":"https:\/\/bahiaeconomica.com.br\/wp\/wp-json\/wp\/v2\/media\/842797"}],"wp:attachment":[{"href":"https:\/\/bahiaeconomica.com.br\/wp\/wp-json\/wp\/v2\/media?parent=842796"}],"wp:term":[{"taxonomy":"category","embeddable":true,"href":"https:\/\/bahiaeconomica.com.br\/wp\/wp-json\/wp\/v2\/categories?post=842796"},{"taxonomy":"post_tag","embeddable":true,"href":"https:\/\/bahiaeconomica.com.br\/wp\/wp-json\/wp\/v2\/tags?post=842796"}],"curies":[{"name":"wp","href":"https:\/\/api.w.org\/{rel}","templated":true}]}}