{"id":842418,"date":"2024-09-03T19:59:22","date_gmt":"2024-09-03T22:59:22","guid":{"rendered":"https:\/\/bahiaeconomica.com.br\/wp\/?p=842418"},"modified":"2024-09-03T19:08:17","modified_gmt":"2024-09-03T22:08:17","slug":"salvador-recebe-novo-lote-da-vacina-xbb-e-retoma-aplicacao-ao-publico-infantil","status":"publish","type":"post","link":"https:\/\/bahiaeconomica.com.br\/wp\/2024\/09\/03\/salvador-recebe-novo-lote-da-vacina-xbb-e-retoma-aplicacao-ao-publico-infantil\/","title":{"rendered":"SALVADOR RECEBE NOVO LOTE DA VACINA XBB E RETOMA APLICA\u00c7\u00c3O AO P\u00daBLICO INFANTIL"},"content":{"rendered":"<p>A Secretaria Municipal da Sa\u00fade (SMS) recebeu um novo lote da vacina XBB pedi\u00e1trica nesta ter\u00e7a-feira (3\/9). Com isso, a imuniza\u00e7\u00e3o para o p\u00fablico infantil ser\u00e1 retomada em Salvador a partir desta quarta-feira (4), exclusivamente em unidades de sa\u00fade refer\u00eancia para aplica\u00e7\u00e3o da dose.<\/p>\n<p>A nova remessa enviada pelo Governo Federal garante cerca de duas mil doses nos postos de sa\u00fade. A vacina\u00e7\u00e3o do p\u00fablico pedi\u00e1trico estava suspensa na capital baiana desde o \u00faltimo dia 26 de agosto.<\/p>\n<p>Podem buscar o imunizante, os pequenos de seis meses at\u00e9 4 anos; crian\u00e7as de 5 at\u00e9 11 anos que perten\u00e7a ao grupo priorit\u00e1rio, ou seja, que seja immunossupresso ou que tenha alguma comorbidade eleg\u00edvel pelo Minist\u00e9rio da Sa\u00fade (MS).<\/p>\n<p>Foto: Bruno Concha\/Secom Pms<\/p>\n","protected":false},"excerpt":{"rendered":"<p>A Secretaria Municipal da Sa\u00fade (SMS) recebeu um novo lote da vacina XBB pedi\u00e1trica nesta ter\u00e7a-feira (3\/9). Com isso, a imuniza\u00e7\u00e3o para o p\u00fablico infantil ser\u00e1 retomada em Salvador a partir desta quarta-feira (4), exclusivamente em unidades de sa\u00fade refer\u00eancia para aplica\u00e7\u00e3o da dose. A nova remessa enviada pelo Governo Federal garante cerca de duas [&hellip;]<\/p>\n","protected":false},"author":15,"featured_media":842422,"comment_status":"closed","ping_status":"closed","sticky":false,"template":"","format":"standard","meta":[],"categories":[21],"tags":[73,169,32794],"acf":[],"yoast_head":"<!-- This site is optimized with the Yoast SEO plugin v20.8 - https:\/\/yoast.com\/wordpress\/plugins\/seo\/ -->\n<title>SALVADOR RECEBE NOVO LOTE DA VACINA XBB E RETOMA APLICA\u00c7\u00c3O AO P\u00daBLICO INFANTIL - Bahia Economica<\/title>\n<meta name=\"description\" content=\"O maior portal de Economia da Bahia Sa\u00fade \/ Educa\u00e7\u00e3o Bahia Economica A Secretaria Municipal da Sa\u00fade (SMS) recebeu um novo lote\" \/>\n<meta name=\"robots\" content=\"index, follow, max-snippet:-1, max-image-preview:large, max-video-preview:-1\" \/>\n<link rel=\"canonical\" href=\"https:\/\/bahiaeconomica.com.br\/wp\/2024\/09\/03\/salvador-recebe-novo-lote-da-vacina-xbb-e-retoma-aplicacao-ao-publico-infantil\/\" \/>\n<meta property=\"og:locale\" content=\"pt_BR\" \/>\n<meta property=\"og:type\" content=\"article\" \/>\n<meta property=\"og:title\" content=\"SALVADOR RECEBE NOVO LOTE DA VACINA XBB E RETOMA APLICA\u00c7\u00c3O AO P\u00daBLICO INFANTIL - Bahia Economica\" \/>\n<meta property=\"og:description\" content=\"O maior portal de Economia da Bahia Sa\u00fade \/ Educa\u00e7\u00e3o Bahia Economica A Secretaria Municipal da Sa\u00fade (SMS) recebeu um novo lote\" \/>\n<meta property=\"og:url\" content=\"https:\/\/bahiaeconomica.com.br\/wp\/2024\/09\/03\/salvador-recebe-novo-lote-da-vacina-xbb-e-retoma-aplicacao-ao-publico-infantil\/\" \/>\n<meta property=\"og:site_name\" content=\"Bahia Economica\" \/>\n<meta property=\"article:publisher\" content=\"https:\/\/www.facebook.com\/bahiaeconomica\" \/>\n<meta property=\"article:published_time\" content=\"2024-09-03T22:59:22+00:00\" \/>\n<meta property=\"article:modified_time\" content=\"2024-09-03T22:08:17+00:00\" \/>\n<meta property=\"og:image\" content=\"https:\/\/bahiaeconomica.com.br\/wp\/wp-content\/uploads\/2024\/09\/21_05_2024_Vacina_Fot-Bruno-Concha_Secom_Pms-6-scaled.jpg\" \/>\n\t<meta property=\"og:image:width\" content=\"2560\" \/>\n\t<meta property=\"og:image:height\" content=\"1707\" \/>\n\t<meta property=\"og:image:type\" content=\"image\/jpeg\" \/>\n<meta name=\"author\" content=\"VICTORIA ISABEL\" \/>\n<meta name=\"twitter:card\" content=\"summary_large_image\" \/>\n<meta name=\"twitter:label1\" content=\"Escrito por\" \/>\n\t<meta name=\"twitter:data1\" content=\"VICTORIA ISABEL\" \/>\n\t<meta name=\"twitter:label2\" content=\"Est. tempo de leitura\" \/>\n\t<meta name=\"twitter:data2\" content=\"1 minuto\" \/>\n<script type=\"application\/ld+json\" class=\"yoast-schema-graph\">{\"@context\":\"https:\/\/schema.org\",\"@graph\":[{\"@type\":\"Article\",\"@id\":\"https:\/\/bahiaeconomica.com.br\/wp\/2024\/09\/03\/salvador-recebe-novo-lote-da-vacina-xbb-e-retoma-aplicacao-ao-publico-infantil\/#article\",\"isPartOf\":{\"@id\":\"https:\/\/bahiaeconomica.com.br\/wp\/2024\/09\/03\/salvador-recebe-novo-lote-da-vacina-xbb-e-retoma-aplicacao-ao-publico-infantil\/\"},\"author\":{\"name\":\"VICTORIA ISABEL\",\"@id\":\"https:\/\/bahiaeconomica.com.br\/wp\/#\/schema\/person\/b719ce0fb1c09f3c7a00d9243ced4a6f\"},\"headline\":\"SALVADOR RECEBE NOVO LOTE DA VACINA XBB E RETOMA APLICA\u00c7\u00c3O AO P\u00daBLICO INFANTIL\",\"datePublished\":\"2024-09-03T22:59:22+00:00\",\"dateModified\":\"2024-09-03T22:08:17+00:00\",\"mainEntityOfPage\":{\"@id\":\"https:\/\/bahiaeconomica.com.br\/wp\/2024\/09\/03\/salvador-recebe-novo-lote-da-vacina-xbb-e-retoma-aplicacao-ao-publico-infantil\/\"},\"wordCount\":149,\"publisher\":{\"@id\":\"https:\/\/bahiaeconomica.com.br\/wp\/#organization\"},\"keywords\":[\"Salvador\",\"SMS\",\"XBB\"],\"articleSection\":[\"Sa\u00fade \/ Educa\u00e7\u00e3o\"],\"inLanguage\":\"pt-BR\"},{\"@type\":\"WebPage\",\"@id\":\"https:\/\/bahiaeconomica.com.br\/wp\/2024\/09\/03\/salvador-recebe-novo-lote-da-vacina-xbb-e-retoma-aplicacao-ao-publico-infantil\/\",\"url\":\"https:\/\/bahiaeconomica.com.br\/wp\/2024\/09\/03\/salvador-recebe-novo-lote-da-vacina-xbb-e-retoma-aplicacao-ao-publico-infantil\/\",\"name\":\"SALVADOR RECEBE NOVO LOTE DA VACINA XBB E RETOMA APLICA\u00c7\u00c3O AO P\u00daBLICO INFANTIL - Bahia Economica\",\"isPartOf\":{\"@id\":\"https:\/\/bahiaeconomica.com.br\/wp\/#website\"},\"datePublished\":\"2024-09-03T22:59:22+00:00\",\"dateModified\":\"2024-09-03T22:08:17+00:00\",\"description\":\"O maior portal de Economia da Bahia Sa\u00fade \/ Educa\u00e7\u00e3o Bahia Economica A Secretaria Municipal da Sa\u00fade (SMS) recebeu um novo lote\",\"breadcrumb\":{\"@id\":\"https:\/\/bahiaeconomica.com.br\/wp\/2024\/09\/03\/salvador-recebe-novo-lote-da-vacina-xbb-e-retoma-aplicacao-ao-publico-infantil\/#breadcrumb\"},\"inLanguage\":\"pt-BR\",\"potentialAction\":[{\"@type\":\"ReadAction\",\"target\":[\"https:\/\/bahiaeconomica.com.br\/wp\/2024\/09\/03\/salvador-recebe-novo-lote-da-vacina-xbb-e-retoma-aplicacao-ao-publico-infantil\/\"]}]},{\"@type\":\"BreadcrumbList\",\"@id\":\"https:\/\/bahiaeconomica.com.br\/wp\/2024\/09\/03\/salvador-recebe-novo-lote-da-vacina-xbb-e-retoma-aplicacao-ao-publico-infantil\/#breadcrumb\",\"itemListElement\":[{\"@type\":\"ListItem\",\"position\":1,\"name\":\"In\u00edcio\",\"item\":\"https:\/\/bahiaeconomica.com.br\/wp\/\"},{\"@type\":\"ListItem\",\"position\":2,\"name\":\"SALVADOR RECEBE NOVO LOTE DA VACINA XBB E RETOMA APLICA\u00c7\u00c3O AO P\u00daBLICO INFANTIL\"}]},{\"@type\":\"WebSite\",\"@id\":\"https:\/\/bahiaeconomica.com.br\/wp\/#website\",\"url\":\"https:\/\/bahiaeconomica.com.br\/wp\/\",\"name\":\"Bahia Economica\",\"description\":\"O maior portal de Economia da Bahia\",\"publisher\":{\"@id\":\"https:\/\/bahiaeconomica.com.br\/wp\/#organization\"},\"potentialAction\":[{\"@type\":\"SearchAction\",\"target\":{\"@type\":\"EntryPoint\",\"urlTemplate\":\"https:\/\/bahiaeconomica.com.br\/wp\/?s={search_term_string}\"},\"query-input\":\"required name=search_term_string\"}],\"inLanguage\":\"pt-BR\"},{\"@type\":\"Organization\",\"@id\":\"https:\/\/bahiaeconomica.com.br\/wp\/#organization\",\"name\":\"Bahia Econ\u00f4mica\",\"url\":\"https:\/\/bahiaeconomica.com.br\/wp\/\",\"logo\":{\"@type\":\"ImageObject\",\"inLanguage\":\"pt-BR\",\"@id\":\"https:\/\/bahiaeconomica.com.br\/wp\/#\/schema\/logo\/image\/\",\"url\":\"https:\/\/bahiaeconomica.com.br\/wp\/wp-content\/uploads\/2020\/12\/cropped-BE.png\",\"contentUrl\":\"https:\/\/bahiaeconomica.com.br\/wp\/wp-content\/uploads\/2020\/12\/cropped-BE.png\",\"width\":512,\"height\":512,\"caption\":\"Bahia Econ\u00f4mica\"},\"image\":{\"@id\":\"https:\/\/bahiaeconomica.com.br\/wp\/#\/schema\/logo\/image\/\"},\"sameAs\":[\"https:\/\/www.facebook.com\/bahiaeconomica\"]},{\"@type\":\"Person\",\"@id\":\"https:\/\/bahiaeconomica.com.br\/wp\/#\/schema\/person\/b719ce0fb1c09f3c7a00d9243ced4a6f\",\"name\":\"VICTORIA ISABEL\",\"sameAs\":[\"http:\/\/www.bahiaeconomica.com.br\"],\"url\":\"https:\/\/bahiaeconomica.com.br\/wp\/author\/victoria-isabel\/\"}]}<\/script>\n<!-- \/ Yoast SEO plugin. -->","yoast_head_json":{"title":"SALVADOR RECEBE NOVO LOTE DA VACINA XBB E RETOMA APLICA\u00c7\u00c3O AO P\u00daBLICO INFANTIL - Bahia Economica","description":"O maior portal de Economia da Bahia Sa\u00fade \/ Educa\u00e7\u00e3o Bahia Economica A Secretaria Municipal da Sa\u00fade (SMS) recebeu um novo lote","robots":{"index":"index","follow":"follow","max-snippet":"max-snippet:-1","max-image-preview":"max-image-preview:large","max-video-preview":"max-video-preview:-1"},"canonical":"https:\/\/bahiaeconomica.com.br\/wp\/2024\/09\/03\/salvador-recebe-novo-lote-da-vacina-xbb-e-retoma-aplicacao-ao-publico-infantil\/","og_locale":"pt_BR","og_type":"article","og_title":"SALVADOR RECEBE NOVO LOTE DA VACINA XBB E RETOMA APLICA\u00c7\u00c3O AO P\u00daBLICO INFANTIL - Bahia Economica","og_description":"O maior portal de Economia da Bahia Sa\u00fade \/ Educa\u00e7\u00e3o Bahia Economica A Secretaria Municipal da Sa\u00fade (SMS) recebeu um novo lote","og_url":"https:\/\/bahiaeconomica.com.br\/wp\/2024\/09\/03\/salvador-recebe-novo-lote-da-vacina-xbb-e-retoma-aplicacao-ao-publico-infantil\/","og_site_name":"Bahia Economica","article_publisher":"https:\/\/www.facebook.com\/bahiaeconomica","article_published_time":"2024-09-03T22:59:22+00:00","article_modified_time":"2024-09-03T22:08:17+00:00","og_image":[{"width":2560,"height":1707,"url":"https:\/\/bahiaeconomica.com.br\/wp\/wp-content\/uploads\/2024\/09\/21_05_2024_Vacina_Fot-Bruno-Concha_Secom_Pms-6-scaled.jpg","type":"image\/jpeg"}],"author":"VICTORIA ISABEL","twitter_card":"summary_large_image","twitter_misc":{"Escrito por":"VICTORIA ISABEL","Est. tempo de leitura":"1 minuto"},"schema":{"@context":"https:\/\/schema.org","@graph":[{"@type":"Article","@id":"https:\/\/bahiaeconomica.com.br\/wp\/2024\/09\/03\/salvador-recebe-novo-lote-da-vacina-xbb-e-retoma-aplicacao-ao-publico-infantil\/#article","isPartOf":{"@id":"https:\/\/bahiaeconomica.com.br\/wp\/2024\/09\/03\/salvador-recebe-novo-lote-da-vacina-xbb-e-retoma-aplicacao-ao-publico-infantil\/"},"author":{"name":"VICTORIA ISABEL","@id":"https:\/\/bahiaeconomica.com.br\/wp\/#\/schema\/person\/b719ce0fb1c09f3c7a00d9243ced4a6f"},"headline":"SALVADOR RECEBE NOVO LOTE DA VACINA XBB E RETOMA APLICA\u00c7\u00c3O AO P\u00daBLICO INFANTIL","datePublished":"2024-09-03T22:59:22+00:00","dateModified":"2024-09-03T22:08:17+00:00","mainEntityOfPage":{"@id":"https:\/\/bahiaeconomica.com.br\/wp\/2024\/09\/03\/salvador-recebe-novo-lote-da-vacina-xbb-e-retoma-aplicacao-ao-publico-infantil\/"},"wordCount":149,"publisher":{"@id":"https:\/\/bahiaeconomica.com.br\/wp\/#organization"},"keywords":["Salvador","SMS","XBB"],"articleSection":["Sa\u00fade \/ Educa\u00e7\u00e3o"],"inLanguage":"pt-BR"},{"@type":"WebPage","@id":"https:\/\/bahiaeconomica.com.br\/wp\/2024\/09\/03\/salvador-recebe-novo-lote-da-vacina-xbb-e-retoma-aplicacao-ao-publico-infantil\/","url":"https:\/\/bahiaeconomica.com.br\/wp\/2024\/09\/03\/salvador-recebe-novo-lote-da-vacina-xbb-e-retoma-aplicacao-ao-publico-infantil\/","name":"SALVADOR RECEBE NOVO LOTE DA VACINA XBB E RETOMA APLICA\u00c7\u00c3O AO P\u00daBLICO INFANTIL - Bahia Economica","isPartOf":{"@id":"https:\/\/bahiaeconomica.com.br\/wp\/#website"},"datePublished":"2024-09-03T22:59:22+00:00","dateModified":"2024-09-03T22:08:17+00:00","description":"O maior portal de Economia da Bahia Sa\u00fade \/ Educa\u00e7\u00e3o Bahia Economica A Secretaria Municipal da Sa\u00fade (SMS) recebeu um novo lote","breadcrumb":{"@id":"https:\/\/bahiaeconomica.com.br\/wp\/2024\/09\/03\/salvador-recebe-novo-lote-da-vacina-xbb-e-retoma-aplicacao-ao-publico-infantil\/#breadcrumb"},"inLanguage":"pt-BR","potentialAction":[{"@type":"ReadAction","target":["https:\/\/bahiaeconomica.com.br\/wp\/2024\/09\/03\/salvador-recebe-novo-lote-da-vacina-xbb-e-retoma-aplicacao-ao-publico-infantil\/"]}]},{"@type":"BreadcrumbList","@id":"https:\/\/bahiaeconomica.com.br\/wp\/2024\/09\/03\/salvador-recebe-novo-lote-da-vacina-xbb-e-retoma-aplicacao-ao-publico-infantil\/#breadcrumb","itemListElement":[{"@type":"ListItem","position":1,"name":"In\u00edcio","item":"https:\/\/bahiaeconomica.com.br\/wp\/"},{"@type":"ListItem","position":2,"name":"SALVADOR RECEBE NOVO LOTE DA VACINA XBB E RETOMA APLICA\u00c7\u00c3O AO P\u00daBLICO INFANTIL"}]},{"@type":"WebSite","@id":"https:\/\/bahiaeconomica.com.br\/wp\/#website","url":"https:\/\/bahiaeconomica.com.br\/wp\/","name":"Bahia Economica","description":"O maior portal de Economia da Bahia","publisher":{"@id":"https:\/\/bahiaeconomica.com.br\/wp\/#organization"},"potentialAction":[{"@type":"SearchAction","target":{"@type":"EntryPoint","urlTemplate":"https:\/\/bahiaeconomica.com.br\/wp\/?s={search_term_string}"},"query-input":"required name=search_term_string"}],"inLanguage":"pt-BR"},{"@type":"Organization","@id":"https:\/\/bahiaeconomica.com.br\/wp\/#organization","name":"Bahia Econ\u00f4mica","url":"https:\/\/bahiaeconomica.com.br\/wp\/","logo":{"@type":"ImageObject","inLanguage":"pt-BR","@id":"https:\/\/bahiaeconomica.com.br\/wp\/#\/schema\/logo\/image\/","url":"https:\/\/bahiaeconomica.com.br\/wp\/wp-content\/uploads\/2020\/12\/cropped-BE.png","contentUrl":"https:\/\/bahiaeconomica.com.br\/wp\/wp-content\/uploads\/2020\/12\/cropped-BE.png","width":512,"height":512,"caption":"Bahia Econ\u00f4mica"},"image":{"@id":"https:\/\/bahiaeconomica.com.br\/wp\/#\/schema\/logo\/image\/"},"sameAs":["https:\/\/www.facebook.com\/bahiaeconomica"]},{"@type":"Person","@id":"https:\/\/bahiaeconomica.com.br\/wp\/#\/schema\/person\/b719ce0fb1c09f3c7a00d9243ced4a6f","name":"VICTORIA ISABEL","sameAs":["http:\/\/www.bahiaeconomica.com.br"],"url":"https:\/\/bahiaeconomica.com.br\/wp\/author\/victoria-isabel\/"}]}},"views":9,"_links":{"self":[{"href":"https:\/\/bahiaeconomica.com.br\/wp\/wp-json\/wp\/v2\/posts\/842418"}],"collection":[{"href":"https:\/\/bahiaeconomica.com.br\/wp\/wp-json\/wp\/v2\/posts"}],"about":[{"href":"https:\/\/bahiaeconomica.com.br\/wp\/wp-json\/wp\/v2\/types\/post"}],"author":[{"embeddable":true,"href":"https:\/\/bahiaeconomica.com.br\/wp\/wp-json\/wp\/v2\/users\/15"}],"replies":[{"embeddable":true,"href":"https:\/\/bahiaeconomica.com.br\/wp\/wp-json\/wp\/v2\/comments?post=842418"}],"version-history":[{"count":1,"href":"https:\/\/bahiaeconomica.com.br\/wp\/wp-json\/wp\/v2\/posts\/842418\/revisions"}],"predecessor-version":[{"id":842424,"href":"https:\/\/bahiaeconomica.com.br\/wp\/wp-json\/wp\/v2\/posts\/842418\/revisions\/842424"}],"wp:featuredmedia":[{"embeddable":true,"href":"https:\/\/bahiaeconomica.com.br\/wp\/wp-json\/wp\/v2\/media\/842422"}],"wp:attachment":[{"href":"https:\/\/bahiaeconomica.com.br\/wp\/wp-json\/wp\/v2\/media?parent=842418"}],"wp:term":[{"taxonomy":"category","embeddable":true,"href":"https:\/\/bahiaeconomica.com.br\/wp\/wp-json\/wp\/v2\/categories?post=842418"},{"taxonomy":"post_tag","embeddable":true,"href":"https:\/\/bahiaeconomica.com.br\/wp\/wp-json\/wp\/v2\/tags?post=842418"}],"curies":[{"name":"wp","href":"https:\/\/api.w.org\/{rel}","templated":true}]}}