{"id":842401,"date":"2024-09-03T19:00:27","date_gmt":"2024-09-03T22:00:27","guid":{"rendered":"https:\/\/bahiaeconomica.com.br\/wp\/?p=842401"},"modified":"2024-09-03T17:48:14","modified_gmt":"2024-09-03T20:48:14","slug":"bahia-recebe-sete-mil-turistas-poloneses-em-voos-de-varsovia","status":"publish","type":"post","link":"https:\/\/bahiaeconomica.com.br\/wp\/2024\/09\/03\/bahia-recebe-sete-mil-turistas-poloneses-em-voos-de-varsovia\/","title":{"rendered":"BAHIA RECEBE SETE MIL TURISTAS POLONESES EM VOOS DE VARS\u00d3VIA"},"content":{"rendered":"<p>Na alta temporada 2023-24, a Bahia recebeu cerca de sete mil turistas poloneses, que vieram em voos fretados de Vars\u00f3via (Pol\u00f4nia) para Salvador, injetando R$ 600 milh\u00f5es na economia. A capta\u00e7\u00e3o dos voos, feita pela Secretaria de Turismo do Estado (Setur-BA), em parceria com a Operadora Itaka, a maior do Leste Europeu, est\u00e1 confirmada para o ver\u00e3o 2024-25, com uma frequ\u00eancia semanal.<\/p>\n<p>A not\u00edcia foi tema da reuni\u00e3o, nesta ter\u00e7a-feira (03), do titular da Setur-BA, Maur\u00edcio Bacelar, com a c\u00f4nsul-geral da Pol\u00f4nia, Marta Olkowska, na sede da secretaria, em Salvador. O interc\u00e2mbio tur\u00edstico entre os dois destinos ser\u00e1 celebrado na Noite de Jazz Polon\u00eas, com o renomado pianista Artur Dutkiewicz, nesta quarta (04), a partir das 17h, no Museu de Arte Moderna da Bahia (MAM), na Avenida Contorno.<\/p>\n<p>&#8220;Queremos mostrar que a cultura \u00e9 uma ponte natural entre a Bahia e a Pol\u00f4nia. O concerto de jazz ser\u00e1 uma vitrine para a cena musical polonesa, e aguardamos a apresenta\u00e7\u00e3o da m\u00fasica baiana em Vars\u00f3via. A renova\u00e7\u00e3o dos voos foi fundamental para o estreitamento das nossas rela\u00e7\u00f5es&#8221;, declarou a c\u00f4nsul.<\/p>\n<p>&#8220;Baianos e poloneses est\u00e3o cada vez mais pr\u00f3ximos, com troca de experi\u00eancias que fortalecem o turismo. Isso \u00e9 uma demonstra\u00e7\u00e3o da iniciativa acertada do Governo do Estado de atrair os voos de Vars\u00f3via, que fizeram o destino Bahia entrar no mercado do Leste Europeu, um feito in\u00e9dito&#8221;, ressaltou Bacelar.<\/p>\n<p>Antes do encontro na Setur-BA, o secret\u00e1rio e a c\u00f4nsul visitaram o Mercado Modelo, um dos principais cart\u00f5es-postais da capital, onde a representante do Governo da Pol\u00f4nia comprou arte baiana e trouxe uma curiosidade sobre o local. &#8220;Na hist\u00f3ria de Salvador, h\u00e1 uma marca dos poloneses, que poucos sabem: o Mercado Modelo foi projetado por um engenheiro polon\u00eas&#8221;, revelou Olkowska.<\/p>\n<p>Foto: Divulga\u00e7\u00e3o<\/p>\n","protected":false},"excerpt":{"rendered":"<p>Na alta temporada 2023-24, a Bahia recebeu cerca de sete mil turistas poloneses, que vieram em voos fretados de Vars\u00f3via (Pol\u00f4nia) para Salvador, injetando R$ 600 milh\u00f5es na economia. A capta\u00e7\u00e3o dos voos, feita pela Secretaria de Turismo do Estado (Setur-BA), em parceria com a Operadora Itaka, a maior do Leste Europeu, est\u00e1 confirmada para [&hellip;]<\/p>\n","protected":false},"author":15,"featured_media":842409,"comment_status":"closed","ping_status":"closed","sticky":false,"template":"","format":"standard","meta":[],"categories":[14,3],"tags":[4260,1384,1131],"acf":[],"yoast_head":"<!-- This site is optimized with the Yoast SEO plugin v20.8 - https:\/\/yoast.com\/wordpress\/plugins\/seo\/ -->\n<title>BAHIA RECEBE SETE MIL TURISTAS POLONESES EM VOOS DE VARS\u00d3VIA - Bahia Economica<\/title>\n<meta name=\"description\" content=\"O maior portal de Economia da Bahia DESTAQUE DO DIA, ECONOMIA \/ POL\u00cdTICA Bahia Economica Na alta temporada 2023-24, a Bahia recebeu cerca de sete mil\" \/>\n<meta name=\"robots\" content=\"index, follow, max-snippet:-1, max-image-preview:large, max-video-preview:-1\" \/>\n<link rel=\"canonical\" href=\"https:\/\/bahiaeconomica.com.br\/wp\/2024\/09\/03\/bahia-recebe-sete-mil-turistas-poloneses-em-voos-de-varsovia\/\" \/>\n<meta property=\"og:locale\" content=\"pt_BR\" \/>\n<meta property=\"og:type\" content=\"article\" \/>\n<meta property=\"og:title\" content=\"BAHIA RECEBE SETE MIL TURISTAS POLONESES EM VOOS DE VARS\u00d3VIA - Bahia Economica\" \/>\n<meta property=\"og:description\" content=\"O maior portal de Economia da Bahia DESTAQUE DO DIA, ECONOMIA \/ POL\u00cdTICA Bahia Economica Na alta temporada 2023-24, a Bahia recebeu cerca de sete mil\" \/>\n<meta property=\"og:url\" content=\"https:\/\/bahiaeconomica.com.br\/wp\/2024\/09\/03\/bahia-recebe-sete-mil-turistas-poloneses-em-voos-de-varsovia\/\" \/>\n<meta property=\"og:site_name\" content=\"Bahia Economica\" \/>\n<meta property=\"article:publisher\" content=\"https:\/\/www.facebook.com\/bahiaeconomica\" \/>\n<meta property=\"article:published_time\" content=\"2024-09-03T22:00:27+00:00\" \/>\n<meta property=\"article:modified_time\" content=\"2024-09-03T20:48:14+00:00\" \/>\n<meta property=\"og:image\" content=\"https:\/\/bahiaeconomica.com.br\/wp\/wp-content\/uploads\/2024\/09\/IMG-20231029-WA0081-1536x864-1.webp\" \/>\n\t<meta property=\"og:image:width\" content=\"1536\" \/>\n\t<meta property=\"og:image:height\" content=\"864\" \/>\n\t<meta property=\"og:image:type\" content=\"image\/webp\" \/>\n<meta name=\"author\" content=\"VICTORIA ISABEL\" \/>\n<meta name=\"twitter:card\" content=\"summary_large_image\" \/>\n<meta name=\"twitter:label1\" content=\"Escrito por\" \/>\n\t<meta name=\"twitter:data1\" content=\"VICTORIA ISABEL\" \/>\n\t<meta name=\"twitter:label2\" content=\"Est. tempo de leitura\" \/>\n\t<meta name=\"twitter:data2\" content=\"2 minutos\" \/>\n<script type=\"application\/ld+json\" class=\"yoast-schema-graph\">{\"@context\":\"https:\/\/schema.org\",\"@graph\":[{\"@type\":\"Article\",\"@id\":\"https:\/\/bahiaeconomica.com.br\/wp\/2024\/09\/03\/bahia-recebe-sete-mil-turistas-poloneses-em-voos-de-varsovia\/#article\",\"isPartOf\":{\"@id\":\"https:\/\/bahiaeconomica.com.br\/wp\/2024\/09\/03\/bahia-recebe-sete-mil-turistas-poloneses-em-voos-de-varsovia\/\"},\"author\":{\"name\":\"VICTORIA ISABEL\",\"@id\":\"https:\/\/bahiaeconomica.com.br\/wp\/#\/schema\/person\/b719ce0fb1c09f3c7a00d9243ced4a6f\"},\"headline\":\"BAHIA RECEBE SETE MIL TURISTAS POLONESES EM VOOS DE VARS\u00d3VIA\",\"datePublished\":\"2024-09-03T22:00:27+00:00\",\"dateModified\":\"2024-09-03T20:48:14+00:00\",\"mainEntityOfPage\":{\"@id\":\"https:\/\/bahiaeconomica.com.br\/wp\/2024\/09\/03\/bahia-recebe-sete-mil-turistas-poloneses-em-voos-de-varsovia\/\"},\"wordCount\":331,\"publisher\":{\"@id\":\"https:\/\/bahiaeconomica.com.br\/wp\/#organization\"},\"keywords\":[\"polonia\",\"turistas\",\"voos\"],\"articleSection\":[\"DESTAQUE DO DIA\",\"ECONOMIA \/ POL\u00cdTICA\"],\"inLanguage\":\"pt-BR\"},{\"@type\":\"WebPage\",\"@id\":\"https:\/\/bahiaeconomica.com.br\/wp\/2024\/09\/03\/bahia-recebe-sete-mil-turistas-poloneses-em-voos-de-varsovia\/\",\"url\":\"https:\/\/bahiaeconomica.com.br\/wp\/2024\/09\/03\/bahia-recebe-sete-mil-turistas-poloneses-em-voos-de-varsovia\/\",\"name\":\"BAHIA RECEBE SETE MIL TURISTAS POLONESES EM VOOS DE VARS\u00d3VIA - Bahia Economica\",\"isPartOf\":{\"@id\":\"https:\/\/bahiaeconomica.com.br\/wp\/#website\"},\"datePublished\":\"2024-09-03T22:00:27+00:00\",\"dateModified\":\"2024-09-03T20:48:14+00:00\",\"description\":\"O maior portal de Economia da Bahia DESTAQUE DO DIA, ECONOMIA \/ POL\u00cdTICA Bahia Economica Na alta temporada 2023-24, a Bahia recebeu cerca de sete mil\",\"breadcrumb\":{\"@id\":\"https:\/\/bahiaeconomica.com.br\/wp\/2024\/09\/03\/bahia-recebe-sete-mil-turistas-poloneses-em-voos-de-varsovia\/#breadcrumb\"},\"inLanguage\":\"pt-BR\",\"potentialAction\":[{\"@type\":\"ReadAction\",\"target\":[\"https:\/\/bahiaeconomica.com.br\/wp\/2024\/09\/03\/bahia-recebe-sete-mil-turistas-poloneses-em-voos-de-varsovia\/\"]}]},{\"@type\":\"BreadcrumbList\",\"@id\":\"https:\/\/bahiaeconomica.com.br\/wp\/2024\/09\/03\/bahia-recebe-sete-mil-turistas-poloneses-em-voos-de-varsovia\/#breadcrumb\",\"itemListElement\":[{\"@type\":\"ListItem\",\"position\":1,\"name\":\"In\u00edcio\",\"item\":\"https:\/\/bahiaeconomica.com.br\/wp\/\"},{\"@type\":\"ListItem\",\"position\":2,\"name\":\"BAHIA RECEBE SETE MIL TURISTAS POLONESES EM VOOS DE VARS\u00d3VIA\"}]},{\"@type\":\"WebSite\",\"@id\":\"https:\/\/bahiaeconomica.com.br\/wp\/#website\",\"url\":\"https:\/\/bahiaeconomica.com.br\/wp\/\",\"name\":\"Bahia Economica\",\"description\":\"O maior portal de Economia da Bahia\",\"publisher\":{\"@id\":\"https:\/\/bahiaeconomica.com.br\/wp\/#organization\"},\"potentialAction\":[{\"@type\":\"SearchAction\",\"target\":{\"@type\":\"EntryPoint\",\"urlTemplate\":\"https:\/\/bahiaeconomica.com.br\/wp\/?s={search_term_string}\"},\"query-input\":\"required name=search_term_string\"}],\"inLanguage\":\"pt-BR\"},{\"@type\":\"Organization\",\"@id\":\"https:\/\/bahiaeconomica.com.br\/wp\/#organization\",\"name\":\"Bahia Econ\u00f4mica\",\"url\":\"https:\/\/bahiaeconomica.com.br\/wp\/\",\"logo\":{\"@type\":\"ImageObject\",\"inLanguage\":\"pt-BR\",\"@id\":\"https:\/\/bahiaeconomica.com.br\/wp\/#\/schema\/logo\/image\/\",\"url\":\"https:\/\/bahiaeconomica.com.br\/wp\/wp-content\/uploads\/2020\/12\/cropped-BE.png\",\"contentUrl\":\"https:\/\/bahiaeconomica.com.br\/wp\/wp-content\/uploads\/2020\/12\/cropped-BE.png\",\"width\":512,\"height\":512,\"caption\":\"Bahia Econ\u00f4mica\"},\"image\":{\"@id\":\"https:\/\/bahiaeconomica.com.br\/wp\/#\/schema\/logo\/image\/\"},\"sameAs\":[\"https:\/\/www.facebook.com\/bahiaeconomica\"]},{\"@type\":\"Person\",\"@id\":\"https:\/\/bahiaeconomica.com.br\/wp\/#\/schema\/person\/b719ce0fb1c09f3c7a00d9243ced4a6f\",\"name\":\"VICTORIA ISABEL\",\"sameAs\":[\"http:\/\/www.bahiaeconomica.com.br\"],\"url\":\"https:\/\/bahiaeconomica.com.br\/wp\/author\/victoria-isabel\/\"}]}<\/script>\n<!-- \/ Yoast SEO plugin. -->","yoast_head_json":{"title":"BAHIA RECEBE SETE MIL TURISTAS POLONESES EM VOOS DE VARS\u00d3VIA - Bahia Economica","description":"O maior portal de Economia da Bahia DESTAQUE DO DIA, ECONOMIA \/ POL\u00cdTICA Bahia Economica Na alta temporada 2023-24, a Bahia recebeu cerca de sete mil","robots":{"index":"index","follow":"follow","max-snippet":"max-snippet:-1","max-image-preview":"max-image-preview:large","max-video-preview":"max-video-preview:-1"},"canonical":"https:\/\/bahiaeconomica.com.br\/wp\/2024\/09\/03\/bahia-recebe-sete-mil-turistas-poloneses-em-voos-de-varsovia\/","og_locale":"pt_BR","og_type":"article","og_title":"BAHIA RECEBE SETE MIL TURISTAS POLONESES EM VOOS DE VARS\u00d3VIA - Bahia Economica","og_description":"O maior portal de Economia da Bahia DESTAQUE DO DIA, ECONOMIA \/ POL\u00cdTICA Bahia Economica Na alta temporada 2023-24, a Bahia recebeu cerca de sete mil","og_url":"https:\/\/bahiaeconomica.com.br\/wp\/2024\/09\/03\/bahia-recebe-sete-mil-turistas-poloneses-em-voos-de-varsovia\/","og_site_name":"Bahia Economica","article_publisher":"https:\/\/www.facebook.com\/bahiaeconomica","article_published_time":"2024-09-03T22:00:27+00:00","article_modified_time":"2024-09-03T20:48:14+00:00","og_image":[{"width":1536,"height":864,"url":"https:\/\/bahiaeconomica.com.br\/wp\/wp-content\/uploads\/2024\/09\/IMG-20231029-WA0081-1536x864-1.webp","type":"image\/webp"}],"author":"VICTORIA ISABEL","twitter_card":"summary_large_image","twitter_misc":{"Escrito por":"VICTORIA ISABEL","Est. tempo de leitura":"2 minutos"},"schema":{"@context":"https:\/\/schema.org","@graph":[{"@type":"Article","@id":"https:\/\/bahiaeconomica.com.br\/wp\/2024\/09\/03\/bahia-recebe-sete-mil-turistas-poloneses-em-voos-de-varsovia\/#article","isPartOf":{"@id":"https:\/\/bahiaeconomica.com.br\/wp\/2024\/09\/03\/bahia-recebe-sete-mil-turistas-poloneses-em-voos-de-varsovia\/"},"author":{"name":"VICTORIA ISABEL","@id":"https:\/\/bahiaeconomica.com.br\/wp\/#\/schema\/person\/b719ce0fb1c09f3c7a00d9243ced4a6f"},"headline":"BAHIA RECEBE SETE MIL TURISTAS POLONESES EM VOOS DE VARS\u00d3VIA","datePublished":"2024-09-03T22:00:27+00:00","dateModified":"2024-09-03T20:48:14+00:00","mainEntityOfPage":{"@id":"https:\/\/bahiaeconomica.com.br\/wp\/2024\/09\/03\/bahia-recebe-sete-mil-turistas-poloneses-em-voos-de-varsovia\/"},"wordCount":331,"publisher":{"@id":"https:\/\/bahiaeconomica.com.br\/wp\/#organization"},"keywords":["polonia","turistas","voos"],"articleSection":["DESTAQUE DO DIA","ECONOMIA \/ POL\u00cdTICA"],"inLanguage":"pt-BR"},{"@type":"WebPage","@id":"https:\/\/bahiaeconomica.com.br\/wp\/2024\/09\/03\/bahia-recebe-sete-mil-turistas-poloneses-em-voos-de-varsovia\/","url":"https:\/\/bahiaeconomica.com.br\/wp\/2024\/09\/03\/bahia-recebe-sete-mil-turistas-poloneses-em-voos-de-varsovia\/","name":"BAHIA RECEBE SETE MIL TURISTAS POLONESES EM VOOS DE VARS\u00d3VIA - Bahia Economica","isPartOf":{"@id":"https:\/\/bahiaeconomica.com.br\/wp\/#website"},"datePublished":"2024-09-03T22:00:27+00:00","dateModified":"2024-09-03T20:48:14+00:00","description":"O maior portal de Economia da Bahia DESTAQUE DO DIA, ECONOMIA \/ POL\u00cdTICA Bahia Economica Na alta temporada 2023-24, a Bahia recebeu cerca de sete mil","breadcrumb":{"@id":"https:\/\/bahiaeconomica.com.br\/wp\/2024\/09\/03\/bahia-recebe-sete-mil-turistas-poloneses-em-voos-de-varsovia\/#breadcrumb"},"inLanguage":"pt-BR","potentialAction":[{"@type":"ReadAction","target":["https:\/\/bahiaeconomica.com.br\/wp\/2024\/09\/03\/bahia-recebe-sete-mil-turistas-poloneses-em-voos-de-varsovia\/"]}]},{"@type":"BreadcrumbList","@id":"https:\/\/bahiaeconomica.com.br\/wp\/2024\/09\/03\/bahia-recebe-sete-mil-turistas-poloneses-em-voos-de-varsovia\/#breadcrumb","itemListElement":[{"@type":"ListItem","position":1,"name":"In\u00edcio","item":"https:\/\/bahiaeconomica.com.br\/wp\/"},{"@type":"ListItem","position":2,"name":"BAHIA RECEBE SETE MIL TURISTAS POLONESES EM VOOS DE VARS\u00d3VIA"}]},{"@type":"WebSite","@id":"https:\/\/bahiaeconomica.com.br\/wp\/#website","url":"https:\/\/bahiaeconomica.com.br\/wp\/","name":"Bahia Economica","description":"O maior portal de Economia da Bahia","publisher":{"@id":"https:\/\/bahiaeconomica.com.br\/wp\/#organization"},"potentialAction":[{"@type":"SearchAction","target":{"@type":"EntryPoint","urlTemplate":"https:\/\/bahiaeconomica.com.br\/wp\/?s={search_term_string}"},"query-input":"required name=search_term_string"}],"inLanguage":"pt-BR"},{"@type":"Organization","@id":"https:\/\/bahiaeconomica.com.br\/wp\/#organization","name":"Bahia Econ\u00f4mica","url":"https:\/\/bahiaeconomica.com.br\/wp\/","logo":{"@type":"ImageObject","inLanguage":"pt-BR","@id":"https:\/\/bahiaeconomica.com.br\/wp\/#\/schema\/logo\/image\/","url":"https:\/\/bahiaeconomica.com.br\/wp\/wp-content\/uploads\/2020\/12\/cropped-BE.png","contentUrl":"https:\/\/bahiaeconomica.com.br\/wp\/wp-content\/uploads\/2020\/12\/cropped-BE.png","width":512,"height":512,"caption":"Bahia Econ\u00f4mica"},"image":{"@id":"https:\/\/bahiaeconomica.com.br\/wp\/#\/schema\/logo\/image\/"},"sameAs":["https:\/\/www.facebook.com\/bahiaeconomica"]},{"@type":"Person","@id":"https:\/\/bahiaeconomica.com.br\/wp\/#\/schema\/person\/b719ce0fb1c09f3c7a00d9243ced4a6f","name":"VICTORIA ISABEL","sameAs":["http:\/\/www.bahiaeconomica.com.br"],"url":"https:\/\/bahiaeconomica.com.br\/wp\/author\/victoria-isabel\/"}]}},"views":646,"_links":{"self":[{"href":"https:\/\/bahiaeconomica.com.br\/wp\/wp-json\/wp\/v2\/posts\/842401"}],"collection":[{"href":"https:\/\/bahiaeconomica.com.br\/wp\/wp-json\/wp\/v2\/posts"}],"about":[{"href":"https:\/\/bahiaeconomica.com.br\/wp\/wp-json\/wp\/v2\/types\/post"}],"author":[{"embeddable":true,"href":"https:\/\/bahiaeconomica.com.br\/wp\/wp-json\/wp\/v2\/users\/15"}],"replies":[{"embeddable":true,"href":"https:\/\/bahiaeconomica.com.br\/wp\/wp-json\/wp\/v2\/comments?post=842401"}],"version-history":[{"count":1,"href":"https:\/\/bahiaeconomica.com.br\/wp\/wp-json\/wp\/v2\/posts\/842401\/revisions"}],"predecessor-version":[{"id":842411,"href":"https:\/\/bahiaeconomica.com.br\/wp\/wp-json\/wp\/v2\/posts\/842401\/revisions\/842411"}],"wp:featuredmedia":[{"embeddable":true,"href":"https:\/\/bahiaeconomica.com.br\/wp\/wp-json\/wp\/v2\/media\/842409"}],"wp:attachment":[{"href":"https:\/\/bahiaeconomica.com.br\/wp\/wp-json\/wp\/v2\/media?parent=842401"}],"wp:term":[{"taxonomy":"category","embeddable":true,"href":"https:\/\/bahiaeconomica.com.br\/wp\/wp-json\/wp\/v2\/categories?post=842401"},{"taxonomy":"post_tag","embeddable":true,"href":"https:\/\/bahiaeconomica.com.br\/wp\/wp-json\/wp\/v2\/tags?post=842401"}],"curies":[{"name":"wp","href":"https:\/\/api.w.org\/{rel}","templated":true}]}}