{"id":842114,"date":"2024-09-02T19:12:19","date_gmt":"2024-09-02T22:12:19","guid":{"rendered":"https:\/\/bahiaeconomica.com.br\/wp\/?p=842114"},"modified":"2024-09-02T19:04:39","modified_gmt":"2024-09-02T22:04:39","slug":"padilha-diz-que-emendas-pix-serao-enterradas-de-vez","status":"publish","type":"post","link":"https:\/\/bahiaeconomica.com.br\/wp\/2024\/09\/02\/padilha-diz-que-emendas-pix-serao-enterradas-de-vez\/","title":{"rendered":"PADILHA DIZ QUE EMENDAS PIX SER\u00c3O ENTERRADAS DE VEZ"},"content":{"rendered":"<p>O ministro das Rela\u00e7\u00f5es Institucionais, Alexandre Padilha, afirmou nesta segunda-feira (2) que as emendas parlamentares de transfer\u00eancia direta, conhecidas como \u201cEmendas PIX\u201d, ser\u00e3o \u201centerradas de vez\u201d. Ele explicou que esse modelo ser\u00e1 substitu\u00eddo por transfer\u00eancias \u201crastre\u00e1veis\u201d e monitoradas pelo TCU (Tribunal de Contas da Uni\u00e3o). \u201cAcreditamos que o tema est\u00e1 bem resolvido. Quero repetir: \u2018Emendas Pix\u2019 do jeito que existiam n\u00e3o existir\u00e3o mais no Brasil\u201d, disse.<\/p>\n<p>As declara\u00e7\u00f5es de Padilha foram feitas ap\u00f3s uma reuni\u00e3o com o presidente Luiz In\u00e1cio Lula da Silva e a equipe de coordena\u00e7\u00e3o do governo. O debate sobre as transfer\u00eancias ganhou for\u00e7a com recentes decis\u00f5es do STF (Supremo Tribunal Federal) que levaram \u00e0 suspens\u00e3o do pagamento das emendas impositivas, que s\u00e3o obrigat\u00f3rias para o Executivo. Entre essas est\u00e3o as \u201cEmendas Pix\u201d, cujo formato atual n\u00e3o exige que os detalhes das transfer\u00eancias sejam divulgados pelos congressistas.<\/p>\n<p>Esse tipo de emenda parlamentar, considerado o mais controverso entre as impositivas, permite a transfer\u00eancia direta de recursos p\u00fablicos dos parlamentares para os munic\u00edpios, o que tem gerado impasse entre o Executivo e o Legislativo.<\/p>\n<p>\u201cVamos enterrar de vez esse modelo de \u2018Emendas Pix\u2019 e ter um modelo de repasse fundo a fundo \u2014 do governo federal direto para o Fundo de Participa\u00e7\u00e3o dos Munic\u00edpios, mas um modelo fundo a fundo rastre\u00e1vel\u201d, acrescentou Padilha, informando que os parlamentares ter\u00e3o que indicar a \u00e1rea de investimento, o plano de trabalho e a cidade destinat\u00e1ria.<\/p>\n<p>Foto: Marcelo Camargo\/Ag\u00eancia Brasil<\/p>\n","protected":false},"excerpt":{"rendered":"<p>O ministro das Rela\u00e7\u00f5es Institucionais, Alexandre Padilha, afirmou nesta segunda-feira (2) que as emendas parlamentares de transfer\u00eancia direta, conhecidas como \u201cEmendas PIX\u201d, ser\u00e3o \u201centerradas de vez\u201d. Ele explicou que esse modelo ser\u00e1 substitu\u00eddo por transfer\u00eancias \u201crastre\u00e1veis\u201d e monitoradas pelo TCU (Tribunal de Contas da Uni\u00e3o). \u201cAcreditamos que o tema est\u00e1 bem resolvido. Quero repetir: \u2018Emendas [&hellip;]<\/p>\n","protected":false},"author":16,"featured_media":842117,"comment_status":"closed","ping_status":"closed","sticky":false,"template":"","format":"standard","meta":[],"categories":[14601],"tags":[],"acf":[],"yoast_head":"<!-- This site is optimized with the Yoast SEO plugin v20.8 - https:\/\/yoast.com\/wordpress\/plugins\/seo\/ -->\n<title>PADILHA DIZ QUE EMENDAS PIX SER\u00c3O ENTERRADAS DE VEZ - Bahia Economica<\/title>\n<meta name=\"description\" content=\"O maior portal de Economia da Bahia Pol\u00edtica Bahia Economica\" \/>\n<meta name=\"robots\" content=\"index, follow, max-snippet:-1, max-image-preview:large, max-video-preview:-1\" \/>\n<link rel=\"canonical\" href=\"https:\/\/bahiaeconomica.com.br\/wp\/2024\/09\/02\/padilha-diz-que-emendas-pix-serao-enterradas-de-vez\/\" \/>\n<meta property=\"og:locale\" content=\"pt_BR\" \/>\n<meta property=\"og:type\" content=\"article\" \/>\n<meta property=\"og:title\" content=\"PADILHA DIZ QUE EMENDAS PIX SER\u00c3O ENTERRADAS DE VEZ - Bahia Economica\" \/>\n<meta property=\"og:description\" content=\"O maior portal de Economia da Bahia Pol\u00edtica Bahia Economica\" \/>\n<meta property=\"og:url\" content=\"https:\/\/bahiaeconomica.com.br\/wp\/2024\/09\/02\/padilha-diz-que-emendas-pix-serao-enterradas-de-vez\/\" \/>\n<meta property=\"og:site_name\" content=\"Bahia Economica\" \/>\n<meta property=\"article:publisher\" content=\"https:\/\/www.facebook.com\/bahiaeconomica\" \/>\n<meta property=\"article:published_time\" content=\"2024-09-02T22:12:19+00:00\" \/>\n<meta property=\"article:modified_time\" content=\"2024-09-02T22:04:39+00:00\" \/>\n<meta property=\"og:image\" content=\"https:\/\/bahiaeconomica.com.br\/wp\/wp-content\/uploads\/2024\/09\/WhatsApp-Image-2024-09-02-at-19.02.08.jpeg\" \/>\n\t<meta property=\"og:image:width\" content=\"770\" \/>\n\t<meta property=\"og:image:height\" content=\"513\" \/>\n\t<meta property=\"og:image:type\" content=\"image\/jpeg\" \/>\n<meta name=\"author\" content=\"LUIZA NASCIMENTO\" \/>\n<meta name=\"twitter:card\" content=\"summary_large_image\" \/>\n<meta name=\"twitter:label1\" content=\"Escrito por\" \/>\n\t<meta name=\"twitter:data1\" content=\"LUIZA NASCIMENTO\" \/>\n\t<meta name=\"twitter:label2\" content=\"Est. tempo de leitura\" \/>\n\t<meta name=\"twitter:data2\" content=\"2 minutos\" \/>\n<script type=\"application\/ld+json\" class=\"yoast-schema-graph\">{\"@context\":\"https:\/\/schema.org\",\"@graph\":[{\"@type\":\"Article\",\"@id\":\"https:\/\/bahiaeconomica.com.br\/wp\/2024\/09\/02\/padilha-diz-que-emendas-pix-serao-enterradas-de-vez\/#article\",\"isPartOf\":{\"@id\":\"https:\/\/bahiaeconomica.com.br\/wp\/2024\/09\/02\/padilha-diz-que-emendas-pix-serao-enterradas-de-vez\/\"},\"author\":{\"name\":\"LUIZA NASCIMENTO\",\"@id\":\"https:\/\/bahiaeconomica.com.br\/wp\/#\/schema\/person\/18273ac0fe04bfd4e7b101bf17d40152\"},\"headline\":\"PADILHA DIZ QUE EMENDAS PIX SER\u00c3O ENTERRADAS DE VEZ\",\"datePublished\":\"2024-09-02T22:12:19+00:00\",\"dateModified\":\"2024-09-02T22:04:39+00:00\",\"mainEntityOfPage\":{\"@id\":\"https:\/\/bahiaeconomica.com.br\/wp\/2024\/09\/02\/padilha-diz-que-emendas-pix-serao-enterradas-de-vez\/\"},\"wordCount\":277,\"publisher\":{\"@id\":\"https:\/\/bahiaeconomica.com.br\/wp\/#organization\"},\"articleSection\":[\"Pol\u00edtica\"],\"inLanguage\":\"pt-BR\"},{\"@type\":\"WebPage\",\"@id\":\"https:\/\/bahiaeconomica.com.br\/wp\/2024\/09\/02\/padilha-diz-que-emendas-pix-serao-enterradas-de-vez\/\",\"url\":\"https:\/\/bahiaeconomica.com.br\/wp\/2024\/09\/02\/padilha-diz-que-emendas-pix-serao-enterradas-de-vez\/\",\"name\":\"PADILHA DIZ QUE EMENDAS PIX SER\u00c3O ENTERRADAS DE VEZ - Bahia Economica\",\"isPartOf\":{\"@id\":\"https:\/\/bahiaeconomica.com.br\/wp\/#website\"},\"datePublished\":\"2024-09-02T22:12:19+00:00\",\"dateModified\":\"2024-09-02T22:04:39+00:00\",\"description\":\"O maior portal de Economia da Bahia Pol\u00edtica Bahia Economica\",\"breadcrumb\":{\"@id\":\"https:\/\/bahiaeconomica.com.br\/wp\/2024\/09\/02\/padilha-diz-que-emendas-pix-serao-enterradas-de-vez\/#breadcrumb\"},\"inLanguage\":\"pt-BR\",\"potentialAction\":[{\"@type\":\"ReadAction\",\"target\":[\"https:\/\/bahiaeconomica.com.br\/wp\/2024\/09\/02\/padilha-diz-que-emendas-pix-serao-enterradas-de-vez\/\"]}]},{\"@type\":\"BreadcrumbList\",\"@id\":\"https:\/\/bahiaeconomica.com.br\/wp\/2024\/09\/02\/padilha-diz-que-emendas-pix-serao-enterradas-de-vez\/#breadcrumb\",\"itemListElement\":[{\"@type\":\"ListItem\",\"position\":1,\"name\":\"In\u00edcio\",\"item\":\"https:\/\/bahiaeconomica.com.br\/wp\/\"},{\"@type\":\"ListItem\",\"position\":2,\"name\":\"PADILHA DIZ QUE EMENDAS PIX SER\u00c3O ENTERRADAS DE VEZ\"}]},{\"@type\":\"WebSite\",\"@id\":\"https:\/\/bahiaeconomica.com.br\/wp\/#website\",\"url\":\"https:\/\/bahiaeconomica.com.br\/wp\/\",\"name\":\"Bahia Economica\",\"description\":\"O maior portal de Economia da Bahia\",\"publisher\":{\"@id\":\"https:\/\/bahiaeconomica.com.br\/wp\/#organization\"},\"potentialAction\":[{\"@type\":\"SearchAction\",\"target\":{\"@type\":\"EntryPoint\",\"urlTemplate\":\"https:\/\/bahiaeconomica.com.br\/wp\/?s={search_term_string}\"},\"query-input\":\"required name=search_term_string\"}],\"inLanguage\":\"pt-BR\"},{\"@type\":\"Organization\",\"@id\":\"https:\/\/bahiaeconomica.com.br\/wp\/#organization\",\"name\":\"Bahia Econ\u00f4mica\",\"url\":\"https:\/\/bahiaeconomica.com.br\/wp\/\",\"logo\":{\"@type\":\"ImageObject\",\"inLanguage\":\"pt-BR\",\"@id\":\"https:\/\/bahiaeconomica.com.br\/wp\/#\/schema\/logo\/image\/\",\"url\":\"https:\/\/bahiaeconomica.com.br\/wp\/wp-content\/uploads\/2020\/12\/cropped-BE.png\",\"contentUrl\":\"https:\/\/bahiaeconomica.com.br\/wp\/wp-content\/uploads\/2020\/12\/cropped-BE.png\",\"width\":512,\"height\":512,\"caption\":\"Bahia Econ\u00f4mica\"},\"image\":{\"@id\":\"https:\/\/bahiaeconomica.com.br\/wp\/#\/schema\/logo\/image\/\"},\"sameAs\":[\"https:\/\/www.facebook.com\/bahiaeconomica\"]},{\"@type\":\"Person\",\"@id\":\"https:\/\/bahiaeconomica.com.br\/wp\/#\/schema\/person\/18273ac0fe04bfd4e7b101bf17d40152\",\"name\":\"LUIZA NASCIMENTO\",\"sameAs\":[\"http:\/\/www.bahiaeconomica.com.br\"],\"url\":\"https:\/\/bahiaeconomica.com.br\/wp\/author\/luiza-nascimento\/\"}]}<\/script>\n<!-- \/ Yoast SEO plugin. -->","yoast_head_json":{"title":"PADILHA DIZ QUE EMENDAS PIX SER\u00c3O ENTERRADAS DE VEZ - Bahia Economica","description":"O maior portal de Economia da Bahia Pol\u00edtica Bahia Economica","robots":{"index":"index","follow":"follow","max-snippet":"max-snippet:-1","max-image-preview":"max-image-preview:large","max-video-preview":"max-video-preview:-1"},"canonical":"https:\/\/bahiaeconomica.com.br\/wp\/2024\/09\/02\/padilha-diz-que-emendas-pix-serao-enterradas-de-vez\/","og_locale":"pt_BR","og_type":"article","og_title":"PADILHA DIZ QUE EMENDAS PIX SER\u00c3O ENTERRADAS DE VEZ - Bahia Economica","og_description":"O maior portal de Economia da Bahia Pol\u00edtica Bahia Economica","og_url":"https:\/\/bahiaeconomica.com.br\/wp\/2024\/09\/02\/padilha-diz-que-emendas-pix-serao-enterradas-de-vez\/","og_site_name":"Bahia Economica","article_publisher":"https:\/\/www.facebook.com\/bahiaeconomica","article_published_time":"2024-09-02T22:12:19+00:00","article_modified_time":"2024-09-02T22:04:39+00:00","og_image":[{"width":770,"height":513,"url":"https:\/\/bahiaeconomica.com.br\/wp\/wp-content\/uploads\/2024\/09\/WhatsApp-Image-2024-09-02-at-19.02.08.jpeg","type":"image\/jpeg"}],"author":"LUIZA NASCIMENTO","twitter_card":"summary_large_image","twitter_misc":{"Escrito por":"LUIZA NASCIMENTO","Est. tempo de leitura":"2 minutos"},"schema":{"@context":"https:\/\/schema.org","@graph":[{"@type":"Article","@id":"https:\/\/bahiaeconomica.com.br\/wp\/2024\/09\/02\/padilha-diz-que-emendas-pix-serao-enterradas-de-vez\/#article","isPartOf":{"@id":"https:\/\/bahiaeconomica.com.br\/wp\/2024\/09\/02\/padilha-diz-que-emendas-pix-serao-enterradas-de-vez\/"},"author":{"name":"LUIZA NASCIMENTO","@id":"https:\/\/bahiaeconomica.com.br\/wp\/#\/schema\/person\/18273ac0fe04bfd4e7b101bf17d40152"},"headline":"PADILHA DIZ QUE EMENDAS PIX SER\u00c3O ENTERRADAS DE VEZ","datePublished":"2024-09-02T22:12:19+00:00","dateModified":"2024-09-02T22:04:39+00:00","mainEntityOfPage":{"@id":"https:\/\/bahiaeconomica.com.br\/wp\/2024\/09\/02\/padilha-diz-que-emendas-pix-serao-enterradas-de-vez\/"},"wordCount":277,"publisher":{"@id":"https:\/\/bahiaeconomica.com.br\/wp\/#organization"},"articleSection":["Pol\u00edtica"],"inLanguage":"pt-BR"},{"@type":"WebPage","@id":"https:\/\/bahiaeconomica.com.br\/wp\/2024\/09\/02\/padilha-diz-que-emendas-pix-serao-enterradas-de-vez\/","url":"https:\/\/bahiaeconomica.com.br\/wp\/2024\/09\/02\/padilha-diz-que-emendas-pix-serao-enterradas-de-vez\/","name":"PADILHA DIZ QUE EMENDAS PIX SER\u00c3O ENTERRADAS DE VEZ - Bahia Economica","isPartOf":{"@id":"https:\/\/bahiaeconomica.com.br\/wp\/#website"},"datePublished":"2024-09-02T22:12:19+00:00","dateModified":"2024-09-02T22:04:39+00:00","description":"O maior portal de Economia da Bahia Pol\u00edtica Bahia Economica","breadcrumb":{"@id":"https:\/\/bahiaeconomica.com.br\/wp\/2024\/09\/02\/padilha-diz-que-emendas-pix-serao-enterradas-de-vez\/#breadcrumb"},"inLanguage":"pt-BR","potentialAction":[{"@type":"ReadAction","target":["https:\/\/bahiaeconomica.com.br\/wp\/2024\/09\/02\/padilha-diz-que-emendas-pix-serao-enterradas-de-vez\/"]}]},{"@type":"BreadcrumbList","@id":"https:\/\/bahiaeconomica.com.br\/wp\/2024\/09\/02\/padilha-diz-que-emendas-pix-serao-enterradas-de-vez\/#breadcrumb","itemListElement":[{"@type":"ListItem","position":1,"name":"In\u00edcio","item":"https:\/\/bahiaeconomica.com.br\/wp\/"},{"@type":"ListItem","position":2,"name":"PADILHA DIZ QUE EMENDAS PIX SER\u00c3O ENTERRADAS DE VEZ"}]},{"@type":"WebSite","@id":"https:\/\/bahiaeconomica.com.br\/wp\/#website","url":"https:\/\/bahiaeconomica.com.br\/wp\/","name":"Bahia Economica","description":"O maior portal de Economia da Bahia","publisher":{"@id":"https:\/\/bahiaeconomica.com.br\/wp\/#organization"},"potentialAction":[{"@type":"SearchAction","target":{"@type":"EntryPoint","urlTemplate":"https:\/\/bahiaeconomica.com.br\/wp\/?s={search_term_string}"},"query-input":"required name=search_term_string"}],"inLanguage":"pt-BR"},{"@type":"Organization","@id":"https:\/\/bahiaeconomica.com.br\/wp\/#organization","name":"Bahia Econ\u00f4mica","url":"https:\/\/bahiaeconomica.com.br\/wp\/","logo":{"@type":"ImageObject","inLanguage":"pt-BR","@id":"https:\/\/bahiaeconomica.com.br\/wp\/#\/schema\/logo\/image\/","url":"https:\/\/bahiaeconomica.com.br\/wp\/wp-content\/uploads\/2020\/12\/cropped-BE.png","contentUrl":"https:\/\/bahiaeconomica.com.br\/wp\/wp-content\/uploads\/2020\/12\/cropped-BE.png","width":512,"height":512,"caption":"Bahia Econ\u00f4mica"},"image":{"@id":"https:\/\/bahiaeconomica.com.br\/wp\/#\/schema\/logo\/image\/"},"sameAs":["https:\/\/www.facebook.com\/bahiaeconomica"]},{"@type":"Person","@id":"https:\/\/bahiaeconomica.com.br\/wp\/#\/schema\/person\/18273ac0fe04bfd4e7b101bf17d40152","name":"LUIZA NASCIMENTO","sameAs":["http:\/\/www.bahiaeconomica.com.br"],"url":"https:\/\/bahiaeconomica.com.br\/wp\/author\/luiza-nascimento\/"}]}},"views":2,"_links":{"self":[{"href":"https:\/\/bahiaeconomica.com.br\/wp\/wp-json\/wp\/v2\/posts\/842114"}],"collection":[{"href":"https:\/\/bahiaeconomica.com.br\/wp\/wp-json\/wp\/v2\/posts"}],"about":[{"href":"https:\/\/bahiaeconomica.com.br\/wp\/wp-json\/wp\/v2\/types\/post"}],"author":[{"embeddable":true,"href":"https:\/\/bahiaeconomica.com.br\/wp\/wp-json\/wp\/v2\/users\/16"}],"replies":[{"embeddable":true,"href":"https:\/\/bahiaeconomica.com.br\/wp\/wp-json\/wp\/v2\/comments?post=842114"}],"version-history":[{"count":1,"href":"https:\/\/bahiaeconomica.com.br\/wp\/wp-json\/wp\/v2\/posts\/842114\/revisions"}],"predecessor-version":[{"id":842119,"href":"https:\/\/bahiaeconomica.com.br\/wp\/wp-json\/wp\/v2\/posts\/842114\/revisions\/842119"}],"wp:featuredmedia":[{"embeddable":true,"href":"https:\/\/bahiaeconomica.com.br\/wp\/wp-json\/wp\/v2\/media\/842117"}],"wp:attachment":[{"href":"https:\/\/bahiaeconomica.com.br\/wp\/wp-json\/wp\/v2\/media?parent=842114"}],"wp:term":[{"taxonomy":"category","embeddable":true,"href":"https:\/\/bahiaeconomica.com.br\/wp\/wp-json\/wp\/v2\/categories?post=842114"},{"taxonomy":"post_tag","embeddable":true,"href":"https:\/\/bahiaeconomica.com.br\/wp\/wp-json\/wp\/v2\/tags?post=842114"}],"curies":[{"name":"wp","href":"https:\/\/api.w.org\/{rel}","templated":true}]}}