{"id":841824,"date":"2024-09-02T08:35:44","date_gmt":"2024-09-02T11:35:44","guid":{"rendered":"https:\/\/bahiaeconomica.com.br\/wp\/?p=841824"},"modified":"2024-09-02T08:27:05","modified_gmt":"2024-09-02T11:27:05","slug":"em-candeias-jeronimo-anuncia-mais-r-590-milhoes-na-construcao-e-na-ampliacao-de-escolas-e-inaugura-nova-sede-do-colegio-da-pm","status":"publish","type":"post","link":"https:\/\/bahiaeconomica.com.br\/wp\/2024\/09\/02\/em-candeias-jeronimo-anuncia-mais-r-590-milhoes-na-construcao-e-na-ampliacao-de-escolas-e-inaugura-nova-sede-do-colegio-da-pm\/","title":{"rendered":"EM CANDEIAS, JER\u00d4NIMO ANUNCIA MAIS R$ 590 MILH\u00d5ES NA CONSTRU\u00c7\u00c3O E NA AMPLIA\u00c7\u00c3O DE ESCOLAS E INAUGURA NOVA SEDE DO COL\u00c9GIO DA PM"},"content":{"rendered":"<p>Nesta segunda-feira (2), \u00e0s 8h, em Candeias, o governador Jer\u00f4nimo Rodrigues vai autorizar a licita\u00e7\u00e3o para a constru\u00e7\u00e3o de 11 novas Escolas de Tempo Integral e para a amplia\u00e7\u00e3o e moderniza\u00e7\u00e3o de 30 unidades escolares, beneficiando 18 munic\u00edpios em 8 territ\u00f3rios. As obras somam cerca de R$ 590 milh\u00f5es e fazem parte da 2\u00aa Etapa Interior do &#8220;Projeto Construir para Educar&#8221;. A assinatura ser\u00e1 realizada durante a inaugura\u00e7\u00e3o da nova sede do Col\u00e9gio da Pol\u00edcia Militar de Tempo Integral \u2013 CPM Francisco Pedro de Oliveira.<\/p>\n<p><strong>Avan\u00e7os na educa\u00e7\u00e3o<\/strong><\/p>\n<p>Dados divulgados pelo Minist\u00e9rio da Educa\u00e7\u00e3o (MEC) indicam que a Bahia registrou um avan\u00e7o pelo terceiro ciclo consecutivo no \u00cdndice de Desenvolvimento da Educa\u00e7\u00e3o B\u00e1sica (Ideb) do ensino m\u00e9dio, alcan\u00e7ando 3,7 em 2023, em compara\u00e7\u00e3o a 3,5 em 2021 e 3,2 em 2019. Esse progresso \u00e9 resultado de pol\u00edticas p\u00fablicas focadas na melhoria da qualidade do ensino, amplia\u00e7\u00e3o e moderniza\u00e7\u00e3o da infraestrutura escolar, valoriza\u00e7\u00e3o dos profissionais da educa\u00e7\u00e3o e apoio \u00e0s necessidades b\u00e1sicas da comunidade escolar.<\/p>\n<p>Foto: Foto: Milena Fahe \/Secom<\/p>\n","protected":false},"excerpt":{"rendered":"<p>Nesta segunda-feira (2), \u00e0s 8h, em Candeias, o governador Jer\u00f4nimo Rodrigues vai autorizar a licita\u00e7\u00e3o para a constru\u00e7\u00e3o de 11 novas Escolas de Tempo Integral e para a amplia\u00e7\u00e3o e moderniza\u00e7\u00e3o de 30 unidades escolares, beneficiando 18 munic\u00edpios em 8 territ\u00f3rios. As obras somam cerca de R$ 590 milh\u00f5es e fazem parte da 2\u00aa Etapa [&hellip;]<\/p>\n","protected":false},"author":20,"featured_media":841841,"comment_status":"closed","ping_status":"closed","sticky":false,"template":"","format":"standard","meta":[],"categories":[5,21],"tags":[3177,10433,1544],"acf":[],"yoast_head":"<!-- This site is optimized with the Yoast SEO plugin v20.8 - https:\/\/yoast.com\/wordpress\/plugins\/seo\/ -->\n<title>EM CANDEIAS, JER\u00d4NIMO ANUNCIA MAIS R$ 590 MILH\u00d5ES NA CONSTRU\u00c7\u00c3O E NA AMPLIA\u00c7\u00c3O DE ESCOLAS E INAUGURA NOVA SEDE DO COL\u00c9GIO DA PM - Bahia Economica<\/title>\n<meta name=\"description\" content=\"O maior portal de Economia da Bahia MUNIC\u00cdPIOS, Sa\u00fade \/ Educa\u00e7\u00e3o Bahia Economica obras somam cerca de R$ 590 milh\u00f5es\" \/>\n<meta name=\"robots\" content=\"index, follow, max-snippet:-1, max-image-preview:large, max-video-preview:-1\" \/>\n<link rel=\"canonical\" href=\"https:\/\/bahiaeconomica.com.br\/wp\/2024\/09\/02\/em-candeias-jeronimo-anuncia-mais-r-590-milhoes-na-construcao-e-na-ampliacao-de-escolas-e-inaugura-nova-sede-do-colegio-da-pm\/\" \/>\n<meta property=\"og:locale\" content=\"pt_BR\" \/>\n<meta property=\"og:type\" content=\"article\" \/>\n<meta property=\"og:title\" content=\"EM CANDEIAS, JER\u00d4NIMO ANUNCIA MAIS R$ 590 MILH\u00d5ES NA CONSTRU\u00c7\u00c3O E NA AMPLIA\u00c7\u00c3O DE ESCOLAS E INAUGURA NOVA SEDE DO COL\u00c9GIO DA PM - Bahia Economica\" \/>\n<meta property=\"og:description\" content=\"O maior portal de Economia da Bahia MUNIC\u00cdPIOS, Sa\u00fade \/ Educa\u00e7\u00e3o Bahia Economica obras somam cerca de R$ 590 milh\u00f5es\" \/>\n<meta property=\"og:url\" content=\"https:\/\/bahiaeconomica.com.br\/wp\/2024\/09\/02\/em-candeias-jeronimo-anuncia-mais-r-590-milhoes-na-construcao-e-na-ampliacao-de-escolas-e-inaugura-nova-sede-do-colegio-da-pm\/\" \/>\n<meta property=\"og:site_name\" content=\"Bahia Economica\" \/>\n<meta property=\"article:publisher\" content=\"https:\/\/www.facebook.com\/bahiaeconomica\" \/>\n<meta property=\"article:published_time\" content=\"2024-09-02T11:35:44+00:00\" \/>\n<meta property=\"article:modified_time\" content=\"2024-09-02T11:27:05+00:00\" \/>\n<meta property=\"og:image\" content=\"https:\/\/bahiaeconomica.com.br\/wp\/wp-content\/uploads\/2024\/09\/download-1.jpg\" \/>\n\t<meta property=\"og:image:width\" content=\"600\" \/>\n\t<meta property=\"og:image:height\" content=\"420\" \/>\n\t<meta property=\"og:image:type\" content=\"image\/jpeg\" \/>\n<meta name=\"author\" content=\"BRUNA CARVALHO\" \/>\n<meta name=\"twitter:card\" content=\"summary_large_image\" \/>\n<meta name=\"twitter:label1\" content=\"Escrito por\" \/>\n\t<meta name=\"twitter:data1\" content=\"BRUNA CARVALHO\" \/>\n\t<meta name=\"twitter:label2\" content=\"Est. tempo de leitura\" \/>\n\t<meta name=\"twitter:data2\" content=\"1 minuto\" \/>\n<script type=\"application\/ld+json\" class=\"yoast-schema-graph\">{\"@context\":\"https:\/\/schema.org\",\"@graph\":[{\"@type\":\"Article\",\"@id\":\"https:\/\/bahiaeconomica.com.br\/wp\/2024\/09\/02\/em-candeias-jeronimo-anuncia-mais-r-590-milhoes-na-construcao-e-na-ampliacao-de-escolas-e-inaugura-nova-sede-do-colegio-da-pm\/#article\",\"isPartOf\":{\"@id\":\"https:\/\/bahiaeconomica.com.br\/wp\/2024\/09\/02\/em-candeias-jeronimo-anuncia-mais-r-590-milhoes-na-construcao-e-na-ampliacao-de-escolas-e-inaugura-nova-sede-do-colegio-da-pm\/\"},\"author\":{\"name\":\"BRUNA CARVALHO\",\"@id\":\"https:\/\/bahiaeconomica.com.br\/wp\/#\/schema\/person\/9310b0e591f5979f6f99773eac5804e6\"},\"headline\":\"EM CANDEIAS, JER\u00d4NIMO ANUNCIA MAIS R$ 590 MILH\u00d5ES NA CONSTRU\u00c7\u00c3O E NA AMPLIA\u00c7\u00c3O DE ESCOLAS E INAUGURA NOVA SEDE DO COL\u00c9GIO DA PM\",\"datePublished\":\"2024-09-02T11:35:44+00:00\",\"dateModified\":\"2024-09-02T11:27:05+00:00\",\"mainEntityOfPage\":{\"@id\":\"https:\/\/bahiaeconomica.com.br\/wp\/2024\/09\/02\/em-candeias-jeronimo-anuncia-mais-r-590-milhoes-na-construcao-e-na-ampliacao-de-escolas-e-inaugura-nova-sede-do-colegio-da-pm\/\"},\"wordCount\":209,\"publisher\":{\"@id\":\"https:\/\/bahiaeconomica.com.br\/wp\/#organization\"},\"keywords\":[\"candeias\",\"CPM\",\"jeronimo\"],\"articleSection\":[\"MUNIC\u00cdPIOS\",\"Sa\u00fade \/ Educa\u00e7\u00e3o\"],\"inLanguage\":\"pt-BR\"},{\"@type\":\"WebPage\",\"@id\":\"https:\/\/bahiaeconomica.com.br\/wp\/2024\/09\/02\/em-candeias-jeronimo-anuncia-mais-r-590-milhoes-na-construcao-e-na-ampliacao-de-escolas-e-inaugura-nova-sede-do-colegio-da-pm\/\",\"url\":\"https:\/\/bahiaeconomica.com.br\/wp\/2024\/09\/02\/em-candeias-jeronimo-anuncia-mais-r-590-milhoes-na-construcao-e-na-ampliacao-de-escolas-e-inaugura-nova-sede-do-colegio-da-pm\/\",\"name\":\"EM CANDEIAS, JER\u00d4NIMO ANUNCIA MAIS R$ 590 MILH\u00d5ES NA CONSTRU\u00c7\u00c3O E NA AMPLIA\u00c7\u00c3O DE ESCOLAS E INAUGURA NOVA SEDE DO COL\u00c9GIO DA PM - Bahia Economica\",\"isPartOf\":{\"@id\":\"https:\/\/bahiaeconomica.com.br\/wp\/#website\"},\"datePublished\":\"2024-09-02T11:35:44+00:00\",\"dateModified\":\"2024-09-02T11:27:05+00:00\",\"description\":\"O maior portal de Economia da Bahia MUNIC\u00cdPIOS, Sa\u00fade \/ Educa\u00e7\u00e3o Bahia Economica obras somam cerca de R$ 590 milh\u00f5es\",\"breadcrumb\":{\"@id\":\"https:\/\/bahiaeconomica.com.br\/wp\/2024\/09\/02\/em-candeias-jeronimo-anuncia-mais-r-590-milhoes-na-construcao-e-na-ampliacao-de-escolas-e-inaugura-nova-sede-do-colegio-da-pm\/#breadcrumb\"},\"inLanguage\":\"pt-BR\",\"potentialAction\":[{\"@type\":\"ReadAction\",\"target\":[\"https:\/\/bahiaeconomica.com.br\/wp\/2024\/09\/02\/em-candeias-jeronimo-anuncia-mais-r-590-milhoes-na-construcao-e-na-ampliacao-de-escolas-e-inaugura-nova-sede-do-colegio-da-pm\/\"]}]},{\"@type\":\"BreadcrumbList\",\"@id\":\"https:\/\/bahiaeconomica.com.br\/wp\/2024\/09\/02\/em-candeias-jeronimo-anuncia-mais-r-590-milhoes-na-construcao-e-na-ampliacao-de-escolas-e-inaugura-nova-sede-do-colegio-da-pm\/#breadcrumb\",\"itemListElement\":[{\"@type\":\"ListItem\",\"position\":1,\"name\":\"In\u00edcio\",\"item\":\"https:\/\/bahiaeconomica.com.br\/wp\/\"},{\"@type\":\"ListItem\",\"position\":2,\"name\":\"EM CANDEIAS, JER\u00d4NIMO ANUNCIA MAIS R$ 590 MILH\u00d5ES NA CONSTRU\u00c7\u00c3O E NA AMPLIA\u00c7\u00c3O DE ESCOLAS E INAUGURA NOVA SEDE DO COL\u00c9GIO DA PM\"}]},{\"@type\":\"WebSite\",\"@id\":\"https:\/\/bahiaeconomica.com.br\/wp\/#website\",\"url\":\"https:\/\/bahiaeconomica.com.br\/wp\/\",\"name\":\"Bahia Economica\",\"description\":\"O maior portal de Economia da Bahia\",\"publisher\":{\"@id\":\"https:\/\/bahiaeconomica.com.br\/wp\/#organization\"},\"potentialAction\":[{\"@type\":\"SearchAction\",\"target\":{\"@type\":\"EntryPoint\",\"urlTemplate\":\"https:\/\/bahiaeconomica.com.br\/wp\/?s={search_term_string}\"},\"query-input\":\"required name=search_term_string\"}],\"inLanguage\":\"pt-BR\"},{\"@type\":\"Organization\",\"@id\":\"https:\/\/bahiaeconomica.com.br\/wp\/#organization\",\"name\":\"Bahia Econ\u00f4mica\",\"url\":\"https:\/\/bahiaeconomica.com.br\/wp\/\",\"logo\":{\"@type\":\"ImageObject\",\"inLanguage\":\"pt-BR\",\"@id\":\"https:\/\/bahiaeconomica.com.br\/wp\/#\/schema\/logo\/image\/\",\"url\":\"https:\/\/bahiaeconomica.com.br\/wp\/wp-content\/uploads\/2020\/12\/cropped-BE.png\",\"contentUrl\":\"https:\/\/bahiaeconomica.com.br\/wp\/wp-content\/uploads\/2020\/12\/cropped-BE.png\",\"width\":512,\"height\":512,\"caption\":\"Bahia Econ\u00f4mica\"},\"image\":{\"@id\":\"https:\/\/bahiaeconomica.com.br\/wp\/#\/schema\/logo\/image\/\"},\"sameAs\":[\"https:\/\/www.facebook.com\/bahiaeconomica\"]},{\"@type\":\"Person\",\"@id\":\"https:\/\/bahiaeconomica.com.br\/wp\/#\/schema\/person\/9310b0e591f5979f6f99773eac5804e6\",\"name\":\"BRUNA CARVALHO\",\"sameAs\":[\"http:\/\/www.bahiaeconomica.com.br\"],\"url\":\"https:\/\/bahiaeconomica.com.br\/wp\/author\/bruna\/\"}]}<\/script>\n<!-- \/ Yoast SEO plugin. -->","yoast_head_json":{"title":"EM CANDEIAS, JER\u00d4NIMO ANUNCIA MAIS R$ 590 MILH\u00d5ES NA CONSTRU\u00c7\u00c3O E NA AMPLIA\u00c7\u00c3O DE ESCOLAS E INAUGURA NOVA SEDE DO COL\u00c9GIO DA PM - Bahia Economica","description":"O maior portal de Economia da Bahia MUNIC\u00cdPIOS, Sa\u00fade \/ Educa\u00e7\u00e3o Bahia Economica obras somam cerca de R$ 590 milh\u00f5es","robots":{"index":"index","follow":"follow","max-snippet":"max-snippet:-1","max-image-preview":"max-image-preview:large","max-video-preview":"max-video-preview:-1"},"canonical":"https:\/\/bahiaeconomica.com.br\/wp\/2024\/09\/02\/em-candeias-jeronimo-anuncia-mais-r-590-milhoes-na-construcao-e-na-ampliacao-de-escolas-e-inaugura-nova-sede-do-colegio-da-pm\/","og_locale":"pt_BR","og_type":"article","og_title":"EM CANDEIAS, JER\u00d4NIMO ANUNCIA MAIS R$ 590 MILH\u00d5ES NA CONSTRU\u00c7\u00c3O E NA AMPLIA\u00c7\u00c3O DE ESCOLAS E INAUGURA NOVA SEDE DO COL\u00c9GIO DA PM - Bahia Economica","og_description":"O maior portal de Economia da Bahia MUNIC\u00cdPIOS, Sa\u00fade \/ Educa\u00e7\u00e3o Bahia Economica obras somam cerca de R$ 590 milh\u00f5es","og_url":"https:\/\/bahiaeconomica.com.br\/wp\/2024\/09\/02\/em-candeias-jeronimo-anuncia-mais-r-590-milhoes-na-construcao-e-na-ampliacao-de-escolas-e-inaugura-nova-sede-do-colegio-da-pm\/","og_site_name":"Bahia Economica","article_publisher":"https:\/\/www.facebook.com\/bahiaeconomica","article_published_time":"2024-09-02T11:35:44+00:00","article_modified_time":"2024-09-02T11:27:05+00:00","og_image":[{"width":600,"height":420,"url":"https:\/\/bahiaeconomica.com.br\/wp\/wp-content\/uploads\/2024\/09\/download-1.jpg","type":"image\/jpeg"}],"author":"BRUNA CARVALHO","twitter_card":"summary_large_image","twitter_misc":{"Escrito por":"BRUNA CARVALHO","Est. tempo de leitura":"1 minuto"},"schema":{"@context":"https:\/\/schema.org","@graph":[{"@type":"Article","@id":"https:\/\/bahiaeconomica.com.br\/wp\/2024\/09\/02\/em-candeias-jeronimo-anuncia-mais-r-590-milhoes-na-construcao-e-na-ampliacao-de-escolas-e-inaugura-nova-sede-do-colegio-da-pm\/#article","isPartOf":{"@id":"https:\/\/bahiaeconomica.com.br\/wp\/2024\/09\/02\/em-candeias-jeronimo-anuncia-mais-r-590-milhoes-na-construcao-e-na-ampliacao-de-escolas-e-inaugura-nova-sede-do-colegio-da-pm\/"},"author":{"name":"BRUNA CARVALHO","@id":"https:\/\/bahiaeconomica.com.br\/wp\/#\/schema\/person\/9310b0e591f5979f6f99773eac5804e6"},"headline":"EM CANDEIAS, JER\u00d4NIMO ANUNCIA MAIS R$ 590 MILH\u00d5ES NA CONSTRU\u00c7\u00c3O E NA AMPLIA\u00c7\u00c3O DE ESCOLAS E INAUGURA NOVA SEDE DO COL\u00c9GIO DA PM","datePublished":"2024-09-02T11:35:44+00:00","dateModified":"2024-09-02T11:27:05+00:00","mainEntityOfPage":{"@id":"https:\/\/bahiaeconomica.com.br\/wp\/2024\/09\/02\/em-candeias-jeronimo-anuncia-mais-r-590-milhoes-na-construcao-e-na-ampliacao-de-escolas-e-inaugura-nova-sede-do-colegio-da-pm\/"},"wordCount":209,"publisher":{"@id":"https:\/\/bahiaeconomica.com.br\/wp\/#organization"},"keywords":["candeias","CPM","jeronimo"],"articleSection":["MUNIC\u00cdPIOS","Sa\u00fade \/ Educa\u00e7\u00e3o"],"inLanguage":"pt-BR"},{"@type":"WebPage","@id":"https:\/\/bahiaeconomica.com.br\/wp\/2024\/09\/02\/em-candeias-jeronimo-anuncia-mais-r-590-milhoes-na-construcao-e-na-ampliacao-de-escolas-e-inaugura-nova-sede-do-colegio-da-pm\/","url":"https:\/\/bahiaeconomica.com.br\/wp\/2024\/09\/02\/em-candeias-jeronimo-anuncia-mais-r-590-milhoes-na-construcao-e-na-ampliacao-de-escolas-e-inaugura-nova-sede-do-colegio-da-pm\/","name":"EM CANDEIAS, JER\u00d4NIMO ANUNCIA MAIS R$ 590 MILH\u00d5ES NA CONSTRU\u00c7\u00c3O E NA AMPLIA\u00c7\u00c3O DE ESCOLAS E INAUGURA NOVA SEDE DO COL\u00c9GIO DA PM - Bahia Economica","isPartOf":{"@id":"https:\/\/bahiaeconomica.com.br\/wp\/#website"},"datePublished":"2024-09-02T11:35:44+00:00","dateModified":"2024-09-02T11:27:05+00:00","description":"O maior portal de Economia da Bahia MUNIC\u00cdPIOS, Sa\u00fade \/ Educa\u00e7\u00e3o Bahia Economica obras somam cerca de R$ 590 milh\u00f5es","breadcrumb":{"@id":"https:\/\/bahiaeconomica.com.br\/wp\/2024\/09\/02\/em-candeias-jeronimo-anuncia-mais-r-590-milhoes-na-construcao-e-na-ampliacao-de-escolas-e-inaugura-nova-sede-do-colegio-da-pm\/#breadcrumb"},"inLanguage":"pt-BR","potentialAction":[{"@type":"ReadAction","target":["https:\/\/bahiaeconomica.com.br\/wp\/2024\/09\/02\/em-candeias-jeronimo-anuncia-mais-r-590-milhoes-na-construcao-e-na-ampliacao-de-escolas-e-inaugura-nova-sede-do-colegio-da-pm\/"]}]},{"@type":"BreadcrumbList","@id":"https:\/\/bahiaeconomica.com.br\/wp\/2024\/09\/02\/em-candeias-jeronimo-anuncia-mais-r-590-milhoes-na-construcao-e-na-ampliacao-de-escolas-e-inaugura-nova-sede-do-colegio-da-pm\/#breadcrumb","itemListElement":[{"@type":"ListItem","position":1,"name":"In\u00edcio","item":"https:\/\/bahiaeconomica.com.br\/wp\/"},{"@type":"ListItem","position":2,"name":"EM CANDEIAS, JER\u00d4NIMO ANUNCIA MAIS R$ 590 MILH\u00d5ES NA CONSTRU\u00c7\u00c3O E NA AMPLIA\u00c7\u00c3O DE ESCOLAS E INAUGURA NOVA SEDE DO COL\u00c9GIO DA PM"}]},{"@type":"WebSite","@id":"https:\/\/bahiaeconomica.com.br\/wp\/#website","url":"https:\/\/bahiaeconomica.com.br\/wp\/","name":"Bahia Economica","description":"O maior portal de Economia da Bahia","publisher":{"@id":"https:\/\/bahiaeconomica.com.br\/wp\/#organization"},"potentialAction":[{"@type":"SearchAction","target":{"@type":"EntryPoint","urlTemplate":"https:\/\/bahiaeconomica.com.br\/wp\/?s={search_term_string}"},"query-input":"required name=search_term_string"}],"inLanguage":"pt-BR"},{"@type":"Organization","@id":"https:\/\/bahiaeconomica.com.br\/wp\/#organization","name":"Bahia Econ\u00f4mica","url":"https:\/\/bahiaeconomica.com.br\/wp\/","logo":{"@type":"ImageObject","inLanguage":"pt-BR","@id":"https:\/\/bahiaeconomica.com.br\/wp\/#\/schema\/logo\/image\/","url":"https:\/\/bahiaeconomica.com.br\/wp\/wp-content\/uploads\/2020\/12\/cropped-BE.png","contentUrl":"https:\/\/bahiaeconomica.com.br\/wp\/wp-content\/uploads\/2020\/12\/cropped-BE.png","width":512,"height":512,"caption":"Bahia Econ\u00f4mica"},"image":{"@id":"https:\/\/bahiaeconomica.com.br\/wp\/#\/schema\/logo\/image\/"},"sameAs":["https:\/\/www.facebook.com\/bahiaeconomica"]},{"@type":"Person","@id":"https:\/\/bahiaeconomica.com.br\/wp\/#\/schema\/person\/9310b0e591f5979f6f99773eac5804e6","name":"BRUNA CARVALHO","sameAs":["http:\/\/www.bahiaeconomica.com.br"],"url":"https:\/\/bahiaeconomica.com.br\/wp\/author\/bruna\/"}]}},"views":43,"_links":{"self":[{"href":"https:\/\/bahiaeconomica.com.br\/wp\/wp-json\/wp\/v2\/posts\/841824"}],"collection":[{"href":"https:\/\/bahiaeconomica.com.br\/wp\/wp-json\/wp\/v2\/posts"}],"about":[{"href":"https:\/\/bahiaeconomica.com.br\/wp\/wp-json\/wp\/v2\/types\/post"}],"author":[{"embeddable":true,"href":"https:\/\/bahiaeconomica.com.br\/wp\/wp-json\/wp\/v2\/users\/20"}],"replies":[{"embeddable":true,"href":"https:\/\/bahiaeconomica.com.br\/wp\/wp-json\/wp\/v2\/comments?post=841824"}],"version-history":[{"count":2,"href":"https:\/\/bahiaeconomica.com.br\/wp\/wp-json\/wp\/v2\/posts\/841824\/revisions"}],"predecessor-version":[{"id":841843,"href":"https:\/\/bahiaeconomica.com.br\/wp\/wp-json\/wp\/v2\/posts\/841824\/revisions\/841843"}],"wp:featuredmedia":[{"embeddable":true,"href":"https:\/\/bahiaeconomica.com.br\/wp\/wp-json\/wp\/v2\/media\/841841"}],"wp:attachment":[{"href":"https:\/\/bahiaeconomica.com.br\/wp\/wp-json\/wp\/v2\/media?parent=841824"}],"wp:term":[{"taxonomy":"category","embeddable":true,"href":"https:\/\/bahiaeconomica.com.br\/wp\/wp-json\/wp\/v2\/categories?post=841824"},{"taxonomy":"post_tag","embeddable":true,"href":"https:\/\/bahiaeconomica.com.br\/wp\/wp-json\/wp\/v2\/tags?post=841824"}],"curies":[{"name":"wp","href":"https:\/\/api.w.org\/{rel}","templated":true}]}}