{"id":841802,"date":"2024-09-02T10:00:32","date_gmt":"2024-09-02T13:00:32","guid":{"rendered":"https:\/\/bahiaeconomica.com.br\/wp\/?p=841802"},"modified":"2024-09-02T09:18:31","modified_gmt":"2024-09-02T12:18:31","slug":"carpini-minimiza-derrota-e-destaca-atuacao-do-vitoria","status":"publish","type":"post","link":"https:\/\/bahiaeconomica.com.br\/wp\/2024\/09\/02\/carpini-minimiza-derrota-e-destaca-atuacao-do-vitoria\/","title":{"rendered":"CARPINI MINIMIZA DERROTA E DESTACA ATUA\u00c7\u00c3O DO VIT\u00d3RIA"},"content":{"rendered":"<p>Ap\u00f3s perder para o Vasco por 1 a 0, pela 25\u00b0 rodada do Campeonato Brasileiro, o t\u00e9cnico Thiago Carpini, do Vit\u00f3ria, preferiu destacar os pontos positivos da equipe e sinalizar evolu\u00e7\u00e3o do elenco. Segundo ele, h\u00e1 uma grande diferen\u00e7a entre o Le\u00e3o da Barra que iniciou a competi\u00e7\u00e3o e o Vit\u00f3ria que briga contra o rebaixamento uma rodada ap\u00f3s a outra.<\/p>\n<p>&#8220;Nos primeiros jogos da competi\u00e7\u00e3o, o Vit\u00f3ria fez um ponto. Hoje, nos fechamos sete jogos do retorno com 7 pontos. A perspectiva \u00e9 melhor, mas temos um d\u00e9bito para tr\u00e1s. E tirar esse d\u00e9bito contra times da tabela de cima n\u00e3o \u00e9 f\u00e1cil. Existem evolu\u00e7\u00f5es, limita\u00e7\u00f5es e n\u00e3o vamos esconder do torcedor. Respeito opini\u00f5es, mas vejo um futebol diferente e uma constante evolu\u00e7\u00e3o que precisa vir acompanhada de resultados&#8221;, disse o treinador.<\/p>\n<p>Ainda dando \u00eanfase ao trabalho com evolu\u00e7\u00e3o, Carpini foi questionado sobre as 11 derrotas \u00e0 frente do Rubro-Negro. Em resposta, ele declarou que encontrou um ambiente dif\u00edcil no clube.<\/p>\n<p>&#8220;A gente chegou aqui e encontrou um ambiente conturbado, com muitas coisas a serem geridas e administradas. N\u00e3o \u00e9 s\u00f3 pensar no jogo, no treino e em quem a gente acredita que tem que colocar em campo. Trocar o pneu com o carro andando \u00e9 dif\u00edcil. Mesmo nos momentos bons, n\u00f3s nunca mudamos o discurso. A nossa linha de trabalho \u00e9 ter convic\u00e7\u00e3o do que est\u00e1 sendo feito, a aceita\u00e7\u00e3o da realidade pelos atletas e a continua\u00e7\u00e3o do trabalho&#8221;, disse Carpini.<\/p>\n<p>Em retorno \u00e0s quest\u00f5es que citam as derrotas do time, Carpini fez quest\u00e3o de ressaltar que j\u00e1 foi feito desde a sua chegada. &#8220;Por mais que n\u00f3s tenhamos 11 derrotas sob o meu comando, eu acho que \u00e9 n\u00edtida a evolu\u00e7\u00e3o coletiva. Dentro dessa evolu\u00e7\u00e3o, por\u00e9m, existe a capacidade individual que eu n\u00e3o consigo controlar. Hoje, se qualquer um disser que n\u00f3s n\u00e3o merec\u00edamos a vit\u00f3ria, eu vou discordar&#8221;, completou o t\u00e9cnico.<\/p>\n<p>Com a data Fifa, o Vit\u00f3ria tem quase duas semanas para treinar e projetar uma recupera\u00e7\u00e3o. Na volta, vai enfrentar o Atl\u00e9tico Goianiense, lanterna da competi\u00e7\u00e3o no s\u00e1bado (14).<\/p>\n<p>&nbsp;<\/p>\n<p>Cr\u00e9dito: Victor Ferreira\/E.C. Vit\u00f3ria<\/p>\n","protected":false},"excerpt":{"rendered":"<p>Ap\u00f3s perder para o Vasco por 1 a 0, pela 25\u00b0 rodada do Campeonato Brasileiro, o t\u00e9cnico Thiago Carpini, do Vit\u00f3ria, preferiu destacar os pontos positivos da equipe e sinalizar evolu\u00e7\u00e3o do elenco. Segundo ele, h\u00e1 uma grande diferen\u00e7a entre o Le\u00e3o da Barra que iniciou a competi\u00e7\u00e3o e o Vit\u00f3ria que briga contra o [&hellip;]<\/p>\n","protected":false},"author":8,"featured_media":841803,"comment_status":"closed","ping_status":"closed","sticky":false,"template":"","format":"standard","meta":[],"categories":[4486],"tags":[2119,1077,1002],"acf":[],"yoast_head":"<!-- This site is optimized with the Yoast SEO plugin v20.8 - https:\/\/yoast.com\/wordpress\/plugins\/seo\/ -->\n<title>CARPINI MINIMIZA DERROTA E DESTACA ATUA\u00c7\u00c3O DO VIT\u00d3RIA - Bahia Economica<\/title>\n<meta name=\"description\" content=\"O maior portal de Economia da Bahia Esporte Bahia Economica ambiente conturbado, com muitas coisas a serem geridas e administradas\" \/>\n<meta name=\"robots\" content=\"index, follow, max-snippet:-1, max-image-preview:large, max-video-preview:-1\" \/>\n<link rel=\"canonical\" href=\"https:\/\/bahiaeconomica.com.br\/wp\/2024\/09\/02\/carpini-minimiza-derrota-e-destaca-atuacao-do-vitoria\/\" \/>\n<meta property=\"og:locale\" content=\"pt_BR\" \/>\n<meta property=\"og:type\" content=\"article\" \/>\n<meta property=\"og:title\" content=\"CARPINI MINIMIZA DERROTA E DESTACA ATUA\u00c7\u00c3O DO VIT\u00d3RIA - Bahia Economica\" \/>\n<meta property=\"og:description\" content=\"O maior portal de Economia da Bahia Esporte Bahia Economica ambiente conturbado, com muitas coisas a serem geridas e administradas\" \/>\n<meta property=\"og:url\" content=\"https:\/\/bahiaeconomica.com.br\/wp\/2024\/09\/02\/carpini-minimiza-derrota-e-destaca-atuacao-do-vitoria\/\" \/>\n<meta property=\"og:site_name\" content=\"Bahia Economica\" \/>\n<meta property=\"article:publisher\" content=\"https:\/\/www.facebook.com\/bahiaeconomica\" \/>\n<meta property=\"article:published_time\" content=\"2024-09-02T13:00:32+00:00\" \/>\n<meta property=\"article:modified_time\" content=\"2024-09-02T12:18:31+00:00\" \/>\n<meta property=\"og:image\" content=\"https:\/\/bahiaeconomica.com.br\/wp\/wp-content\/uploads\/2024\/09\/auto-upload-2407763.webp\" \/>\n\t<meta property=\"og:image:width\" content=\"1600\" \/>\n\t<meta property=\"og:image:height\" content=\"1066\" \/>\n\t<meta property=\"og:image:type\" content=\"image\/webp\" \/>\n<meta name=\"author\" content=\"JP\" \/>\n<meta name=\"twitter:card\" content=\"summary_large_image\" \/>\n<meta name=\"twitter:label1\" content=\"Escrito por\" \/>\n\t<meta name=\"twitter:data1\" content=\"JP\" \/>\n\t<meta name=\"twitter:label2\" content=\"Est. tempo de leitura\" \/>\n\t<meta name=\"twitter:data2\" content=\"2 minutos\" \/>\n<script type=\"application\/ld+json\" class=\"yoast-schema-graph\">{\"@context\":\"https:\/\/schema.org\",\"@graph\":[{\"@type\":\"Article\",\"@id\":\"https:\/\/bahiaeconomica.com.br\/wp\/2024\/09\/02\/carpini-minimiza-derrota-e-destaca-atuacao-do-vitoria\/#article\",\"isPartOf\":{\"@id\":\"https:\/\/bahiaeconomica.com.br\/wp\/2024\/09\/02\/carpini-minimiza-derrota-e-destaca-atuacao-do-vitoria\/\"},\"author\":{\"name\":\"JP\",\"@id\":\"https:\/\/bahiaeconomica.com.br\/wp\/#\/schema\/person\/c86d3a3f8960425a0f9d0e5245991f4e\"},\"headline\":\"CARPINI MINIMIZA DERROTA E DESTACA ATUA\u00c7\u00c3O DO VIT\u00d3RIA\",\"datePublished\":\"2024-09-02T13:00:32+00:00\",\"dateModified\":\"2024-09-02T12:18:31+00:00\",\"mainEntityOfPage\":{\"@id\":\"https:\/\/bahiaeconomica.com.br\/wp\/2024\/09\/02\/carpini-minimiza-derrota-e-destaca-atuacao-do-vitoria\/\"},\"wordCount\":396,\"publisher\":{\"@id\":\"https:\/\/bahiaeconomica.com.br\/wp\/#organization\"},\"keywords\":[\"brasileir\u00e3o\",\"vasco\",\"vitoria\"],\"articleSection\":[\"Esporte\"],\"inLanguage\":\"pt-BR\"},{\"@type\":\"WebPage\",\"@id\":\"https:\/\/bahiaeconomica.com.br\/wp\/2024\/09\/02\/carpini-minimiza-derrota-e-destaca-atuacao-do-vitoria\/\",\"url\":\"https:\/\/bahiaeconomica.com.br\/wp\/2024\/09\/02\/carpini-minimiza-derrota-e-destaca-atuacao-do-vitoria\/\",\"name\":\"CARPINI MINIMIZA DERROTA E DESTACA ATUA\u00c7\u00c3O DO VIT\u00d3RIA - Bahia Economica\",\"isPartOf\":{\"@id\":\"https:\/\/bahiaeconomica.com.br\/wp\/#website\"},\"datePublished\":\"2024-09-02T13:00:32+00:00\",\"dateModified\":\"2024-09-02T12:18:31+00:00\",\"description\":\"O maior portal de Economia da Bahia Esporte Bahia Economica ambiente conturbado, com muitas coisas a serem geridas e administradas\",\"breadcrumb\":{\"@id\":\"https:\/\/bahiaeconomica.com.br\/wp\/2024\/09\/02\/carpini-minimiza-derrota-e-destaca-atuacao-do-vitoria\/#breadcrumb\"},\"inLanguage\":\"pt-BR\",\"potentialAction\":[{\"@type\":\"ReadAction\",\"target\":[\"https:\/\/bahiaeconomica.com.br\/wp\/2024\/09\/02\/carpini-minimiza-derrota-e-destaca-atuacao-do-vitoria\/\"]}]},{\"@type\":\"BreadcrumbList\",\"@id\":\"https:\/\/bahiaeconomica.com.br\/wp\/2024\/09\/02\/carpini-minimiza-derrota-e-destaca-atuacao-do-vitoria\/#breadcrumb\",\"itemListElement\":[{\"@type\":\"ListItem\",\"position\":1,\"name\":\"In\u00edcio\",\"item\":\"https:\/\/bahiaeconomica.com.br\/wp\/\"},{\"@type\":\"ListItem\",\"position\":2,\"name\":\"CARPINI MINIMIZA DERROTA E DESTACA ATUA\u00c7\u00c3O DO VIT\u00d3RIA\"}]},{\"@type\":\"WebSite\",\"@id\":\"https:\/\/bahiaeconomica.com.br\/wp\/#website\",\"url\":\"https:\/\/bahiaeconomica.com.br\/wp\/\",\"name\":\"Bahia Economica\",\"description\":\"O maior portal de Economia da Bahia\",\"publisher\":{\"@id\":\"https:\/\/bahiaeconomica.com.br\/wp\/#organization\"},\"potentialAction\":[{\"@type\":\"SearchAction\",\"target\":{\"@type\":\"EntryPoint\",\"urlTemplate\":\"https:\/\/bahiaeconomica.com.br\/wp\/?s={search_term_string}\"},\"query-input\":\"required name=search_term_string\"}],\"inLanguage\":\"pt-BR\"},{\"@type\":\"Organization\",\"@id\":\"https:\/\/bahiaeconomica.com.br\/wp\/#organization\",\"name\":\"Bahia Econ\u00f4mica\",\"url\":\"https:\/\/bahiaeconomica.com.br\/wp\/\",\"logo\":{\"@type\":\"ImageObject\",\"inLanguage\":\"pt-BR\",\"@id\":\"https:\/\/bahiaeconomica.com.br\/wp\/#\/schema\/logo\/image\/\",\"url\":\"https:\/\/bahiaeconomica.com.br\/wp\/wp-content\/uploads\/2020\/12\/cropped-BE.png\",\"contentUrl\":\"https:\/\/bahiaeconomica.com.br\/wp\/wp-content\/uploads\/2020\/12\/cropped-BE.png\",\"width\":512,\"height\":512,\"caption\":\"Bahia Econ\u00f4mica\"},\"image\":{\"@id\":\"https:\/\/bahiaeconomica.com.br\/wp\/#\/schema\/logo\/image\/\"},\"sameAs\":[\"https:\/\/www.facebook.com\/bahiaeconomica\"]},{\"@type\":\"Person\",\"@id\":\"https:\/\/bahiaeconomica.com.br\/wp\/#\/schema\/person\/c86d3a3f8960425a0f9d0e5245991f4e\",\"name\":\"JP\",\"sameAs\":[\"https:\/\/bahiaeconomica.com.br\/wp\/beta\/\"],\"url\":\"https:\/\/bahiaeconomica.com.br\/wp\/author\/jp\/\"}]}<\/script>\n<!-- \/ Yoast SEO plugin. -->","yoast_head_json":{"title":"CARPINI MINIMIZA DERROTA E DESTACA ATUA\u00c7\u00c3O DO VIT\u00d3RIA - Bahia Economica","description":"O maior portal de Economia da Bahia Esporte Bahia Economica ambiente conturbado, com muitas coisas a serem geridas e administradas","robots":{"index":"index","follow":"follow","max-snippet":"max-snippet:-1","max-image-preview":"max-image-preview:large","max-video-preview":"max-video-preview:-1"},"canonical":"https:\/\/bahiaeconomica.com.br\/wp\/2024\/09\/02\/carpini-minimiza-derrota-e-destaca-atuacao-do-vitoria\/","og_locale":"pt_BR","og_type":"article","og_title":"CARPINI MINIMIZA DERROTA E DESTACA ATUA\u00c7\u00c3O DO VIT\u00d3RIA - Bahia Economica","og_description":"O maior portal de Economia da Bahia Esporte Bahia Economica ambiente conturbado, com muitas coisas a serem geridas e administradas","og_url":"https:\/\/bahiaeconomica.com.br\/wp\/2024\/09\/02\/carpini-minimiza-derrota-e-destaca-atuacao-do-vitoria\/","og_site_name":"Bahia Economica","article_publisher":"https:\/\/www.facebook.com\/bahiaeconomica","article_published_time":"2024-09-02T13:00:32+00:00","article_modified_time":"2024-09-02T12:18:31+00:00","og_image":[{"width":1600,"height":1066,"url":"https:\/\/bahiaeconomica.com.br\/wp\/wp-content\/uploads\/2024\/09\/auto-upload-2407763.webp","type":"image\/webp"}],"author":"JP","twitter_card":"summary_large_image","twitter_misc":{"Escrito por":"JP","Est. tempo de leitura":"2 minutos"},"schema":{"@context":"https:\/\/schema.org","@graph":[{"@type":"Article","@id":"https:\/\/bahiaeconomica.com.br\/wp\/2024\/09\/02\/carpini-minimiza-derrota-e-destaca-atuacao-do-vitoria\/#article","isPartOf":{"@id":"https:\/\/bahiaeconomica.com.br\/wp\/2024\/09\/02\/carpini-minimiza-derrota-e-destaca-atuacao-do-vitoria\/"},"author":{"name":"JP","@id":"https:\/\/bahiaeconomica.com.br\/wp\/#\/schema\/person\/c86d3a3f8960425a0f9d0e5245991f4e"},"headline":"CARPINI MINIMIZA DERROTA E DESTACA ATUA\u00c7\u00c3O DO VIT\u00d3RIA","datePublished":"2024-09-02T13:00:32+00:00","dateModified":"2024-09-02T12:18:31+00:00","mainEntityOfPage":{"@id":"https:\/\/bahiaeconomica.com.br\/wp\/2024\/09\/02\/carpini-minimiza-derrota-e-destaca-atuacao-do-vitoria\/"},"wordCount":396,"publisher":{"@id":"https:\/\/bahiaeconomica.com.br\/wp\/#organization"},"keywords":["brasileir\u00e3o","vasco","vitoria"],"articleSection":["Esporte"],"inLanguage":"pt-BR"},{"@type":"WebPage","@id":"https:\/\/bahiaeconomica.com.br\/wp\/2024\/09\/02\/carpini-minimiza-derrota-e-destaca-atuacao-do-vitoria\/","url":"https:\/\/bahiaeconomica.com.br\/wp\/2024\/09\/02\/carpini-minimiza-derrota-e-destaca-atuacao-do-vitoria\/","name":"CARPINI MINIMIZA DERROTA E DESTACA ATUA\u00c7\u00c3O DO VIT\u00d3RIA - Bahia Economica","isPartOf":{"@id":"https:\/\/bahiaeconomica.com.br\/wp\/#website"},"datePublished":"2024-09-02T13:00:32+00:00","dateModified":"2024-09-02T12:18:31+00:00","description":"O maior portal de Economia da Bahia Esporte Bahia Economica ambiente conturbado, com muitas coisas a serem geridas e administradas","breadcrumb":{"@id":"https:\/\/bahiaeconomica.com.br\/wp\/2024\/09\/02\/carpini-minimiza-derrota-e-destaca-atuacao-do-vitoria\/#breadcrumb"},"inLanguage":"pt-BR","potentialAction":[{"@type":"ReadAction","target":["https:\/\/bahiaeconomica.com.br\/wp\/2024\/09\/02\/carpini-minimiza-derrota-e-destaca-atuacao-do-vitoria\/"]}]},{"@type":"BreadcrumbList","@id":"https:\/\/bahiaeconomica.com.br\/wp\/2024\/09\/02\/carpini-minimiza-derrota-e-destaca-atuacao-do-vitoria\/#breadcrumb","itemListElement":[{"@type":"ListItem","position":1,"name":"In\u00edcio","item":"https:\/\/bahiaeconomica.com.br\/wp\/"},{"@type":"ListItem","position":2,"name":"CARPINI MINIMIZA DERROTA E DESTACA ATUA\u00c7\u00c3O DO VIT\u00d3RIA"}]},{"@type":"WebSite","@id":"https:\/\/bahiaeconomica.com.br\/wp\/#website","url":"https:\/\/bahiaeconomica.com.br\/wp\/","name":"Bahia Economica","description":"O maior portal de Economia da Bahia","publisher":{"@id":"https:\/\/bahiaeconomica.com.br\/wp\/#organization"},"potentialAction":[{"@type":"SearchAction","target":{"@type":"EntryPoint","urlTemplate":"https:\/\/bahiaeconomica.com.br\/wp\/?s={search_term_string}"},"query-input":"required name=search_term_string"}],"inLanguage":"pt-BR"},{"@type":"Organization","@id":"https:\/\/bahiaeconomica.com.br\/wp\/#organization","name":"Bahia Econ\u00f4mica","url":"https:\/\/bahiaeconomica.com.br\/wp\/","logo":{"@type":"ImageObject","inLanguage":"pt-BR","@id":"https:\/\/bahiaeconomica.com.br\/wp\/#\/schema\/logo\/image\/","url":"https:\/\/bahiaeconomica.com.br\/wp\/wp-content\/uploads\/2020\/12\/cropped-BE.png","contentUrl":"https:\/\/bahiaeconomica.com.br\/wp\/wp-content\/uploads\/2020\/12\/cropped-BE.png","width":512,"height":512,"caption":"Bahia Econ\u00f4mica"},"image":{"@id":"https:\/\/bahiaeconomica.com.br\/wp\/#\/schema\/logo\/image\/"},"sameAs":["https:\/\/www.facebook.com\/bahiaeconomica"]},{"@type":"Person","@id":"https:\/\/bahiaeconomica.com.br\/wp\/#\/schema\/person\/c86d3a3f8960425a0f9d0e5245991f4e","name":"JP","sameAs":["https:\/\/bahiaeconomica.com.br\/wp\/beta\/"],"url":"https:\/\/bahiaeconomica.com.br\/wp\/author\/jp\/"}]}},"views":8,"_links":{"self":[{"href":"https:\/\/bahiaeconomica.com.br\/wp\/wp-json\/wp\/v2\/posts\/841802"}],"collection":[{"href":"https:\/\/bahiaeconomica.com.br\/wp\/wp-json\/wp\/v2\/posts"}],"about":[{"href":"https:\/\/bahiaeconomica.com.br\/wp\/wp-json\/wp\/v2\/types\/post"}],"author":[{"embeddable":true,"href":"https:\/\/bahiaeconomica.com.br\/wp\/wp-json\/wp\/v2\/users\/8"}],"replies":[{"embeddable":true,"href":"https:\/\/bahiaeconomica.com.br\/wp\/wp-json\/wp\/v2\/comments?post=841802"}],"version-history":[{"count":1,"href":"https:\/\/bahiaeconomica.com.br\/wp\/wp-json\/wp\/v2\/posts\/841802\/revisions"}],"predecessor-version":[{"id":841804,"href":"https:\/\/bahiaeconomica.com.br\/wp\/wp-json\/wp\/v2\/posts\/841802\/revisions\/841804"}],"wp:featuredmedia":[{"embeddable":true,"href":"https:\/\/bahiaeconomica.com.br\/wp\/wp-json\/wp\/v2\/media\/841803"}],"wp:attachment":[{"href":"https:\/\/bahiaeconomica.com.br\/wp\/wp-json\/wp\/v2\/media?parent=841802"}],"wp:term":[{"taxonomy":"category","embeddable":true,"href":"https:\/\/bahiaeconomica.com.br\/wp\/wp-json\/wp\/v2\/categories?post=841802"},{"taxonomy":"post_tag","embeddable":true,"href":"https:\/\/bahiaeconomica.com.br\/wp\/wp-json\/wp\/v2\/tags?post=841802"}],"curies":[{"name":"wp","href":"https:\/\/api.w.org\/{rel}","templated":true}]}}