{"id":841424,"date":"2024-08-30T07:20:50","date_gmt":"2024-08-30T10:20:50","guid":{"rendered":"https:\/\/bahiaeconomica.com.br\/wp\/?p=841424"},"modified":"2024-08-30T07:19:42","modified_gmt":"2024-08-30T10:19:42","slug":"sabin-promove-evento-para-apresentar-avancos-na-avaliacao-laboratorial-para-obesidade-e-diabetes","status":"publish","type":"post","link":"https:\/\/bahiaeconomica.com.br\/wp\/2024\/08\/30\/sabin-promove-evento-para-apresentar-avancos-na-avaliacao-laboratorial-para-obesidade-e-diabetes\/","title":{"rendered":"SABIN PROMOVE EVENTO PARA APRESENTAR AVAN\u00c7OS NA AVALIA\u00c7\u00c3O LABORATORIAL PARA OBESIDADE E DIABETES"},"content":{"rendered":"<p>A \u201cAvalia\u00e7\u00e3o laboratorial no dia a dia do consult\u00f3rio\u201d, tendo como foco os cuidados com a obesidade e a diabetes, foi tema de um evento promovido pelo Sabin Diagn\u00f3stico e Sa\u00fade. O encontro ocorreu, na noite desta quarta-feira, 28, em Salvador, e teve como p\u00fablico-alvo m\u00e9dicos que atuam na preven\u00e7\u00e3o e tratamento dessas condi\u00e7\u00f5es. De acordo com a endocrinologista do Sabin na capital baiana, Thaisa Trujilho, o objetivo foi discutir os mais recentes avan\u00e7os na avalia\u00e7\u00e3o laboratorial e sua aplica\u00e7\u00e3o na sa\u00fade dos pacientes.<\/p>\n<p>Durante o encontro com os profissionais, a especialista ministrou uma aula sobre a \u201cavalia\u00e7\u00e3o do paciente com obesidade\u201d, salientando as estrat\u00e9gias mais atuais para uma avalia\u00e7\u00e3o mais ampla de pacientes obesos. Dentre elas, a identifica\u00e7\u00e3o e a gest\u00e3o de comorbidades. \u201cA obesidade \u00e9 um fator de risco para diversas condi\u00e7\u00f5es graves, como diabetes tipo 2, hipertens\u00e3o e problemas articulares. Uma avalia\u00e7\u00e3o detalhada, desde a anamnese at\u00e9 a solicita\u00e7\u00e3o de exames laboratoriais espec\u00edficos, \u00e9 fundamental para um diagn\u00f3stico precoce e um tratamento eficaz\u201d, afirma a especialista.<\/p>\n<p>Outro destaque foi a apresenta\u00e7\u00e3o da endocrinologista do Sabin em Bras\u00edlia, Luciana Naves, sobre as atualiza\u00e7\u00f5es recentes na curva glic\u00eamica, exame realizado para avaliar a suspeita de diabetes. A m\u00e9dica apresentou a nova proposta da Federa\u00e7\u00e3o Internacional de Diabetes (IDF), que recomenda encurtar o tempo da curva glic\u00eamica entre as duas coletas de sangue para o exame. Atualmente, a primeira coleta \u00e9 feita antes do paciente tomar uma dose de glicose l\u00edquida e a outra 120 minutos ap\u00f3s. Pela proposta da IDF, a segunda coleta deve ser feita 60 minutos depois.<\/p>\n<p>De acordo com os dados da IDF, cerca de 537 milh\u00f5es de adultos, entre 20 e 79 anos de idade, viviam com diabetes em 2021. Esse n\u00famero pode atingir 783 milh\u00f5es at\u00e9 2045. Al\u00e9m disso, estima-se que 541 milh\u00f5es de pessoas apresentavam intoler\u00e2ncia \u00e0 glicose, com uma expectativa de aumento para 730 milh\u00f5es at\u00e9 2045. Estas estat\u00edsticas ressaltam a necessidade de diagn\u00f3sticos precisos e interven\u00e7\u00f5es eficazes para controlar o diabetes e suas complica\u00e7\u00f5es.<\/p>\n<p>A gestora do Sabin em Salvador, Agnaluce Moreira, destaca que o evento \u00e9 uma oportunidade para que os profissionais se atualizem sobre as \u00faltimas t\u00e9cnicas e recomenda\u00e7\u00f5es na \u00e1rea de avalia\u00e7\u00e3o laboratorial, promovendo uma pr\u00e1tica cl\u00ednica mais informada e eficaz. \u201cAcreditamos que este evento oferece uma excelente oportunidade para que os profissionais possam compartilhar conhecimentos e experi\u00eancias sobre as t\u00e9cnicas mais recentes na \u00e1rea de avalia\u00e7\u00e3o laboratorial. Nosso foco \u00e9 contribuir para uma pr\u00e1tica cl\u00ednica ainda mais informada e eficaz, beneficiando a vida dos pacientes que enfrentam os desafios da obesidade e da diabetes. Queremos, juntos, aprimorar as abordagens e fortalecer os cuidados com essas condi\u00e7\u00f5es\u201d, conclui.<\/p>\n","protected":false},"excerpt":{"rendered":"<p>A \u201cAvalia\u00e7\u00e3o laboratorial no dia a dia do consult\u00f3rio\u201d, tendo como foco os cuidados com a obesidade e a diabetes, foi tema de um evento promovido pelo Sabin Diagn\u00f3stico e Sa\u00fade. O encontro ocorreu, na noite desta quarta-feira, 28, em Salvador, e teve como p\u00fablico-alvo m\u00e9dicos que atuam na preven\u00e7\u00e3o e tratamento dessas condi\u00e7\u00f5es. De [&hellip;]<\/p>\n","protected":false},"author":8,"featured_media":841425,"comment_status":"closed","ping_status":"closed","sticky":false,"template":"","format":"standard","meta":[],"categories":[21],"tags":[52,100,58],"acf":[],"yoast_head":"<!-- This site is optimized with the Yoast SEO plugin v20.8 - https:\/\/yoast.com\/wordpress\/plugins\/seo\/ -->\n<title>SABIN PROMOVE EVENTO PARA APRESENTAR AVAN\u00c7OS NA AVALIA\u00c7\u00c3O LABORATORIAL PARA OBESIDADE E DIABETES - Bahia Economica<\/title>\n<meta name=\"description\" content=\"O maior portal de Economia da Bahia Sa\u00fade \/ Educa\u00e7\u00e3o Bahia Economica laboratorial no dia a dia do consult\u00f3rio\u201d, tendo como foco os cuidados com a obesidade\" \/>\n<meta name=\"robots\" content=\"index, follow, max-snippet:-1, max-image-preview:large, max-video-preview:-1\" \/>\n<link rel=\"canonical\" href=\"https:\/\/bahiaeconomica.com.br\/wp\/2024\/08\/30\/sabin-promove-evento-para-apresentar-avancos-na-avaliacao-laboratorial-para-obesidade-e-diabetes\/\" \/>\n<meta property=\"og:locale\" content=\"pt_BR\" \/>\n<meta property=\"og:type\" content=\"article\" \/>\n<meta property=\"og:title\" content=\"SABIN PROMOVE EVENTO PARA APRESENTAR AVAN\u00c7OS NA AVALIA\u00c7\u00c3O LABORATORIAL PARA OBESIDADE E DIABETES - Bahia Economica\" \/>\n<meta property=\"og:description\" content=\"O maior portal de Economia da Bahia Sa\u00fade \/ Educa\u00e7\u00e3o Bahia Economica laboratorial no dia a dia do consult\u00f3rio\u201d, tendo como foco os cuidados com a obesidade\" \/>\n<meta property=\"og:url\" content=\"https:\/\/bahiaeconomica.com.br\/wp\/2024\/08\/30\/sabin-promove-evento-para-apresentar-avancos-na-avaliacao-laboratorial-para-obesidade-e-diabetes\/\" \/>\n<meta property=\"og:site_name\" content=\"Bahia Economica\" \/>\n<meta property=\"article:publisher\" content=\"https:\/\/www.facebook.com\/bahiaeconomica\" \/>\n<meta property=\"article:published_time\" content=\"2024-08-30T10:20:50+00:00\" \/>\n<meta property=\"article:modified_time\" content=\"2024-08-30T10:19:42+00:00\" \/>\n<meta property=\"og:image\" content=\"https:\/\/bahiaeconomica.com.br\/wp\/wp-content\/uploads\/2024\/08\/WhatsApp-Image-2024-08-29-at-10.09.03.jpeg\" \/>\n\t<meta property=\"og:image:width\" content=\"720\" \/>\n\t<meta property=\"og:image:height\" content=\"582\" \/>\n\t<meta property=\"og:image:type\" content=\"image\/jpeg\" \/>\n<meta name=\"author\" content=\"JP\" \/>\n<meta name=\"twitter:card\" content=\"summary_large_image\" \/>\n<meta name=\"twitter:label1\" content=\"Escrito por\" \/>\n\t<meta name=\"twitter:data1\" content=\"JP\" \/>\n\t<meta name=\"twitter:label2\" content=\"Est. tempo de leitura\" \/>\n\t<meta name=\"twitter:data2\" content=\"3 minutos\" \/>\n<script type=\"application\/ld+json\" class=\"yoast-schema-graph\">{\"@context\":\"https:\/\/schema.org\",\"@graph\":[{\"@type\":\"Article\",\"@id\":\"https:\/\/bahiaeconomica.com.br\/wp\/2024\/08\/30\/sabin-promove-evento-para-apresentar-avancos-na-avaliacao-laboratorial-para-obesidade-e-diabetes\/#article\",\"isPartOf\":{\"@id\":\"https:\/\/bahiaeconomica.com.br\/wp\/2024\/08\/30\/sabin-promove-evento-para-apresentar-avancos-na-avaliacao-laboratorial-para-obesidade-e-diabetes\/\"},\"author\":{\"name\":\"JP\",\"@id\":\"https:\/\/bahiaeconomica.com.br\/wp\/#\/schema\/person\/c86d3a3f8960425a0f9d0e5245991f4e\"},\"headline\":\"SABIN PROMOVE EVENTO PARA APRESENTAR AVAN\u00c7OS NA AVALIA\u00c7\u00c3O LABORATORIAL PARA OBESIDADE E DIABETES\",\"datePublished\":\"2024-08-30T10:20:50+00:00\",\"dateModified\":\"2024-08-30T10:19:42+00:00\",\"mainEntityOfPage\":{\"@id\":\"https:\/\/bahiaeconomica.com.br\/wp\/2024\/08\/30\/sabin-promove-evento-para-apresentar-avancos-na-avaliacao-laboratorial-para-obesidade-e-diabetes\/\"},\"wordCount\":490,\"publisher\":{\"@id\":\"https:\/\/bahiaeconomica.com.br\/wp\/#organization\"},\"keywords\":[\"Brasil\",\"Pol\u00edtica\",\"sa\u00fade\"],\"articleSection\":[\"Sa\u00fade \/ Educa\u00e7\u00e3o\"],\"inLanguage\":\"pt-BR\"},{\"@type\":\"WebPage\",\"@id\":\"https:\/\/bahiaeconomica.com.br\/wp\/2024\/08\/30\/sabin-promove-evento-para-apresentar-avancos-na-avaliacao-laboratorial-para-obesidade-e-diabetes\/\",\"url\":\"https:\/\/bahiaeconomica.com.br\/wp\/2024\/08\/30\/sabin-promove-evento-para-apresentar-avancos-na-avaliacao-laboratorial-para-obesidade-e-diabetes\/\",\"name\":\"SABIN PROMOVE EVENTO PARA APRESENTAR AVAN\u00c7OS NA AVALIA\u00c7\u00c3O LABORATORIAL PARA OBESIDADE E DIABETES - Bahia Economica\",\"isPartOf\":{\"@id\":\"https:\/\/bahiaeconomica.com.br\/wp\/#website\"},\"datePublished\":\"2024-08-30T10:20:50+00:00\",\"dateModified\":\"2024-08-30T10:19:42+00:00\",\"description\":\"O maior portal de Economia da Bahia Sa\u00fade \/ Educa\u00e7\u00e3o Bahia Economica laboratorial no dia a dia do consult\u00f3rio\u201d, tendo como foco os cuidados com a obesidade\",\"breadcrumb\":{\"@id\":\"https:\/\/bahiaeconomica.com.br\/wp\/2024\/08\/30\/sabin-promove-evento-para-apresentar-avancos-na-avaliacao-laboratorial-para-obesidade-e-diabetes\/#breadcrumb\"},\"inLanguage\":\"pt-BR\",\"potentialAction\":[{\"@type\":\"ReadAction\",\"target\":[\"https:\/\/bahiaeconomica.com.br\/wp\/2024\/08\/30\/sabin-promove-evento-para-apresentar-avancos-na-avaliacao-laboratorial-para-obesidade-e-diabetes\/\"]}]},{\"@type\":\"BreadcrumbList\",\"@id\":\"https:\/\/bahiaeconomica.com.br\/wp\/2024\/08\/30\/sabin-promove-evento-para-apresentar-avancos-na-avaliacao-laboratorial-para-obesidade-e-diabetes\/#breadcrumb\",\"itemListElement\":[{\"@type\":\"ListItem\",\"position\":1,\"name\":\"In\u00edcio\",\"item\":\"https:\/\/bahiaeconomica.com.br\/wp\/\"},{\"@type\":\"ListItem\",\"position\":2,\"name\":\"SABIN PROMOVE EVENTO PARA APRESENTAR AVAN\u00c7OS NA AVALIA\u00c7\u00c3O LABORATORIAL PARA OBESIDADE E DIABETES\"}]},{\"@type\":\"WebSite\",\"@id\":\"https:\/\/bahiaeconomica.com.br\/wp\/#website\",\"url\":\"https:\/\/bahiaeconomica.com.br\/wp\/\",\"name\":\"Bahia Economica\",\"description\":\"O maior portal de Economia da Bahia\",\"publisher\":{\"@id\":\"https:\/\/bahiaeconomica.com.br\/wp\/#organization\"},\"potentialAction\":[{\"@type\":\"SearchAction\",\"target\":{\"@type\":\"EntryPoint\",\"urlTemplate\":\"https:\/\/bahiaeconomica.com.br\/wp\/?s={search_term_string}\"},\"query-input\":\"required name=search_term_string\"}],\"inLanguage\":\"pt-BR\"},{\"@type\":\"Organization\",\"@id\":\"https:\/\/bahiaeconomica.com.br\/wp\/#organization\",\"name\":\"Bahia Econ\u00f4mica\",\"url\":\"https:\/\/bahiaeconomica.com.br\/wp\/\",\"logo\":{\"@type\":\"ImageObject\",\"inLanguage\":\"pt-BR\",\"@id\":\"https:\/\/bahiaeconomica.com.br\/wp\/#\/schema\/logo\/image\/\",\"url\":\"https:\/\/bahiaeconomica.com.br\/wp\/wp-content\/uploads\/2020\/12\/cropped-BE.png\",\"contentUrl\":\"https:\/\/bahiaeconomica.com.br\/wp\/wp-content\/uploads\/2020\/12\/cropped-BE.png\",\"width\":512,\"height\":512,\"caption\":\"Bahia Econ\u00f4mica\"},\"image\":{\"@id\":\"https:\/\/bahiaeconomica.com.br\/wp\/#\/schema\/logo\/image\/\"},\"sameAs\":[\"https:\/\/www.facebook.com\/bahiaeconomica\"]},{\"@type\":\"Person\",\"@id\":\"https:\/\/bahiaeconomica.com.br\/wp\/#\/schema\/person\/c86d3a3f8960425a0f9d0e5245991f4e\",\"name\":\"JP\",\"sameAs\":[\"https:\/\/bahiaeconomica.com.br\/wp\/beta\/\"],\"url\":\"https:\/\/bahiaeconomica.com.br\/wp\/author\/jp\/\"}]}<\/script>\n<!-- \/ Yoast SEO plugin. -->","yoast_head_json":{"title":"SABIN PROMOVE EVENTO PARA APRESENTAR AVAN\u00c7OS NA AVALIA\u00c7\u00c3O LABORATORIAL PARA OBESIDADE E DIABETES - Bahia Economica","description":"O maior portal de Economia da Bahia Sa\u00fade \/ Educa\u00e7\u00e3o Bahia Economica laboratorial no dia a dia do consult\u00f3rio\u201d, tendo como foco os cuidados com a obesidade","robots":{"index":"index","follow":"follow","max-snippet":"max-snippet:-1","max-image-preview":"max-image-preview:large","max-video-preview":"max-video-preview:-1"},"canonical":"https:\/\/bahiaeconomica.com.br\/wp\/2024\/08\/30\/sabin-promove-evento-para-apresentar-avancos-na-avaliacao-laboratorial-para-obesidade-e-diabetes\/","og_locale":"pt_BR","og_type":"article","og_title":"SABIN PROMOVE EVENTO PARA APRESENTAR AVAN\u00c7OS NA AVALIA\u00c7\u00c3O LABORATORIAL PARA OBESIDADE E DIABETES - Bahia Economica","og_description":"O maior portal de Economia da Bahia Sa\u00fade \/ Educa\u00e7\u00e3o Bahia Economica laboratorial no dia a dia do consult\u00f3rio\u201d, tendo como foco os cuidados com a obesidade","og_url":"https:\/\/bahiaeconomica.com.br\/wp\/2024\/08\/30\/sabin-promove-evento-para-apresentar-avancos-na-avaliacao-laboratorial-para-obesidade-e-diabetes\/","og_site_name":"Bahia Economica","article_publisher":"https:\/\/www.facebook.com\/bahiaeconomica","article_published_time":"2024-08-30T10:20:50+00:00","article_modified_time":"2024-08-30T10:19:42+00:00","og_image":[{"width":720,"height":582,"url":"https:\/\/bahiaeconomica.com.br\/wp\/wp-content\/uploads\/2024\/08\/WhatsApp-Image-2024-08-29-at-10.09.03.jpeg","type":"image\/jpeg"}],"author":"JP","twitter_card":"summary_large_image","twitter_misc":{"Escrito por":"JP","Est. tempo de leitura":"3 minutos"},"schema":{"@context":"https:\/\/schema.org","@graph":[{"@type":"Article","@id":"https:\/\/bahiaeconomica.com.br\/wp\/2024\/08\/30\/sabin-promove-evento-para-apresentar-avancos-na-avaliacao-laboratorial-para-obesidade-e-diabetes\/#article","isPartOf":{"@id":"https:\/\/bahiaeconomica.com.br\/wp\/2024\/08\/30\/sabin-promove-evento-para-apresentar-avancos-na-avaliacao-laboratorial-para-obesidade-e-diabetes\/"},"author":{"name":"JP","@id":"https:\/\/bahiaeconomica.com.br\/wp\/#\/schema\/person\/c86d3a3f8960425a0f9d0e5245991f4e"},"headline":"SABIN PROMOVE EVENTO PARA APRESENTAR AVAN\u00c7OS NA AVALIA\u00c7\u00c3O LABORATORIAL PARA OBESIDADE E DIABETES","datePublished":"2024-08-30T10:20:50+00:00","dateModified":"2024-08-30T10:19:42+00:00","mainEntityOfPage":{"@id":"https:\/\/bahiaeconomica.com.br\/wp\/2024\/08\/30\/sabin-promove-evento-para-apresentar-avancos-na-avaliacao-laboratorial-para-obesidade-e-diabetes\/"},"wordCount":490,"publisher":{"@id":"https:\/\/bahiaeconomica.com.br\/wp\/#organization"},"keywords":["Brasil","Pol\u00edtica","sa\u00fade"],"articleSection":["Sa\u00fade \/ Educa\u00e7\u00e3o"],"inLanguage":"pt-BR"},{"@type":"WebPage","@id":"https:\/\/bahiaeconomica.com.br\/wp\/2024\/08\/30\/sabin-promove-evento-para-apresentar-avancos-na-avaliacao-laboratorial-para-obesidade-e-diabetes\/","url":"https:\/\/bahiaeconomica.com.br\/wp\/2024\/08\/30\/sabin-promove-evento-para-apresentar-avancos-na-avaliacao-laboratorial-para-obesidade-e-diabetes\/","name":"SABIN PROMOVE EVENTO PARA APRESENTAR AVAN\u00c7OS NA AVALIA\u00c7\u00c3O LABORATORIAL PARA OBESIDADE E DIABETES - Bahia Economica","isPartOf":{"@id":"https:\/\/bahiaeconomica.com.br\/wp\/#website"},"datePublished":"2024-08-30T10:20:50+00:00","dateModified":"2024-08-30T10:19:42+00:00","description":"O maior portal de Economia da Bahia Sa\u00fade \/ Educa\u00e7\u00e3o Bahia Economica laboratorial no dia a dia do consult\u00f3rio\u201d, tendo como foco os cuidados com a obesidade","breadcrumb":{"@id":"https:\/\/bahiaeconomica.com.br\/wp\/2024\/08\/30\/sabin-promove-evento-para-apresentar-avancos-na-avaliacao-laboratorial-para-obesidade-e-diabetes\/#breadcrumb"},"inLanguage":"pt-BR","potentialAction":[{"@type":"ReadAction","target":["https:\/\/bahiaeconomica.com.br\/wp\/2024\/08\/30\/sabin-promove-evento-para-apresentar-avancos-na-avaliacao-laboratorial-para-obesidade-e-diabetes\/"]}]},{"@type":"BreadcrumbList","@id":"https:\/\/bahiaeconomica.com.br\/wp\/2024\/08\/30\/sabin-promove-evento-para-apresentar-avancos-na-avaliacao-laboratorial-para-obesidade-e-diabetes\/#breadcrumb","itemListElement":[{"@type":"ListItem","position":1,"name":"In\u00edcio","item":"https:\/\/bahiaeconomica.com.br\/wp\/"},{"@type":"ListItem","position":2,"name":"SABIN PROMOVE EVENTO PARA APRESENTAR AVAN\u00c7OS NA AVALIA\u00c7\u00c3O LABORATORIAL PARA OBESIDADE E DIABETES"}]},{"@type":"WebSite","@id":"https:\/\/bahiaeconomica.com.br\/wp\/#website","url":"https:\/\/bahiaeconomica.com.br\/wp\/","name":"Bahia Economica","description":"O maior portal de Economia da Bahia","publisher":{"@id":"https:\/\/bahiaeconomica.com.br\/wp\/#organization"},"potentialAction":[{"@type":"SearchAction","target":{"@type":"EntryPoint","urlTemplate":"https:\/\/bahiaeconomica.com.br\/wp\/?s={search_term_string}"},"query-input":"required name=search_term_string"}],"inLanguage":"pt-BR"},{"@type":"Organization","@id":"https:\/\/bahiaeconomica.com.br\/wp\/#organization","name":"Bahia Econ\u00f4mica","url":"https:\/\/bahiaeconomica.com.br\/wp\/","logo":{"@type":"ImageObject","inLanguage":"pt-BR","@id":"https:\/\/bahiaeconomica.com.br\/wp\/#\/schema\/logo\/image\/","url":"https:\/\/bahiaeconomica.com.br\/wp\/wp-content\/uploads\/2020\/12\/cropped-BE.png","contentUrl":"https:\/\/bahiaeconomica.com.br\/wp\/wp-content\/uploads\/2020\/12\/cropped-BE.png","width":512,"height":512,"caption":"Bahia Econ\u00f4mica"},"image":{"@id":"https:\/\/bahiaeconomica.com.br\/wp\/#\/schema\/logo\/image\/"},"sameAs":["https:\/\/www.facebook.com\/bahiaeconomica"]},{"@type":"Person","@id":"https:\/\/bahiaeconomica.com.br\/wp\/#\/schema\/person\/c86d3a3f8960425a0f9d0e5245991f4e","name":"JP","sameAs":["https:\/\/bahiaeconomica.com.br\/wp\/beta\/"],"url":"https:\/\/bahiaeconomica.com.br\/wp\/author\/jp\/"}]}},"views":8,"_links":{"self":[{"href":"https:\/\/bahiaeconomica.com.br\/wp\/wp-json\/wp\/v2\/posts\/841424"}],"collection":[{"href":"https:\/\/bahiaeconomica.com.br\/wp\/wp-json\/wp\/v2\/posts"}],"about":[{"href":"https:\/\/bahiaeconomica.com.br\/wp\/wp-json\/wp\/v2\/types\/post"}],"author":[{"embeddable":true,"href":"https:\/\/bahiaeconomica.com.br\/wp\/wp-json\/wp\/v2\/users\/8"}],"replies":[{"embeddable":true,"href":"https:\/\/bahiaeconomica.com.br\/wp\/wp-json\/wp\/v2\/comments?post=841424"}],"version-history":[{"count":1,"href":"https:\/\/bahiaeconomica.com.br\/wp\/wp-json\/wp\/v2\/posts\/841424\/revisions"}],"predecessor-version":[{"id":841426,"href":"https:\/\/bahiaeconomica.com.br\/wp\/wp-json\/wp\/v2\/posts\/841424\/revisions\/841426"}],"wp:featuredmedia":[{"embeddable":true,"href":"https:\/\/bahiaeconomica.com.br\/wp\/wp-json\/wp\/v2\/media\/841425"}],"wp:attachment":[{"href":"https:\/\/bahiaeconomica.com.br\/wp\/wp-json\/wp\/v2\/media?parent=841424"}],"wp:term":[{"taxonomy":"category","embeddable":true,"href":"https:\/\/bahiaeconomica.com.br\/wp\/wp-json\/wp\/v2\/categories?post=841424"},{"taxonomy":"post_tag","embeddable":true,"href":"https:\/\/bahiaeconomica.com.br\/wp\/wp-json\/wp\/v2\/tags?post=841424"}],"curies":[{"name":"wp","href":"https:\/\/api.w.org\/{rel}","templated":true}]}}