{"id":841311,"date":"2024-08-29T18:45:40","date_gmt":"2024-08-29T21:45:40","guid":{"rendered":"https:\/\/bahiaeconomica.com.br\/wp\/?p=841311"},"modified":"2024-08-29T17:49:43","modified_gmt":"2024-08-29T20:49:43","slug":"boulevard-shopping-camacari-exibe-bahia-x-bragantino-em-telao","status":"publish","type":"post","link":"https:\/\/bahiaeconomica.com.br\/wp\/2024\/08\/29\/boulevard-shopping-camacari-exibe-bahia-x-bragantino-em-telao\/","title":{"rendered":"BOULEVARD SHOPPING CAMA\u00c7ARI EXIBE BAHIA X BRAGANTINO EM TEL\u00c3O"},"content":{"rendered":"<p>O Bahia enfrentar\u00e1 o Bragantino no Est\u00e1dio Nabi Abi Chedid, em Bragan\u00e7a Paulista (SP), neste domingo (1). Os torcedores do Esquadr\u00e3o poder\u00e3o acompanhar cada lance desse confronto no Boulevard Shopping Cama\u00e7ari. O tricolor baiano busca subir na tabela, enquanto o alvinegro luta para se distanciar da zona de rebaixamento. A exibi\u00e7\u00e3o acontecer\u00e1 a partir das 18h30, no tel\u00e3o instalado na pra\u00e7a de alimenta\u00e7\u00e3o.<\/p>\n<p>Foto: Divulga\u00e7\u00e3o\/ Boulevard Shopping Cama\u00e7ari<\/p>\n","protected":false},"excerpt":{"rendered":"<p>O Bahia enfrentar\u00e1 o Bragantino no Est\u00e1dio Nabi Abi Chedid, em Bragan\u00e7a Paulista (SP), neste domingo (1). Os torcedores do Esquadr\u00e3o poder\u00e3o acompanhar cada lance desse confronto no Boulevard Shopping Cama\u00e7ari. O tricolor baiano busca subir na tabela, enquanto o alvinegro luta para se distanciar da zona de rebaixamento. A exibi\u00e7\u00e3o acontecer\u00e1 a partir das [&hellip;]<\/p>\n","protected":false},"author":20,"featured_media":841314,"comment_status":"closed","ping_status":"closed","sticky":false,"template":"","format":"standard","meta":[],"categories":[4486],"tags":[85,26240,25836,22675],"acf":[],"yoast_head":"<!-- This site is optimized with the Yoast SEO plugin v20.8 - https:\/\/yoast.com\/wordpress\/plugins\/seo\/ -->\n<title>BOULEVARD SHOPPING CAMA\u00c7ARI EXIBE BAHIA X BRAGANTINO EM TEL\u00c3O - Bahia Economica<\/title>\n<meta name=\"description\" content=\"O maior portal de Economia da Bahia Esporte Bahia Economica Exibi\u00e7\u00e3o acontecer\u00e1 no domingo (1), \u00e0s 18h30, na pra\u00e7a de alimenta\u00e7\u00e3o\" \/>\n<meta name=\"robots\" content=\"index, follow, max-snippet:-1, max-image-preview:large, max-video-preview:-1\" \/>\n<link rel=\"canonical\" href=\"https:\/\/bahiaeconomica.com.br\/wp\/2024\/08\/29\/boulevard-shopping-camacari-exibe-bahia-x-bragantino-em-telao\/\" \/>\n<meta property=\"og:locale\" content=\"pt_BR\" \/>\n<meta property=\"og:type\" content=\"article\" \/>\n<meta property=\"og:title\" content=\"BOULEVARD SHOPPING CAMA\u00c7ARI EXIBE BAHIA X BRAGANTINO EM TEL\u00c3O - Bahia Economica\" \/>\n<meta property=\"og:description\" content=\"O maior portal de Economia da Bahia Esporte Bahia Economica Exibi\u00e7\u00e3o acontecer\u00e1 no domingo (1), \u00e0s 18h30, na pra\u00e7a de alimenta\u00e7\u00e3o\" \/>\n<meta property=\"og:url\" content=\"https:\/\/bahiaeconomica.com.br\/wp\/2024\/08\/29\/boulevard-shopping-camacari-exibe-bahia-x-bragantino-em-telao\/\" \/>\n<meta property=\"og:site_name\" content=\"Bahia Economica\" \/>\n<meta property=\"article:publisher\" content=\"https:\/\/www.facebook.com\/bahiaeconomica\" \/>\n<meta property=\"article:published_time\" content=\"2024-08-29T21:45:40+00:00\" \/>\n<meta property=\"article:modified_time\" content=\"2024-08-29T20:49:43+00:00\" \/>\n<meta property=\"og:image\" content=\"https:\/\/bahiaeconomica.com.br\/wp\/wp-content\/uploads\/2024\/08\/Foto-telao-1.jpg\" \/>\n\t<meta property=\"og:image:width\" content=\"1600\" \/>\n\t<meta property=\"og:image:height\" content=\"1200\" \/>\n\t<meta property=\"og:image:type\" content=\"image\/jpeg\" \/>\n<meta name=\"author\" content=\"BRUNA CARVALHO\" \/>\n<meta name=\"twitter:card\" content=\"summary_large_image\" \/>\n<meta name=\"twitter:label1\" content=\"Escrito por\" \/>\n\t<meta name=\"twitter:data1\" content=\"BRUNA CARVALHO\" \/>\n\t<meta name=\"twitter:label2\" content=\"Est. tempo de leitura\" \/>\n\t<meta name=\"twitter:data2\" content=\"1 minuto\" \/>\n<script type=\"application\/ld+json\" class=\"yoast-schema-graph\">{\"@context\":\"https:\/\/schema.org\",\"@graph\":[{\"@type\":\"Article\",\"@id\":\"https:\/\/bahiaeconomica.com.br\/wp\/2024\/08\/29\/boulevard-shopping-camacari-exibe-bahia-x-bragantino-em-telao\/#article\",\"isPartOf\":{\"@id\":\"https:\/\/bahiaeconomica.com.br\/wp\/2024\/08\/29\/boulevard-shopping-camacari-exibe-bahia-x-bragantino-em-telao\/\"},\"author\":{\"name\":\"BRUNA CARVALHO\",\"@id\":\"https:\/\/bahiaeconomica.com.br\/wp\/#\/schema\/person\/9310b0e591f5979f6f99773eac5804e6\"},\"headline\":\"BOULEVARD SHOPPING CAMA\u00c7ARI EXIBE BAHIA X BRAGANTINO EM TEL\u00c3O\",\"datePublished\":\"2024-08-29T21:45:40+00:00\",\"dateModified\":\"2024-08-29T20:49:43+00:00\",\"mainEntityOfPage\":{\"@id\":\"https:\/\/bahiaeconomica.com.br\/wp\/2024\/08\/29\/boulevard-shopping-camacari-exibe-bahia-x-bragantino-em-telao\/\"},\"wordCount\":89,\"publisher\":{\"@id\":\"https:\/\/bahiaeconomica.com.br\/wp\/#organization\"},\"keywords\":[\"Bahia\",\"BOULEVARD SHOPPING CAMA\u00c7ARI\",\"bragantino\",\"tel\u00e3o\"],\"articleSection\":[\"Esporte\"],\"inLanguage\":\"pt-BR\"},{\"@type\":\"WebPage\",\"@id\":\"https:\/\/bahiaeconomica.com.br\/wp\/2024\/08\/29\/boulevard-shopping-camacari-exibe-bahia-x-bragantino-em-telao\/\",\"url\":\"https:\/\/bahiaeconomica.com.br\/wp\/2024\/08\/29\/boulevard-shopping-camacari-exibe-bahia-x-bragantino-em-telao\/\",\"name\":\"BOULEVARD SHOPPING CAMA\u00c7ARI EXIBE BAHIA X BRAGANTINO EM TEL\u00c3O - Bahia Economica\",\"isPartOf\":{\"@id\":\"https:\/\/bahiaeconomica.com.br\/wp\/#website\"},\"datePublished\":\"2024-08-29T21:45:40+00:00\",\"dateModified\":\"2024-08-29T20:49:43+00:00\",\"description\":\"O maior portal de Economia da Bahia Esporte Bahia Economica Exibi\u00e7\u00e3o acontecer\u00e1 no domingo (1), \u00e0s 18h30, na pra\u00e7a de alimenta\u00e7\u00e3o\",\"breadcrumb\":{\"@id\":\"https:\/\/bahiaeconomica.com.br\/wp\/2024\/08\/29\/boulevard-shopping-camacari-exibe-bahia-x-bragantino-em-telao\/#breadcrumb\"},\"inLanguage\":\"pt-BR\",\"potentialAction\":[{\"@type\":\"ReadAction\",\"target\":[\"https:\/\/bahiaeconomica.com.br\/wp\/2024\/08\/29\/boulevard-shopping-camacari-exibe-bahia-x-bragantino-em-telao\/\"]}]},{\"@type\":\"BreadcrumbList\",\"@id\":\"https:\/\/bahiaeconomica.com.br\/wp\/2024\/08\/29\/boulevard-shopping-camacari-exibe-bahia-x-bragantino-em-telao\/#breadcrumb\",\"itemListElement\":[{\"@type\":\"ListItem\",\"position\":1,\"name\":\"In\u00edcio\",\"item\":\"https:\/\/bahiaeconomica.com.br\/wp\/\"},{\"@type\":\"ListItem\",\"position\":2,\"name\":\"BOULEVARD SHOPPING CAMA\u00c7ARI EXIBE BAHIA X BRAGANTINO EM TEL\u00c3O\"}]},{\"@type\":\"WebSite\",\"@id\":\"https:\/\/bahiaeconomica.com.br\/wp\/#website\",\"url\":\"https:\/\/bahiaeconomica.com.br\/wp\/\",\"name\":\"Bahia Economica\",\"description\":\"O maior portal de Economia da Bahia\",\"publisher\":{\"@id\":\"https:\/\/bahiaeconomica.com.br\/wp\/#organization\"},\"potentialAction\":[{\"@type\":\"SearchAction\",\"target\":{\"@type\":\"EntryPoint\",\"urlTemplate\":\"https:\/\/bahiaeconomica.com.br\/wp\/?s={search_term_string}\"},\"query-input\":\"required name=search_term_string\"}],\"inLanguage\":\"pt-BR\"},{\"@type\":\"Organization\",\"@id\":\"https:\/\/bahiaeconomica.com.br\/wp\/#organization\",\"name\":\"Bahia Econ\u00f4mica\",\"url\":\"https:\/\/bahiaeconomica.com.br\/wp\/\",\"logo\":{\"@type\":\"ImageObject\",\"inLanguage\":\"pt-BR\",\"@id\":\"https:\/\/bahiaeconomica.com.br\/wp\/#\/schema\/logo\/image\/\",\"url\":\"https:\/\/bahiaeconomica.com.br\/wp\/wp-content\/uploads\/2020\/12\/cropped-BE.png\",\"contentUrl\":\"https:\/\/bahiaeconomica.com.br\/wp\/wp-content\/uploads\/2020\/12\/cropped-BE.png\",\"width\":512,\"height\":512,\"caption\":\"Bahia Econ\u00f4mica\"},\"image\":{\"@id\":\"https:\/\/bahiaeconomica.com.br\/wp\/#\/schema\/logo\/image\/\"},\"sameAs\":[\"https:\/\/www.facebook.com\/bahiaeconomica\"]},{\"@type\":\"Person\",\"@id\":\"https:\/\/bahiaeconomica.com.br\/wp\/#\/schema\/person\/9310b0e591f5979f6f99773eac5804e6\",\"name\":\"BRUNA CARVALHO\",\"sameAs\":[\"http:\/\/www.bahiaeconomica.com.br\"],\"url\":\"https:\/\/bahiaeconomica.com.br\/wp\/author\/bruna\/\"}]}<\/script>\n<!-- \/ Yoast SEO plugin. -->","yoast_head_json":{"title":"BOULEVARD SHOPPING CAMA\u00c7ARI EXIBE BAHIA X BRAGANTINO EM TEL\u00c3O - Bahia Economica","description":"O maior portal de Economia da Bahia Esporte Bahia Economica Exibi\u00e7\u00e3o acontecer\u00e1 no domingo (1), \u00e0s 18h30, na pra\u00e7a de alimenta\u00e7\u00e3o","robots":{"index":"index","follow":"follow","max-snippet":"max-snippet:-1","max-image-preview":"max-image-preview:large","max-video-preview":"max-video-preview:-1"},"canonical":"https:\/\/bahiaeconomica.com.br\/wp\/2024\/08\/29\/boulevard-shopping-camacari-exibe-bahia-x-bragantino-em-telao\/","og_locale":"pt_BR","og_type":"article","og_title":"BOULEVARD SHOPPING CAMA\u00c7ARI EXIBE BAHIA X BRAGANTINO EM TEL\u00c3O - Bahia Economica","og_description":"O maior portal de Economia da Bahia Esporte Bahia Economica Exibi\u00e7\u00e3o acontecer\u00e1 no domingo (1), \u00e0s 18h30, na pra\u00e7a de alimenta\u00e7\u00e3o","og_url":"https:\/\/bahiaeconomica.com.br\/wp\/2024\/08\/29\/boulevard-shopping-camacari-exibe-bahia-x-bragantino-em-telao\/","og_site_name":"Bahia Economica","article_publisher":"https:\/\/www.facebook.com\/bahiaeconomica","article_published_time":"2024-08-29T21:45:40+00:00","article_modified_time":"2024-08-29T20:49:43+00:00","og_image":[{"width":1600,"height":1200,"url":"https:\/\/bahiaeconomica.com.br\/wp\/wp-content\/uploads\/2024\/08\/Foto-telao-1.jpg","type":"image\/jpeg"}],"author":"BRUNA CARVALHO","twitter_card":"summary_large_image","twitter_misc":{"Escrito por":"BRUNA CARVALHO","Est. tempo de leitura":"1 minuto"},"schema":{"@context":"https:\/\/schema.org","@graph":[{"@type":"Article","@id":"https:\/\/bahiaeconomica.com.br\/wp\/2024\/08\/29\/boulevard-shopping-camacari-exibe-bahia-x-bragantino-em-telao\/#article","isPartOf":{"@id":"https:\/\/bahiaeconomica.com.br\/wp\/2024\/08\/29\/boulevard-shopping-camacari-exibe-bahia-x-bragantino-em-telao\/"},"author":{"name":"BRUNA CARVALHO","@id":"https:\/\/bahiaeconomica.com.br\/wp\/#\/schema\/person\/9310b0e591f5979f6f99773eac5804e6"},"headline":"BOULEVARD SHOPPING CAMA\u00c7ARI EXIBE BAHIA X BRAGANTINO EM TEL\u00c3O","datePublished":"2024-08-29T21:45:40+00:00","dateModified":"2024-08-29T20:49:43+00:00","mainEntityOfPage":{"@id":"https:\/\/bahiaeconomica.com.br\/wp\/2024\/08\/29\/boulevard-shopping-camacari-exibe-bahia-x-bragantino-em-telao\/"},"wordCount":89,"publisher":{"@id":"https:\/\/bahiaeconomica.com.br\/wp\/#organization"},"keywords":["Bahia","BOULEVARD SHOPPING CAMA\u00c7ARI","bragantino","tel\u00e3o"],"articleSection":["Esporte"],"inLanguage":"pt-BR"},{"@type":"WebPage","@id":"https:\/\/bahiaeconomica.com.br\/wp\/2024\/08\/29\/boulevard-shopping-camacari-exibe-bahia-x-bragantino-em-telao\/","url":"https:\/\/bahiaeconomica.com.br\/wp\/2024\/08\/29\/boulevard-shopping-camacari-exibe-bahia-x-bragantino-em-telao\/","name":"BOULEVARD SHOPPING CAMA\u00c7ARI EXIBE BAHIA X BRAGANTINO EM TEL\u00c3O - Bahia Economica","isPartOf":{"@id":"https:\/\/bahiaeconomica.com.br\/wp\/#website"},"datePublished":"2024-08-29T21:45:40+00:00","dateModified":"2024-08-29T20:49:43+00:00","description":"O maior portal de Economia da Bahia Esporte Bahia Economica Exibi\u00e7\u00e3o acontecer\u00e1 no domingo (1), \u00e0s 18h30, na pra\u00e7a de alimenta\u00e7\u00e3o","breadcrumb":{"@id":"https:\/\/bahiaeconomica.com.br\/wp\/2024\/08\/29\/boulevard-shopping-camacari-exibe-bahia-x-bragantino-em-telao\/#breadcrumb"},"inLanguage":"pt-BR","potentialAction":[{"@type":"ReadAction","target":["https:\/\/bahiaeconomica.com.br\/wp\/2024\/08\/29\/boulevard-shopping-camacari-exibe-bahia-x-bragantino-em-telao\/"]}]},{"@type":"BreadcrumbList","@id":"https:\/\/bahiaeconomica.com.br\/wp\/2024\/08\/29\/boulevard-shopping-camacari-exibe-bahia-x-bragantino-em-telao\/#breadcrumb","itemListElement":[{"@type":"ListItem","position":1,"name":"In\u00edcio","item":"https:\/\/bahiaeconomica.com.br\/wp\/"},{"@type":"ListItem","position":2,"name":"BOULEVARD SHOPPING CAMA\u00c7ARI EXIBE BAHIA X BRAGANTINO EM TEL\u00c3O"}]},{"@type":"WebSite","@id":"https:\/\/bahiaeconomica.com.br\/wp\/#website","url":"https:\/\/bahiaeconomica.com.br\/wp\/","name":"Bahia Economica","description":"O maior portal de Economia da Bahia","publisher":{"@id":"https:\/\/bahiaeconomica.com.br\/wp\/#organization"},"potentialAction":[{"@type":"SearchAction","target":{"@type":"EntryPoint","urlTemplate":"https:\/\/bahiaeconomica.com.br\/wp\/?s={search_term_string}"},"query-input":"required name=search_term_string"}],"inLanguage":"pt-BR"},{"@type":"Organization","@id":"https:\/\/bahiaeconomica.com.br\/wp\/#organization","name":"Bahia Econ\u00f4mica","url":"https:\/\/bahiaeconomica.com.br\/wp\/","logo":{"@type":"ImageObject","inLanguage":"pt-BR","@id":"https:\/\/bahiaeconomica.com.br\/wp\/#\/schema\/logo\/image\/","url":"https:\/\/bahiaeconomica.com.br\/wp\/wp-content\/uploads\/2020\/12\/cropped-BE.png","contentUrl":"https:\/\/bahiaeconomica.com.br\/wp\/wp-content\/uploads\/2020\/12\/cropped-BE.png","width":512,"height":512,"caption":"Bahia Econ\u00f4mica"},"image":{"@id":"https:\/\/bahiaeconomica.com.br\/wp\/#\/schema\/logo\/image\/"},"sameAs":["https:\/\/www.facebook.com\/bahiaeconomica"]},{"@type":"Person","@id":"https:\/\/bahiaeconomica.com.br\/wp\/#\/schema\/person\/9310b0e591f5979f6f99773eac5804e6","name":"BRUNA CARVALHO","sameAs":["http:\/\/www.bahiaeconomica.com.br"],"url":"https:\/\/bahiaeconomica.com.br\/wp\/author\/bruna\/"}]}},"views":4,"_links":{"self":[{"href":"https:\/\/bahiaeconomica.com.br\/wp\/wp-json\/wp\/v2\/posts\/841311"}],"collection":[{"href":"https:\/\/bahiaeconomica.com.br\/wp\/wp-json\/wp\/v2\/posts"}],"about":[{"href":"https:\/\/bahiaeconomica.com.br\/wp\/wp-json\/wp\/v2\/types\/post"}],"author":[{"embeddable":true,"href":"https:\/\/bahiaeconomica.com.br\/wp\/wp-json\/wp\/v2\/users\/20"}],"replies":[{"embeddable":true,"href":"https:\/\/bahiaeconomica.com.br\/wp\/wp-json\/wp\/v2\/comments?post=841311"}],"version-history":[{"count":1,"href":"https:\/\/bahiaeconomica.com.br\/wp\/wp-json\/wp\/v2\/posts\/841311\/revisions"}],"predecessor-version":[{"id":841333,"href":"https:\/\/bahiaeconomica.com.br\/wp\/wp-json\/wp\/v2\/posts\/841311\/revisions\/841333"}],"wp:featuredmedia":[{"embeddable":true,"href":"https:\/\/bahiaeconomica.com.br\/wp\/wp-json\/wp\/v2\/media\/841314"}],"wp:attachment":[{"href":"https:\/\/bahiaeconomica.com.br\/wp\/wp-json\/wp\/v2\/media?parent=841311"}],"wp:term":[{"taxonomy":"category","embeddable":true,"href":"https:\/\/bahiaeconomica.com.br\/wp\/wp-json\/wp\/v2\/categories?post=841311"},{"taxonomy":"post_tag","embeddable":true,"href":"https:\/\/bahiaeconomica.com.br\/wp\/wp-json\/wp\/v2\/tags?post=841311"}],"curies":[{"name":"wp","href":"https:\/\/api.w.org\/{rel}","templated":true}]}}