{"id":841069,"date":"2024-08-29T08:40:26","date_gmt":"2024-08-29T11:40:26","guid":{"rendered":"https:\/\/bahiaeconomica.com.br\/wp\/?p=841069"},"modified":"2024-08-29T08:58:46","modified_gmt":"2024-08-29T11:58:46","slug":"chico-franca-pretende-acabar-com-o-uso-do-asfalto-sonrisal-em-itabuna","status":"publish","type":"post","link":"https:\/\/bahiaeconomica.com.br\/wp\/2024\/08\/29\/chico-franca-pretende-acabar-com-o-uso-do-asfalto-sonrisal-em-itabuna\/","title":{"rendered":"CHICO FRAN\u00c7A PRETENDE ACABAR COM O USO DO \u201cASFALTO SONRISAL\u201d EM ITABUNA"},"content":{"rendered":"<p>O candidato a prefeito de Itabuna, Chico Fran\u00e7a (PL), afirma que as placas das obras p\u00fablicas que n\u00e3o se realizam na cidade revelam uma gest\u00e3o municipal que tem dificuldade de cumprir os compromissos assumidos.\u00a0 \u201c\u00c9 aquela hist\u00f3ria de quem fala muito e nada faz. O povo n\u00e3o admite mais isso\u201d, diz. Chico Fran\u00e7a recebeu nova den\u00fancia da comunidade do bairro Daniel Gomes. Na localidade, h\u00e1 uma placa da prefeitura informando o investimento de R$ 18,9 milh\u00f5es na pavimenta\u00e7\u00e3o asf\u00e1ltica da regi\u00e3o.<\/p>\n<p>\u201cA placa est\u00e1 l\u00e1 dizendo que quase R$ 19 milh\u00f5es foram investidos na pavimenta\u00e7\u00e3o asf\u00e1ltica do bairro. Mas o que se v\u00ea ao lado da mesma placa \u00e9 um asfalto todo deteriorado. Numa demonstra\u00e7\u00e3o de que o recurso p\u00fablico foi mal-empregado\u201d, denuncia o candidato de Bolsonaro a prefeito de Itabuna. Engenheiro civil, Chico Fran\u00e7a se indigna com o desperd\u00edcio do dinheiro do povo, sendo gasto em servi\u00e7os de pavimenta\u00e7\u00e3o asf\u00e1ltica que n\u00e3o seguem os padr\u00f5es t\u00e9cnicos. \u201c\u00c9 preciso ter aten\u00e7\u00e3o \u00e0 drenagem, base e sub-base para a aplica\u00e7\u00e3o do asfalto\u201d.<\/p>\n<p>De outra forma, segundo Chico Fran\u00e7a, o resultado ser\u00e1 sempre o \u201casfalto sonrisal\u201d, que se derrete depois que submetido \u00e0s chuvas. \u201cO que vemos na atual gest\u00e3o municipal de Itabuna s\u00e3o tapa-buracos a um custo muito alto, um paliativo que s\u00f3 d\u00e1 preju\u00edzo aos cofres p\u00fablicos. Se eu for eleito, vamos fazer a coisa certa!\u201d<\/p>\n","protected":false},"excerpt":{"rendered":"<p>O candidato a prefeito de Itabuna, Chico Fran\u00e7a (PL), afirma que as placas das obras p\u00fablicas que n\u00e3o se realizam na cidade revelam uma gest\u00e3o municipal que tem dificuldade de cumprir os compromissos assumidos.\u00a0 \u201c\u00c9 aquela hist\u00f3ria de quem fala muito e nada faz. O povo n\u00e3o admite mais isso\u201d, diz. Chico Fran\u00e7a recebeu nova [&hellip;]<\/p>\n","protected":false},"author":8,"featured_media":841070,"comment_status":"closed","ping_status":"closed","sticky":false,"template":"","format":"standard","meta":[],"categories":[14601],"tags":[52,26252,100],"acf":[],"yoast_head":"<!-- This site is optimized with the Yoast SEO plugin v20.8 - https:\/\/yoast.com\/wordpress\/plugins\/seo\/ -->\n<title>CHICO FRAN\u00c7A PRETENDE ACABAR COM O USO DO \u201cASFALTO SONRISAL\u201d EM ITABUNA - Bahia Economica<\/title>\n<meta name=\"description\" content=\"O maior portal de Economia da Bahia Pol\u00edtica Bahia Economica a prefeito de Itabuna, Chico Fran\u00e7a (PL), afirma que as placas das obras p\u00fablicas\" \/>\n<meta name=\"robots\" content=\"index, follow, max-snippet:-1, max-image-preview:large, max-video-preview:-1\" \/>\n<link rel=\"canonical\" href=\"https:\/\/bahiaeconomica.com.br\/wp\/2024\/08\/29\/chico-franca-pretende-acabar-com-o-uso-do-asfalto-sonrisal-em-itabuna\/\" \/>\n<meta property=\"og:locale\" content=\"pt_BR\" \/>\n<meta property=\"og:type\" content=\"article\" \/>\n<meta property=\"og:title\" content=\"CHICO FRAN\u00c7A PRETENDE ACABAR COM O USO DO \u201cASFALTO SONRISAL\u201d EM ITABUNA - Bahia Economica\" \/>\n<meta property=\"og:description\" content=\"O maior portal de Economia da Bahia Pol\u00edtica Bahia Economica a prefeito de Itabuna, Chico Fran\u00e7a (PL), afirma que as placas das obras p\u00fablicas\" \/>\n<meta property=\"og:url\" content=\"https:\/\/bahiaeconomica.com.br\/wp\/2024\/08\/29\/chico-franca-pretende-acabar-com-o-uso-do-asfalto-sonrisal-em-itabuna\/\" \/>\n<meta property=\"og:site_name\" content=\"Bahia Economica\" \/>\n<meta property=\"article:publisher\" content=\"https:\/\/www.facebook.com\/bahiaeconomica\" \/>\n<meta property=\"article:published_time\" content=\"2024-08-29T11:40:26+00:00\" \/>\n<meta property=\"article:modified_time\" content=\"2024-08-29T11:58:46+00:00\" \/>\n<meta property=\"og:image\" content=\"https:\/\/bahiaeconomica.com.br\/wp\/wp-content\/uploads\/2024\/08\/WhatsApp-Image-2024-08-28-at-16.57.31.jpeg\" \/>\n\t<meta property=\"og:image:width\" content=\"1290\" \/>\n\t<meta property=\"og:image:height\" content=\"979\" \/>\n\t<meta property=\"og:image:type\" content=\"image\/jpeg\" \/>\n<meta name=\"author\" content=\"JP\" \/>\n<meta name=\"twitter:card\" content=\"summary_large_image\" \/>\n<meta name=\"twitter:label1\" content=\"Escrito por\" \/>\n\t<meta name=\"twitter:data1\" content=\"JP\" \/>\n\t<meta name=\"twitter:label2\" content=\"Est. tempo de leitura\" \/>\n\t<meta name=\"twitter:data2\" content=\"2 minutos\" \/>\n<script type=\"application\/ld+json\" class=\"yoast-schema-graph\">{\"@context\":\"https:\/\/schema.org\",\"@graph\":[{\"@type\":\"Article\",\"@id\":\"https:\/\/bahiaeconomica.com.br\/wp\/2024\/08\/29\/chico-franca-pretende-acabar-com-o-uso-do-asfalto-sonrisal-em-itabuna\/#article\",\"isPartOf\":{\"@id\":\"https:\/\/bahiaeconomica.com.br\/wp\/2024\/08\/29\/chico-franca-pretende-acabar-com-o-uso-do-asfalto-sonrisal-em-itabuna\/\"},\"author\":{\"name\":\"JP\",\"@id\":\"https:\/\/bahiaeconomica.com.br\/wp\/#\/schema\/person\/c86d3a3f8960425a0f9d0e5245991f4e\"},\"headline\":\"CHICO FRAN\u00c7A PRETENDE ACABAR COM O USO DO \u201cASFALTO SONRISAL\u201d EM ITABUNA\",\"datePublished\":\"2024-08-29T11:40:26+00:00\",\"dateModified\":\"2024-08-29T11:58:46+00:00\",\"mainEntityOfPage\":{\"@id\":\"https:\/\/bahiaeconomica.com.br\/wp\/2024\/08\/29\/chico-franca-pretende-acabar-com-o-uso-do-asfalto-sonrisal-em-itabuna\/\"},\"wordCount\":265,\"publisher\":{\"@id\":\"https:\/\/bahiaeconomica.com.br\/wp\/#organization\"},\"keywords\":[\"Brasil\",\"placa\",\"Pol\u00edtica\"],\"articleSection\":[\"Pol\u00edtica\"],\"inLanguage\":\"pt-BR\"},{\"@type\":\"WebPage\",\"@id\":\"https:\/\/bahiaeconomica.com.br\/wp\/2024\/08\/29\/chico-franca-pretende-acabar-com-o-uso-do-asfalto-sonrisal-em-itabuna\/\",\"url\":\"https:\/\/bahiaeconomica.com.br\/wp\/2024\/08\/29\/chico-franca-pretende-acabar-com-o-uso-do-asfalto-sonrisal-em-itabuna\/\",\"name\":\"CHICO FRAN\u00c7A PRETENDE ACABAR COM O USO DO \u201cASFALTO SONRISAL\u201d EM ITABUNA - Bahia Economica\",\"isPartOf\":{\"@id\":\"https:\/\/bahiaeconomica.com.br\/wp\/#website\"},\"datePublished\":\"2024-08-29T11:40:26+00:00\",\"dateModified\":\"2024-08-29T11:58:46+00:00\",\"description\":\"O maior portal de Economia da Bahia Pol\u00edtica Bahia Economica a prefeito de Itabuna, Chico Fran\u00e7a (PL), afirma que as placas das obras p\u00fablicas\",\"breadcrumb\":{\"@id\":\"https:\/\/bahiaeconomica.com.br\/wp\/2024\/08\/29\/chico-franca-pretende-acabar-com-o-uso-do-asfalto-sonrisal-em-itabuna\/#breadcrumb\"},\"inLanguage\":\"pt-BR\",\"potentialAction\":[{\"@type\":\"ReadAction\",\"target\":[\"https:\/\/bahiaeconomica.com.br\/wp\/2024\/08\/29\/chico-franca-pretende-acabar-com-o-uso-do-asfalto-sonrisal-em-itabuna\/\"]}]},{\"@type\":\"BreadcrumbList\",\"@id\":\"https:\/\/bahiaeconomica.com.br\/wp\/2024\/08\/29\/chico-franca-pretende-acabar-com-o-uso-do-asfalto-sonrisal-em-itabuna\/#breadcrumb\",\"itemListElement\":[{\"@type\":\"ListItem\",\"position\":1,\"name\":\"In\u00edcio\",\"item\":\"https:\/\/bahiaeconomica.com.br\/wp\/\"},{\"@type\":\"ListItem\",\"position\":2,\"name\":\"CHICO FRAN\u00c7A PRETENDE ACABAR COM O USO DO \u201cASFALTO SONRISAL\u201d EM ITABUNA\"}]},{\"@type\":\"WebSite\",\"@id\":\"https:\/\/bahiaeconomica.com.br\/wp\/#website\",\"url\":\"https:\/\/bahiaeconomica.com.br\/wp\/\",\"name\":\"Bahia Economica\",\"description\":\"O maior portal de Economia da Bahia\",\"publisher\":{\"@id\":\"https:\/\/bahiaeconomica.com.br\/wp\/#organization\"},\"potentialAction\":[{\"@type\":\"SearchAction\",\"target\":{\"@type\":\"EntryPoint\",\"urlTemplate\":\"https:\/\/bahiaeconomica.com.br\/wp\/?s={search_term_string}\"},\"query-input\":\"required name=search_term_string\"}],\"inLanguage\":\"pt-BR\"},{\"@type\":\"Organization\",\"@id\":\"https:\/\/bahiaeconomica.com.br\/wp\/#organization\",\"name\":\"Bahia Econ\u00f4mica\",\"url\":\"https:\/\/bahiaeconomica.com.br\/wp\/\",\"logo\":{\"@type\":\"ImageObject\",\"inLanguage\":\"pt-BR\",\"@id\":\"https:\/\/bahiaeconomica.com.br\/wp\/#\/schema\/logo\/image\/\",\"url\":\"https:\/\/bahiaeconomica.com.br\/wp\/wp-content\/uploads\/2020\/12\/cropped-BE.png\",\"contentUrl\":\"https:\/\/bahiaeconomica.com.br\/wp\/wp-content\/uploads\/2020\/12\/cropped-BE.png\",\"width\":512,\"height\":512,\"caption\":\"Bahia Econ\u00f4mica\"},\"image\":{\"@id\":\"https:\/\/bahiaeconomica.com.br\/wp\/#\/schema\/logo\/image\/\"},\"sameAs\":[\"https:\/\/www.facebook.com\/bahiaeconomica\"]},{\"@type\":\"Person\",\"@id\":\"https:\/\/bahiaeconomica.com.br\/wp\/#\/schema\/person\/c86d3a3f8960425a0f9d0e5245991f4e\",\"name\":\"JP\",\"sameAs\":[\"https:\/\/bahiaeconomica.com.br\/wp\/beta\/\"],\"url\":\"https:\/\/bahiaeconomica.com.br\/wp\/author\/jp\/\"}]}<\/script>\n<!-- \/ Yoast SEO plugin. -->","yoast_head_json":{"title":"CHICO FRAN\u00c7A PRETENDE ACABAR COM O USO DO \u201cASFALTO SONRISAL\u201d EM ITABUNA - Bahia Economica","description":"O maior portal de Economia da Bahia Pol\u00edtica Bahia Economica a prefeito de Itabuna, Chico Fran\u00e7a (PL), afirma que as placas das obras p\u00fablicas","robots":{"index":"index","follow":"follow","max-snippet":"max-snippet:-1","max-image-preview":"max-image-preview:large","max-video-preview":"max-video-preview:-1"},"canonical":"https:\/\/bahiaeconomica.com.br\/wp\/2024\/08\/29\/chico-franca-pretende-acabar-com-o-uso-do-asfalto-sonrisal-em-itabuna\/","og_locale":"pt_BR","og_type":"article","og_title":"CHICO FRAN\u00c7A PRETENDE ACABAR COM O USO DO \u201cASFALTO SONRISAL\u201d EM ITABUNA - Bahia Economica","og_description":"O maior portal de Economia da Bahia Pol\u00edtica Bahia Economica a prefeito de Itabuna, Chico Fran\u00e7a (PL), afirma que as placas das obras p\u00fablicas","og_url":"https:\/\/bahiaeconomica.com.br\/wp\/2024\/08\/29\/chico-franca-pretende-acabar-com-o-uso-do-asfalto-sonrisal-em-itabuna\/","og_site_name":"Bahia Economica","article_publisher":"https:\/\/www.facebook.com\/bahiaeconomica","article_published_time":"2024-08-29T11:40:26+00:00","article_modified_time":"2024-08-29T11:58:46+00:00","og_image":[{"width":1290,"height":979,"url":"https:\/\/bahiaeconomica.com.br\/wp\/wp-content\/uploads\/2024\/08\/WhatsApp-Image-2024-08-28-at-16.57.31.jpeg","type":"image\/jpeg"}],"author":"JP","twitter_card":"summary_large_image","twitter_misc":{"Escrito por":"JP","Est. tempo de leitura":"2 minutos"},"schema":{"@context":"https:\/\/schema.org","@graph":[{"@type":"Article","@id":"https:\/\/bahiaeconomica.com.br\/wp\/2024\/08\/29\/chico-franca-pretende-acabar-com-o-uso-do-asfalto-sonrisal-em-itabuna\/#article","isPartOf":{"@id":"https:\/\/bahiaeconomica.com.br\/wp\/2024\/08\/29\/chico-franca-pretende-acabar-com-o-uso-do-asfalto-sonrisal-em-itabuna\/"},"author":{"name":"JP","@id":"https:\/\/bahiaeconomica.com.br\/wp\/#\/schema\/person\/c86d3a3f8960425a0f9d0e5245991f4e"},"headline":"CHICO FRAN\u00c7A PRETENDE ACABAR COM O USO DO \u201cASFALTO SONRISAL\u201d EM ITABUNA","datePublished":"2024-08-29T11:40:26+00:00","dateModified":"2024-08-29T11:58:46+00:00","mainEntityOfPage":{"@id":"https:\/\/bahiaeconomica.com.br\/wp\/2024\/08\/29\/chico-franca-pretende-acabar-com-o-uso-do-asfalto-sonrisal-em-itabuna\/"},"wordCount":265,"publisher":{"@id":"https:\/\/bahiaeconomica.com.br\/wp\/#organization"},"keywords":["Brasil","placa","Pol\u00edtica"],"articleSection":["Pol\u00edtica"],"inLanguage":"pt-BR"},{"@type":"WebPage","@id":"https:\/\/bahiaeconomica.com.br\/wp\/2024\/08\/29\/chico-franca-pretende-acabar-com-o-uso-do-asfalto-sonrisal-em-itabuna\/","url":"https:\/\/bahiaeconomica.com.br\/wp\/2024\/08\/29\/chico-franca-pretende-acabar-com-o-uso-do-asfalto-sonrisal-em-itabuna\/","name":"CHICO FRAN\u00c7A PRETENDE ACABAR COM O USO DO \u201cASFALTO SONRISAL\u201d EM ITABUNA - Bahia Economica","isPartOf":{"@id":"https:\/\/bahiaeconomica.com.br\/wp\/#website"},"datePublished":"2024-08-29T11:40:26+00:00","dateModified":"2024-08-29T11:58:46+00:00","description":"O maior portal de Economia da Bahia Pol\u00edtica Bahia Economica a prefeito de Itabuna, Chico Fran\u00e7a (PL), afirma que as placas das obras p\u00fablicas","breadcrumb":{"@id":"https:\/\/bahiaeconomica.com.br\/wp\/2024\/08\/29\/chico-franca-pretende-acabar-com-o-uso-do-asfalto-sonrisal-em-itabuna\/#breadcrumb"},"inLanguage":"pt-BR","potentialAction":[{"@type":"ReadAction","target":["https:\/\/bahiaeconomica.com.br\/wp\/2024\/08\/29\/chico-franca-pretende-acabar-com-o-uso-do-asfalto-sonrisal-em-itabuna\/"]}]},{"@type":"BreadcrumbList","@id":"https:\/\/bahiaeconomica.com.br\/wp\/2024\/08\/29\/chico-franca-pretende-acabar-com-o-uso-do-asfalto-sonrisal-em-itabuna\/#breadcrumb","itemListElement":[{"@type":"ListItem","position":1,"name":"In\u00edcio","item":"https:\/\/bahiaeconomica.com.br\/wp\/"},{"@type":"ListItem","position":2,"name":"CHICO FRAN\u00c7A PRETENDE ACABAR COM O USO DO \u201cASFALTO SONRISAL\u201d EM ITABUNA"}]},{"@type":"WebSite","@id":"https:\/\/bahiaeconomica.com.br\/wp\/#website","url":"https:\/\/bahiaeconomica.com.br\/wp\/","name":"Bahia Economica","description":"O maior portal de Economia da Bahia","publisher":{"@id":"https:\/\/bahiaeconomica.com.br\/wp\/#organization"},"potentialAction":[{"@type":"SearchAction","target":{"@type":"EntryPoint","urlTemplate":"https:\/\/bahiaeconomica.com.br\/wp\/?s={search_term_string}"},"query-input":"required name=search_term_string"}],"inLanguage":"pt-BR"},{"@type":"Organization","@id":"https:\/\/bahiaeconomica.com.br\/wp\/#organization","name":"Bahia Econ\u00f4mica","url":"https:\/\/bahiaeconomica.com.br\/wp\/","logo":{"@type":"ImageObject","inLanguage":"pt-BR","@id":"https:\/\/bahiaeconomica.com.br\/wp\/#\/schema\/logo\/image\/","url":"https:\/\/bahiaeconomica.com.br\/wp\/wp-content\/uploads\/2020\/12\/cropped-BE.png","contentUrl":"https:\/\/bahiaeconomica.com.br\/wp\/wp-content\/uploads\/2020\/12\/cropped-BE.png","width":512,"height":512,"caption":"Bahia Econ\u00f4mica"},"image":{"@id":"https:\/\/bahiaeconomica.com.br\/wp\/#\/schema\/logo\/image\/"},"sameAs":["https:\/\/www.facebook.com\/bahiaeconomica"]},{"@type":"Person","@id":"https:\/\/bahiaeconomica.com.br\/wp\/#\/schema\/person\/c86d3a3f8960425a0f9d0e5245991f4e","name":"JP","sameAs":["https:\/\/bahiaeconomica.com.br\/wp\/beta\/"],"url":"https:\/\/bahiaeconomica.com.br\/wp\/author\/jp\/"}]}},"views":36,"_links":{"self":[{"href":"https:\/\/bahiaeconomica.com.br\/wp\/wp-json\/wp\/v2\/posts\/841069"}],"collection":[{"href":"https:\/\/bahiaeconomica.com.br\/wp\/wp-json\/wp\/v2\/posts"}],"about":[{"href":"https:\/\/bahiaeconomica.com.br\/wp\/wp-json\/wp\/v2\/types\/post"}],"author":[{"embeddable":true,"href":"https:\/\/bahiaeconomica.com.br\/wp\/wp-json\/wp\/v2\/users\/8"}],"replies":[{"embeddable":true,"href":"https:\/\/bahiaeconomica.com.br\/wp\/wp-json\/wp\/v2\/comments?post=841069"}],"version-history":[{"count":1,"href":"https:\/\/bahiaeconomica.com.br\/wp\/wp-json\/wp\/v2\/posts\/841069\/revisions"}],"predecessor-version":[{"id":841072,"href":"https:\/\/bahiaeconomica.com.br\/wp\/wp-json\/wp\/v2\/posts\/841069\/revisions\/841072"}],"wp:featuredmedia":[{"embeddable":true,"href":"https:\/\/bahiaeconomica.com.br\/wp\/wp-json\/wp\/v2\/media\/841070"}],"wp:attachment":[{"href":"https:\/\/bahiaeconomica.com.br\/wp\/wp-json\/wp\/v2\/media?parent=841069"}],"wp:term":[{"taxonomy":"category","embeddable":true,"href":"https:\/\/bahiaeconomica.com.br\/wp\/wp-json\/wp\/v2\/categories?post=841069"},{"taxonomy":"post_tag","embeddable":true,"href":"https:\/\/bahiaeconomica.com.br\/wp\/wp-json\/wp\/v2\/tags?post=841069"}],"curies":[{"name":"wp","href":"https:\/\/api.w.org\/{rel}","templated":true}]}}