{"id":841068,"date":"2024-08-29T09:01:14","date_gmt":"2024-08-29T12:01:14","guid":{"rendered":"https:\/\/bahiaeconomica.com.br\/wp\/?p=841068"},"modified":"2024-08-29T09:01:14","modified_gmt":"2024-08-29T12:01:14","slug":"autoridades-internacionais-chegam-a-salvador-para-conferencia-da-diaspora-africana-nas-americas","status":"publish","type":"post","link":"https:\/\/bahiaeconomica.com.br\/wp\/2024\/08\/29\/autoridades-internacionais-chegam-a-salvador-para-conferencia-da-diaspora-africana-nas-americas\/","title":{"rendered":"AUTORIDADES INTERNACIONAIS CHEGAM A SALVADOR PARA CONFER\u00caNCIA DA DI\u00c1SPORA AFRICANA NAS AM\u00c9RICAS"},"content":{"rendered":"<p>Com a participa\u00e7\u00e3o de chefes de estados, ministros, intelectuais e representantes de movimentos negro, a Confer\u00eancia da Di\u00e1spora Africana nas Am\u00e9ricas, apoiada pelo governo da Bahia, ser\u00e1 aberta nesta quinta-feira (29), na Reitoria da UFBA. O evento internacional, que prossegue na sexta-feira (30), no Wish Hotel da Bahia e s\u00e1bado (31), no Centro de Conven\u00e7\u00f5es em Salvador, contar\u00e1 com as presen\u00e7as dos ministros dos Direitos Humanos e da Cidadania, Silvio Almeida, da Igualdade Racial, Aniele Franco, e da Cultura, Margareth Menezes.<\/p>\n<p>Realizada pela Uni\u00e3o Africana e Governo do Togo, a Confer\u00eancia vai reunir, na capital baiana, mais de 50 representantes de pa\u00edses americanos e africanos, al\u00e9m de organismos internacionais, no dia 31\/08, para o evento ministerial da Confer\u00eancia. Est\u00e3o confirmados o ministro das Rela\u00e7\u00f5es Exteriores, da Integra\u00e7\u00e3o Regional e dos Togoleses no Exterior, Robert Dussey, ministro dos Neg\u00f3cios Estrangeiros de S\u00e3o Tom\u00e9 e Pr\u00edncipe, Gareth Guadalupe, Vice-Presidente da Comiss\u00e3o da Uni\u00e3o Africana, Monique Nsanzabaganwa, Secret\u00e1rio Parlamentar do Minist\u00e9rio das Rela\u00e7\u00f5es Exteriores das Bahamas, Jamahl Strachan, e o Vice-Ministro das Rela\u00e7\u00f5es Exteriores de Gana, Kwaku AmpratwumSarpong.<\/p>\n<p>O Brasil possui a maior popula\u00e7\u00e3o negra fora da \u00c1frica e acumula duas d\u00e9cadas de pol\u00edticas voltadas para a promo\u00e7\u00e3o da igualdade racial, caracter\u00edsticas que pesaram na escolha do pa\u00eds para sediar a Confer\u00eancia. O encontro busca fortalecer as ra\u00edzes africanas ao redor do mundo e estabelecer maior di\u00e1logo entre representantes de Estado e da sociedade civil dos pa\u00edses da Uni\u00e3o Africana e das Am\u00e9ricas. Entre as abordagens est\u00e3o pan-africanismo, mem\u00f3ria, restitui\u00e7\u00e3o, repara\u00e7\u00e3o e reconstru\u00e7\u00e3o. O evento ser\u00e1 limitado a participantes convidados da Uni\u00e3o Africana e das Am\u00e9ricas, para o segmento da sociedade civil.<\/p>\n<p>&#8220;A Confer\u00eancia \u00e9 uma oportunidade singular para aprofundarmos o di\u00e1logo sobre temas essenciais para a constru\u00e7\u00e3o de sociedades mais justas e equitativas. A Bahia, com sua rica heran\u00e7a cultural afro-brasileira, \u00e9 o local ideal para receber essa confer\u00eancia, refor\u00e7ando nosso compromisso com a promo\u00e7\u00e3o da igualdade racial e o reconhecimento da inestim\u00e1vel contribui\u00e7\u00e3o dos pa\u00edses africanos para a nossa identidade, sociedade e afirma\u00e7\u00e3o&#8221;, destaca \u00c2ngela Guimar\u00e3es, secret\u00e1ria de Promo\u00e7\u00e3o da Igualdade Racial e dos Povos e Comunidades Tradicionais da Bahia.<\/p>\n<p>(Ag\u00eancia Brasil)<br \/>\nFoto Jo\u00e1 SouzaGOVBA<\/p>\n","protected":false},"excerpt":{"rendered":"<p>Com a participa\u00e7\u00e3o de chefes de estados, ministros, intelectuais e representantes de movimentos negro, a Confer\u00eancia da Di\u00e1spora Africana nas Am\u00e9ricas, apoiada pelo governo da Bahia, ser\u00e1 aberta nesta quinta-feira (29), na Reitoria da UFBA. O evento internacional, que prossegue na sexta-feira (30), no Wish Hotel da Bahia e s\u00e1bado (31), no Centro de Conven\u00e7\u00f5es [&hellip;]<\/p>\n","protected":false},"author":15,"featured_media":841071,"comment_status":"closed","ping_status":"closed","sticky":false,"template":"","format":"standard","meta":[],"categories":[5],"tags":[32674],"acf":[],"yoast_head":"<!-- This site is optimized with the Yoast SEO plugin v20.8 - https:\/\/yoast.com\/wordpress\/plugins\/seo\/ -->\n<title>AUTORIDADES INTERNACIONAIS CHEGAM A SALVADOR PARA CONFER\u00caNCIA DA DI\u00c1SPORA AFRICANA NAS AM\u00c9RICAS - Bahia Economica<\/title>\n<meta name=\"description\" content=\"O maior portal de Economia da Bahia MUNIC\u00cdPIOS Bahia Economica Com a participa\u00e7\u00e3o de chefes de estados, ministros, intelectuais e representantes\" \/>\n<meta name=\"robots\" content=\"index, follow, max-snippet:-1, max-image-preview:large, max-video-preview:-1\" \/>\n<link rel=\"canonical\" href=\"https:\/\/bahiaeconomica.com.br\/wp\/2024\/08\/29\/autoridades-internacionais-chegam-a-salvador-para-conferencia-da-diaspora-africana-nas-americas\/\" \/>\n<meta property=\"og:locale\" content=\"pt_BR\" \/>\n<meta property=\"og:type\" content=\"article\" \/>\n<meta property=\"og:title\" content=\"AUTORIDADES INTERNACIONAIS CHEGAM A SALVADOR PARA CONFER\u00caNCIA DA DI\u00c1SPORA AFRICANA NAS AM\u00c9RICAS - Bahia Economica\" \/>\n<meta property=\"og:description\" content=\"O maior portal de Economia da Bahia MUNIC\u00cdPIOS Bahia Economica Com a participa\u00e7\u00e3o de chefes de estados, ministros, intelectuais e representantes\" \/>\n<meta property=\"og:url\" content=\"https:\/\/bahiaeconomica.com.br\/wp\/2024\/08\/29\/autoridades-internacionais-chegam-a-salvador-para-conferencia-da-diaspora-africana-nas-americas\/\" \/>\n<meta property=\"og:site_name\" content=\"Bahia Economica\" \/>\n<meta property=\"article:publisher\" content=\"https:\/\/www.facebook.com\/bahiaeconomica\" \/>\n<meta property=\"article:published_time\" content=\"2024-08-29T12:01:14+00:00\" \/>\n<meta property=\"og:image\" content=\"https:\/\/bahiaeconomica.com.br\/wp\/wp-content\/uploads\/2024\/08\/Foto-Joa-SouzaGOVBA.jpg\" \/>\n\t<meta property=\"og:image:width\" content=\"1024\" \/>\n\t<meta property=\"og:image:height\" content=\"682\" \/>\n\t<meta property=\"og:image:type\" content=\"image\/jpeg\" \/>\n<meta name=\"author\" content=\"VICTORIA ISABEL\" \/>\n<meta name=\"twitter:card\" content=\"summary_large_image\" \/>\n<meta name=\"twitter:label1\" content=\"Escrito por\" \/>\n\t<meta name=\"twitter:data1\" content=\"VICTORIA ISABEL\" \/>\n\t<meta name=\"twitter:label2\" content=\"Est. tempo de leitura\" \/>\n\t<meta name=\"twitter:data2\" content=\"2 minutos\" \/>\n<script type=\"application\/ld+json\" class=\"yoast-schema-graph\">{\"@context\":\"https:\/\/schema.org\",\"@graph\":[{\"@type\":\"Article\",\"@id\":\"https:\/\/bahiaeconomica.com.br\/wp\/2024\/08\/29\/autoridades-internacionais-chegam-a-salvador-para-conferencia-da-diaspora-africana-nas-americas\/#article\",\"isPartOf\":{\"@id\":\"https:\/\/bahiaeconomica.com.br\/wp\/2024\/08\/29\/autoridades-internacionais-chegam-a-salvador-para-conferencia-da-diaspora-africana-nas-americas\/\"},\"author\":{\"name\":\"VICTORIA ISABEL\",\"@id\":\"https:\/\/bahiaeconomica.com.br\/wp\/#\/schema\/person\/b719ce0fb1c09f3c7a00d9243ced4a6f\"},\"headline\":\"AUTORIDADES INTERNACIONAIS CHEGAM A SALVADOR PARA CONFER\u00caNCIA DA DI\u00c1SPORA AFRICANA NAS AM\u00c9RICAS\",\"datePublished\":\"2024-08-29T12:01:14+00:00\",\"dateModified\":\"2024-08-29T12:01:14+00:00\",\"mainEntityOfPage\":{\"@id\":\"https:\/\/bahiaeconomica.com.br\/wp\/2024\/08\/29\/autoridades-internacionais-chegam-a-salvador-para-conferencia-da-diaspora-africana-nas-americas\/\"},\"wordCount\":420,\"publisher\":{\"@id\":\"https:\/\/bahiaeconomica.com.br\/wp\/#organization\"},\"keywords\":[\"Confer\u00eancia da Di\u00e1spora Africana nas Am\u00e9ricas\"],\"articleSection\":[\"MUNIC\u00cdPIOS\"],\"inLanguage\":\"pt-BR\"},{\"@type\":\"WebPage\",\"@id\":\"https:\/\/bahiaeconomica.com.br\/wp\/2024\/08\/29\/autoridades-internacionais-chegam-a-salvador-para-conferencia-da-diaspora-africana-nas-americas\/\",\"url\":\"https:\/\/bahiaeconomica.com.br\/wp\/2024\/08\/29\/autoridades-internacionais-chegam-a-salvador-para-conferencia-da-diaspora-africana-nas-americas\/\",\"name\":\"AUTORIDADES INTERNACIONAIS CHEGAM A SALVADOR PARA CONFER\u00caNCIA DA DI\u00c1SPORA AFRICANA NAS AM\u00c9RICAS - Bahia Economica\",\"isPartOf\":{\"@id\":\"https:\/\/bahiaeconomica.com.br\/wp\/#website\"},\"datePublished\":\"2024-08-29T12:01:14+00:00\",\"dateModified\":\"2024-08-29T12:01:14+00:00\",\"description\":\"O maior portal de Economia da Bahia MUNIC\u00cdPIOS Bahia Economica Com a participa\u00e7\u00e3o de chefes de estados, ministros, intelectuais e representantes\",\"breadcrumb\":{\"@id\":\"https:\/\/bahiaeconomica.com.br\/wp\/2024\/08\/29\/autoridades-internacionais-chegam-a-salvador-para-conferencia-da-diaspora-africana-nas-americas\/#breadcrumb\"},\"inLanguage\":\"pt-BR\",\"potentialAction\":[{\"@type\":\"ReadAction\",\"target\":[\"https:\/\/bahiaeconomica.com.br\/wp\/2024\/08\/29\/autoridades-internacionais-chegam-a-salvador-para-conferencia-da-diaspora-africana-nas-americas\/\"]}]},{\"@type\":\"BreadcrumbList\",\"@id\":\"https:\/\/bahiaeconomica.com.br\/wp\/2024\/08\/29\/autoridades-internacionais-chegam-a-salvador-para-conferencia-da-diaspora-africana-nas-americas\/#breadcrumb\",\"itemListElement\":[{\"@type\":\"ListItem\",\"position\":1,\"name\":\"In\u00edcio\",\"item\":\"https:\/\/bahiaeconomica.com.br\/wp\/\"},{\"@type\":\"ListItem\",\"position\":2,\"name\":\"AUTORIDADES INTERNACIONAIS CHEGAM A SALVADOR PARA CONFER\u00caNCIA DA DI\u00c1SPORA AFRICANA NAS AM\u00c9RICAS\"}]},{\"@type\":\"WebSite\",\"@id\":\"https:\/\/bahiaeconomica.com.br\/wp\/#website\",\"url\":\"https:\/\/bahiaeconomica.com.br\/wp\/\",\"name\":\"Bahia Economica\",\"description\":\"O maior portal de Economia da Bahia\",\"publisher\":{\"@id\":\"https:\/\/bahiaeconomica.com.br\/wp\/#organization\"},\"potentialAction\":[{\"@type\":\"SearchAction\",\"target\":{\"@type\":\"EntryPoint\",\"urlTemplate\":\"https:\/\/bahiaeconomica.com.br\/wp\/?s={search_term_string}\"},\"query-input\":\"required name=search_term_string\"}],\"inLanguage\":\"pt-BR\"},{\"@type\":\"Organization\",\"@id\":\"https:\/\/bahiaeconomica.com.br\/wp\/#organization\",\"name\":\"Bahia Econ\u00f4mica\",\"url\":\"https:\/\/bahiaeconomica.com.br\/wp\/\",\"logo\":{\"@type\":\"ImageObject\",\"inLanguage\":\"pt-BR\",\"@id\":\"https:\/\/bahiaeconomica.com.br\/wp\/#\/schema\/logo\/image\/\",\"url\":\"https:\/\/bahiaeconomica.com.br\/wp\/wp-content\/uploads\/2020\/12\/cropped-BE.png\",\"contentUrl\":\"https:\/\/bahiaeconomica.com.br\/wp\/wp-content\/uploads\/2020\/12\/cropped-BE.png\",\"width\":512,\"height\":512,\"caption\":\"Bahia Econ\u00f4mica\"},\"image\":{\"@id\":\"https:\/\/bahiaeconomica.com.br\/wp\/#\/schema\/logo\/image\/\"},\"sameAs\":[\"https:\/\/www.facebook.com\/bahiaeconomica\"]},{\"@type\":\"Person\",\"@id\":\"https:\/\/bahiaeconomica.com.br\/wp\/#\/schema\/person\/b719ce0fb1c09f3c7a00d9243ced4a6f\",\"name\":\"VICTORIA ISABEL\",\"sameAs\":[\"http:\/\/www.bahiaeconomica.com.br\"],\"url\":\"https:\/\/bahiaeconomica.com.br\/wp\/author\/victoria-isabel\/\"}]}<\/script>\n<!-- \/ Yoast SEO plugin. -->","yoast_head_json":{"title":"AUTORIDADES INTERNACIONAIS CHEGAM A SALVADOR PARA CONFER\u00caNCIA DA DI\u00c1SPORA AFRICANA NAS AM\u00c9RICAS - Bahia Economica","description":"O maior portal de Economia da Bahia MUNIC\u00cdPIOS Bahia Economica Com a participa\u00e7\u00e3o de chefes de estados, ministros, intelectuais e representantes","robots":{"index":"index","follow":"follow","max-snippet":"max-snippet:-1","max-image-preview":"max-image-preview:large","max-video-preview":"max-video-preview:-1"},"canonical":"https:\/\/bahiaeconomica.com.br\/wp\/2024\/08\/29\/autoridades-internacionais-chegam-a-salvador-para-conferencia-da-diaspora-africana-nas-americas\/","og_locale":"pt_BR","og_type":"article","og_title":"AUTORIDADES INTERNACIONAIS CHEGAM A SALVADOR PARA CONFER\u00caNCIA DA DI\u00c1SPORA AFRICANA NAS AM\u00c9RICAS - Bahia Economica","og_description":"O maior portal de Economia da Bahia MUNIC\u00cdPIOS Bahia Economica Com a participa\u00e7\u00e3o de chefes de estados, ministros, intelectuais e representantes","og_url":"https:\/\/bahiaeconomica.com.br\/wp\/2024\/08\/29\/autoridades-internacionais-chegam-a-salvador-para-conferencia-da-diaspora-africana-nas-americas\/","og_site_name":"Bahia Economica","article_publisher":"https:\/\/www.facebook.com\/bahiaeconomica","article_published_time":"2024-08-29T12:01:14+00:00","og_image":[{"width":1024,"height":682,"url":"https:\/\/bahiaeconomica.com.br\/wp\/wp-content\/uploads\/2024\/08\/Foto-Joa-SouzaGOVBA.jpg","type":"image\/jpeg"}],"author":"VICTORIA ISABEL","twitter_card":"summary_large_image","twitter_misc":{"Escrito por":"VICTORIA ISABEL","Est. tempo de leitura":"2 minutos"},"schema":{"@context":"https:\/\/schema.org","@graph":[{"@type":"Article","@id":"https:\/\/bahiaeconomica.com.br\/wp\/2024\/08\/29\/autoridades-internacionais-chegam-a-salvador-para-conferencia-da-diaspora-africana-nas-americas\/#article","isPartOf":{"@id":"https:\/\/bahiaeconomica.com.br\/wp\/2024\/08\/29\/autoridades-internacionais-chegam-a-salvador-para-conferencia-da-diaspora-africana-nas-americas\/"},"author":{"name":"VICTORIA ISABEL","@id":"https:\/\/bahiaeconomica.com.br\/wp\/#\/schema\/person\/b719ce0fb1c09f3c7a00d9243ced4a6f"},"headline":"AUTORIDADES INTERNACIONAIS CHEGAM A SALVADOR PARA CONFER\u00caNCIA DA DI\u00c1SPORA AFRICANA NAS AM\u00c9RICAS","datePublished":"2024-08-29T12:01:14+00:00","dateModified":"2024-08-29T12:01:14+00:00","mainEntityOfPage":{"@id":"https:\/\/bahiaeconomica.com.br\/wp\/2024\/08\/29\/autoridades-internacionais-chegam-a-salvador-para-conferencia-da-diaspora-africana-nas-americas\/"},"wordCount":420,"publisher":{"@id":"https:\/\/bahiaeconomica.com.br\/wp\/#organization"},"keywords":["Confer\u00eancia da Di\u00e1spora Africana nas Am\u00e9ricas"],"articleSection":["MUNIC\u00cdPIOS"],"inLanguage":"pt-BR"},{"@type":"WebPage","@id":"https:\/\/bahiaeconomica.com.br\/wp\/2024\/08\/29\/autoridades-internacionais-chegam-a-salvador-para-conferencia-da-diaspora-africana-nas-americas\/","url":"https:\/\/bahiaeconomica.com.br\/wp\/2024\/08\/29\/autoridades-internacionais-chegam-a-salvador-para-conferencia-da-diaspora-africana-nas-americas\/","name":"AUTORIDADES INTERNACIONAIS CHEGAM A SALVADOR PARA CONFER\u00caNCIA DA DI\u00c1SPORA AFRICANA NAS AM\u00c9RICAS - Bahia Economica","isPartOf":{"@id":"https:\/\/bahiaeconomica.com.br\/wp\/#website"},"datePublished":"2024-08-29T12:01:14+00:00","dateModified":"2024-08-29T12:01:14+00:00","description":"O maior portal de Economia da Bahia MUNIC\u00cdPIOS Bahia Economica Com a participa\u00e7\u00e3o de chefes de estados, ministros, intelectuais e representantes","breadcrumb":{"@id":"https:\/\/bahiaeconomica.com.br\/wp\/2024\/08\/29\/autoridades-internacionais-chegam-a-salvador-para-conferencia-da-diaspora-africana-nas-americas\/#breadcrumb"},"inLanguage":"pt-BR","potentialAction":[{"@type":"ReadAction","target":["https:\/\/bahiaeconomica.com.br\/wp\/2024\/08\/29\/autoridades-internacionais-chegam-a-salvador-para-conferencia-da-diaspora-africana-nas-americas\/"]}]},{"@type":"BreadcrumbList","@id":"https:\/\/bahiaeconomica.com.br\/wp\/2024\/08\/29\/autoridades-internacionais-chegam-a-salvador-para-conferencia-da-diaspora-africana-nas-americas\/#breadcrumb","itemListElement":[{"@type":"ListItem","position":1,"name":"In\u00edcio","item":"https:\/\/bahiaeconomica.com.br\/wp\/"},{"@type":"ListItem","position":2,"name":"AUTORIDADES INTERNACIONAIS CHEGAM A SALVADOR PARA CONFER\u00caNCIA DA DI\u00c1SPORA AFRICANA NAS AM\u00c9RICAS"}]},{"@type":"WebSite","@id":"https:\/\/bahiaeconomica.com.br\/wp\/#website","url":"https:\/\/bahiaeconomica.com.br\/wp\/","name":"Bahia Economica","description":"O maior portal de Economia da Bahia","publisher":{"@id":"https:\/\/bahiaeconomica.com.br\/wp\/#organization"},"potentialAction":[{"@type":"SearchAction","target":{"@type":"EntryPoint","urlTemplate":"https:\/\/bahiaeconomica.com.br\/wp\/?s={search_term_string}"},"query-input":"required name=search_term_string"}],"inLanguage":"pt-BR"},{"@type":"Organization","@id":"https:\/\/bahiaeconomica.com.br\/wp\/#organization","name":"Bahia Econ\u00f4mica","url":"https:\/\/bahiaeconomica.com.br\/wp\/","logo":{"@type":"ImageObject","inLanguage":"pt-BR","@id":"https:\/\/bahiaeconomica.com.br\/wp\/#\/schema\/logo\/image\/","url":"https:\/\/bahiaeconomica.com.br\/wp\/wp-content\/uploads\/2020\/12\/cropped-BE.png","contentUrl":"https:\/\/bahiaeconomica.com.br\/wp\/wp-content\/uploads\/2020\/12\/cropped-BE.png","width":512,"height":512,"caption":"Bahia Econ\u00f4mica"},"image":{"@id":"https:\/\/bahiaeconomica.com.br\/wp\/#\/schema\/logo\/image\/"},"sameAs":["https:\/\/www.facebook.com\/bahiaeconomica"]},{"@type":"Person","@id":"https:\/\/bahiaeconomica.com.br\/wp\/#\/schema\/person\/b719ce0fb1c09f3c7a00d9243ced4a6f","name":"VICTORIA ISABEL","sameAs":["http:\/\/www.bahiaeconomica.com.br"],"url":"https:\/\/bahiaeconomica.com.br\/wp\/author\/victoria-isabel\/"}]}},"views":52,"_links":{"self":[{"href":"https:\/\/bahiaeconomica.com.br\/wp\/wp-json\/wp\/v2\/posts\/841068"}],"collection":[{"href":"https:\/\/bahiaeconomica.com.br\/wp\/wp-json\/wp\/v2\/posts"}],"about":[{"href":"https:\/\/bahiaeconomica.com.br\/wp\/wp-json\/wp\/v2\/types\/post"}],"author":[{"embeddable":true,"href":"https:\/\/bahiaeconomica.com.br\/wp\/wp-json\/wp\/v2\/users\/15"}],"replies":[{"embeddable":true,"href":"https:\/\/bahiaeconomica.com.br\/wp\/wp-json\/wp\/v2\/comments?post=841068"}],"version-history":[{"count":1,"href":"https:\/\/bahiaeconomica.com.br\/wp\/wp-json\/wp\/v2\/posts\/841068\/revisions"}],"predecessor-version":[{"id":841075,"href":"https:\/\/bahiaeconomica.com.br\/wp\/wp-json\/wp\/v2\/posts\/841068\/revisions\/841075"}],"wp:featuredmedia":[{"embeddable":true,"href":"https:\/\/bahiaeconomica.com.br\/wp\/wp-json\/wp\/v2\/media\/841071"}],"wp:attachment":[{"href":"https:\/\/bahiaeconomica.com.br\/wp\/wp-json\/wp\/v2\/media?parent=841068"}],"wp:term":[{"taxonomy":"category","embeddable":true,"href":"https:\/\/bahiaeconomica.com.br\/wp\/wp-json\/wp\/v2\/categories?post=841068"},{"taxonomy":"post_tag","embeddable":true,"href":"https:\/\/bahiaeconomica.com.br\/wp\/wp-json\/wp\/v2\/tags?post=841068"}],"curies":[{"name":"wp","href":"https:\/\/api.w.org\/{rel}","templated":true}]}}