{"id":840881,"date":"2024-08-28T15:34:20","date_gmt":"2024-08-28T18:34:20","guid":{"rendered":"https:\/\/bahiaeconomica.com.br\/wp\/?p=840881"},"modified":"2024-08-28T15:34:20","modified_gmt":"2024-08-28T18:34:20","slug":"distribuidora-baiana-alcanca-marco-historico-com-recorde-de-vendas-no-setor-de-combustiveis","status":"publish","type":"post","link":"https:\/\/bahiaeconomica.com.br\/wp\/2024\/08\/28\/distribuidora-baiana-alcanca-marco-historico-com-recorde-de-vendas-no-setor-de-combustiveis\/","title":{"rendered":"DISTRIBUIDORA BAIANA ALCAN\u00c7A MARCO HIST\u00d3RICO COM RECORDE DE VENDAS NO SETOR DE COMBUST\u00cdVEIS"},"content":{"rendered":"<p>Empresa baiana que se tornou refer\u00eancia nacional e hoje ocupa a posi\u00e7\u00e3o de 4\u00aa maior distribuidora de combust\u00edveis do pa\u00eds, a Larco Petr\u00f3leo acaba de conquistar um feito hist\u00f3rico. A companhia atingiu um recorde de vendas, com mais de 300 milh\u00f5es de litros de combust\u00edveis comercializados somente no m\u00eas de julho. Esse feito representa n\u00e3o apenas o crescimento cont\u00ednuo da empresa, mas tamb\u00e9m sua s\u00f3lida posi\u00e7\u00e3o no mercado nacional, refor\u00e7ando sua import\u00e2ncia estrat\u00e9gica para a economia brasileira. Com uma programa\u00e7\u00e3o especial, ao longo da semana passada, as equipes de todos os estados onde a Larco est\u00e1 inserida se reuniram em suas respectivas regi\u00f5es para celebrar esse marco t\u00e3o importante.<\/p>\n<p>Para o CEO da Larco, Alberto Costa Neto, este resultado \u00e9 fruto do trabalho \u00e1rduo e da dedica\u00e7\u00e3o de toda a equipe que diariamente se empenha em superar desafios e buscar a excel\u00eancia para garantir a satisfa\u00e7\u00e3o dos clientes. \u201cCada colaborador da Larco desempenhou um papel crucial para alcan\u00e7armos este feito hist\u00f3rico. O nosso compromisso com a qualidade e a satisfa\u00e7\u00e3o do cliente sempre foi nossa prioridade e este recorde \u00e9 tamb\u00e9m um reflexo da confian\u00e7a que nossos consumidores depositam em n\u00f3s. A Larco contribui de forma significativa para o desenvolvimento econ\u00f4mico, garantindo o abastecimento de setores essenciais como o transporte, a agricultura e a ind\u00fastria em diversas regi\u00f5es do pa\u00eds. Seguiremos investindo em inova\u00e7\u00e3o e processos para continuarmos atendendo \u00e0s necessidades de nossos clientes com \u00e9tica e transpar\u00eancia&#8221;, declara.<\/p>\n<p>Sin\u00f4nimo de solidez e credibilidade, a companhia, que possui 24 anos de opera\u00e7\u00e3o, \u00e9 conhecida por sua infraestrutura robusta, log\u00edstica eficiente e rigoroso controle de qualidade, respons\u00e1veis por garantir n\u00e3o s\u00f3 a oferta de combust\u00edveis de alto padr\u00e3o, como a excel\u00eancia no servi\u00e7o de entrega e seguran\u00e7a de seus produtos. Atualmente a Larco conta com 36 opera\u00e7\u00f5es localizadas estrategicamente em 16 estados brasileiros e no Distrito Federal, possui uma frota pr\u00f3pria com mais de 600 ve\u00edculos (incluindo super bitrens, bitrens, trucks e carretas), conta com uma equipe qualificada, alto investimento na sua estrutura, inova\u00e7\u00e3o nos seus processos e uma rede de postos em constante expans\u00e3o, somando atualmente, aproximadamente 200 postos embandeirados espalhados pelo Brasil.<\/p>\n<p>Foto: Divulga\u00e7\u00e3o Texto&amp;Cia<\/p>\n","protected":false},"excerpt":{"rendered":"<p>Empresa baiana que se tornou refer\u00eancia nacional e hoje ocupa a posi\u00e7\u00e3o de 4\u00aa maior distribuidora de combust\u00edveis do pa\u00eds, a Larco Petr\u00f3leo acaba de conquistar um feito hist\u00f3rico. A companhia atingiu um recorde de vendas, com mais de 300 milh\u00f5es de litros de combust\u00edveis comercializados somente no m\u00eas de julho. Esse feito representa n\u00e3o [&hellip;]<\/p>\n","protected":false},"author":16,"featured_media":840883,"comment_status":"closed","ping_status":"closed","sticky":false,"template":"","format":"standard","meta":[],"categories":[5],"tags":[1242,32649,32650],"acf":[],"yoast_head":"<!-- This site is optimized with the Yoast SEO plugin v20.8 - https:\/\/yoast.com\/wordpress\/plugins\/seo\/ -->\n<title>DISTRIBUIDORA BAIANA ALCAN\u00c7A MARCO HIST\u00d3RICO<\/title>\n<meta name=\"description\" content=\"ALarco Petr\u00f3leo acaba de conquistar um recorde de vendas, com mais de 300 milh\u00f5es de litros de combust\u00edveis.\" \/>\n<meta name=\"robots\" content=\"index, follow, max-snippet:-1, max-image-preview:large, max-video-preview:-1\" \/>\n<link rel=\"canonical\" href=\"https:\/\/bahiaeconomica.com.br\/wp\/2024\/08\/28\/distribuidora-baiana-alcanca-marco-historico-com-recorde-de-vendas-no-setor-de-combustiveis\/\" \/>\n<meta property=\"og:locale\" content=\"pt_BR\" \/>\n<meta property=\"og:type\" content=\"article\" \/>\n<meta property=\"og:title\" content=\"DISTRIBUIDORA BAIANA ALCAN\u00c7A MARCO HIST\u00d3RICO\" \/>\n<meta property=\"og:description\" content=\"ALarco Petr\u00f3leo acaba de conquistar um recorde de vendas, com mais de 300 milh\u00f5es de litros de combust\u00edveis.\" \/>\n<meta property=\"og:url\" content=\"https:\/\/bahiaeconomica.com.br\/wp\/2024\/08\/28\/distribuidora-baiana-alcanca-marco-historico-com-recorde-de-vendas-no-setor-de-combustiveis\/\" \/>\n<meta property=\"og:site_name\" content=\"Bahia Economica\" \/>\n<meta property=\"article:publisher\" content=\"https:\/\/www.facebook.com\/bahiaeconomica\" \/>\n<meta property=\"article:published_time\" content=\"2024-08-28T18:34:20+00:00\" \/>\n<meta property=\"og:image\" content=\"https:\/\/bahiaeconomica.com.br\/wp\/wp-content\/uploads\/2024\/08\/Larco_Divulgacao_2-scaled.jpg\" \/>\n\t<meta property=\"og:image:width\" content=\"2560\" \/>\n\t<meta property=\"og:image:height\" content=\"1920\" \/>\n\t<meta property=\"og:image:type\" content=\"image\/jpeg\" \/>\n<meta name=\"author\" content=\"LUIZA NASCIMENTO\" \/>\n<meta name=\"twitter:card\" content=\"summary_large_image\" \/>\n<meta name=\"twitter:label1\" content=\"Escrito por\" \/>\n\t<meta name=\"twitter:data1\" content=\"LUIZA NASCIMENTO\" \/>\n\t<meta name=\"twitter:label2\" content=\"Est. tempo de leitura\" \/>\n\t<meta name=\"twitter:data2\" content=\"2 minutos\" \/>\n<script type=\"application\/ld+json\" class=\"yoast-schema-graph\">{\"@context\":\"https:\/\/schema.org\",\"@graph\":[{\"@type\":\"Article\",\"@id\":\"https:\/\/bahiaeconomica.com.br\/wp\/2024\/08\/28\/distribuidora-baiana-alcanca-marco-historico-com-recorde-de-vendas-no-setor-de-combustiveis\/#article\",\"isPartOf\":{\"@id\":\"https:\/\/bahiaeconomica.com.br\/wp\/2024\/08\/28\/distribuidora-baiana-alcanca-marco-historico-com-recorde-de-vendas-no-setor-de-combustiveis\/\"},\"author\":{\"name\":\"LUIZA NASCIMENTO\",\"@id\":\"https:\/\/bahiaeconomica.com.br\/wp\/#\/schema\/person\/18273ac0fe04bfd4e7b101bf17d40152\"},\"headline\":\"DISTRIBUIDORA BAIANA ALCAN\u00c7A MARCO HIST\u00d3RICO COM RECORDE DE VENDAS NO SETOR DE COMBUST\u00cdVEIS\",\"datePublished\":\"2024-08-28T18:34:20+00:00\",\"dateModified\":\"2024-08-28T18:34:20+00:00\",\"mainEntityOfPage\":{\"@id\":\"https:\/\/bahiaeconomica.com.br\/wp\/2024\/08\/28\/distribuidora-baiana-alcanca-marco-historico-com-recorde-de-vendas-no-setor-de-combustiveis\/\"},\"wordCount\":415,\"publisher\":{\"@id\":\"https:\/\/bahiaeconomica.com.br\/wp\/#organization\"},\"keywords\":[\"combust\u00edveis\",\"distribuidora baiana\",\"marco hist\u00f3rico\"],\"articleSection\":[\"MUNIC\u00cdPIOS\"],\"inLanguage\":\"pt-BR\"},{\"@type\":\"WebPage\",\"@id\":\"https:\/\/bahiaeconomica.com.br\/wp\/2024\/08\/28\/distribuidora-baiana-alcanca-marco-historico-com-recorde-de-vendas-no-setor-de-combustiveis\/\",\"url\":\"https:\/\/bahiaeconomica.com.br\/wp\/2024\/08\/28\/distribuidora-baiana-alcanca-marco-historico-com-recorde-de-vendas-no-setor-de-combustiveis\/\",\"name\":\"DISTRIBUIDORA BAIANA ALCAN\u00c7A MARCO HIST\u00d3RICO\",\"isPartOf\":{\"@id\":\"https:\/\/bahiaeconomica.com.br\/wp\/#website\"},\"datePublished\":\"2024-08-28T18:34:20+00:00\",\"dateModified\":\"2024-08-28T18:34:20+00:00\",\"description\":\"ALarco Petr\u00f3leo acaba de conquistar um recorde de vendas, com mais de 300 milh\u00f5es de litros de combust\u00edveis.\",\"breadcrumb\":{\"@id\":\"https:\/\/bahiaeconomica.com.br\/wp\/2024\/08\/28\/distribuidora-baiana-alcanca-marco-historico-com-recorde-de-vendas-no-setor-de-combustiveis\/#breadcrumb\"},\"inLanguage\":\"pt-BR\",\"potentialAction\":[{\"@type\":\"ReadAction\",\"target\":[\"https:\/\/bahiaeconomica.com.br\/wp\/2024\/08\/28\/distribuidora-baiana-alcanca-marco-historico-com-recorde-de-vendas-no-setor-de-combustiveis\/\"]}]},{\"@type\":\"BreadcrumbList\",\"@id\":\"https:\/\/bahiaeconomica.com.br\/wp\/2024\/08\/28\/distribuidora-baiana-alcanca-marco-historico-com-recorde-de-vendas-no-setor-de-combustiveis\/#breadcrumb\",\"itemListElement\":[{\"@type\":\"ListItem\",\"position\":1,\"name\":\"In\u00edcio\",\"item\":\"https:\/\/bahiaeconomica.com.br\/wp\/\"},{\"@type\":\"ListItem\",\"position\":2,\"name\":\"DISTRIBUIDORA BAIANA ALCAN\u00c7A MARCO HIST\u00d3RICO COM RECORDE DE VENDAS NO SETOR DE COMBUST\u00cdVEIS\"}]},{\"@type\":\"WebSite\",\"@id\":\"https:\/\/bahiaeconomica.com.br\/wp\/#website\",\"url\":\"https:\/\/bahiaeconomica.com.br\/wp\/\",\"name\":\"Bahia Economica\",\"description\":\"O maior portal de Economia da Bahia\",\"publisher\":{\"@id\":\"https:\/\/bahiaeconomica.com.br\/wp\/#organization\"},\"potentialAction\":[{\"@type\":\"SearchAction\",\"target\":{\"@type\":\"EntryPoint\",\"urlTemplate\":\"https:\/\/bahiaeconomica.com.br\/wp\/?s={search_term_string}\"},\"query-input\":\"required name=search_term_string\"}],\"inLanguage\":\"pt-BR\"},{\"@type\":\"Organization\",\"@id\":\"https:\/\/bahiaeconomica.com.br\/wp\/#organization\",\"name\":\"Bahia Econ\u00f4mica\",\"url\":\"https:\/\/bahiaeconomica.com.br\/wp\/\",\"logo\":{\"@type\":\"ImageObject\",\"inLanguage\":\"pt-BR\",\"@id\":\"https:\/\/bahiaeconomica.com.br\/wp\/#\/schema\/logo\/image\/\",\"url\":\"https:\/\/bahiaeconomica.com.br\/wp\/wp-content\/uploads\/2020\/12\/cropped-BE.png\",\"contentUrl\":\"https:\/\/bahiaeconomica.com.br\/wp\/wp-content\/uploads\/2020\/12\/cropped-BE.png\",\"width\":512,\"height\":512,\"caption\":\"Bahia Econ\u00f4mica\"},\"image\":{\"@id\":\"https:\/\/bahiaeconomica.com.br\/wp\/#\/schema\/logo\/image\/\"},\"sameAs\":[\"https:\/\/www.facebook.com\/bahiaeconomica\"]},{\"@type\":\"Person\",\"@id\":\"https:\/\/bahiaeconomica.com.br\/wp\/#\/schema\/person\/18273ac0fe04bfd4e7b101bf17d40152\",\"name\":\"LUIZA NASCIMENTO\",\"sameAs\":[\"http:\/\/www.bahiaeconomica.com.br\"],\"url\":\"https:\/\/bahiaeconomica.com.br\/wp\/author\/luiza-nascimento\/\"}]}<\/script>\n<!-- \/ Yoast SEO plugin. -->","yoast_head_json":{"title":"DISTRIBUIDORA BAIANA ALCAN\u00c7A MARCO HIST\u00d3RICO","description":"ALarco Petr\u00f3leo acaba de conquistar um recorde de vendas, com mais de 300 milh\u00f5es de litros de combust\u00edveis.","robots":{"index":"index","follow":"follow","max-snippet":"max-snippet:-1","max-image-preview":"max-image-preview:large","max-video-preview":"max-video-preview:-1"},"canonical":"https:\/\/bahiaeconomica.com.br\/wp\/2024\/08\/28\/distribuidora-baiana-alcanca-marco-historico-com-recorde-de-vendas-no-setor-de-combustiveis\/","og_locale":"pt_BR","og_type":"article","og_title":"DISTRIBUIDORA BAIANA ALCAN\u00c7A MARCO HIST\u00d3RICO","og_description":"ALarco Petr\u00f3leo acaba de conquistar um recorde de vendas, com mais de 300 milh\u00f5es de litros de combust\u00edveis.","og_url":"https:\/\/bahiaeconomica.com.br\/wp\/2024\/08\/28\/distribuidora-baiana-alcanca-marco-historico-com-recorde-de-vendas-no-setor-de-combustiveis\/","og_site_name":"Bahia Economica","article_publisher":"https:\/\/www.facebook.com\/bahiaeconomica","article_published_time":"2024-08-28T18:34:20+00:00","og_image":[{"width":2560,"height":1920,"url":"https:\/\/bahiaeconomica.com.br\/wp\/wp-content\/uploads\/2024\/08\/Larco_Divulgacao_2-scaled.jpg","type":"image\/jpeg"}],"author":"LUIZA NASCIMENTO","twitter_card":"summary_large_image","twitter_misc":{"Escrito por":"LUIZA NASCIMENTO","Est. tempo de leitura":"2 minutos"},"schema":{"@context":"https:\/\/schema.org","@graph":[{"@type":"Article","@id":"https:\/\/bahiaeconomica.com.br\/wp\/2024\/08\/28\/distribuidora-baiana-alcanca-marco-historico-com-recorde-de-vendas-no-setor-de-combustiveis\/#article","isPartOf":{"@id":"https:\/\/bahiaeconomica.com.br\/wp\/2024\/08\/28\/distribuidora-baiana-alcanca-marco-historico-com-recorde-de-vendas-no-setor-de-combustiveis\/"},"author":{"name":"LUIZA NASCIMENTO","@id":"https:\/\/bahiaeconomica.com.br\/wp\/#\/schema\/person\/18273ac0fe04bfd4e7b101bf17d40152"},"headline":"DISTRIBUIDORA BAIANA ALCAN\u00c7A MARCO HIST\u00d3RICO COM RECORDE DE VENDAS NO SETOR DE COMBUST\u00cdVEIS","datePublished":"2024-08-28T18:34:20+00:00","dateModified":"2024-08-28T18:34:20+00:00","mainEntityOfPage":{"@id":"https:\/\/bahiaeconomica.com.br\/wp\/2024\/08\/28\/distribuidora-baiana-alcanca-marco-historico-com-recorde-de-vendas-no-setor-de-combustiveis\/"},"wordCount":415,"publisher":{"@id":"https:\/\/bahiaeconomica.com.br\/wp\/#organization"},"keywords":["combust\u00edveis","distribuidora baiana","marco hist\u00f3rico"],"articleSection":["MUNIC\u00cdPIOS"],"inLanguage":"pt-BR"},{"@type":"WebPage","@id":"https:\/\/bahiaeconomica.com.br\/wp\/2024\/08\/28\/distribuidora-baiana-alcanca-marco-historico-com-recorde-de-vendas-no-setor-de-combustiveis\/","url":"https:\/\/bahiaeconomica.com.br\/wp\/2024\/08\/28\/distribuidora-baiana-alcanca-marco-historico-com-recorde-de-vendas-no-setor-de-combustiveis\/","name":"DISTRIBUIDORA BAIANA ALCAN\u00c7A MARCO HIST\u00d3RICO","isPartOf":{"@id":"https:\/\/bahiaeconomica.com.br\/wp\/#website"},"datePublished":"2024-08-28T18:34:20+00:00","dateModified":"2024-08-28T18:34:20+00:00","description":"ALarco Petr\u00f3leo acaba de conquistar um recorde de vendas, com mais de 300 milh\u00f5es de litros de combust\u00edveis.","breadcrumb":{"@id":"https:\/\/bahiaeconomica.com.br\/wp\/2024\/08\/28\/distribuidora-baiana-alcanca-marco-historico-com-recorde-de-vendas-no-setor-de-combustiveis\/#breadcrumb"},"inLanguage":"pt-BR","potentialAction":[{"@type":"ReadAction","target":["https:\/\/bahiaeconomica.com.br\/wp\/2024\/08\/28\/distribuidora-baiana-alcanca-marco-historico-com-recorde-de-vendas-no-setor-de-combustiveis\/"]}]},{"@type":"BreadcrumbList","@id":"https:\/\/bahiaeconomica.com.br\/wp\/2024\/08\/28\/distribuidora-baiana-alcanca-marco-historico-com-recorde-de-vendas-no-setor-de-combustiveis\/#breadcrumb","itemListElement":[{"@type":"ListItem","position":1,"name":"In\u00edcio","item":"https:\/\/bahiaeconomica.com.br\/wp\/"},{"@type":"ListItem","position":2,"name":"DISTRIBUIDORA BAIANA ALCAN\u00c7A MARCO HIST\u00d3RICO COM RECORDE DE VENDAS NO SETOR DE COMBUST\u00cdVEIS"}]},{"@type":"WebSite","@id":"https:\/\/bahiaeconomica.com.br\/wp\/#website","url":"https:\/\/bahiaeconomica.com.br\/wp\/","name":"Bahia Economica","description":"O maior portal de Economia da Bahia","publisher":{"@id":"https:\/\/bahiaeconomica.com.br\/wp\/#organization"},"potentialAction":[{"@type":"SearchAction","target":{"@type":"EntryPoint","urlTemplate":"https:\/\/bahiaeconomica.com.br\/wp\/?s={search_term_string}"},"query-input":"required name=search_term_string"}],"inLanguage":"pt-BR"},{"@type":"Organization","@id":"https:\/\/bahiaeconomica.com.br\/wp\/#organization","name":"Bahia Econ\u00f4mica","url":"https:\/\/bahiaeconomica.com.br\/wp\/","logo":{"@type":"ImageObject","inLanguage":"pt-BR","@id":"https:\/\/bahiaeconomica.com.br\/wp\/#\/schema\/logo\/image\/","url":"https:\/\/bahiaeconomica.com.br\/wp\/wp-content\/uploads\/2020\/12\/cropped-BE.png","contentUrl":"https:\/\/bahiaeconomica.com.br\/wp\/wp-content\/uploads\/2020\/12\/cropped-BE.png","width":512,"height":512,"caption":"Bahia Econ\u00f4mica"},"image":{"@id":"https:\/\/bahiaeconomica.com.br\/wp\/#\/schema\/logo\/image\/"},"sameAs":["https:\/\/www.facebook.com\/bahiaeconomica"]},{"@type":"Person","@id":"https:\/\/bahiaeconomica.com.br\/wp\/#\/schema\/person\/18273ac0fe04bfd4e7b101bf17d40152","name":"LUIZA NASCIMENTO","sameAs":["http:\/\/www.bahiaeconomica.com.br"],"url":"https:\/\/bahiaeconomica.com.br\/wp\/author\/luiza-nascimento\/"}]}},"views":107,"_links":{"self":[{"href":"https:\/\/bahiaeconomica.com.br\/wp\/wp-json\/wp\/v2\/posts\/840881"}],"collection":[{"href":"https:\/\/bahiaeconomica.com.br\/wp\/wp-json\/wp\/v2\/posts"}],"about":[{"href":"https:\/\/bahiaeconomica.com.br\/wp\/wp-json\/wp\/v2\/types\/post"}],"author":[{"embeddable":true,"href":"https:\/\/bahiaeconomica.com.br\/wp\/wp-json\/wp\/v2\/users\/16"}],"replies":[{"embeddable":true,"href":"https:\/\/bahiaeconomica.com.br\/wp\/wp-json\/wp\/v2\/comments?post=840881"}],"version-history":[{"count":1,"href":"https:\/\/bahiaeconomica.com.br\/wp\/wp-json\/wp\/v2\/posts\/840881\/revisions"}],"predecessor-version":[{"id":840884,"href":"https:\/\/bahiaeconomica.com.br\/wp\/wp-json\/wp\/v2\/posts\/840881\/revisions\/840884"}],"wp:featuredmedia":[{"embeddable":true,"href":"https:\/\/bahiaeconomica.com.br\/wp\/wp-json\/wp\/v2\/media\/840883"}],"wp:attachment":[{"href":"https:\/\/bahiaeconomica.com.br\/wp\/wp-json\/wp\/v2\/media?parent=840881"}],"wp:term":[{"taxonomy":"category","embeddable":true,"href":"https:\/\/bahiaeconomica.com.br\/wp\/wp-json\/wp\/v2\/categories?post=840881"},{"taxonomy":"post_tag","embeddable":true,"href":"https:\/\/bahiaeconomica.com.br\/wp\/wp-json\/wp\/v2\/tags?post=840881"}],"curies":[{"name":"wp","href":"https:\/\/api.w.org\/{rel}","templated":true}]}}