{"id":840815,"date":"2024-08-28T14:40:13","date_gmt":"2024-08-28T17:40:13","guid":{"rendered":"https:\/\/bahiaeconomica.com.br\/wp\/?p=840815"},"modified":"2024-08-28T13:10:44","modified_gmt":"2024-08-28T16:10:44","slug":"tito-inaugura-comite-central-com-grande-mobilizacao-popular","status":"publish","type":"post","link":"https:\/\/bahiaeconomica.com.br\/wp\/2024\/08\/28\/tito-inaugura-comite-central-com-grande-mobilizacao-popular\/","title":{"rendered":"TITO INAUGURA COMIT\u00ca CENTRAL COM GRANDE MOBILIZA\u00c7\u00c3O POPULAR"},"content":{"rendered":"<p>Tito (PT) e Emerson Cardoso (Avante), candidatos a prefeito e vice-prefeito de Barreiras, respectivamente, inauguraram o Comit\u00ea Central de sua campanha, na noite desta ter\u00e7a-feira (27\/08). O evento foi marcado por grande mobiliza\u00e7\u00e3o popular, lotando o estacionamento onde o ato pol\u00edtico ocorreu.<\/p>\n<p>A inaugura\u00e7\u00e3o do Comit\u00ea Central, localizado na avenida Ant\u00f4nio Carlos Magalh\u00e3es, 2.156, em frente ao Burger King, refor\u00e7a a import\u00e2ncia estrat\u00e9gica deste espa\u00e7o para a campanha, que funcionar\u00e1 como ponto de distribui\u00e7\u00e3o de material tanto para a chapa majorit\u00e1ria quanto para vereadores e vereadoras. O Comit\u00ea tamb\u00e9m ser\u00e1 o local de uma campanha permanente de adesivagem de carros e motos.<\/p>\n<p>Tito, durante sua fala, enfatizou a gratid\u00e3o por mais este momento em sua trajet\u00f3ria pol\u00edtica e destacou a import\u00e2ncia do projeto que est\u00e1 sendo constru\u00eddo para a cidade. \u201cEsse projeto que estamos construindo aqui nesta noite \u00e9 um projeto de cidade, \u00e9 um projeto para as pessoas de bem deste munic\u00edpio, \u00e9 um projeto para resgatar a dignidade, os direitos e a autoestima da popula\u00e7\u00e3o de Barreiras\u201d, afirmou Tito, sendo ovacionado pelo p\u00fablico presente.<\/p>\n<p>Barreiras, Bahia e Brasil<\/p>\n<p>O candidato refor\u00e7ou a import\u00e2ncia da ades\u00e3o popular, convocando todos a participarem ativamente da campanha, seja colando adesivos em ve\u00edculos ou divulgando as propostas nas redes sociais. Ele tamb\u00e9m sublinhou o compromisso de seu governo com a transpar\u00eancia, dec\u00eancia e respeito aos recursos p\u00fablicos, contrastando com a atual administra\u00e7\u00e3o, que, segundo ele, deixar\u00e1 a prefeitura em uma situa\u00e7\u00e3o financeira prec\u00e1ria.<\/p>\n<p>Em um tel\u00e3o especialmente montado para a noite da democracia em Barreiras, atrav\u00e9s de um v\u00eddeo, o governador Jer\u00f4nimo afirmou o seu apoio a chapa. \u201cTito ser\u00e1 eleito prefeito de Barreiras e as portas da governadoria e secretaria estar\u00e3o sempre abertas para receber e atender \u00e0s solicita\u00e7\u00f5es feitas em favor de Barreiras\u201d.<\/p>\n<p>O presidente Lula, tamb\u00e9m em v\u00eddeo, refor\u00e7ou o apoio \u00e0 candidatura de Tito, destacando a import\u00e2ncia das elei\u00e7\u00f5es municipais para a continuidade dos projetos do governo federal. \u201cEu pe\u00e7o a voc\u00eas que votem nos candidatos e candidatas que est\u00e3o do nosso lado. Voc\u00eas sabem que estamos trabalhando muito para reconstruir o pa\u00eds. Votem nos candidatos e candidatas do nosso time\u201d, declarou Lula.<\/p>\n<p>Transpar\u00eancia, dec\u00eancia e respeito aos recursos p\u00fablicos<\/p>\n<p>Em seu discurso, Tito ressaltou a necessidade de uma gest\u00e3o participativa e democr\u00e1tica, constru\u00edda em conjunto com a popula\u00e7\u00e3o, para superar os desafios hist\u00f3ricos de Barreiras. \u201cFaremos uma educa\u00e7\u00e3o de qualidade neste munic\u00edpio com o apoio e com a for\u00e7a de voc\u00eas. Assist\u00eancia social precisa acontecer de verdade. Eu e Emerson temos um compromisso junto com cada um dos nossos candidatos a vereador e a vereadora de cada vez mais fortalecermos e darmos as m\u00e3os a cada morador, a cada eleitor, a cada institui\u00e7\u00e3o desta cidade\u201d, disse.<\/p>\n<p>J\u00e1 Emerson destacou a emo\u00e7\u00e3o e a responsabilidade de participar deste projeto, e agradeceu o apoio de todos e conclamou a mobiliza\u00e7\u00e3o constante dos eleitores. \u201cAgora \u00e9 o momento para a gente ativar ainda mais a nossa vontade e a nossa disposi\u00e7\u00e3o para fazer a diferen\u00e7a nessa campanha vitoriosa\u201d, declarou Emerson, incentivando todos a conquistarem cada vez mais votos para garantir a vit\u00f3ria.<\/p>\n<p>O Comit\u00ea Central promete ser um ponto de articula\u00e7\u00e3o permanente at\u00e9 o final da campanha, servindo de base para a expans\u00e3o do projeto de governo participativo proposto por Tito e Emerson.<\/p>\n<p>&nbsp;<\/p>\n<p>Fotos: Ricardo Oliveira<\/p>\n","protected":false},"excerpt":{"rendered":"<p>Tito (PT) e Emerson Cardoso (Avante), candidatos a prefeito e vice-prefeito de Barreiras, respectivamente, inauguraram o Comit\u00ea Central de sua campanha, na noite desta ter\u00e7a-feira (27\/08). O evento foi marcado por grande mobiliza\u00e7\u00e3o popular, lotando o estacionamento onde o ato pol\u00edtico ocorreu. A inaugura\u00e7\u00e3o do Comit\u00ea Central, localizado na avenida Ant\u00f4nio Carlos Magalh\u00e3es, 2.156, em [&hellip;]<\/p>\n","protected":false},"author":8,"featured_media":840817,"comment_status":"closed","ping_status":"closed","sticky":false,"template":"","format":"standard","meta":[],"categories":[14601],"tags":[52,1176,1086,24957],"acf":[],"yoast_head":"<!-- This site is optimized with the Yoast SEO plugin v20.8 - https:\/\/yoast.com\/wordpress\/plugins\/seo\/ -->\n<title>TITO INAUGURA COMIT\u00ca CENTRAL COM GRANDE MOBILIZA\u00c7\u00c3O POPULAR - Bahia Economica<\/title>\n<meta name=\"description\" content=\"O maior portal de Economia da Bahia Pol\u00edtica Bahia Economica Tito (PT) e Emerson Cardoso (Avante), candidatos a prefeito\" \/>\n<meta name=\"robots\" content=\"index, follow, max-snippet:-1, max-image-preview:large, max-video-preview:-1\" \/>\n<link rel=\"canonical\" href=\"https:\/\/bahiaeconomica.com.br\/wp\/2024\/08\/28\/tito-inaugura-comite-central-com-grande-mobilizacao-popular\/\" \/>\n<meta property=\"og:locale\" content=\"pt_BR\" \/>\n<meta property=\"og:type\" content=\"article\" \/>\n<meta property=\"og:title\" content=\"TITO INAUGURA COMIT\u00ca CENTRAL COM GRANDE MOBILIZA\u00c7\u00c3O POPULAR - Bahia Economica\" \/>\n<meta property=\"og:description\" content=\"O maior portal de Economia da Bahia Pol\u00edtica Bahia Economica Tito (PT) e Emerson Cardoso (Avante), candidatos a prefeito\" \/>\n<meta property=\"og:url\" content=\"https:\/\/bahiaeconomica.com.br\/wp\/2024\/08\/28\/tito-inaugura-comite-central-com-grande-mobilizacao-popular\/\" \/>\n<meta property=\"og:site_name\" content=\"Bahia Economica\" \/>\n<meta property=\"article:publisher\" content=\"https:\/\/www.facebook.com\/bahiaeconomica\" \/>\n<meta property=\"article:published_time\" content=\"2024-08-28T17:40:13+00:00\" \/>\n<meta property=\"article:modified_time\" content=\"2024-08-28T16:10:44+00:00\" \/>\n<meta property=\"og:image\" content=\"https:\/\/bahiaeconomica.com.br\/wp\/wp-content\/uploads\/2024\/08\/WhatsApp-Image-2024-08-28-at-12.02.39.jpeg\" \/>\n\t<meta property=\"og:image:width\" content=\"1600\" \/>\n\t<meta property=\"og:image:height\" content=\"1118\" \/>\n\t<meta property=\"og:image:type\" content=\"image\/jpeg\" \/>\n<meta name=\"author\" content=\"JP\" \/>\n<meta name=\"twitter:card\" content=\"summary_large_image\" \/>\n<meta name=\"twitter:label1\" content=\"Escrito por\" \/>\n\t<meta name=\"twitter:data1\" content=\"JP\" \/>\n\t<meta name=\"twitter:label2\" content=\"Est. tempo de leitura\" \/>\n\t<meta name=\"twitter:data2\" content=\"4 minutos\" \/>\n<script type=\"application\/ld+json\" class=\"yoast-schema-graph\">{\"@context\":\"https:\/\/schema.org\",\"@graph\":[{\"@type\":\"Article\",\"@id\":\"https:\/\/bahiaeconomica.com.br\/wp\/2024\/08\/28\/tito-inaugura-comite-central-com-grande-mobilizacao-popular\/#article\",\"isPartOf\":{\"@id\":\"https:\/\/bahiaeconomica.com.br\/wp\/2024\/08\/28\/tito-inaugura-comite-central-com-grande-mobilizacao-popular\/\"},\"author\":{\"name\":\"JP\",\"@id\":\"https:\/\/bahiaeconomica.com.br\/wp\/#\/schema\/person\/c86d3a3f8960425a0f9d0e5245991f4e\"},\"headline\":\"TITO INAUGURA COMIT\u00ca CENTRAL COM GRANDE MOBILIZA\u00c7\u00c3O POPULAR\",\"datePublished\":\"2024-08-28T17:40:13+00:00\",\"dateModified\":\"2024-08-28T16:10:44+00:00\",\"mainEntityOfPage\":{\"@id\":\"https:\/\/bahiaeconomica.com.br\/wp\/2024\/08\/28\/tito-inaugura-comite-central-com-grande-mobilizacao-popular\/\"},\"wordCount\":618,\"publisher\":{\"@id\":\"https:\/\/bahiaeconomica.com.br\/wp\/#organization\"},\"keywords\":[\"Brasil\",\"mudan\u00e7a\",\"novidade\",\"Tito\"],\"articleSection\":[\"Pol\u00edtica\"],\"inLanguage\":\"pt-BR\"},{\"@type\":\"WebPage\",\"@id\":\"https:\/\/bahiaeconomica.com.br\/wp\/2024\/08\/28\/tito-inaugura-comite-central-com-grande-mobilizacao-popular\/\",\"url\":\"https:\/\/bahiaeconomica.com.br\/wp\/2024\/08\/28\/tito-inaugura-comite-central-com-grande-mobilizacao-popular\/\",\"name\":\"TITO INAUGURA COMIT\u00ca CENTRAL COM GRANDE MOBILIZA\u00c7\u00c3O POPULAR - Bahia Economica\",\"isPartOf\":{\"@id\":\"https:\/\/bahiaeconomica.com.br\/wp\/#website\"},\"datePublished\":\"2024-08-28T17:40:13+00:00\",\"dateModified\":\"2024-08-28T16:10:44+00:00\",\"description\":\"O maior portal de Economia da Bahia Pol\u00edtica Bahia Economica Tito (PT) e Emerson Cardoso (Avante), candidatos a prefeito\",\"breadcrumb\":{\"@id\":\"https:\/\/bahiaeconomica.com.br\/wp\/2024\/08\/28\/tito-inaugura-comite-central-com-grande-mobilizacao-popular\/#breadcrumb\"},\"inLanguage\":\"pt-BR\",\"potentialAction\":[{\"@type\":\"ReadAction\",\"target\":[\"https:\/\/bahiaeconomica.com.br\/wp\/2024\/08\/28\/tito-inaugura-comite-central-com-grande-mobilizacao-popular\/\"]}]},{\"@type\":\"BreadcrumbList\",\"@id\":\"https:\/\/bahiaeconomica.com.br\/wp\/2024\/08\/28\/tito-inaugura-comite-central-com-grande-mobilizacao-popular\/#breadcrumb\",\"itemListElement\":[{\"@type\":\"ListItem\",\"position\":1,\"name\":\"In\u00edcio\",\"item\":\"https:\/\/bahiaeconomica.com.br\/wp\/\"},{\"@type\":\"ListItem\",\"position\":2,\"name\":\"TITO INAUGURA COMIT\u00ca CENTRAL COM GRANDE MOBILIZA\u00c7\u00c3O POPULAR\"}]},{\"@type\":\"WebSite\",\"@id\":\"https:\/\/bahiaeconomica.com.br\/wp\/#website\",\"url\":\"https:\/\/bahiaeconomica.com.br\/wp\/\",\"name\":\"Bahia Economica\",\"description\":\"O maior portal de Economia da Bahia\",\"publisher\":{\"@id\":\"https:\/\/bahiaeconomica.com.br\/wp\/#organization\"},\"potentialAction\":[{\"@type\":\"SearchAction\",\"target\":{\"@type\":\"EntryPoint\",\"urlTemplate\":\"https:\/\/bahiaeconomica.com.br\/wp\/?s={search_term_string}\"},\"query-input\":\"required name=search_term_string\"}],\"inLanguage\":\"pt-BR\"},{\"@type\":\"Organization\",\"@id\":\"https:\/\/bahiaeconomica.com.br\/wp\/#organization\",\"name\":\"Bahia Econ\u00f4mica\",\"url\":\"https:\/\/bahiaeconomica.com.br\/wp\/\",\"logo\":{\"@type\":\"ImageObject\",\"inLanguage\":\"pt-BR\",\"@id\":\"https:\/\/bahiaeconomica.com.br\/wp\/#\/schema\/logo\/image\/\",\"url\":\"https:\/\/bahiaeconomica.com.br\/wp\/wp-content\/uploads\/2020\/12\/cropped-BE.png\",\"contentUrl\":\"https:\/\/bahiaeconomica.com.br\/wp\/wp-content\/uploads\/2020\/12\/cropped-BE.png\",\"width\":512,\"height\":512,\"caption\":\"Bahia Econ\u00f4mica\"},\"image\":{\"@id\":\"https:\/\/bahiaeconomica.com.br\/wp\/#\/schema\/logo\/image\/\"},\"sameAs\":[\"https:\/\/www.facebook.com\/bahiaeconomica\"]},{\"@type\":\"Person\",\"@id\":\"https:\/\/bahiaeconomica.com.br\/wp\/#\/schema\/person\/c86d3a3f8960425a0f9d0e5245991f4e\",\"name\":\"JP\",\"sameAs\":[\"https:\/\/bahiaeconomica.com.br\/wp\/beta\/\"],\"url\":\"https:\/\/bahiaeconomica.com.br\/wp\/author\/jp\/\"}]}<\/script>\n<!-- \/ Yoast SEO plugin. -->","yoast_head_json":{"title":"TITO INAUGURA COMIT\u00ca CENTRAL COM GRANDE MOBILIZA\u00c7\u00c3O POPULAR - Bahia Economica","description":"O maior portal de Economia da Bahia Pol\u00edtica Bahia Economica Tito (PT) e Emerson Cardoso (Avante), candidatos a prefeito","robots":{"index":"index","follow":"follow","max-snippet":"max-snippet:-1","max-image-preview":"max-image-preview:large","max-video-preview":"max-video-preview:-1"},"canonical":"https:\/\/bahiaeconomica.com.br\/wp\/2024\/08\/28\/tito-inaugura-comite-central-com-grande-mobilizacao-popular\/","og_locale":"pt_BR","og_type":"article","og_title":"TITO INAUGURA COMIT\u00ca CENTRAL COM GRANDE MOBILIZA\u00c7\u00c3O POPULAR - Bahia Economica","og_description":"O maior portal de Economia da Bahia Pol\u00edtica Bahia Economica Tito (PT) e Emerson Cardoso (Avante), candidatos a prefeito","og_url":"https:\/\/bahiaeconomica.com.br\/wp\/2024\/08\/28\/tito-inaugura-comite-central-com-grande-mobilizacao-popular\/","og_site_name":"Bahia Economica","article_publisher":"https:\/\/www.facebook.com\/bahiaeconomica","article_published_time":"2024-08-28T17:40:13+00:00","article_modified_time":"2024-08-28T16:10:44+00:00","og_image":[{"width":1600,"height":1118,"url":"https:\/\/bahiaeconomica.com.br\/wp\/wp-content\/uploads\/2024\/08\/WhatsApp-Image-2024-08-28-at-12.02.39.jpeg","type":"image\/jpeg"}],"author":"JP","twitter_card":"summary_large_image","twitter_misc":{"Escrito por":"JP","Est. tempo de leitura":"4 minutos"},"schema":{"@context":"https:\/\/schema.org","@graph":[{"@type":"Article","@id":"https:\/\/bahiaeconomica.com.br\/wp\/2024\/08\/28\/tito-inaugura-comite-central-com-grande-mobilizacao-popular\/#article","isPartOf":{"@id":"https:\/\/bahiaeconomica.com.br\/wp\/2024\/08\/28\/tito-inaugura-comite-central-com-grande-mobilizacao-popular\/"},"author":{"name":"JP","@id":"https:\/\/bahiaeconomica.com.br\/wp\/#\/schema\/person\/c86d3a3f8960425a0f9d0e5245991f4e"},"headline":"TITO INAUGURA COMIT\u00ca CENTRAL COM GRANDE MOBILIZA\u00c7\u00c3O POPULAR","datePublished":"2024-08-28T17:40:13+00:00","dateModified":"2024-08-28T16:10:44+00:00","mainEntityOfPage":{"@id":"https:\/\/bahiaeconomica.com.br\/wp\/2024\/08\/28\/tito-inaugura-comite-central-com-grande-mobilizacao-popular\/"},"wordCount":618,"publisher":{"@id":"https:\/\/bahiaeconomica.com.br\/wp\/#organization"},"keywords":["Brasil","mudan\u00e7a","novidade","Tito"],"articleSection":["Pol\u00edtica"],"inLanguage":"pt-BR"},{"@type":"WebPage","@id":"https:\/\/bahiaeconomica.com.br\/wp\/2024\/08\/28\/tito-inaugura-comite-central-com-grande-mobilizacao-popular\/","url":"https:\/\/bahiaeconomica.com.br\/wp\/2024\/08\/28\/tito-inaugura-comite-central-com-grande-mobilizacao-popular\/","name":"TITO INAUGURA COMIT\u00ca CENTRAL COM GRANDE MOBILIZA\u00c7\u00c3O POPULAR - Bahia Economica","isPartOf":{"@id":"https:\/\/bahiaeconomica.com.br\/wp\/#website"},"datePublished":"2024-08-28T17:40:13+00:00","dateModified":"2024-08-28T16:10:44+00:00","description":"O maior portal de Economia da Bahia Pol\u00edtica Bahia Economica Tito (PT) e Emerson Cardoso (Avante), candidatos a prefeito","breadcrumb":{"@id":"https:\/\/bahiaeconomica.com.br\/wp\/2024\/08\/28\/tito-inaugura-comite-central-com-grande-mobilizacao-popular\/#breadcrumb"},"inLanguage":"pt-BR","potentialAction":[{"@type":"ReadAction","target":["https:\/\/bahiaeconomica.com.br\/wp\/2024\/08\/28\/tito-inaugura-comite-central-com-grande-mobilizacao-popular\/"]}]},{"@type":"BreadcrumbList","@id":"https:\/\/bahiaeconomica.com.br\/wp\/2024\/08\/28\/tito-inaugura-comite-central-com-grande-mobilizacao-popular\/#breadcrumb","itemListElement":[{"@type":"ListItem","position":1,"name":"In\u00edcio","item":"https:\/\/bahiaeconomica.com.br\/wp\/"},{"@type":"ListItem","position":2,"name":"TITO INAUGURA COMIT\u00ca CENTRAL COM GRANDE MOBILIZA\u00c7\u00c3O POPULAR"}]},{"@type":"WebSite","@id":"https:\/\/bahiaeconomica.com.br\/wp\/#website","url":"https:\/\/bahiaeconomica.com.br\/wp\/","name":"Bahia Economica","description":"O maior portal de Economia da Bahia","publisher":{"@id":"https:\/\/bahiaeconomica.com.br\/wp\/#organization"},"potentialAction":[{"@type":"SearchAction","target":{"@type":"EntryPoint","urlTemplate":"https:\/\/bahiaeconomica.com.br\/wp\/?s={search_term_string}"},"query-input":"required name=search_term_string"}],"inLanguage":"pt-BR"},{"@type":"Organization","@id":"https:\/\/bahiaeconomica.com.br\/wp\/#organization","name":"Bahia Econ\u00f4mica","url":"https:\/\/bahiaeconomica.com.br\/wp\/","logo":{"@type":"ImageObject","inLanguage":"pt-BR","@id":"https:\/\/bahiaeconomica.com.br\/wp\/#\/schema\/logo\/image\/","url":"https:\/\/bahiaeconomica.com.br\/wp\/wp-content\/uploads\/2020\/12\/cropped-BE.png","contentUrl":"https:\/\/bahiaeconomica.com.br\/wp\/wp-content\/uploads\/2020\/12\/cropped-BE.png","width":512,"height":512,"caption":"Bahia Econ\u00f4mica"},"image":{"@id":"https:\/\/bahiaeconomica.com.br\/wp\/#\/schema\/logo\/image\/"},"sameAs":["https:\/\/www.facebook.com\/bahiaeconomica"]},{"@type":"Person","@id":"https:\/\/bahiaeconomica.com.br\/wp\/#\/schema\/person\/c86d3a3f8960425a0f9d0e5245991f4e","name":"JP","sameAs":["https:\/\/bahiaeconomica.com.br\/wp\/beta\/"],"url":"https:\/\/bahiaeconomica.com.br\/wp\/author\/jp\/"}]}},"views":9,"_links":{"self":[{"href":"https:\/\/bahiaeconomica.com.br\/wp\/wp-json\/wp\/v2\/posts\/840815"}],"collection":[{"href":"https:\/\/bahiaeconomica.com.br\/wp\/wp-json\/wp\/v2\/posts"}],"about":[{"href":"https:\/\/bahiaeconomica.com.br\/wp\/wp-json\/wp\/v2\/types\/post"}],"author":[{"embeddable":true,"href":"https:\/\/bahiaeconomica.com.br\/wp\/wp-json\/wp\/v2\/users\/8"}],"replies":[{"embeddable":true,"href":"https:\/\/bahiaeconomica.com.br\/wp\/wp-json\/wp\/v2\/comments?post=840815"}],"version-history":[{"count":1,"href":"https:\/\/bahiaeconomica.com.br\/wp\/wp-json\/wp\/v2\/posts\/840815\/revisions"}],"predecessor-version":[{"id":840818,"href":"https:\/\/bahiaeconomica.com.br\/wp\/wp-json\/wp\/v2\/posts\/840815\/revisions\/840818"}],"wp:featuredmedia":[{"embeddable":true,"href":"https:\/\/bahiaeconomica.com.br\/wp\/wp-json\/wp\/v2\/media\/840817"}],"wp:attachment":[{"href":"https:\/\/bahiaeconomica.com.br\/wp\/wp-json\/wp\/v2\/media?parent=840815"}],"wp:term":[{"taxonomy":"category","embeddable":true,"href":"https:\/\/bahiaeconomica.com.br\/wp\/wp-json\/wp\/v2\/categories?post=840815"},{"taxonomy":"post_tag","embeddable":true,"href":"https:\/\/bahiaeconomica.com.br\/wp\/wp-json\/wp\/v2\/tags?post=840815"}],"curies":[{"name":"wp","href":"https:\/\/api.w.org\/{rel}","templated":true}]}}