{"id":840284,"date":"2024-08-26T19:58:02","date_gmt":"2024-08-26T22:58:02","guid":{"rendered":"https:\/\/bahiaeconomica.com.br\/wp\/?p=840284"},"modified":"2024-08-26T18:51:45","modified_gmt":"2024-08-26T21:51:45","slug":"setre-e-meninos-rei-lancam-projeto-de-inclusao-socioprodutiva-para-artesaos-baianos","status":"publish","type":"post","link":"https:\/\/bahiaeconomica.com.br\/wp\/2024\/08\/26\/setre-e-meninos-rei-lancam-projeto-de-inclusao-socioprodutiva-para-artesaos-baianos\/","title":{"rendered":"SETRE E MENINOS REI LAN\u00c7AM PROJETO DE INCLUS\u00c3O SOCIOPRODUTIVA PARA ARTES\u00c3OS BAIANOS"},"content":{"rendered":"<p>O Espa\u00e7o Crescer da Secretaria do Trabalho, Emprego, Renda e Esporte (Setre) recebeu, nesta segunda-feira (26), o lan\u00e7amento do projeto &#8220;Collab Artesanato da Bahia&#8221;. A iniciativa \u00e9 fruto de uma parceria entre a Setre, por meio da Coordena\u00e7\u00e3o de Fomento ao Artesanato (CFA), com o Fundo de Combate e Erradica\u00e7\u00e3o da Pobreza (Funcep), a Comunidade Cidadania e Vida (Comvida), a Associa\u00e7\u00e3o Ra\u00edzes do Quilombo, a Federa\u00e7\u00e3o das Associa\u00e7\u00f5es de Artesanato do Estado da Bahia (Faab) e a marca Meninos Rei. O projeto tem como objetivo promover a inclus\u00e3o socioprodutiva e a gera\u00e7\u00e3o de renda para artes\u00e3os e artes\u00e3s baianos, valorizando suas identidades e tradi\u00e7\u00f5es culturais.<\/p>\n<p>\u201cEssa \u00e9 uma parceria importante, que conta n\u00e3o s\u00f3 com a participa\u00e7\u00e3o do Governo do Estado, mas tamb\u00e9m com o apoio direto do nosso governador, que tem incentivado e determinado a inclus\u00e3o das comunidades tradicionais e dos povos origin\u00e1rios no processo socioprodutivo. Esta iniciativa, focada no artesanato, visa precisamente esse objetivo. Estamos incluindo de maneira socioprodutiva esses segmentos, que s\u00e3o fundamentais e que, do ponto de vista das pol\u00edticas p\u00fablicas, precisam de cada vez mais aten\u00e7\u00e3o\u201d, ressalta o secret\u00e1rio da Setre, Davidson Magalh\u00e3es,<\/p>\n<p>O projeto visa fortalecer o artesanato baiano, oferecendo oportunidades de desenvolvimento econ\u00f4mico e preserva\u00e7\u00e3o das tradi\u00e7\u00f5es. \u201cA ideia \u00e9 qualificar a comunidade e a parceria trar\u00e1 para o mundo da moda a comunidade, al\u00e9m disso a comunidade receber\u00e1 um kit de internet para fotografar e posicionar seus produtos para sua venda\u201d, destacou Weslen Moreira, coordenador de Fomento ao Artesanato da Setre.<\/p>\n<p>Foto: Mateus Pereira\/GOVBA<\/p>\n","protected":false},"excerpt":{"rendered":"<p>O Espa\u00e7o Crescer da Secretaria do Trabalho, Emprego, Renda e Esporte (Setre) recebeu, nesta segunda-feira (26), o lan\u00e7amento do projeto &#8220;Collab Artesanato da Bahia&#8221;. A iniciativa \u00e9 fruto de uma parceria entre a Setre, por meio da Coordena\u00e7\u00e3o de Fomento ao Artesanato (CFA), com o Fundo de Combate e Erradica\u00e7\u00e3o da Pobreza (Funcep), a Comunidade [&hellip;]<\/p>\n","protected":false},"author":16,"featured_media":840288,"comment_status":"closed","ping_status":"closed","sticky":false,"template":"","format":"standard","meta":[],"categories":[689],"tags":[32594,20348,1582],"acf":[],"yoast_head":"<!-- This site is optimized with the Yoast SEO plugin v20.8 - https:\/\/yoast.com\/wordpress\/plugins\/seo\/ -->\n<title>PROJETO DE INCLUS\u00c3O SOCIOPRODUTIVA PARA ARTES\u00c3OS BAIANOS<\/title>\n<meta name=\"description\" content=\"O Espa\u00e7o Crescer da Secretaria do Trabalho, Emprego, Renda e Esporte recebeu o lan\u00e7amento do projeto &quot;Collab Artesanato da Bahia&quot;.\" \/>\n<meta name=\"robots\" content=\"index, follow, max-snippet:-1, max-image-preview:large, max-video-preview:-1\" \/>\n<link rel=\"canonical\" href=\"https:\/\/bahiaeconomica.com.br\/wp\/2024\/08\/26\/setre-e-meninos-rei-lancam-projeto-de-inclusao-socioprodutiva-para-artesaos-baianos\/\" \/>\n<meta property=\"og:locale\" content=\"pt_BR\" \/>\n<meta property=\"og:type\" content=\"article\" \/>\n<meta property=\"og:title\" content=\"PROJETO DE INCLUS\u00c3O SOCIOPRODUTIVA PARA ARTES\u00c3OS BAIANOS\" \/>\n<meta property=\"og:description\" content=\"O Espa\u00e7o Crescer da Secretaria do Trabalho, Emprego, Renda e Esporte recebeu o lan\u00e7amento do projeto &quot;Collab Artesanato da Bahia&quot;.\" \/>\n<meta property=\"og:url\" content=\"https:\/\/bahiaeconomica.com.br\/wp\/2024\/08\/26\/setre-e-meninos-rei-lancam-projeto-de-inclusao-socioprodutiva-para-artesaos-baianos\/\" \/>\n<meta property=\"og:site_name\" content=\"Bahia Economica\" \/>\n<meta property=\"article:publisher\" content=\"https:\/\/www.facebook.com\/bahiaeconomica\" \/>\n<meta property=\"article:published_time\" content=\"2024-08-26T22:58:02+00:00\" \/>\n<meta property=\"article:modified_time\" content=\"2024-08-26T21:51:45+00:00\" \/>\n<meta property=\"og:image\" content=\"https:\/\/bahiaeconomica.com.br\/wp\/wp-content\/uploads\/2024\/08\/WhatsApp-Image-2024-08-26-at-18.25.40.jpeg\" \/>\n\t<meta property=\"og:image:width\" content=\"1600\" \/>\n\t<meta property=\"og:image:height\" content=\"1066\" \/>\n\t<meta property=\"og:image:type\" content=\"image\/jpeg\" \/>\n<meta name=\"author\" content=\"LUIZA NASCIMENTO\" \/>\n<meta name=\"twitter:card\" content=\"summary_large_image\" \/>\n<meta name=\"twitter:label1\" content=\"Escrito por\" \/>\n\t<meta name=\"twitter:data1\" content=\"LUIZA NASCIMENTO\" \/>\n\t<meta name=\"twitter:label2\" content=\"Est. tempo de leitura\" \/>\n\t<meta name=\"twitter:data2\" content=\"2 minutos\" \/>\n<script type=\"application\/ld+json\" class=\"yoast-schema-graph\">{\"@context\":\"https:\/\/schema.org\",\"@graph\":[{\"@type\":\"Article\",\"@id\":\"https:\/\/bahiaeconomica.com.br\/wp\/2024\/08\/26\/setre-e-meninos-rei-lancam-projeto-de-inclusao-socioprodutiva-para-artesaos-baianos\/#article\",\"isPartOf\":{\"@id\":\"https:\/\/bahiaeconomica.com.br\/wp\/2024\/08\/26\/setre-e-meninos-rei-lancam-projeto-de-inclusao-socioprodutiva-para-artesaos-baianos\/\"},\"author\":{\"name\":\"LUIZA NASCIMENTO\",\"@id\":\"https:\/\/bahiaeconomica.com.br\/wp\/#\/schema\/person\/18273ac0fe04bfd4e7b101bf17d40152\"},\"headline\":\"SETRE E MENINOS REI LAN\u00c7AM PROJETO DE INCLUS\u00c3O SOCIOPRODUTIVA PARA ARTES\u00c3OS BAIANOS\",\"datePublished\":\"2024-08-26T22:58:02+00:00\",\"dateModified\":\"2024-08-26T21:51:45+00:00\",\"mainEntityOfPage\":{\"@id\":\"https:\/\/bahiaeconomica.com.br\/wp\/2024\/08\/26\/setre-e-meninos-rei-lancam-projeto-de-inclusao-socioprodutiva-para-artesaos-baianos\/\"},\"wordCount\":292,\"publisher\":{\"@id\":\"https:\/\/bahiaeconomica.com.br\/wp\/#organization\"},\"keywords\":[\"artes\u00e3os baiano\",\"inclus\u00e3o socioprodutiva\",\"projeto\"],\"articleSection\":[\"CULTURA E ARTE\"],\"inLanguage\":\"pt-BR\"},{\"@type\":\"WebPage\",\"@id\":\"https:\/\/bahiaeconomica.com.br\/wp\/2024\/08\/26\/setre-e-meninos-rei-lancam-projeto-de-inclusao-socioprodutiva-para-artesaos-baianos\/\",\"url\":\"https:\/\/bahiaeconomica.com.br\/wp\/2024\/08\/26\/setre-e-meninos-rei-lancam-projeto-de-inclusao-socioprodutiva-para-artesaos-baianos\/\",\"name\":\"PROJETO DE INCLUS\u00c3O SOCIOPRODUTIVA PARA ARTES\u00c3OS BAIANOS\",\"isPartOf\":{\"@id\":\"https:\/\/bahiaeconomica.com.br\/wp\/#website\"},\"datePublished\":\"2024-08-26T22:58:02+00:00\",\"dateModified\":\"2024-08-26T21:51:45+00:00\",\"description\":\"O Espa\u00e7o Crescer da Secretaria do Trabalho, Emprego, Renda e Esporte recebeu o lan\u00e7amento do projeto \\\"Collab Artesanato da Bahia\\\".\",\"breadcrumb\":{\"@id\":\"https:\/\/bahiaeconomica.com.br\/wp\/2024\/08\/26\/setre-e-meninos-rei-lancam-projeto-de-inclusao-socioprodutiva-para-artesaos-baianos\/#breadcrumb\"},\"inLanguage\":\"pt-BR\",\"potentialAction\":[{\"@type\":\"ReadAction\",\"target\":[\"https:\/\/bahiaeconomica.com.br\/wp\/2024\/08\/26\/setre-e-meninos-rei-lancam-projeto-de-inclusao-socioprodutiva-para-artesaos-baianos\/\"]}]},{\"@type\":\"BreadcrumbList\",\"@id\":\"https:\/\/bahiaeconomica.com.br\/wp\/2024\/08\/26\/setre-e-meninos-rei-lancam-projeto-de-inclusao-socioprodutiva-para-artesaos-baianos\/#breadcrumb\",\"itemListElement\":[{\"@type\":\"ListItem\",\"position\":1,\"name\":\"In\u00edcio\",\"item\":\"https:\/\/bahiaeconomica.com.br\/wp\/\"},{\"@type\":\"ListItem\",\"position\":2,\"name\":\"SETRE E MENINOS REI LAN\u00c7AM PROJETO DE INCLUS\u00c3O SOCIOPRODUTIVA PARA ARTES\u00c3OS BAIANOS\"}]},{\"@type\":\"WebSite\",\"@id\":\"https:\/\/bahiaeconomica.com.br\/wp\/#website\",\"url\":\"https:\/\/bahiaeconomica.com.br\/wp\/\",\"name\":\"Bahia Economica\",\"description\":\"O maior portal de Economia da Bahia\",\"publisher\":{\"@id\":\"https:\/\/bahiaeconomica.com.br\/wp\/#organization\"},\"potentialAction\":[{\"@type\":\"SearchAction\",\"target\":{\"@type\":\"EntryPoint\",\"urlTemplate\":\"https:\/\/bahiaeconomica.com.br\/wp\/?s={search_term_string}\"},\"query-input\":\"required name=search_term_string\"}],\"inLanguage\":\"pt-BR\"},{\"@type\":\"Organization\",\"@id\":\"https:\/\/bahiaeconomica.com.br\/wp\/#organization\",\"name\":\"Bahia Econ\u00f4mica\",\"url\":\"https:\/\/bahiaeconomica.com.br\/wp\/\",\"logo\":{\"@type\":\"ImageObject\",\"inLanguage\":\"pt-BR\",\"@id\":\"https:\/\/bahiaeconomica.com.br\/wp\/#\/schema\/logo\/image\/\",\"url\":\"https:\/\/bahiaeconomica.com.br\/wp\/wp-content\/uploads\/2020\/12\/cropped-BE.png\",\"contentUrl\":\"https:\/\/bahiaeconomica.com.br\/wp\/wp-content\/uploads\/2020\/12\/cropped-BE.png\",\"width\":512,\"height\":512,\"caption\":\"Bahia Econ\u00f4mica\"},\"image\":{\"@id\":\"https:\/\/bahiaeconomica.com.br\/wp\/#\/schema\/logo\/image\/\"},\"sameAs\":[\"https:\/\/www.facebook.com\/bahiaeconomica\"]},{\"@type\":\"Person\",\"@id\":\"https:\/\/bahiaeconomica.com.br\/wp\/#\/schema\/person\/18273ac0fe04bfd4e7b101bf17d40152\",\"name\":\"LUIZA NASCIMENTO\",\"sameAs\":[\"http:\/\/www.bahiaeconomica.com.br\"],\"url\":\"https:\/\/bahiaeconomica.com.br\/wp\/author\/luiza-nascimento\/\"}]}<\/script>\n<!-- \/ Yoast SEO plugin. -->","yoast_head_json":{"title":"PROJETO DE INCLUS\u00c3O SOCIOPRODUTIVA PARA ARTES\u00c3OS BAIANOS","description":"O Espa\u00e7o Crescer da Secretaria do Trabalho, Emprego, Renda e Esporte recebeu o lan\u00e7amento do projeto \"Collab Artesanato da Bahia\".","robots":{"index":"index","follow":"follow","max-snippet":"max-snippet:-1","max-image-preview":"max-image-preview:large","max-video-preview":"max-video-preview:-1"},"canonical":"https:\/\/bahiaeconomica.com.br\/wp\/2024\/08\/26\/setre-e-meninos-rei-lancam-projeto-de-inclusao-socioprodutiva-para-artesaos-baianos\/","og_locale":"pt_BR","og_type":"article","og_title":"PROJETO DE INCLUS\u00c3O SOCIOPRODUTIVA PARA ARTES\u00c3OS BAIANOS","og_description":"O Espa\u00e7o Crescer da Secretaria do Trabalho, Emprego, Renda e Esporte recebeu o lan\u00e7amento do projeto \"Collab Artesanato da Bahia\".","og_url":"https:\/\/bahiaeconomica.com.br\/wp\/2024\/08\/26\/setre-e-meninos-rei-lancam-projeto-de-inclusao-socioprodutiva-para-artesaos-baianos\/","og_site_name":"Bahia Economica","article_publisher":"https:\/\/www.facebook.com\/bahiaeconomica","article_published_time":"2024-08-26T22:58:02+00:00","article_modified_time":"2024-08-26T21:51:45+00:00","og_image":[{"width":1600,"height":1066,"url":"https:\/\/bahiaeconomica.com.br\/wp\/wp-content\/uploads\/2024\/08\/WhatsApp-Image-2024-08-26-at-18.25.40.jpeg","type":"image\/jpeg"}],"author":"LUIZA NASCIMENTO","twitter_card":"summary_large_image","twitter_misc":{"Escrito por":"LUIZA NASCIMENTO","Est. tempo de leitura":"2 minutos"},"schema":{"@context":"https:\/\/schema.org","@graph":[{"@type":"Article","@id":"https:\/\/bahiaeconomica.com.br\/wp\/2024\/08\/26\/setre-e-meninos-rei-lancam-projeto-de-inclusao-socioprodutiva-para-artesaos-baianos\/#article","isPartOf":{"@id":"https:\/\/bahiaeconomica.com.br\/wp\/2024\/08\/26\/setre-e-meninos-rei-lancam-projeto-de-inclusao-socioprodutiva-para-artesaos-baianos\/"},"author":{"name":"LUIZA NASCIMENTO","@id":"https:\/\/bahiaeconomica.com.br\/wp\/#\/schema\/person\/18273ac0fe04bfd4e7b101bf17d40152"},"headline":"SETRE E MENINOS REI LAN\u00c7AM PROJETO DE INCLUS\u00c3O SOCIOPRODUTIVA PARA ARTES\u00c3OS BAIANOS","datePublished":"2024-08-26T22:58:02+00:00","dateModified":"2024-08-26T21:51:45+00:00","mainEntityOfPage":{"@id":"https:\/\/bahiaeconomica.com.br\/wp\/2024\/08\/26\/setre-e-meninos-rei-lancam-projeto-de-inclusao-socioprodutiva-para-artesaos-baianos\/"},"wordCount":292,"publisher":{"@id":"https:\/\/bahiaeconomica.com.br\/wp\/#organization"},"keywords":["artes\u00e3os baiano","inclus\u00e3o socioprodutiva","projeto"],"articleSection":["CULTURA E ARTE"],"inLanguage":"pt-BR"},{"@type":"WebPage","@id":"https:\/\/bahiaeconomica.com.br\/wp\/2024\/08\/26\/setre-e-meninos-rei-lancam-projeto-de-inclusao-socioprodutiva-para-artesaos-baianos\/","url":"https:\/\/bahiaeconomica.com.br\/wp\/2024\/08\/26\/setre-e-meninos-rei-lancam-projeto-de-inclusao-socioprodutiva-para-artesaos-baianos\/","name":"PROJETO DE INCLUS\u00c3O SOCIOPRODUTIVA PARA ARTES\u00c3OS BAIANOS","isPartOf":{"@id":"https:\/\/bahiaeconomica.com.br\/wp\/#website"},"datePublished":"2024-08-26T22:58:02+00:00","dateModified":"2024-08-26T21:51:45+00:00","description":"O Espa\u00e7o Crescer da Secretaria do Trabalho, Emprego, Renda e Esporte recebeu o lan\u00e7amento do projeto \"Collab Artesanato da Bahia\".","breadcrumb":{"@id":"https:\/\/bahiaeconomica.com.br\/wp\/2024\/08\/26\/setre-e-meninos-rei-lancam-projeto-de-inclusao-socioprodutiva-para-artesaos-baianos\/#breadcrumb"},"inLanguage":"pt-BR","potentialAction":[{"@type":"ReadAction","target":["https:\/\/bahiaeconomica.com.br\/wp\/2024\/08\/26\/setre-e-meninos-rei-lancam-projeto-de-inclusao-socioprodutiva-para-artesaos-baianos\/"]}]},{"@type":"BreadcrumbList","@id":"https:\/\/bahiaeconomica.com.br\/wp\/2024\/08\/26\/setre-e-meninos-rei-lancam-projeto-de-inclusao-socioprodutiva-para-artesaos-baianos\/#breadcrumb","itemListElement":[{"@type":"ListItem","position":1,"name":"In\u00edcio","item":"https:\/\/bahiaeconomica.com.br\/wp\/"},{"@type":"ListItem","position":2,"name":"SETRE E MENINOS REI LAN\u00c7AM PROJETO DE INCLUS\u00c3O SOCIOPRODUTIVA PARA ARTES\u00c3OS BAIANOS"}]},{"@type":"WebSite","@id":"https:\/\/bahiaeconomica.com.br\/wp\/#website","url":"https:\/\/bahiaeconomica.com.br\/wp\/","name":"Bahia Economica","description":"O maior portal de Economia da Bahia","publisher":{"@id":"https:\/\/bahiaeconomica.com.br\/wp\/#organization"},"potentialAction":[{"@type":"SearchAction","target":{"@type":"EntryPoint","urlTemplate":"https:\/\/bahiaeconomica.com.br\/wp\/?s={search_term_string}"},"query-input":"required name=search_term_string"}],"inLanguage":"pt-BR"},{"@type":"Organization","@id":"https:\/\/bahiaeconomica.com.br\/wp\/#organization","name":"Bahia Econ\u00f4mica","url":"https:\/\/bahiaeconomica.com.br\/wp\/","logo":{"@type":"ImageObject","inLanguage":"pt-BR","@id":"https:\/\/bahiaeconomica.com.br\/wp\/#\/schema\/logo\/image\/","url":"https:\/\/bahiaeconomica.com.br\/wp\/wp-content\/uploads\/2020\/12\/cropped-BE.png","contentUrl":"https:\/\/bahiaeconomica.com.br\/wp\/wp-content\/uploads\/2020\/12\/cropped-BE.png","width":512,"height":512,"caption":"Bahia Econ\u00f4mica"},"image":{"@id":"https:\/\/bahiaeconomica.com.br\/wp\/#\/schema\/logo\/image\/"},"sameAs":["https:\/\/www.facebook.com\/bahiaeconomica"]},{"@type":"Person","@id":"https:\/\/bahiaeconomica.com.br\/wp\/#\/schema\/person\/18273ac0fe04bfd4e7b101bf17d40152","name":"LUIZA NASCIMENTO","sameAs":["http:\/\/www.bahiaeconomica.com.br"],"url":"https:\/\/bahiaeconomica.com.br\/wp\/author\/luiza-nascimento\/"}]}},"views":13,"_links":{"self":[{"href":"https:\/\/bahiaeconomica.com.br\/wp\/wp-json\/wp\/v2\/posts\/840284"}],"collection":[{"href":"https:\/\/bahiaeconomica.com.br\/wp\/wp-json\/wp\/v2\/posts"}],"about":[{"href":"https:\/\/bahiaeconomica.com.br\/wp\/wp-json\/wp\/v2\/types\/post"}],"author":[{"embeddable":true,"href":"https:\/\/bahiaeconomica.com.br\/wp\/wp-json\/wp\/v2\/users\/16"}],"replies":[{"embeddable":true,"href":"https:\/\/bahiaeconomica.com.br\/wp\/wp-json\/wp\/v2\/comments?post=840284"}],"version-history":[{"count":1,"href":"https:\/\/bahiaeconomica.com.br\/wp\/wp-json\/wp\/v2\/posts\/840284\/revisions"}],"predecessor-version":[{"id":840289,"href":"https:\/\/bahiaeconomica.com.br\/wp\/wp-json\/wp\/v2\/posts\/840284\/revisions\/840289"}],"wp:featuredmedia":[{"embeddable":true,"href":"https:\/\/bahiaeconomica.com.br\/wp\/wp-json\/wp\/v2\/media\/840288"}],"wp:attachment":[{"href":"https:\/\/bahiaeconomica.com.br\/wp\/wp-json\/wp\/v2\/media?parent=840284"}],"wp:term":[{"taxonomy":"category","embeddable":true,"href":"https:\/\/bahiaeconomica.com.br\/wp\/wp-json\/wp\/v2\/categories?post=840284"},{"taxonomy":"post_tag","embeddable":true,"href":"https:\/\/bahiaeconomica.com.br\/wp\/wp-json\/wp\/v2\/tags?post=840284"}],"curies":[{"name":"wp","href":"https:\/\/api.w.org\/{rel}","templated":true}]}}