{"id":839850,"date":"2024-08-23T18:34:29","date_gmt":"2024-08-23T21:34:29","guid":{"rendered":"https:\/\/bahiaeconomica.com.br\/wp\/?p=839850"},"modified":"2024-08-23T17:46:39","modified_gmt":"2024-08-23T20:46:39","slug":"hospital-geral-de-camacari-completa-36-anos-a-servico-dos-baianos","status":"publish","type":"post","link":"https:\/\/bahiaeconomica.com.br\/wp\/2024\/08\/23\/hospital-geral-de-camacari-completa-36-anos-a-servico-dos-baianos\/","title":{"rendered":"HOSPITAL GERAL DE CAMA\u00c7ARI COMPLETA 36 ANOS \u00c0 SERVI\u00c7O DOS BAIANOS"},"content":{"rendered":"<p>Uma das maiores unidades de sa\u00fade de m\u00e9dia e alta complexidade da Regi\u00e3o Metropolitana de Salvador, dedicada integralmente \u00e0 assist\u00eancia SUS, o Hospital Geral de Cama\u00e7ari (HGC) completou 36 anos no dia 18 de agosto. O anivers\u00e1rio foi celebrado na quinta-feira (22), em festividade que incluiu homenagens \u00e0 equipe de profissionais do HGC, com tema &#8220;N\u00e3o ter\u00edamos conseguido sem voc\u00eas&#8221;.<\/p>\n<p>Idealizada pela Comiss\u00e3o de Humaniza\u00e7\u00e3o do hospital, a programa\u00e7\u00e3o foi distribu\u00edda durante todo o dia, incluindo almo\u00e7o especial comemorativo para todos os colaboradores da unidade; atividades como reiki e ventosaterapia; e apresenta\u00e7\u00e3o instrumental de quarteto de cordas.<\/p>\n<p>O evento comemorativo contou ainda com premia\u00e7\u00f5es simb\u00f3licas aos funcion\u00e1rios mais antigos em atividade. Em alus\u00e3o \u00e0s Olimp\u00edadas, aqueles admitidos em 1988 receberam medalhas de ouro, enquanto os que entraram em 1989 foram agraciados com a prata e os de 1990, com o bronze. Por meio das medalhas, as homenagens foram extensivas aos cerca de 1040 colaboradores da unidade.<\/p>\n<p>A diretora geral do hospital, Tha\u00eds Fraga, expressou o orgulho de voltar \u00e0 gest\u00e3o do HGC ap\u00f3s 18 anos, e fez um breve balan\u00e7o dos principais avan\u00e7os ao longo do primeiro semestre de 2024. Ela ressaltou o importante papel do hospital na cobertura assistencial dos seis munic\u00edpios que comp\u00f5em esta regi\u00e3o de sa\u00fade &#8211; Cama\u00e7ari, Dias D&#8217;\u00c1vila, Sim\u00f5es Filho, Mata de S\u00e3o Jo\u00e3o, Pojuca e Conde \u2013, com popula\u00e7\u00e3o de mais de 635 mil habitantes.<\/p>\n<p>Fotos: Divulga\u00e7\u00e3o\/HGC<\/p>\n","protected":false},"excerpt":{"rendered":"<p>Uma das maiores unidades de sa\u00fade de m\u00e9dia e alta complexidade da Regi\u00e3o Metropolitana de Salvador, dedicada integralmente \u00e0 assist\u00eancia SUS, o Hospital Geral de Cama\u00e7ari (HGC) completou 36 anos no dia 18 de agosto. O anivers\u00e1rio foi celebrado na quinta-feira (22), em festividade que incluiu homenagens \u00e0 equipe de profissionais do HGC, com tema [&hellip;]<\/p>\n","protected":false},"author":16,"featured_media":839857,"comment_status":"closed","ping_status":"closed","sticky":false,"template":"","format":"standard","meta":[],"categories":[21],"tags":[375,32557,58],"acf":[],"yoast_head":"<!-- This site is optimized with the Yoast SEO plugin v20.8 - https:\/\/yoast.com\/wordpress\/plugins\/seo\/ -->\n<title>HOSPITAL GERAL DE CAMA\u00c7ARI COMPLETA 36 ANOS<\/title>\n<meta name=\"description\" content=\"O maior portal de Economia da Bahia Sa\u00fade \/ Educa\u00e7\u00e3o Bahia Economica\" \/>\n<meta name=\"robots\" content=\"index, follow, max-snippet:-1, max-image-preview:large, max-video-preview:-1\" \/>\n<link rel=\"canonical\" href=\"https:\/\/bahiaeconomica.com.br\/wp\/2024\/08\/23\/hospital-geral-de-camacari-completa-36-anos-a-servico-dos-baianos\/\" \/>\n<meta property=\"og:locale\" content=\"pt_BR\" \/>\n<meta property=\"og:type\" content=\"article\" \/>\n<meta property=\"og:title\" content=\"HOSPITAL GERAL DE CAMA\u00c7ARI COMPLETA 36 ANOS\" \/>\n<meta property=\"og:description\" content=\"O maior portal de Economia da Bahia Sa\u00fade \/ Educa\u00e7\u00e3o Bahia Economica\" \/>\n<meta property=\"og:url\" content=\"https:\/\/bahiaeconomica.com.br\/wp\/2024\/08\/23\/hospital-geral-de-camacari-completa-36-anos-a-servico-dos-baianos\/\" \/>\n<meta property=\"og:site_name\" content=\"Bahia Economica\" \/>\n<meta property=\"article:publisher\" content=\"https:\/\/www.facebook.com\/bahiaeconomica\" \/>\n<meta property=\"article:published_time\" content=\"2024-08-23T21:34:29+00:00\" \/>\n<meta property=\"article:modified_time\" content=\"2024-08-23T20:46:39+00:00\" \/>\n<meta property=\"og:image\" content=\"https:\/\/bahiaeconomica.com.br\/wp\/wp-content\/uploads\/2024\/08\/WhatsApp-Image-2024-08-23-at-17.45.30.jpeg\" \/>\n\t<meta property=\"og:image:width\" content=\"552\" \/>\n\t<meta property=\"og:image:height\" content=\"347\" \/>\n\t<meta property=\"og:image:type\" content=\"image\/jpeg\" \/>\n<meta name=\"author\" content=\"LUIZA NASCIMENTO\" \/>\n<meta name=\"twitter:card\" content=\"summary_large_image\" \/>\n<meta name=\"twitter:label1\" content=\"Escrito por\" \/>\n\t<meta name=\"twitter:data1\" content=\"LUIZA NASCIMENTO\" \/>\n\t<meta name=\"twitter:label2\" content=\"Est. tempo de leitura\" \/>\n\t<meta name=\"twitter:data2\" content=\"2 minutos\" \/>\n<script type=\"application\/ld+json\" class=\"yoast-schema-graph\">{\"@context\":\"https:\/\/schema.org\",\"@graph\":[{\"@type\":\"Article\",\"@id\":\"https:\/\/bahiaeconomica.com.br\/wp\/2024\/08\/23\/hospital-geral-de-camacari-completa-36-anos-a-servico-dos-baianos\/#article\",\"isPartOf\":{\"@id\":\"https:\/\/bahiaeconomica.com.br\/wp\/2024\/08\/23\/hospital-geral-de-camacari-completa-36-anos-a-servico-dos-baianos\/\"},\"author\":{\"name\":\"LUIZA NASCIMENTO\",\"@id\":\"https:\/\/bahiaeconomica.com.br\/wp\/#\/schema\/person\/18273ac0fe04bfd4e7b101bf17d40152\"},\"headline\":\"HOSPITAL GERAL DE CAMA\u00c7ARI COMPLETA 36 ANOS \u00c0 SERVI\u00c7O DOS BAIANOS\",\"datePublished\":\"2024-08-23T21:34:29+00:00\",\"dateModified\":\"2024-08-23T20:46:39+00:00\",\"mainEntityOfPage\":{\"@id\":\"https:\/\/bahiaeconomica.com.br\/wp\/2024\/08\/23\/hospital-geral-de-camacari-completa-36-anos-a-servico-dos-baianos\/\"},\"wordCount\":267,\"publisher\":{\"@id\":\"https:\/\/bahiaeconomica.com.br\/wp\/#organization\"},\"keywords\":[\"Cama\u00e7ari\",\"hospital geral de cama\u00e7ari\",\"sa\u00fade\"],\"articleSection\":[\"Sa\u00fade \/ Educa\u00e7\u00e3o\"],\"inLanguage\":\"pt-BR\"},{\"@type\":\"WebPage\",\"@id\":\"https:\/\/bahiaeconomica.com.br\/wp\/2024\/08\/23\/hospital-geral-de-camacari-completa-36-anos-a-servico-dos-baianos\/\",\"url\":\"https:\/\/bahiaeconomica.com.br\/wp\/2024\/08\/23\/hospital-geral-de-camacari-completa-36-anos-a-servico-dos-baianos\/\",\"name\":\"HOSPITAL GERAL DE CAMA\u00c7ARI COMPLETA 36 ANOS\",\"isPartOf\":{\"@id\":\"https:\/\/bahiaeconomica.com.br\/wp\/#website\"},\"datePublished\":\"2024-08-23T21:34:29+00:00\",\"dateModified\":\"2024-08-23T20:46:39+00:00\",\"description\":\"O maior portal de Economia da Bahia Sa\u00fade \/ Educa\u00e7\u00e3o Bahia Economica\",\"breadcrumb\":{\"@id\":\"https:\/\/bahiaeconomica.com.br\/wp\/2024\/08\/23\/hospital-geral-de-camacari-completa-36-anos-a-servico-dos-baianos\/#breadcrumb\"},\"inLanguage\":\"pt-BR\",\"potentialAction\":[{\"@type\":\"ReadAction\",\"target\":[\"https:\/\/bahiaeconomica.com.br\/wp\/2024\/08\/23\/hospital-geral-de-camacari-completa-36-anos-a-servico-dos-baianos\/\"]}]},{\"@type\":\"BreadcrumbList\",\"@id\":\"https:\/\/bahiaeconomica.com.br\/wp\/2024\/08\/23\/hospital-geral-de-camacari-completa-36-anos-a-servico-dos-baianos\/#breadcrumb\",\"itemListElement\":[{\"@type\":\"ListItem\",\"position\":1,\"name\":\"In\u00edcio\",\"item\":\"https:\/\/bahiaeconomica.com.br\/wp\/\"},{\"@type\":\"ListItem\",\"position\":2,\"name\":\"HOSPITAL GERAL DE CAMA\u00c7ARI COMPLETA 36 ANOS \u00c0 SERVI\u00c7O DOS BAIANOS\"}]},{\"@type\":\"WebSite\",\"@id\":\"https:\/\/bahiaeconomica.com.br\/wp\/#website\",\"url\":\"https:\/\/bahiaeconomica.com.br\/wp\/\",\"name\":\"Bahia Economica\",\"description\":\"O maior portal de Economia da Bahia\",\"publisher\":{\"@id\":\"https:\/\/bahiaeconomica.com.br\/wp\/#organization\"},\"potentialAction\":[{\"@type\":\"SearchAction\",\"target\":{\"@type\":\"EntryPoint\",\"urlTemplate\":\"https:\/\/bahiaeconomica.com.br\/wp\/?s={search_term_string}\"},\"query-input\":\"required name=search_term_string\"}],\"inLanguage\":\"pt-BR\"},{\"@type\":\"Organization\",\"@id\":\"https:\/\/bahiaeconomica.com.br\/wp\/#organization\",\"name\":\"Bahia Econ\u00f4mica\",\"url\":\"https:\/\/bahiaeconomica.com.br\/wp\/\",\"logo\":{\"@type\":\"ImageObject\",\"inLanguage\":\"pt-BR\",\"@id\":\"https:\/\/bahiaeconomica.com.br\/wp\/#\/schema\/logo\/image\/\",\"url\":\"https:\/\/bahiaeconomica.com.br\/wp\/wp-content\/uploads\/2020\/12\/cropped-BE.png\",\"contentUrl\":\"https:\/\/bahiaeconomica.com.br\/wp\/wp-content\/uploads\/2020\/12\/cropped-BE.png\",\"width\":512,\"height\":512,\"caption\":\"Bahia Econ\u00f4mica\"},\"image\":{\"@id\":\"https:\/\/bahiaeconomica.com.br\/wp\/#\/schema\/logo\/image\/\"},\"sameAs\":[\"https:\/\/www.facebook.com\/bahiaeconomica\"]},{\"@type\":\"Person\",\"@id\":\"https:\/\/bahiaeconomica.com.br\/wp\/#\/schema\/person\/18273ac0fe04bfd4e7b101bf17d40152\",\"name\":\"LUIZA NASCIMENTO\",\"sameAs\":[\"http:\/\/www.bahiaeconomica.com.br\"],\"url\":\"https:\/\/bahiaeconomica.com.br\/wp\/author\/luiza-nascimento\/\"}]}<\/script>\n<!-- \/ Yoast SEO plugin. -->","yoast_head_json":{"title":"HOSPITAL GERAL DE CAMA\u00c7ARI COMPLETA 36 ANOS","description":"O maior portal de Economia da Bahia Sa\u00fade \/ Educa\u00e7\u00e3o Bahia Economica","robots":{"index":"index","follow":"follow","max-snippet":"max-snippet:-1","max-image-preview":"max-image-preview:large","max-video-preview":"max-video-preview:-1"},"canonical":"https:\/\/bahiaeconomica.com.br\/wp\/2024\/08\/23\/hospital-geral-de-camacari-completa-36-anos-a-servico-dos-baianos\/","og_locale":"pt_BR","og_type":"article","og_title":"HOSPITAL GERAL DE CAMA\u00c7ARI COMPLETA 36 ANOS","og_description":"O maior portal de Economia da Bahia Sa\u00fade \/ Educa\u00e7\u00e3o Bahia Economica","og_url":"https:\/\/bahiaeconomica.com.br\/wp\/2024\/08\/23\/hospital-geral-de-camacari-completa-36-anos-a-servico-dos-baianos\/","og_site_name":"Bahia Economica","article_publisher":"https:\/\/www.facebook.com\/bahiaeconomica","article_published_time":"2024-08-23T21:34:29+00:00","article_modified_time":"2024-08-23T20:46:39+00:00","og_image":[{"width":552,"height":347,"url":"https:\/\/bahiaeconomica.com.br\/wp\/wp-content\/uploads\/2024\/08\/WhatsApp-Image-2024-08-23-at-17.45.30.jpeg","type":"image\/jpeg"}],"author":"LUIZA NASCIMENTO","twitter_card":"summary_large_image","twitter_misc":{"Escrito por":"LUIZA NASCIMENTO","Est. tempo de leitura":"2 minutos"},"schema":{"@context":"https:\/\/schema.org","@graph":[{"@type":"Article","@id":"https:\/\/bahiaeconomica.com.br\/wp\/2024\/08\/23\/hospital-geral-de-camacari-completa-36-anos-a-servico-dos-baianos\/#article","isPartOf":{"@id":"https:\/\/bahiaeconomica.com.br\/wp\/2024\/08\/23\/hospital-geral-de-camacari-completa-36-anos-a-servico-dos-baianos\/"},"author":{"name":"LUIZA NASCIMENTO","@id":"https:\/\/bahiaeconomica.com.br\/wp\/#\/schema\/person\/18273ac0fe04bfd4e7b101bf17d40152"},"headline":"HOSPITAL GERAL DE CAMA\u00c7ARI COMPLETA 36 ANOS \u00c0 SERVI\u00c7O DOS BAIANOS","datePublished":"2024-08-23T21:34:29+00:00","dateModified":"2024-08-23T20:46:39+00:00","mainEntityOfPage":{"@id":"https:\/\/bahiaeconomica.com.br\/wp\/2024\/08\/23\/hospital-geral-de-camacari-completa-36-anos-a-servico-dos-baianos\/"},"wordCount":267,"publisher":{"@id":"https:\/\/bahiaeconomica.com.br\/wp\/#organization"},"keywords":["Cama\u00e7ari","hospital geral de cama\u00e7ari","sa\u00fade"],"articleSection":["Sa\u00fade \/ Educa\u00e7\u00e3o"],"inLanguage":"pt-BR"},{"@type":"WebPage","@id":"https:\/\/bahiaeconomica.com.br\/wp\/2024\/08\/23\/hospital-geral-de-camacari-completa-36-anos-a-servico-dos-baianos\/","url":"https:\/\/bahiaeconomica.com.br\/wp\/2024\/08\/23\/hospital-geral-de-camacari-completa-36-anos-a-servico-dos-baianos\/","name":"HOSPITAL GERAL DE CAMA\u00c7ARI COMPLETA 36 ANOS","isPartOf":{"@id":"https:\/\/bahiaeconomica.com.br\/wp\/#website"},"datePublished":"2024-08-23T21:34:29+00:00","dateModified":"2024-08-23T20:46:39+00:00","description":"O maior portal de Economia da Bahia Sa\u00fade \/ Educa\u00e7\u00e3o Bahia Economica","breadcrumb":{"@id":"https:\/\/bahiaeconomica.com.br\/wp\/2024\/08\/23\/hospital-geral-de-camacari-completa-36-anos-a-servico-dos-baianos\/#breadcrumb"},"inLanguage":"pt-BR","potentialAction":[{"@type":"ReadAction","target":["https:\/\/bahiaeconomica.com.br\/wp\/2024\/08\/23\/hospital-geral-de-camacari-completa-36-anos-a-servico-dos-baianos\/"]}]},{"@type":"BreadcrumbList","@id":"https:\/\/bahiaeconomica.com.br\/wp\/2024\/08\/23\/hospital-geral-de-camacari-completa-36-anos-a-servico-dos-baianos\/#breadcrumb","itemListElement":[{"@type":"ListItem","position":1,"name":"In\u00edcio","item":"https:\/\/bahiaeconomica.com.br\/wp\/"},{"@type":"ListItem","position":2,"name":"HOSPITAL GERAL DE CAMA\u00c7ARI COMPLETA 36 ANOS \u00c0 SERVI\u00c7O DOS BAIANOS"}]},{"@type":"WebSite","@id":"https:\/\/bahiaeconomica.com.br\/wp\/#website","url":"https:\/\/bahiaeconomica.com.br\/wp\/","name":"Bahia Economica","description":"O maior portal de Economia da Bahia","publisher":{"@id":"https:\/\/bahiaeconomica.com.br\/wp\/#organization"},"potentialAction":[{"@type":"SearchAction","target":{"@type":"EntryPoint","urlTemplate":"https:\/\/bahiaeconomica.com.br\/wp\/?s={search_term_string}"},"query-input":"required name=search_term_string"}],"inLanguage":"pt-BR"},{"@type":"Organization","@id":"https:\/\/bahiaeconomica.com.br\/wp\/#organization","name":"Bahia Econ\u00f4mica","url":"https:\/\/bahiaeconomica.com.br\/wp\/","logo":{"@type":"ImageObject","inLanguage":"pt-BR","@id":"https:\/\/bahiaeconomica.com.br\/wp\/#\/schema\/logo\/image\/","url":"https:\/\/bahiaeconomica.com.br\/wp\/wp-content\/uploads\/2020\/12\/cropped-BE.png","contentUrl":"https:\/\/bahiaeconomica.com.br\/wp\/wp-content\/uploads\/2020\/12\/cropped-BE.png","width":512,"height":512,"caption":"Bahia Econ\u00f4mica"},"image":{"@id":"https:\/\/bahiaeconomica.com.br\/wp\/#\/schema\/logo\/image\/"},"sameAs":["https:\/\/www.facebook.com\/bahiaeconomica"]},{"@type":"Person","@id":"https:\/\/bahiaeconomica.com.br\/wp\/#\/schema\/person\/18273ac0fe04bfd4e7b101bf17d40152","name":"LUIZA NASCIMENTO","sameAs":["http:\/\/www.bahiaeconomica.com.br"],"url":"https:\/\/bahiaeconomica.com.br\/wp\/author\/luiza-nascimento\/"}]}},"views":6,"_links":{"self":[{"href":"https:\/\/bahiaeconomica.com.br\/wp\/wp-json\/wp\/v2\/posts\/839850"}],"collection":[{"href":"https:\/\/bahiaeconomica.com.br\/wp\/wp-json\/wp\/v2\/posts"}],"about":[{"href":"https:\/\/bahiaeconomica.com.br\/wp\/wp-json\/wp\/v2\/types\/post"}],"author":[{"embeddable":true,"href":"https:\/\/bahiaeconomica.com.br\/wp\/wp-json\/wp\/v2\/users\/16"}],"replies":[{"embeddable":true,"href":"https:\/\/bahiaeconomica.com.br\/wp\/wp-json\/wp\/v2\/comments?post=839850"}],"version-history":[{"count":1,"href":"https:\/\/bahiaeconomica.com.br\/wp\/wp-json\/wp\/v2\/posts\/839850\/revisions"}],"predecessor-version":[{"id":839858,"href":"https:\/\/bahiaeconomica.com.br\/wp\/wp-json\/wp\/v2\/posts\/839850\/revisions\/839858"}],"wp:featuredmedia":[{"embeddable":true,"href":"https:\/\/bahiaeconomica.com.br\/wp\/wp-json\/wp\/v2\/media\/839857"}],"wp:attachment":[{"href":"https:\/\/bahiaeconomica.com.br\/wp\/wp-json\/wp\/v2\/media?parent=839850"}],"wp:term":[{"taxonomy":"category","embeddable":true,"href":"https:\/\/bahiaeconomica.com.br\/wp\/wp-json\/wp\/v2\/categories?post=839850"},{"taxonomy":"post_tag","embeddable":true,"href":"https:\/\/bahiaeconomica.com.br\/wp\/wp-json\/wp\/v2\/tags?post=839850"}],"curies":[{"name":"wp","href":"https:\/\/api.w.org\/{rel}","templated":true}]}}