{"id":839832,"date":"2024-08-23T17:59:21","date_gmt":"2024-08-23T20:59:21","guid":{"rendered":"https:\/\/bahiaeconomica.com.br\/wp\/?p=839832"},"modified":"2024-08-26T17:53:05","modified_gmt":"2024-08-26T20:53:05","slug":"a-nova-ordem-economica-mundial-verde-comeca-no-brasil-comeca-no-nordeste-diz-fernanda-delgado","status":"publish","type":"post","link":"https:\/\/bahiaeconomica.com.br\/wp\/2024\/08\/23\/a-nova-ordem-economica-mundial-verde-comeca-no-brasil-comeca-no-nordeste-diz-fernanda-delgado\/","title":{"rendered":"&#8220;A NOVA ORDEM ECON\u00d4MICA MUNDIAL VERDE COME\u00c7A NO BRASIL, COME\u00c7A NO NORDESTE&#8221;, DIZ FERNANDA DELGADO"},"content":{"rendered":"<p>A diretora executiva da Associa\u00e7\u00e3o Brasileira da Ind\u00fastria do Hidrog\u00eanio Verde (ABIHV), Fernanda Delgado, representou a entidade na assinatura do primeiro contrato de comercializa\u00e7\u00e3o de hidrog\u00eanio verde (H2V). O acordo, celebrado entre o Cons\u00f3rcio Nordeste e o governo do Rio Grande do Norte, envolve a CPFL Energia, empresa do Grupo State Grid, e a Mizu Cimentos, com um investimento previsto de R$40 milh\u00f5es at\u00e9 2030.<\/p>\n<p>O contrato foi assinado em Natal pela governadora do estado e presidente do Cons\u00f3rcio Nordeste, F\u00e1tima Bezerra e prev\u00ea a aplica\u00e7\u00e3o do hidrog\u00eanio de baixo carbono voltada \u00e0 ind\u00fastria do cimento.<\/p>\n<p>&#8220;Ainda que seja uma planta piloto, sem escala comercial e em fase experimental, coadunar produ\u00e7\u00e3o e comercializa\u00e7\u00e3o em territ\u00f3rio nacional \u00e9 um feito in\u00e9dito que aconteceu no Rio Grande do Norte,&#8221; explicou, Fernanda Delgado.<\/p>\n<p>&#8220;Para a ind\u00fastria do hidrog\u00eanio verde, come\u00e7ar o desenvolvimento da demanda nacional em um setor t\u00e3o basilar \u00e0 economia nacional, t\u00e3o gerador de empregos, construtor de infraestrutura e t\u00e3o involucrado no ide\u00e1rio popular, \u00e9 emblem\u00e1tico. A nova ordem econ\u00f4mica mundial verde come\u00e7a no Brasil, come\u00e7a de baixo para cima, come\u00e7a no pavimento das constru\u00e7\u00f5es e dos empreendimentos, come\u00e7a no Nordeste&#8221;, completou Fernanda Delgado.<\/p>\n<p>Foto: Eudes Ben\u00edcio\/GOVBA.<\/p>\n","protected":false},"excerpt":{"rendered":"<p>A diretora executiva da Associa\u00e7\u00e3o Brasileira da Ind\u00fastria do Hidrog\u00eanio Verde (ABIHV), Fernanda Delgado, representou a entidade na assinatura do primeiro contrato de comercializa\u00e7\u00e3o de hidrog\u00eanio verde (H2V). O acordo, celebrado entre o Cons\u00f3rcio Nordeste e o governo do Rio Grande do Norte, envolve a CPFL Energia, empresa do Grupo State Grid, e a Mizu [&hellip;]<\/p>\n","protected":false},"author":21,"featured_media":839835,"comment_status":"closed","ping_status":"closed","sticky":false,"template":"","format":"standard","meta":[],"categories":[3,21931],"tags":[32554,32555],"acf":[],"yoast_head":"<!-- This site is optimized with the Yoast SEO plugin v20.8 - https:\/\/yoast.com\/wordpress\/plugins\/seo\/ -->\n<title>&quot;A NOVA ORDEM ECON\u00d4MICA MUNDIAL VERDE COME\u00c7A NO BRASIL, COME\u00c7A NO NORDESTE&quot;, DIZ FERNANDA DELGADO - Bahia Economica<\/title>\n<meta name=\"description\" content=\"O maior portal de Economia da Bahia ECONOMIA \/ POL\u00cdTICA, NORDESTE INVEST Bahia Economica A diretora executiva da Associa\u00e7\u00e3o Brasileira da Ind\u00fastria\" \/>\n<meta name=\"robots\" content=\"index, follow, max-snippet:-1, max-image-preview:large, max-video-preview:-1\" \/>\n<link rel=\"canonical\" href=\"https:\/\/bahiaeconomica.com.br\/wp\/2024\/08\/23\/a-nova-ordem-economica-mundial-verde-comeca-no-brasil-comeca-no-nordeste-diz-fernanda-delgado\/\" \/>\n<meta property=\"og:locale\" content=\"pt_BR\" \/>\n<meta property=\"og:type\" content=\"article\" \/>\n<meta property=\"og:title\" content=\"&quot;A NOVA ORDEM ECON\u00d4MICA MUNDIAL VERDE COME\u00c7A NO BRASIL, COME\u00c7A NO NORDESTE&quot;, DIZ FERNANDA DELGADO - Bahia Economica\" \/>\n<meta property=\"og:description\" content=\"O maior portal de Economia da Bahia ECONOMIA \/ POL\u00cdTICA, NORDESTE INVEST Bahia Economica A diretora executiva da Associa\u00e7\u00e3o Brasileira da Ind\u00fastria\" \/>\n<meta property=\"og:url\" content=\"https:\/\/bahiaeconomica.com.br\/wp\/2024\/08\/23\/a-nova-ordem-economica-mundial-verde-comeca-no-brasil-comeca-no-nordeste-diz-fernanda-delgado\/\" \/>\n<meta property=\"og:site_name\" content=\"Bahia Economica\" \/>\n<meta property=\"article:publisher\" content=\"https:\/\/www.facebook.com\/bahiaeconomica\" \/>\n<meta property=\"article:published_time\" content=\"2024-08-23T20:59:21+00:00\" \/>\n<meta property=\"article:modified_time\" content=\"2024-08-26T20:53:05+00:00\" \/>\n<meta property=\"og:image\" content=\"https:\/\/bahiaeconomica.com.br\/wp\/wp-content\/uploads\/2024\/08\/WhatsApp-Image-2024-02-29-at-11.08.48.webp\" \/>\n\t<meta property=\"og:image:width\" content=\"1188\" \/>\n\t<meta property=\"og:image:height\" content=\"891\" \/>\n\t<meta property=\"og:image:type\" content=\"image\/webp\" \/>\n<meta name=\"author\" content=\"HUGO LEITE\" \/>\n<meta name=\"twitter:card\" content=\"summary_large_image\" \/>\n<meta name=\"twitter:label1\" content=\"Escrito por\" \/>\n\t<meta name=\"twitter:data1\" content=\"HUGO LEITE\" \/>\n\t<meta name=\"twitter:label2\" content=\"Est. tempo de leitura\" \/>\n\t<meta name=\"twitter:data2\" content=\"2 minutos\" \/>\n<script type=\"application\/ld+json\" class=\"yoast-schema-graph\">{\"@context\":\"https:\/\/schema.org\",\"@graph\":[{\"@type\":\"Article\",\"@id\":\"https:\/\/bahiaeconomica.com.br\/wp\/2024\/08\/23\/a-nova-ordem-economica-mundial-verde-comeca-no-brasil-comeca-no-nordeste-diz-fernanda-delgado\/#article\",\"isPartOf\":{\"@id\":\"https:\/\/bahiaeconomica.com.br\/wp\/2024\/08\/23\/a-nova-ordem-economica-mundial-verde-comeca-no-brasil-comeca-no-nordeste-diz-fernanda-delgado\/\"},\"author\":{\"name\":\"HUGO LEITE\",\"@id\":\"https:\/\/bahiaeconomica.com.br\/wp\/#\/schema\/person\/1704090528f3af7c918b3cb25d9d4016\"},\"headline\":\"&#8220;A NOVA ORDEM ECON\u00d4MICA MUNDIAL VERDE COME\u00c7A NO BRASIL, COME\u00c7A NO NORDESTE&#8221;, DIZ FERNANDA DELGADO\",\"datePublished\":\"2024-08-23T20:59:21+00:00\",\"dateModified\":\"2024-08-26T20:53:05+00:00\",\"mainEntityOfPage\":{\"@id\":\"https:\/\/bahiaeconomica.com.br\/wp\/2024\/08\/23\/a-nova-ordem-economica-mundial-verde-comeca-no-brasil-comeca-no-nordeste-diz-fernanda-delgado\/\"},\"wordCount\":242,\"publisher\":{\"@id\":\"https:\/\/bahiaeconomica.com.br\/wp\/#organization\"},\"keywords\":[\"ABIHV\",\"H2V\"],\"articleSection\":[\"ECONOMIA \/ POL\u00cdTICA\",\"NORDESTE INVEST\"],\"inLanguage\":\"pt-BR\"},{\"@type\":\"WebPage\",\"@id\":\"https:\/\/bahiaeconomica.com.br\/wp\/2024\/08\/23\/a-nova-ordem-economica-mundial-verde-comeca-no-brasil-comeca-no-nordeste-diz-fernanda-delgado\/\",\"url\":\"https:\/\/bahiaeconomica.com.br\/wp\/2024\/08\/23\/a-nova-ordem-economica-mundial-verde-comeca-no-brasil-comeca-no-nordeste-diz-fernanda-delgado\/\",\"name\":\"\\\"A NOVA ORDEM ECON\u00d4MICA MUNDIAL VERDE COME\u00c7A NO BRASIL, COME\u00c7A NO NORDESTE\\\", DIZ FERNANDA DELGADO - Bahia Economica\",\"isPartOf\":{\"@id\":\"https:\/\/bahiaeconomica.com.br\/wp\/#website\"},\"datePublished\":\"2024-08-23T20:59:21+00:00\",\"dateModified\":\"2024-08-26T20:53:05+00:00\",\"description\":\"O maior portal de Economia da Bahia ECONOMIA \/ POL\u00cdTICA, NORDESTE INVEST Bahia Economica A diretora executiva da Associa\u00e7\u00e3o Brasileira da Ind\u00fastria\",\"breadcrumb\":{\"@id\":\"https:\/\/bahiaeconomica.com.br\/wp\/2024\/08\/23\/a-nova-ordem-economica-mundial-verde-comeca-no-brasil-comeca-no-nordeste-diz-fernanda-delgado\/#breadcrumb\"},\"inLanguage\":\"pt-BR\",\"potentialAction\":[{\"@type\":\"ReadAction\",\"target\":[\"https:\/\/bahiaeconomica.com.br\/wp\/2024\/08\/23\/a-nova-ordem-economica-mundial-verde-comeca-no-brasil-comeca-no-nordeste-diz-fernanda-delgado\/\"]}]},{\"@type\":\"BreadcrumbList\",\"@id\":\"https:\/\/bahiaeconomica.com.br\/wp\/2024\/08\/23\/a-nova-ordem-economica-mundial-verde-comeca-no-brasil-comeca-no-nordeste-diz-fernanda-delgado\/#breadcrumb\",\"itemListElement\":[{\"@type\":\"ListItem\",\"position\":1,\"name\":\"In\u00edcio\",\"item\":\"https:\/\/bahiaeconomica.com.br\/wp\/\"},{\"@type\":\"ListItem\",\"position\":2,\"name\":\"&#8220;A NOVA ORDEM ECON\u00d4MICA MUNDIAL VERDE COME\u00c7A NO BRASIL, COME\u00c7A NO NORDESTE&#8221;, DIZ FERNANDA DELGADO\"}]},{\"@type\":\"WebSite\",\"@id\":\"https:\/\/bahiaeconomica.com.br\/wp\/#website\",\"url\":\"https:\/\/bahiaeconomica.com.br\/wp\/\",\"name\":\"Bahia Economica\",\"description\":\"O maior portal de Economia da Bahia\",\"publisher\":{\"@id\":\"https:\/\/bahiaeconomica.com.br\/wp\/#organization\"},\"potentialAction\":[{\"@type\":\"SearchAction\",\"target\":{\"@type\":\"EntryPoint\",\"urlTemplate\":\"https:\/\/bahiaeconomica.com.br\/wp\/?s={search_term_string}\"},\"query-input\":\"required name=search_term_string\"}],\"inLanguage\":\"pt-BR\"},{\"@type\":\"Organization\",\"@id\":\"https:\/\/bahiaeconomica.com.br\/wp\/#organization\",\"name\":\"Bahia Econ\u00f4mica\",\"url\":\"https:\/\/bahiaeconomica.com.br\/wp\/\",\"logo\":{\"@type\":\"ImageObject\",\"inLanguage\":\"pt-BR\",\"@id\":\"https:\/\/bahiaeconomica.com.br\/wp\/#\/schema\/logo\/image\/\",\"url\":\"https:\/\/bahiaeconomica.com.br\/wp\/wp-content\/uploads\/2020\/12\/cropped-BE.png\",\"contentUrl\":\"https:\/\/bahiaeconomica.com.br\/wp\/wp-content\/uploads\/2020\/12\/cropped-BE.png\",\"width\":512,\"height\":512,\"caption\":\"Bahia Econ\u00f4mica\"},\"image\":{\"@id\":\"https:\/\/bahiaeconomica.com.br\/wp\/#\/schema\/logo\/image\/\"},\"sameAs\":[\"https:\/\/www.facebook.com\/bahiaeconomica\"]},{\"@type\":\"Person\",\"@id\":\"https:\/\/bahiaeconomica.com.br\/wp\/#\/schema\/person\/1704090528f3af7c918b3cb25d9d4016\",\"name\":\"HUGO LEITE\",\"sameAs\":[\"http:\/\/www.bahiaeconomica.com.br\"],\"url\":\"https:\/\/bahiaeconomica.com.br\/wp\/author\/hugo-leite\/\"}]}<\/script>\n<!-- \/ Yoast SEO plugin. -->","yoast_head_json":{"title":"\"A NOVA ORDEM ECON\u00d4MICA MUNDIAL VERDE COME\u00c7A NO BRASIL, COME\u00c7A NO NORDESTE\", DIZ FERNANDA DELGADO - Bahia Economica","description":"O maior portal de Economia da Bahia ECONOMIA \/ POL\u00cdTICA, NORDESTE INVEST Bahia Economica A diretora executiva da Associa\u00e7\u00e3o Brasileira da Ind\u00fastria","robots":{"index":"index","follow":"follow","max-snippet":"max-snippet:-1","max-image-preview":"max-image-preview:large","max-video-preview":"max-video-preview:-1"},"canonical":"https:\/\/bahiaeconomica.com.br\/wp\/2024\/08\/23\/a-nova-ordem-economica-mundial-verde-comeca-no-brasil-comeca-no-nordeste-diz-fernanda-delgado\/","og_locale":"pt_BR","og_type":"article","og_title":"\"A NOVA ORDEM ECON\u00d4MICA MUNDIAL VERDE COME\u00c7A NO BRASIL, COME\u00c7A NO NORDESTE\", DIZ FERNANDA DELGADO - Bahia Economica","og_description":"O maior portal de Economia da Bahia ECONOMIA \/ POL\u00cdTICA, NORDESTE INVEST Bahia Economica A diretora executiva da Associa\u00e7\u00e3o Brasileira da Ind\u00fastria","og_url":"https:\/\/bahiaeconomica.com.br\/wp\/2024\/08\/23\/a-nova-ordem-economica-mundial-verde-comeca-no-brasil-comeca-no-nordeste-diz-fernanda-delgado\/","og_site_name":"Bahia Economica","article_publisher":"https:\/\/www.facebook.com\/bahiaeconomica","article_published_time":"2024-08-23T20:59:21+00:00","article_modified_time":"2024-08-26T20:53:05+00:00","og_image":[{"width":1188,"height":891,"url":"https:\/\/bahiaeconomica.com.br\/wp\/wp-content\/uploads\/2024\/08\/WhatsApp-Image-2024-02-29-at-11.08.48.webp","type":"image\/webp"}],"author":"HUGO LEITE","twitter_card":"summary_large_image","twitter_misc":{"Escrito por":"HUGO LEITE","Est. tempo de leitura":"2 minutos"},"schema":{"@context":"https:\/\/schema.org","@graph":[{"@type":"Article","@id":"https:\/\/bahiaeconomica.com.br\/wp\/2024\/08\/23\/a-nova-ordem-economica-mundial-verde-comeca-no-brasil-comeca-no-nordeste-diz-fernanda-delgado\/#article","isPartOf":{"@id":"https:\/\/bahiaeconomica.com.br\/wp\/2024\/08\/23\/a-nova-ordem-economica-mundial-verde-comeca-no-brasil-comeca-no-nordeste-diz-fernanda-delgado\/"},"author":{"name":"HUGO LEITE","@id":"https:\/\/bahiaeconomica.com.br\/wp\/#\/schema\/person\/1704090528f3af7c918b3cb25d9d4016"},"headline":"&#8220;A NOVA ORDEM ECON\u00d4MICA MUNDIAL VERDE COME\u00c7A NO BRASIL, COME\u00c7A NO NORDESTE&#8221;, DIZ FERNANDA DELGADO","datePublished":"2024-08-23T20:59:21+00:00","dateModified":"2024-08-26T20:53:05+00:00","mainEntityOfPage":{"@id":"https:\/\/bahiaeconomica.com.br\/wp\/2024\/08\/23\/a-nova-ordem-economica-mundial-verde-comeca-no-brasil-comeca-no-nordeste-diz-fernanda-delgado\/"},"wordCount":242,"publisher":{"@id":"https:\/\/bahiaeconomica.com.br\/wp\/#organization"},"keywords":["ABIHV","H2V"],"articleSection":["ECONOMIA \/ POL\u00cdTICA","NORDESTE INVEST"],"inLanguage":"pt-BR"},{"@type":"WebPage","@id":"https:\/\/bahiaeconomica.com.br\/wp\/2024\/08\/23\/a-nova-ordem-economica-mundial-verde-comeca-no-brasil-comeca-no-nordeste-diz-fernanda-delgado\/","url":"https:\/\/bahiaeconomica.com.br\/wp\/2024\/08\/23\/a-nova-ordem-economica-mundial-verde-comeca-no-brasil-comeca-no-nordeste-diz-fernanda-delgado\/","name":"\"A NOVA ORDEM ECON\u00d4MICA MUNDIAL VERDE COME\u00c7A NO BRASIL, COME\u00c7A NO NORDESTE\", DIZ FERNANDA DELGADO - Bahia Economica","isPartOf":{"@id":"https:\/\/bahiaeconomica.com.br\/wp\/#website"},"datePublished":"2024-08-23T20:59:21+00:00","dateModified":"2024-08-26T20:53:05+00:00","description":"O maior portal de Economia da Bahia ECONOMIA \/ POL\u00cdTICA, NORDESTE INVEST Bahia Economica A diretora executiva da Associa\u00e7\u00e3o Brasileira da Ind\u00fastria","breadcrumb":{"@id":"https:\/\/bahiaeconomica.com.br\/wp\/2024\/08\/23\/a-nova-ordem-economica-mundial-verde-comeca-no-brasil-comeca-no-nordeste-diz-fernanda-delgado\/#breadcrumb"},"inLanguage":"pt-BR","potentialAction":[{"@type":"ReadAction","target":["https:\/\/bahiaeconomica.com.br\/wp\/2024\/08\/23\/a-nova-ordem-economica-mundial-verde-comeca-no-brasil-comeca-no-nordeste-diz-fernanda-delgado\/"]}]},{"@type":"BreadcrumbList","@id":"https:\/\/bahiaeconomica.com.br\/wp\/2024\/08\/23\/a-nova-ordem-economica-mundial-verde-comeca-no-brasil-comeca-no-nordeste-diz-fernanda-delgado\/#breadcrumb","itemListElement":[{"@type":"ListItem","position":1,"name":"In\u00edcio","item":"https:\/\/bahiaeconomica.com.br\/wp\/"},{"@type":"ListItem","position":2,"name":"&#8220;A NOVA ORDEM ECON\u00d4MICA MUNDIAL VERDE COME\u00c7A NO BRASIL, COME\u00c7A NO NORDESTE&#8221;, DIZ FERNANDA DELGADO"}]},{"@type":"WebSite","@id":"https:\/\/bahiaeconomica.com.br\/wp\/#website","url":"https:\/\/bahiaeconomica.com.br\/wp\/","name":"Bahia Economica","description":"O maior portal de Economia da Bahia","publisher":{"@id":"https:\/\/bahiaeconomica.com.br\/wp\/#organization"},"potentialAction":[{"@type":"SearchAction","target":{"@type":"EntryPoint","urlTemplate":"https:\/\/bahiaeconomica.com.br\/wp\/?s={search_term_string}"},"query-input":"required name=search_term_string"}],"inLanguage":"pt-BR"},{"@type":"Organization","@id":"https:\/\/bahiaeconomica.com.br\/wp\/#organization","name":"Bahia Econ\u00f4mica","url":"https:\/\/bahiaeconomica.com.br\/wp\/","logo":{"@type":"ImageObject","inLanguage":"pt-BR","@id":"https:\/\/bahiaeconomica.com.br\/wp\/#\/schema\/logo\/image\/","url":"https:\/\/bahiaeconomica.com.br\/wp\/wp-content\/uploads\/2020\/12\/cropped-BE.png","contentUrl":"https:\/\/bahiaeconomica.com.br\/wp\/wp-content\/uploads\/2020\/12\/cropped-BE.png","width":512,"height":512,"caption":"Bahia Econ\u00f4mica"},"image":{"@id":"https:\/\/bahiaeconomica.com.br\/wp\/#\/schema\/logo\/image\/"},"sameAs":["https:\/\/www.facebook.com\/bahiaeconomica"]},{"@type":"Person","@id":"https:\/\/bahiaeconomica.com.br\/wp\/#\/schema\/person\/1704090528f3af7c918b3cb25d9d4016","name":"HUGO LEITE","sameAs":["http:\/\/www.bahiaeconomica.com.br"],"url":"https:\/\/bahiaeconomica.com.br\/wp\/author\/hugo-leite\/"}]}},"views":111,"_links":{"self":[{"href":"https:\/\/bahiaeconomica.com.br\/wp\/wp-json\/wp\/v2\/posts\/839832"}],"collection":[{"href":"https:\/\/bahiaeconomica.com.br\/wp\/wp-json\/wp\/v2\/posts"}],"about":[{"href":"https:\/\/bahiaeconomica.com.br\/wp\/wp-json\/wp\/v2\/types\/post"}],"author":[{"embeddable":true,"href":"https:\/\/bahiaeconomica.com.br\/wp\/wp-json\/wp\/v2\/users\/21"}],"replies":[{"embeddable":true,"href":"https:\/\/bahiaeconomica.com.br\/wp\/wp-json\/wp\/v2\/comments?post=839832"}],"version-history":[{"count":2,"href":"https:\/\/bahiaeconomica.com.br\/wp\/wp-json\/wp\/v2\/posts\/839832\/revisions"}],"predecessor-version":[{"id":839837,"href":"https:\/\/bahiaeconomica.com.br\/wp\/wp-json\/wp\/v2\/posts\/839832\/revisions\/839837"}],"wp:featuredmedia":[{"embeddable":true,"href":"https:\/\/bahiaeconomica.com.br\/wp\/wp-json\/wp\/v2\/media\/839835"}],"wp:attachment":[{"href":"https:\/\/bahiaeconomica.com.br\/wp\/wp-json\/wp\/v2\/media?parent=839832"}],"wp:term":[{"taxonomy":"category","embeddable":true,"href":"https:\/\/bahiaeconomica.com.br\/wp\/wp-json\/wp\/v2\/categories?post=839832"},{"taxonomy":"post_tag","embeddable":true,"href":"https:\/\/bahiaeconomica.com.br\/wp\/wp-json\/wp\/v2\/tags?post=839832"}],"curies":[{"name":"wp","href":"https:\/\/api.w.org\/{rel}","templated":true}]}}