{"id":838854,"date":"2024-08-20T15:37:29","date_gmt":"2024-08-20T18:37:29","guid":{"rendered":"https:\/\/bahiaeconomica.com.br\/wp\/?p=838854"},"modified":"2024-08-20T15:47:09","modified_gmt":"2024-08-20T18:47:09","slug":"premio-iel-de-talentos-anuncia-vencedores-nesta-quarta","status":"publish","type":"post","link":"https:\/\/bahiaeconomica.com.br\/wp\/2024\/08\/20\/premio-iel-de-talentos-anuncia-vencedores-nesta-quarta\/","title":{"rendered":"PR\u00caMIO IEL DE TALENTOS ANUNCIA VENCEDORES NESTA QUARTA"},"content":{"rendered":"<p>A 21\u00aa edi\u00e7\u00e3o do Pr\u00eamio IEL de Talentos Bahia, que reconhece iniciativas inovadoras e determinantes para o futuro de jovens e empresas, anuncia os seus vencedores em cerim\u00f4nia realizada na Casa Salvatore, no bairro do Cabula, amanh\u00e3 (21), \u00e0s 18h.<\/p>\n<p>Ao todo, ser\u00e3o premiados 16 dos 47 finalistas que concorrem nas categorias Empresa Inovadora, Est\u00e1gio Inovador, Educa\u00e7\u00e3o Inovadora, Inova Talentos e Aprendizagem, que celebra a qualidade dos programas de aprendizagem a partir do cumprimento da Lei 10.097\/2000 (Lei do Aprendiz). Os vencedores nas categorias Est\u00e1gio e Inova Talentos v\u00e3o disputar a etapa nacional, que acontece em Fortaleza, em novembro.<\/p>\n<p>Realizado pelo Instituto Euvaldo Lodi (IEL), entidade do Sistema Ind\u00fastria respons\u00e1vel pela iniciativa e por programas de desenvolvimento de carreiras, o Pr\u00eamio IEL de Talentos foi criado em 2004 na Bahia e hoje realiza etapas regionais em todos os estados brasileiros. A premia\u00e7\u00e3o visa dar visibilidade a boas pr\u00e1ticas de est\u00e1gios nas empresas e projetos de inova\u00e7\u00e3o implementados pelos estagi\u00e1rios, bolsistas e menores aprendizes. O pr\u00eamio tamb\u00e9m auxilia as institui\u00e7\u00f5es concorrentes a aprimorar seus projetos de treinamento e forma\u00e7\u00e3o profissional.<\/p>\n<p>O Pr\u00eamio IEl de Talentos incentiva pr\u00e1ticas inovadoras que conectam estudantes, empresas e institui\u00e7\u00f5es de ensino, funcionando como uma vitrine de oportunidades que se abrem quando um jovem tem sua dedica\u00e7\u00e3o, vis\u00e3o de mundo e talentos reconhecidos numa estrutura empresarial consolidada. Com mais de 20 anos em di\u00e1logo com os interesses profissionais do p\u00fablico jovem, o Pr\u00eamio IEL destaca o valor dessa troca para seu aprendizado, amadurecimento, relacionamento e futuro profissional.<\/p>\n<p>De acordo com Edneide Lima, superintendente do Instituto Euvaldo Lodi (IEL Bahia), o objetivo da premia\u00e7\u00e3o \u00e9 promover um ambiente de incentivo \u00e0s empresas para a inova\u00e7\u00e3o e boas pr\u00e1ticas de est\u00e1gio. \u201cAo contratar um estagi\u00e1rio, um jovem aprendiz ou um bolsista, a empresa tem a oportunidade de oxigenar seus processos e pr\u00e1ticas com novas ideias, compartilhando boas pr\u00e1ticas com este estudante ou profissional. O pr\u00eamio \u00e9 um reconhecimento das iniciativas que, \u00e0s vezes, parecem pequenas, mas promovem mudan\u00e7as positivas e significativas nas empresas\u201d, real\u00e7a ela.<\/p>\n<p>Foto: Jefferson Peixoto \/ Coperphoto\/ Sistema Fieb<\/p>\n","protected":false},"excerpt":{"rendered":"<p>A 21\u00aa edi\u00e7\u00e3o do Pr\u00eamio IEL de Talentos Bahia, que reconhece iniciativas inovadoras e determinantes para o futuro de jovens e empresas, anuncia os seus vencedores em cerim\u00f4nia realizada na Casa Salvatore, no bairro do Cabula, amanh\u00e3 (21), \u00e0s 18h. Ao todo, ser\u00e3o premiados 16 dos 47 finalistas que concorrem nas categorias Empresa Inovadora, Est\u00e1gio [&hellip;]<\/p>\n","protected":false},"author":16,"featured_media":838862,"comment_status":"closed","ping_status":"closed","sticky":false,"template":"","format":"standard","meta":[],"categories":[5],"tags":[2082,32450,779],"acf":[],"yoast_head":"<!-- This site is optimized with the Yoast SEO plugin v20.8 - https:\/\/yoast.com\/wordpress\/plugins\/seo\/ -->\n<title>PR\u00caMIO IEL DE TALENTOS ANUNCIA VENCEDORES<\/title>\n<meta name=\"description\" content=\"A 21\u00aa edi\u00e7\u00e3o do Pr\u00eamio IEL de Talentos Bahia, que reconhece iniciativas inovadoras e determinantes para o futuro de jovens e empresas.\" \/>\n<meta name=\"robots\" content=\"index, follow, max-snippet:-1, max-image-preview:large, max-video-preview:-1\" \/>\n<link rel=\"canonical\" href=\"https:\/\/bahiaeconomica.com.br\/wp\/2024\/08\/20\/premio-iel-de-talentos-anuncia-vencedores-nesta-quarta\/\" \/>\n<meta property=\"og:locale\" content=\"pt_BR\" \/>\n<meta property=\"og:type\" content=\"article\" \/>\n<meta property=\"og:title\" content=\"PR\u00caMIO IEL DE TALENTOS ANUNCIA VENCEDORES\" \/>\n<meta property=\"og:description\" content=\"A 21\u00aa edi\u00e7\u00e3o do Pr\u00eamio IEL de Talentos Bahia, que reconhece iniciativas inovadoras e determinantes para o futuro de jovens e empresas.\" \/>\n<meta property=\"og:url\" content=\"https:\/\/bahiaeconomica.com.br\/wp\/2024\/08\/20\/premio-iel-de-talentos-anuncia-vencedores-nesta-quarta\/\" \/>\n<meta property=\"og:site_name\" content=\"Bahia Economica\" \/>\n<meta property=\"article:publisher\" content=\"https:\/\/www.facebook.com\/bahiaeconomica\" \/>\n<meta property=\"article:published_time\" content=\"2024-08-20T18:37:29+00:00\" \/>\n<meta property=\"article:modified_time\" content=\"2024-08-20T18:47:09+00:00\" \/>\n<meta property=\"og:image\" content=\"https:\/\/bahiaeconomica.com.br\/wp\/wp-content\/uploads\/2024\/08\/WhatsApp-Image-2024-08-20-at-14.36.14.jpeg\" \/>\n\t<meta property=\"og:image:width\" content=\"1499\" \/>\n\t<meta property=\"og:image:height\" content=\"1000\" \/>\n\t<meta property=\"og:image:type\" content=\"image\/jpeg\" \/>\n<meta name=\"author\" content=\"LUIZA NASCIMENTO\" \/>\n<meta name=\"twitter:card\" content=\"summary_large_image\" \/>\n<meta name=\"twitter:label1\" content=\"Escrito por\" \/>\n\t<meta name=\"twitter:data1\" content=\"LUIZA NASCIMENTO\" \/>\n\t<meta name=\"twitter:label2\" content=\"Est. tempo de leitura\" \/>\n\t<meta name=\"twitter:data2\" content=\"2 minutos\" \/>\n<script type=\"application\/ld+json\" class=\"yoast-schema-graph\">{\"@context\":\"https:\/\/schema.org\",\"@graph\":[{\"@type\":\"Article\",\"@id\":\"https:\/\/bahiaeconomica.com.br\/wp\/2024\/08\/20\/premio-iel-de-talentos-anuncia-vencedores-nesta-quarta\/#article\",\"isPartOf\":{\"@id\":\"https:\/\/bahiaeconomica.com.br\/wp\/2024\/08\/20\/premio-iel-de-talentos-anuncia-vencedores-nesta-quarta\/\"},\"author\":{\"name\":\"LUIZA NASCIMENTO\",\"@id\":\"https:\/\/bahiaeconomica.com.br\/wp\/#\/schema\/person\/18273ac0fe04bfd4e7b101bf17d40152\"},\"headline\":\"PR\u00caMIO IEL DE TALENTOS ANUNCIA VENCEDORES NESTA QUARTA\",\"datePublished\":\"2024-08-20T18:37:29+00:00\",\"dateModified\":\"2024-08-20T18:47:09+00:00\",\"mainEntityOfPage\":{\"@id\":\"https:\/\/bahiaeconomica.com.br\/wp\/2024\/08\/20\/premio-iel-de-talentos-anuncia-vencedores-nesta-quarta\/\"},\"wordCount\":380,\"publisher\":{\"@id\":\"https:\/\/bahiaeconomica.com.br\/wp\/#organization\"},\"keywords\":[\"iel\",\"pr\u00eamio iel de talentos\",\"vencedores\"],\"articleSection\":[\"MUNIC\u00cdPIOS\"],\"inLanguage\":\"pt-BR\"},{\"@type\":\"WebPage\",\"@id\":\"https:\/\/bahiaeconomica.com.br\/wp\/2024\/08\/20\/premio-iel-de-talentos-anuncia-vencedores-nesta-quarta\/\",\"url\":\"https:\/\/bahiaeconomica.com.br\/wp\/2024\/08\/20\/premio-iel-de-talentos-anuncia-vencedores-nesta-quarta\/\",\"name\":\"PR\u00caMIO IEL DE TALENTOS ANUNCIA VENCEDORES\",\"isPartOf\":{\"@id\":\"https:\/\/bahiaeconomica.com.br\/wp\/#website\"},\"datePublished\":\"2024-08-20T18:37:29+00:00\",\"dateModified\":\"2024-08-20T18:47:09+00:00\",\"description\":\"A 21\u00aa edi\u00e7\u00e3o do Pr\u00eamio IEL de Talentos Bahia, que reconhece iniciativas inovadoras e determinantes para o futuro de jovens e empresas.\",\"breadcrumb\":{\"@id\":\"https:\/\/bahiaeconomica.com.br\/wp\/2024\/08\/20\/premio-iel-de-talentos-anuncia-vencedores-nesta-quarta\/#breadcrumb\"},\"inLanguage\":\"pt-BR\",\"potentialAction\":[{\"@type\":\"ReadAction\",\"target\":[\"https:\/\/bahiaeconomica.com.br\/wp\/2024\/08\/20\/premio-iel-de-talentos-anuncia-vencedores-nesta-quarta\/\"]}]},{\"@type\":\"BreadcrumbList\",\"@id\":\"https:\/\/bahiaeconomica.com.br\/wp\/2024\/08\/20\/premio-iel-de-talentos-anuncia-vencedores-nesta-quarta\/#breadcrumb\",\"itemListElement\":[{\"@type\":\"ListItem\",\"position\":1,\"name\":\"In\u00edcio\",\"item\":\"https:\/\/bahiaeconomica.com.br\/wp\/\"},{\"@type\":\"ListItem\",\"position\":2,\"name\":\"PR\u00caMIO IEL DE TALENTOS ANUNCIA VENCEDORES NESTA QUARTA\"}]},{\"@type\":\"WebSite\",\"@id\":\"https:\/\/bahiaeconomica.com.br\/wp\/#website\",\"url\":\"https:\/\/bahiaeconomica.com.br\/wp\/\",\"name\":\"Bahia Economica\",\"description\":\"O maior portal de Economia da Bahia\",\"publisher\":{\"@id\":\"https:\/\/bahiaeconomica.com.br\/wp\/#organization\"},\"potentialAction\":[{\"@type\":\"SearchAction\",\"target\":{\"@type\":\"EntryPoint\",\"urlTemplate\":\"https:\/\/bahiaeconomica.com.br\/wp\/?s={search_term_string}\"},\"query-input\":\"required name=search_term_string\"}],\"inLanguage\":\"pt-BR\"},{\"@type\":\"Organization\",\"@id\":\"https:\/\/bahiaeconomica.com.br\/wp\/#organization\",\"name\":\"Bahia Econ\u00f4mica\",\"url\":\"https:\/\/bahiaeconomica.com.br\/wp\/\",\"logo\":{\"@type\":\"ImageObject\",\"inLanguage\":\"pt-BR\",\"@id\":\"https:\/\/bahiaeconomica.com.br\/wp\/#\/schema\/logo\/image\/\",\"url\":\"https:\/\/bahiaeconomica.com.br\/wp\/wp-content\/uploads\/2020\/12\/cropped-BE.png\",\"contentUrl\":\"https:\/\/bahiaeconomica.com.br\/wp\/wp-content\/uploads\/2020\/12\/cropped-BE.png\",\"width\":512,\"height\":512,\"caption\":\"Bahia Econ\u00f4mica\"},\"image\":{\"@id\":\"https:\/\/bahiaeconomica.com.br\/wp\/#\/schema\/logo\/image\/\"},\"sameAs\":[\"https:\/\/www.facebook.com\/bahiaeconomica\"]},{\"@type\":\"Person\",\"@id\":\"https:\/\/bahiaeconomica.com.br\/wp\/#\/schema\/person\/18273ac0fe04bfd4e7b101bf17d40152\",\"name\":\"LUIZA NASCIMENTO\",\"sameAs\":[\"http:\/\/www.bahiaeconomica.com.br\"],\"url\":\"https:\/\/bahiaeconomica.com.br\/wp\/author\/luiza-nascimento\/\"}]}<\/script>\n<!-- \/ Yoast SEO plugin. -->","yoast_head_json":{"title":"PR\u00caMIO IEL DE TALENTOS ANUNCIA VENCEDORES","description":"A 21\u00aa edi\u00e7\u00e3o do Pr\u00eamio IEL de Talentos Bahia, que reconhece iniciativas inovadoras e determinantes para o futuro de jovens e empresas.","robots":{"index":"index","follow":"follow","max-snippet":"max-snippet:-1","max-image-preview":"max-image-preview:large","max-video-preview":"max-video-preview:-1"},"canonical":"https:\/\/bahiaeconomica.com.br\/wp\/2024\/08\/20\/premio-iel-de-talentos-anuncia-vencedores-nesta-quarta\/","og_locale":"pt_BR","og_type":"article","og_title":"PR\u00caMIO IEL DE TALENTOS ANUNCIA VENCEDORES","og_description":"A 21\u00aa edi\u00e7\u00e3o do Pr\u00eamio IEL de Talentos Bahia, que reconhece iniciativas inovadoras e determinantes para o futuro de jovens e empresas.","og_url":"https:\/\/bahiaeconomica.com.br\/wp\/2024\/08\/20\/premio-iel-de-talentos-anuncia-vencedores-nesta-quarta\/","og_site_name":"Bahia Economica","article_publisher":"https:\/\/www.facebook.com\/bahiaeconomica","article_published_time":"2024-08-20T18:37:29+00:00","article_modified_time":"2024-08-20T18:47:09+00:00","og_image":[{"width":1499,"height":1000,"url":"https:\/\/bahiaeconomica.com.br\/wp\/wp-content\/uploads\/2024\/08\/WhatsApp-Image-2024-08-20-at-14.36.14.jpeg","type":"image\/jpeg"}],"author":"LUIZA NASCIMENTO","twitter_card":"summary_large_image","twitter_misc":{"Escrito por":"LUIZA NASCIMENTO","Est. tempo de leitura":"2 minutos"},"schema":{"@context":"https:\/\/schema.org","@graph":[{"@type":"Article","@id":"https:\/\/bahiaeconomica.com.br\/wp\/2024\/08\/20\/premio-iel-de-talentos-anuncia-vencedores-nesta-quarta\/#article","isPartOf":{"@id":"https:\/\/bahiaeconomica.com.br\/wp\/2024\/08\/20\/premio-iel-de-talentos-anuncia-vencedores-nesta-quarta\/"},"author":{"name":"LUIZA NASCIMENTO","@id":"https:\/\/bahiaeconomica.com.br\/wp\/#\/schema\/person\/18273ac0fe04bfd4e7b101bf17d40152"},"headline":"PR\u00caMIO IEL DE TALENTOS ANUNCIA VENCEDORES NESTA QUARTA","datePublished":"2024-08-20T18:37:29+00:00","dateModified":"2024-08-20T18:47:09+00:00","mainEntityOfPage":{"@id":"https:\/\/bahiaeconomica.com.br\/wp\/2024\/08\/20\/premio-iel-de-talentos-anuncia-vencedores-nesta-quarta\/"},"wordCount":380,"publisher":{"@id":"https:\/\/bahiaeconomica.com.br\/wp\/#organization"},"keywords":["iel","pr\u00eamio iel de talentos","vencedores"],"articleSection":["MUNIC\u00cdPIOS"],"inLanguage":"pt-BR"},{"@type":"WebPage","@id":"https:\/\/bahiaeconomica.com.br\/wp\/2024\/08\/20\/premio-iel-de-talentos-anuncia-vencedores-nesta-quarta\/","url":"https:\/\/bahiaeconomica.com.br\/wp\/2024\/08\/20\/premio-iel-de-talentos-anuncia-vencedores-nesta-quarta\/","name":"PR\u00caMIO IEL DE TALENTOS ANUNCIA VENCEDORES","isPartOf":{"@id":"https:\/\/bahiaeconomica.com.br\/wp\/#website"},"datePublished":"2024-08-20T18:37:29+00:00","dateModified":"2024-08-20T18:47:09+00:00","description":"A 21\u00aa edi\u00e7\u00e3o do Pr\u00eamio IEL de Talentos Bahia, que reconhece iniciativas inovadoras e determinantes para o futuro de jovens e empresas.","breadcrumb":{"@id":"https:\/\/bahiaeconomica.com.br\/wp\/2024\/08\/20\/premio-iel-de-talentos-anuncia-vencedores-nesta-quarta\/#breadcrumb"},"inLanguage":"pt-BR","potentialAction":[{"@type":"ReadAction","target":["https:\/\/bahiaeconomica.com.br\/wp\/2024\/08\/20\/premio-iel-de-talentos-anuncia-vencedores-nesta-quarta\/"]}]},{"@type":"BreadcrumbList","@id":"https:\/\/bahiaeconomica.com.br\/wp\/2024\/08\/20\/premio-iel-de-talentos-anuncia-vencedores-nesta-quarta\/#breadcrumb","itemListElement":[{"@type":"ListItem","position":1,"name":"In\u00edcio","item":"https:\/\/bahiaeconomica.com.br\/wp\/"},{"@type":"ListItem","position":2,"name":"PR\u00caMIO IEL DE TALENTOS ANUNCIA VENCEDORES NESTA QUARTA"}]},{"@type":"WebSite","@id":"https:\/\/bahiaeconomica.com.br\/wp\/#website","url":"https:\/\/bahiaeconomica.com.br\/wp\/","name":"Bahia Economica","description":"O maior portal de Economia da Bahia","publisher":{"@id":"https:\/\/bahiaeconomica.com.br\/wp\/#organization"},"potentialAction":[{"@type":"SearchAction","target":{"@type":"EntryPoint","urlTemplate":"https:\/\/bahiaeconomica.com.br\/wp\/?s={search_term_string}"},"query-input":"required name=search_term_string"}],"inLanguage":"pt-BR"},{"@type":"Organization","@id":"https:\/\/bahiaeconomica.com.br\/wp\/#organization","name":"Bahia Econ\u00f4mica","url":"https:\/\/bahiaeconomica.com.br\/wp\/","logo":{"@type":"ImageObject","inLanguage":"pt-BR","@id":"https:\/\/bahiaeconomica.com.br\/wp\/#\/schema\/logo\/image\/","url":"https:\/\/bahiaeconomica.com.br\/wp\/wp-content\/uploads\/2020\/12\/cropped-BE.png","contentUrl":"https:\/\/bahiaeconomica.com.br\/wp\/wp-content\/uploads\/2020\/12\/cropped-BE.png","width":512,"height":512,"caption":"Bahia Econ\u00f4mica"},"image":{"@id":"https:\/\/bahiaeconomica.com.br\/wp\/#\/schema\/logo\/image\/"},"sameAs":["https:\/\/www.facebook.com\/bahiaeconomica"]},{"@type":"Person","@id":"https:\/\/bahiaeconomica.com.br\/wp\/#\/schema\/person\/18273ac0fe04bfd4e7b101bf17d40152","name":"LUIZA NASCIMENTO","sameAs":["http:\/\/www.bahiaeconomica.com.br"],"url":"https:\/\/bahiaeconomica.com.br\/wp\/author\/luiza-nascimento\/"}]}},"views":20,"_links":{"self":[{"href":"https:\/\/bahiaeconomica.com.br\/wp\/wp-json\/wp\/v2\/posts\/838854"}],"collection":[{"href":"https:\/\/bahiaeconomica.com.br\/wp\/wp-json\/wp\/v2\/posts"}],"about":[{"href":"https:\/\/bahiaeconomica.com.br\/wp\/wp-json\/wp\/v2\/types\/post"}],"author":[{"embeddable":true,"href":"https:\/\/bahiaeconomica.com.br\/wp\/wp-json\/wp\/v2\/users\/16"}],"replies":[{"embeddable":true,"href":"https:\/\/bahiaeconomica.com.br\/wp\/wp-json\/wp\/v2\/comments?post=838854"}],"version-history":[{"count":1,"href":"https:\/\/bahiaeconomica.com.br\/wp\/wp-json\/wp\/v2\/posts\/838854\/revisions"}],"predecessor-version":[{"id":838860,"href":"https:\/\/bahiaeconomica.com.br\/wp\/wp-json\/wp\/v2\/posts\/838854\/revisions\/838860"}],"wp:featuredmedia":[{"embeddable":true,"href":"https:\/\/bahiaeconomica.com.br\/wp\/wp-json\/wp\/v2\/media\/838862"}],"wp:attachment":[{"href":"https:\/\/bahiaeconomica.com.br\/wp\/wp-json\/wp\/v2\/media?parent=838854"}],"wp:term":[{"taxonomy":"category","embeddable":true,"href":"https:\/\/bahiaeconomica.com.br\/wp\/wp-json\/wp\/v2\/categories?post=838854"},{"taxonomy":"post_tag","embeddable":true,"href":"https:\/\/bahiaeconomica.com.br\/wp\/wp-json\/wp\/v2\/tags?post=838854"}],"curies":[{"name":"wp","href":"https:\/\/api.w.org\/{rel}","templated":true}]}}