{"id":838313,"date":"2024-08-18T07:59:52","date_gmt":"2024-08-18T10:59:52","guid":{"rendered":"https:\/\/bahiaeconomica.com.br\/wp\/?p=838313"},"modified":"2024-08-18T11:13:15","modified_gmt":"2024-08-18T14:13:15","slug":"lula-decreta-luto-oficial-de-3-dias-pela-morte-de-silvio-santos","status":"publish","type":"post","link":"https:\/\/bahiaeconomica.com.br\/wp\/2024\/08\/18\/lula-decreta-luto-oficial-de-3-dias-pela-morte-de-silvio-santos\/","title":{"rendered":"LULA DECRETA LUTO OFICIAL DE 3 DIAS PELA MORTE DE SILVIO SANTOS"},"content":{"rendered":"<p>O presidente Luiz In\u00e1cio Lula da Silva decretou luto oficial de tr\u00eas dias no Brasil pela morte do apresentador e empres\u00e1rio Silvio Santos, ocorrida na madrugada deste s\u00e1bado (17), em S\u00e3o Paulo. O decreto foi publicado em edi\u00e7\u00e3o extra do Di\u00e1rio Oficial da Uni\u00e3o. O apresentador estava internado na capital paulista desde o in\u00edcio de agosto. Em nota, o Hospital Israelita Albert Einstein confirmou a morte em decorr\u00eancia de broncopneumonia ap\u00f3s infec\u00e7\u00e3o por influenza (H1N1).<\/p>\n<p>Mais cedo, o presidente do Senado Federal, Rodrigo Pacheco, determinou luto oficial na casa por tr\u00eas dias. &#8220;Sua morte causa tristeza e consterna\u00e7\u00e3o \u00e0 sociedade brasileira&#8221;, diz Pacheco em nota. O presidente da C\u00e2mara dos Deputados, Arthur Lira, tamb\u00e9m decretou luto por tr\u00eas dias. O Estado de S\u00e3o Paulo e a prefeitura da capital paulista decretaram luto oficial de sete dias em raz\u00e3o da morte do apresentador.<\/p>\n<p>&nbsp;<\/p>\n<p>Foto: Rodolfo Stuckert\/Secom<\/p>\n","protected":false},"excerpt":{"rendered":"<p>O presidente Luiz In\u00e1cio Lula da Silva decretou luto oficial de tr\u00eas dias no Brasil pela morte do apresentador e empres\u00e1rio Silvio Santos, ocorrida na madrugada deste s\u00e1bado (17), em S\u00e3o Paulo. O decreto foi publicado em edi\u00e7\u00e3o extra do Di\u00e1rio Oficial da Uni\u00e3o. O apresentador estava internado na capital paulista desde o in\u00edcio de [&hellip;]<\/p>\n","protected":false},"author":8,"featured_media":838314,"comment_status":"closed","ping_status":"closed","sticky":false,"template":"","format":"standard","meta":[],"categories":[14,14601],"tags":[52,182,100,2375],"acf":[],"yoast_head":"<!-- This site is optimized with the Yoast SEO plugin v20.8 - https:\/\/yoast.com\/wordpress\/plugins\/seo\/ -->\n<title>LULA DECRETA LUTO OFICIAL DE 3 DIAS PELA MORTE DE SILVIO SANTOS - Bahia Economica<\/title>\n<meta name=\"description\" content=\"O maior portal de Economia da Bahia DESTAQUE DO DIA, Pol\u00edtica Bahia Economica presidente Luiz In\u00e1cio Lula da Silva decretou luto oficial de tr\u00eas dias no\" \/>\n<meta name=\"robots\" content=\"index, follow, max-snippet:-1, max-image-preview:large, max-video-preview:-1\" \/>\n<link rel=\"canonical\" href=\"https:\/\/bahiaeconomica.com.br\/wp\/2024\/08\/18\/lula-decreta-luto-oficial-de-3-dias-pela-morte-de-silvio-santos\/\" \/>\n<meta property=\"og:locale\" content=\"pt_BR\" \/>\n<meta property=\"og:type\" content=\"article\" \/>\n<meta property=\"og:title\" content=\"LULA DECRETA LUTO OFICIAL DE 3 DIAS PELA MORTE DE SILVIO SANTOS - Bahia Economica\" \/>\n<meta property=\"og:description\" content=\"O maior portal de Economia da Bahia DESTAQUE DO DIA, Pol\u00edtica Bahia Economica presidente Luiz In\u00e1cio Lula da Silva decretou luto oficial de tr\u00eas dias no\" \/>\n<meta property=\"og:url\" content=\"https:\/\/bahiaeconomica.com.br\/wp\/2024\/08\/18\/lula-decreta-luto-oficial-de-3-dias-pela-morte-de-silvio-santos\/\" \/>\n<meta property=\"og:site_name\" content=\"Bahia Economica\" \/>\n<meta property=\"article:publisher\" content=\"https:\/\/www.facebook.com\/bahiaeconomica\" \/>\n<meta property=\"article:published_time\" content=\"2024-08-18T10:59:52+00:00\" \/>\n<meta property=\"article:modified_time\" content=\"2024-08-18T14:13:15+00:00\" \/>\n<meta property=\"og:image\" content=\"https:\/\/bahiaeconomica.com.br\/wp\/wp-content\/uploads\/2024\/08\/Lula-e-Silvio.jpg\" \/>\n\t<meta property=\"og:image:width\" content=\"600\" \/>\n\t<meta property=\"og:image:height\" content=\"323\" \/>\n\t<meta property=\"og:image:type\" content=\"image\/jpeg\" \/>\n<meta name=\"author\" content=\"JP\" \/>\n<meta name=\"twitter:card\" content=\"summary_large_image\" \/>\n<meta name=\"twitter:label1\" content=\"Escrito por\" \/>\n\t<meta name=\"twitter:data1\" content=\"JP\" \/>\n\t<meta name=\"twitter:label2\" content=\"Est. tempo de leitura\" \/>\n\t<meta name=\"twitter:data2\" content=\"1 minuto\" \/>\n<script type=\"application\/ld+json\" class=\"yoast-schema-graph\">{\"@context\":\"https:\/\/schema.org\",\"@graph\":[{\"@type\":\"Article\",\"@id\":\"https:\/\/bahiaeconomica.com.br\/wp\/2024\/08\/18\/lula-decreta-luto-oficial-de-3-dias-pela-morte-de-silvio-santos\/#article\",\"isPartOf\":{\"@id\":\"https:\/\/bahiaeconomica.com.br\/wp\/2024\/08\/18\/lula-decreta-luto-oficial-de-3-dias-pela-morte-de-silvio-santos\/\"},\"author\":{\"name\":\"JP\",\"@id\":\"https:\/\/bahiaeconomica.com.br\/wp\/#\/schema\/person\/c86d3a3f8960425a0f9d0e5245991f4e\"},\"headline\":\"LULA DECRETA LUTO OFICIAL DE 3 DIAS PELA MORTE DE SILVIO SANTOS\",\"datePublished\":\"2024-08-18T10:59:52+00:00\",\"dateModified\":\"2024-08-18T14:13:15+00:00\",\"mainEntityOfPage\":{\"@id\":\"https:\/\/bahiaeconomica.com.br\/wp\/2024\/08\/18\/lula-decreta-luto-oficial-de-3-dias-pela-morte-de-silvio-santos\/\"},\"wordCount\":176,\"publisher\":{\"@id\":\"https:\/\/bahiaeconomica.com.br\/wp\/#organization\"},\"keywords\":[\"Brasil\",\"Lula\",\"Pol\u00edtica\",\"silvio\"],\"articleSection\":[\"DESTAQUE DO DIA\",\"Pol\u00edtica\"],\"inLanguage\":\"pt-BR\"},{\"@type\":\"WebPage\",\"@id\":\"https:\/\/bahiaeconomica.com.br\/wp\/2024\/08\/18\/lula-decreta-luto-oficial-de-3-dias-pela-morte-de-silvio-santos\/\",\"url\":\"https:\/\/bahiaeconomica.com.br\/wp\/2024\/08\/18\/lula-decreta-luto-oficial-de-3-dias-pela-morte-de-silvio-santos\/\",\"name\":\"LULA DECRETA LUTO OFICIAL DE 3 DIAS PELA MORTE DE SILVIO SANTOS - Bahia Economica\",\"isPartOf\":{\"@id\":\"https:\/\/bahiaeconomica.com.br\/wp\/#website\"},\"datePublished\":\"2024-08-18T10:59:52+00:00\",\"dateModified\":\"2024-08-18T14:13:15+00:00\",\"description\":\"O maior portal de Economia da Bahia DESTAQUE DO DIA, Pol\u00edtica Bahia Economica presidente Luiz In\u00e1cio Lula da Silva decretou luto oficial de tr\u00eas dias no\",\"breadcrumb\":{\"@id\":\"https:\/\/bahiaeconomica.com.br\/wp\/2024\/08\/18\/lula-decreta-luto-oficial-de-3-dias-pela-morte-de-silvio-santos\/#breadcrumb\"},\"inLanguage\":\"pt-BR\",\"potentialAction\":[{\"@type\":\"ReadAction\",\"target\":[\"https:\/\/bahiaeconomica.com.br\/wp\/2024\/08\/18\/lula-decreta-luto-oficial-de-3-dias-pela-morte-de-silvio-santos\/\"]}]},{\"@type\":\"BreadcrumbList\",\"@id\":\"https:\/\/bahiaeconomica.com.br\/wp\/2024\/08\/18\/lula-decreta-luto-oficial-de-3-dias-pela-morte-de-silvio-santos\/#breadcrumb\",\"itemListElement\":[{\"@type\":\"ListItem\",\"position\":1,\"name\":\"In\u00edcio\",\"item\":\"https:\/\/bahiaeconomica.com.br\/wp\/\"},{\"@type\":\"ListItem\",\"position\":2,\"name\":\"LULA DECRETA LUTO OFICIAL DE 3 DIAS PELA MORTE DE SILVIO SANTOS\"}]},{\"@type\":\"WebSite\",\"@id\":\"https:\/\/bahiaeconomica.com.br\/wp\/#website\",\"url\":\"https:\/\/bahiaeconomica.com.br\/wp\/\",\"name\":\"Bahia Economica\",\"description\":\"O maior portal de Economia da Bahia\",\"publisher\":{\"@id\":\"https:\/\/bahiaeconomica.com.br\/wp\/#organization\"},\"potentialAction\":[{\"@type\":\"SearchAction\",\"target\":{\"@type\":\"EntryPoint\",\"urlTemplate\":\"https:\/\/bahiaeconomica.com.br\/wp\/?s={search_term_string}\"},\"query-input\":\"required name=search_term_string\"}],\"inLanguage\":\"pt-BR\"},{\"@type\":\"Organization\",\"@id\":\"https:\/\/bahiaeconomica.com.br\/wp\/#organization\",\"name\":\"Bahia Econ\u00f4mica\",\"url\":\"https:\/\/bahiaeconomica.com.br\/wp\/\",\"logo\":{\"@type\":\"ImageObject\",\"inLanguage\":\"pt-BR\",\"@id\":\"https:\/\/bahiaeconomica.com.br\/wp\/#\/schema\/logo\/image\/\",\"url\":\"https:\/\/bahiaeconomica.com.br\/wp\/wp-content\/uploads\/2020\/12\/cropped-BE.png\",\"contentUrl\":\"https:\/\/bahiaeconomica.com.br\/wp\/wp-content\/uploads\/2020\/12\/cropped-BE.png\",\"width\":512,\"height\":512,\"caption\":\"Bahia Econ\u00f4mica\"},\"image\":{\"@id\":\"https:\/\/bahiaeconomica.com.br\/wp\/#\/schema\/logo\/image\/\"},\"sameAs\":[\"https:\/\/www.facebook.com\/bahiaeconomica\"]},{\"@type\":\"Person\",\"@id\":\"https:\/\/bahiaeconomica.com.br\/wp\/#\/schema\/person\/c86d3a3f8960425a0f9d0e5245991f4e\",\"name\":\"JP\",\"sameAs\":[\"https:\/\/bahiaeconomica.com.br\/wp\/beta\/\"],\"url\":\"https:\/\/bahiaeconomica.com.br\/wp\/author\/jp\/\"}]}<\/script>\n<!-- \/ Yoast SEO plugin. -->","yoast_head_json":{"title":"LULA DECRETA LUTO OFICIAL DE 3 DIAS PELA MORTE DE SILVIO SANTOS - Bahia Economica","description":"O maior portal de Economia da Bahia DESTAQUE DO DIA, Pol\u00edtica Bahia Economica presidente Luiz In\u00e1cio Lula da Silva decretou luto oficial de tr\u00eas dias no","robots":{"index":"index","follow":"follow","max-snippet":"max-snippet:-1","max-image-preview":"max-image-preview:large","max-video-preview":"max-video-preview:-1"},"canonical":"https:\/\/bahiaeconomica.com.br\/wp\/2024\/08\/18\/lula-decreta-luto-oficial-de-3-dias-pela-morte-de-silvio-santos\/","og_locale":"pt_BR","og_type":"article","og_title":"LULA DECRETA LUTO OFICIAL DE 3 DIAS PELA MORTE DE SILVIO SANTOS - Bahia Economica","og_description":"O maior portal de Economia da Bahia DESTAQUE DO DIA, Pol\u00edtica Bahia Economica presidente Luiz In\u00e1cio Lula da Silva decretou luto oficial de tr\u00eas dias no","og_url":"https:\/\/bahiaeconomica.com.br\/wp\/2024\/08\/18\/lula-decreta-luto-oficial-de-3-dias-pela-morte-de-silvio-santos\/","og_site_name":"Bahia Economica","article_publisher":"https:\/\/www.facebook.com\/bahiaeconomica","article_published_time":"2024-08-18T10:59:52+00:00","article_modified_time":"2024-08-18T14:13:15+00:00","og_image":[{"width":600,"height":323,"url":"https:\/\/bahiaeconomica.com.br\/wp\/wp-content\/uploads\/2024\/08\/Lula-e-Silvio.jpg","type":"image\/jpeg"}],"author":"JP","twitter_card":"summary_large_image","twitter_misc":{"Escrito por":"JP","Est. tempo de leitura":"1 minuto"},"schema":{"@context":"https:\/\/schema.org","@graph":[{"@type":"Article","@id":"https:\/\/bahiaeconomica.com.br\/wp\/2024\/08\/18\/lula-decreta-luto-oficial-de-3-dias-pela-morte-de-silvio-santos\/#article","isPartOf":{"@id":"https:\/\/bahiaeconomica.com.br\/wp\/2024\/08\/18\/lula-decreta-luto-oficial-de-3-dias-pela-morte-de-silvio-santos\/"},"author":{"name":"JP","@id":"https:\/\/bahiaeconomica.com.br\/wp\/#\/schema\/person\/c86d3a3f8960425a0f9d0e5245991f4e"},"headline":"LULA DECRETA LUTO OFICIAL DE 3 DIAS PELA MORTE DE SILVIO SANTOS","datePublished":"2024-08-18T10:59:52+00:00","dateModified":"2024-08-18T14:13:15+00:00","mainEntityOfPage":{"@id":"https:\/\/bahiaeconomica.com.br\/wp\/2024\/08\/18\/lula-decreta-luto-oficial-de-3-dias-pela-morte-de-silvio-santos\/"},"wordCount":176,"publisher":{"@id":"https:\/\/bahiaeconomica.com.br\/wp\/#organization"},"keywords":["Brasil","Lula","Pol\u00edtica","silvio"],"articleSection":["DESTAQUE DO DIA","Pol\u00edtica"],"inLanguage":"pt-BR"},{"@type":"WebPage","@id":"https:\/\/bahiaeconomica.com.br\/wp\/2024\/08\/18\/lula-decreta-luto-oficial-de-3-dias-pela-morte-de-silvio-santos\/","url":"https:\/\/bahiaeconomica.com.br\/wp\/2024\/08\/18\/lula-decreta-luto-oficial-de-3-dias-pela-morte-de-silvio-santos\/","name":"LULA DECRETA LUTO OFICIAL DE 3 DIAS PELA MORTE DE SILVIO SANTOS - Bahia Economica","isPartOf":{"@id":"https:\/\/bahiaeconomica.com.br\/wp\/#website"},"datePublished":"2024-08-18T10:59:52+00:00","dateModified":"2024-08-18T14:13:15+00:00","description":"O maior portal de Economia da Bahia DESTAQUE DO DIA, Pol\u00edtica Bahia Economica presidente Luiz In\u00e1cio Lula da Silva decretou luto oficial de tr\u00eas dias no","breadcrumb":{"@id":"https:\/\/bahiaeconomica.com.br\/wp\/2024\/08\/18\/lula-decreta-luto-oficial-de-3-dias-pela-morte-de-silvio-santos\/#breadcrumb"},"inLanguage":"pt-BR","potentialAction":[{"@type":"ReadAction","target":["https:\/\/bahiaeconomica.com.br\/wp\/2024\/08\/18\/lula-decreta-luto-oficial-de-3-dias-pela-morte-de-silvio-santos\/"]}]},{"@type":"BreadcrumbList","@id":"https:\/\/bahiaeconomica.com.br\/wp\/2024\/08\/18\/lula-decreta-luto-oficial-de-3-dias-pela-morte-de-silvio-santos\/#breadcrumb","itemListElement":[{"@type":"ListItem","position":1,"name":"In\u00edcio","item":"https:\/\/bahiaeconomica.com.br\/wp\/"},{"@type":"ListItem","position":2,"name":"LULA DECRETA LUTO OFICIAL DE 3 DIAS PELA MORTE DE SILVIO SANTOS"}]},{"@type":"WebSite","@id":"https:\/\/bahiaeconomica.com.br\/wp\/#website","url":"https:\/\/bahiaeconomica.com.br\/wp\/","name":"Bahia Economica","description":"O maior portal de Economia da Bahia","publisher":{"@id":"https:\/\/bahiaeconomica.com.br\/wp\/#organization"},"potentialAction":[{"@type":"SearchAction","target":{"@type":"EntryPoint","urlTemplate":"https:\/\/bahiaeconomica.com.br\/wp\/?s={search_term_string}"},"query-input":"required name=search_term_string"}],"inLanguage":"pt-BR"},{"@type":"Organization","@id":"https:\/\/bahiaeconomica.com.br\/wp\/#organization","name":"Bahia Econ\u00f4mica","url":"https:\/\/bahiaeconomica.com.br\/wp\/","logo":{"@type":"ImageObject","inLanguage":"pt-BR","@id":"https:\/\/bahiaeconomica.com.br\/wp\/#\/schema\/logo\/image\/","url":"https:\/\/bahiaeconomica.com.br\/wp\/wp-content\/uploads\/2020\/12\/cropped-BE.png","contentUrl":"https:\/\/bahiaeconomica.com.br\/wp\/wp-content\/uploads\/2020\/12\/cropped-BE.png","width":512,"height":512,"caption":"Bahia Econ\u00f4mica"},"image":{"@id":"https:\/\/bahiaeconomica.com.br\/wp\/#\/schema\/logo\/image\/"},"sameAs":["https:\/\/www.facebook.com\/bahiaeconomica"]},{"@type":"Person","@id":"https:\/\/bahiaeconomica.com.br\/wp\/#\/schema\/person\/c86d3a3f8960425a0f9d0e5245991f4e","name":"JP","sameAs":["https:\/\/bahiaeconomica.com.br\/wp\/beta\/"],"url":"https:\/\/bahiaeconomica.com.br\/wp\/author\/jp\/"}]}},"views":69,"_links":{"self":[{"href":"https:\/\/bahiaeconomica.com.br\/wp\/wp-json\/wp\/v2\/posts\/838313"}],"collection":[{"href":"https:\/\/bahiaeconomica.com.br\/wp\/wp-json\/wp\/v2\/posts"}],"about":[{"href":"https:\/\/bahiaeconomica.com.br\/wp\/wp-json\/wp\/v2\/types\/post"}],"author":[{"embeddable":true,"href":"https:\/\/bahiaeconomica.com.br\/wp\/wp-json\/wp\/v2\/users\/8"}],"replies":[{"embeddable":true,"href":"https:\/\/bahiaeconomica.com.br\/wp\/wp-json\/wp\/v2\/comments?post=838313"}],"version-history":[{"count":1,"href":"https:\/\/bahiaeconomica.com.br\/wp\/wp-json\/wp\/v2\/posts\/838313\/revisions"}],"predecessor-version":[{"id":838315,"href":"https:\/\/bahiaeconomica.com.br\/wp\/wp-json\/wp\/v2\/posts\/838313\/revisions\/838315"}],"wp:featuredmedia":[{"embeddable":true,"href":"https:\/\/bahiaeconomica.com.br\/wp\/wp-json\/wp\/v2\/media\/838314"}],"wp:attachment":[{"href":"https:\/\/bahiaeconomica.com.br\/wp\/wp-json\/wp\/v2\/media?parent=838313"}],"wp:term":[{"taxonomy":"category","embeddable":true,"href":"https:\/\/bahiaeconomica.com.br\/wp\/wp-json\/wp\/v2\/categories?post=838313"},{"taxonomy":"post_tag","embeddable":true,"href":"https:\/\/bahiaeconomica.com.br\/wp\/wp-json\/wp\/v2\/tags?post=838313"}],"curies":[{"name":"wp","href":"https:\/\/api.w.org\/{rel}","templated":true}]}}