{"id":837781,"date":"2024-08-15T14:22:50","date_gmt":"2024-08-15T17:22:50","guid":{"rendered":"https:\/\/bahiaeconomica.com.br\/wp\/?p=837781"},"modified":"2024-08-15T14:22:50","modified_gmt":"2024-08-15T17:22:50","slug":"substituicoes-de-postes-danificados-por-acidentes-de-transito-em-salvador-crescem-33-em-relacao-a-2023","status":"publish","type":"post","link":"https:\/\/bahiaeconomica.com.br\/wp\/2024\/08\/15\/substituicoes-de-postes-danificados-por-acidentes-de-transito-em-salvador-crescem-33-em-relacao-a-2023\/","title":{"rendered":"SUBSTITUI\u00c7\u00d5ES DE POSTES DANIFICADOS POR ACIDENTES DE TR\u00c2NSITO EM SALVADOR CRESCEM 33% EM RELA\u00c7\u00c3O A 2023"},"content":{"rendered":"<p>Entre janeiro de julho de 2024, a Diretoria de Ilumina\u00e7\u00e3o P\u00fablica (Dsip) de Salvador j\u00e1 fez a reposi\u00e7\u00e3o de 108 postes de ilumina\u00e7\u00e3o urbana danificados por colis\u00f5es de ve\u00edculos. Neste ano, foi registrado um crescimento de 33% destas ocorr\u00eancias, j\u00e1 que no mesmo per\u00edodo de 2023 foram substitu\u00eddas 81 estruturas.<\/p>\n<p>Um n\u00famero elevado de ocorr\u00eancias acaba trazendo preju\u00edzos aos cofres p\u00fablicos, j\u00e1 que o valor estimado para a reposi\u00e7\u00e3o de cada poste \u00e9 de cerca de R$11 mil. De acordo com entendimento do Superior Tribunal de Justi\u00e7a (STJ), cabe ao propriet\u00e1rio do ve\u00edculo que colidiu com o poste de ilumina\u00e7\u00e3o p\u00fablica demonstrar que n\u00e3o teve culpa, caso contr\u00e1rio, precisa pagar pelos danos causados.<\/p>\n<p>O diretor de Ilumina\u00e7\u00e3o, \u00c2ngelo Magalh\u00e3es, afirma que nos primeiros sete meses deste ano n\u00e3o foi registrada nenhuma ocorr\u00eancia de postes danificados por falta de manuten\u00e7\u00e3o ou por inc\u00eandios. A Dsip, vinculada \u00e0 Secretaria Municipal de Ordem P\u00fablica (Semop), \u00e9 respons\u00e1vel pela implanta\u00e7\u00e3o e pela manuten\u00e7\u00e3o de 15 mil postes espalhados pela capital baiana.<\/p>\n<p>&#8220;As estruturas que t\u00eam necessitado substitui\u00e7\u00e3o s\u00e3o resultado de colis\u00f5es de ve\u00edculos. Al\u00e9m do custo para o er\u00e1rio p\u00fablico com a reposi\u00e7\u00e3o dos postes, h\u00e1 outros danos significativos para a popula\u00e7\u00e3o, como a inefici\u00eancia da ilumina\u00e7\u00e3o, aumento do risco de acidentes e possibilidade de choque el\u00e9trico. Por isso, a equipe da Dsip age rapidamente para mitigar esses riscos&#8221;, destaca.<\/p>\n<p>Caso o munic\u00edpio n\u00e3o consiga contato com o condutor, seja por evas\u00e3o do local do acidente ou por quaisquer outras situa\u00e7\u00f5es, o \u00f4nus da substitui\u00e7\u00e3o fica a cargo dos cofres p\u00fablicos. Ap\u00f3s a notifica\u00e7\u00e3o do acidente, a reposi\u00e7\u00e3o varia de acordo com a disponibilidade do modelo danificado, e essa substitui\u00e7\u00e3o pode variar entre 24 horas e 45 dias.<\/p>\n<p>Em casos de danos aos postes, a popula\u00e7\u00e3o pode solicitar reparos ou trocas atrav\u00e9s dos canais de comunica\u00e7\u00e3o, seja por meio do portal Fala Salvador (www.falasalvador.ba.gov.br), atrav\u00e9s de liga\u00e7\u00e3o telef\u00f4nica para o n\u00famero 156 ou atrav\u00e9s do site Salvador Digital (http:\/\/www.salvadordigital.salvador.ba.gov.br ).<\/p>\n<p>Ap\u00f3s o acidente, a cobran\u00e7a acontece em a\u00e7\u00e3o conjunta com a Superintend\u00eancia de Tr\u00e2nsito de Salvador (Transalvador). Os \u00f3rg\u00e3os coletam as informa\u00e7\u00f5es e geram um processo administrativo, notificando o condutor\/propriet\u00e1rio do ve\u00edculo para tomar ci\u00eancia do dano causado ao er\u00e1rio municipal.<\/p>\n<p><strong>Responsabilidade\u00a0<\/strong><\/p>\n<p>Compostos de ferro ou fibra, pintados na cor branca ou cinza, os postes de compet\u00eancia da gest\u00e3o p\u00fablica municipal possuem fia\u00e7\u00e3o subterr\u00e2nea ou por meio de extens\u00e3o de redes. A grande maioria dos postes, cerca de 90% dos que est\u00e3o espalhados pela cidade, s\u00e3o de responsabilidade da concession\u00e1ria Neoenergia Coelba.<\/p>\n<p>No caso das estruturas de concreto que comportam fia\u00e7\u00f5es de telefonia e telecomunica\u00e7\u00e3o, com tag iniciada em X ou B e que abrigam transformador ou cruzeta, a Dsip instala bra\u00e7os de ilumina\u00e7\u00e3o, de forma compartilhada. Dessa forma, em caso de acidentes, risco de queda e danos, a responsabilidade fica a cargo da distribuidora de energia, a Concession\u00e1ria Neoenergia Coelba.<\/p>\n<p>Foto: Bruno Concha \/ Secom PMS<\/p>\n","protected":false},"excerpt":{"rendered":"<p>Entre janeiro de julho de 2024, a Diretoria de Ilumina\u00e7\u00e3o P\u00fablica (Dsip) de Salvador j\u00e1 fez a reposi\u00e7\u00e3o de 108 postes de ilumina\u00e7\u00e3o urbana danificados por colis\u00f5es de ve\u00edculos. Neste ano, foi registrado um crescimento de 33% destas ocorr\u00eancias, j\u00e1 que no mesmo per\u00edodo de 2023 foram substitu\u00eddas 81 estruturas. Um n\u00famero elevado de ocorr\u00eancias [&hellip;]<\/p>\n","protected":false},"author":20,"featured_media":837786,"comment_status":"closed","ping_status":"closed","sticky":false,"template":"","format":"standard","meta":[],"categories":[5],"tags":[6811,32360,15360,73],"acf":[],"yoast_head":"<!-- This site is optimized with the Yoast SEO plugin v20.8 - https:\/\/yoast.com\/wordpress\/plugins\/seo\/ -->\n<title>SUBSTITUI\u00c7\u00d5ES DE POSTES DANIFICADOS POR ACIDENTES DE TR\u00c2NSITO EM SALVADOR CRESCEM 33% EM RELA\u00c7\u00c3O A 2023 - Bahia Economica<\/title>\n<meta name=\"description\" content=\"O maior portal de Economia da Bahia MUNIC\u00cdPIOS Bahia Economica n\u00famero elevado de ocorr\u00eancias acaba trazendo preju\u00edzos aos cofres p\u00fablicos\" \/>\n<meta name=\"robots\" content=\"index, follow, max-snippet:-1, max-image-preview:large, max-video-preview:-1\" \/>\n<link rel=\"canonical\" href=\"https:\/\/bahiaeconomica.com.br\/wp\/2024\/08\/15\/substituicoes-de-postes-danificados-por-acidentes-de-transito-em-salvador-crescem-33-em-relacao-a-2023\/\" \/>\n<meta property=\"og:locale\" content=\"pt_BR\" \/>\n<meta property=\"og:type\" content=\"article\" \/>\n<meta property=\"og:title\" content=\"SUBSTITUI\u00c7\u00d5ES DE POSTES DANIFICADOS POR ACIDENTES DE TR\u00c2NSITO EM SALVADOR CRESCEM 33% EM RELA\u00c7\u00c3O A 2023 - Bahia Economica\" \/>\n<meta property=\"og:description\" content=\"O maior portal de Economia da Bahia MUNIC\u00cdPIOS Bahia Economica n\u00famero elevado de ocorr\u00eancias acaba trazendo preju\u00edzos aos cofres p\u00fablicos\" \/>\n<meta property=\"og:url\" content=\"https:\/\/bahiaeconomica.com.br\/wp\/2024\/08\/15\/substituicoes-de-postes-danificados-por-acidentes-de-transito-em-salvador-crescem-33-em-relacao-a-2023\/\" \/>\n<meta property=\"og:site_name\" content=\"Bahia Economica\" \/>\n<meta property=\"article:publisher\" content=\"https:\/\/www.facebook.com\/bahiaeconomica\" \/>\n<meta property=\"article:published_time\" content=\"2024-08-15T17:22:50+00:00\" \/>\n<meta property=\"og:image\" content=\"https:\/\/bahiaeconomica.com.br\/wp\/wp-content\/uploads\/2024\/08\/Prejuizos-Danos-Causados-a-Postes_Fot-Bruno-Concha_Secom_Pms-9-scaled.jpg\" \/>\n\t<meta property=\"og:image:width\" content=\"2560\" \/>\n\t<meta property=\"og:image:height\" content=\"1707\" \/>\n\t<meta property=\"og:image:type\" content=\"image\/jpeg\" \/>\n<meta name=\"author\" content=\"BRUNA CARVALHO\" \/>\n<meta name=\"twitter:card\" content=\"summary_large_image\" \/>\n<meta name=\"twitter:label1\" content=\"Escrito por\" \/>\n\t<meta name=\"twitter:data1\" content=\"BRUNA CARVALHO\" \/>\n\t<meta name=\"twitter:label2\" content=\"Est. tempo de leitura\" \/>\n\t<meta name=\"twitter:data2\" content=\"3 minutos\" \/>\n<script type=\"application\/ld+json\" class=\"yoast-schema-graph\">{\"@context\":\"https:\/\/schema.org\",\"@graph\":[{\"@type\":\"Article\",\"@id\":\"https:\/\/bahiaeconomica.com.br\/wp\/2024\/08\/15\/substituicoes-de-postes-danificados-por-acidentes-de-transito-em-salvador-crescem-33-em-relacao-a-2023\/#article\",\"isPartOf\":{\"@id\":\"https:\/\/bahiaeconomica.com.br\/wp\/2024\/08\/15\/substituicoes-de-postes-danificados-por-acidentes-de-transito-em-salvador-crescem-33-em-relacao-a-2023\/\"},\"author\":{\"name\":\"BRUNA CARVALHO\",\"@id\":\"https:\/\/bahiaeconomica.com.br\/wp\/#\/schema\/person\/9310b0e591f5979f6f99773eac5804e6\"},\"headline\":\"SUBSTITUI\u00c7\u00d5ES DE POSTES DANIFICADOS POR ACIDENTES DE TR\u00c2NSITO EM SALVADOR CRESCEM 33% EM RELA\u00c7\u00c3O A 2023\",\"datePublished\":\"2024-08-15T17:22:50+00:00\",\"dateModified\":\"2024-08-15T17:22:50+00:00\",\"mainEntityOfPage\":{\"@id\":\"https:\/\/bahiaeconomica.com.br\/wp\/2024\/08\/15\/substituicoes-de-postes-danificados-por-acidentes-de-transito-em-salvador-crescem-33-em-relacao-a-2023\/\"},\"wordCount\":583,\"publisher\":{\"@id\":\"https:\/\/bahiaeconomica.com.br\/wp\/#organization\"},\"keywords\":[\"acidentes\",\"danificados\",\"POSTES\",\"Salvador\"],\"articleSection\":[\"MUNIC\u00cdPIOS\"],\"inLanguage\":\"pt-BR\"},{\"@type\":\"WebPage\",\"@id\":\"https:\/\/bahiaeconomica.com.br\/wp\/2024\/08\/15\/substituicoes-de-postes-danificados-por-acidentes-de-transito-em-salvador-crescem-33-em-relacao-a-2023\/\",\"url\":\"https:\/\/bahiaeconomica.com.br\/wp\/2024\/08\/15\/substituicoes-de-postes-danificados-por-acidentes-de-transito-em-salvador-crescem-33-em-relacao-a-2023\/\",\"name\":\"SUBSTITUI\u00c7\u00d5ES DE POSTES DANIFICADOS POR ACIDENTES DE TR\u00c2NSITO EM SALVADOR CRESCEM 33% EM RELA\u00c7\u00c3O A 2023 - Bahia Economica\",\"isPartOf\":{\"@id\":\"https:\/\/bahiaeconomica.com.br\/wp\/#website\"},\"datePublished\":\"2024-08-15T17:22:50+00:00\",\"dateModified\":\"2024-08-15T17:22:50+00:00\",\"description\":\"O maior portal de Economia da Bahia MUNIC\u00cdPIOS Bahia Economica n\u00famero elevado de ocorr\u00eancias acaba trazendo preju\u00edzos aos cofres p\u00fablicos\",\"breadcrumb\":{\"@id\":\"https:\/\/bahiaeconomica.com.br\/wp\/2024\/08\/15\/substituicoes-de-postes-danificados-por-acidentes-de-transito-em-salvador-crescem-33-em-relacao-a-2023\/#breadcrumb\"},\"inLanguage\":\"pt-BR\",\"potentialAction\":[{\"@type\":\"ReadAction\",\"target\":[\"https:\/\/bahiaeconomica.com.br\/wp\/2024\/08\/15\/substituicoes-de-postes-danificados-por-acidentes-de-transito-em-salvador-crescem-33-em-relacao-a-2023\/\"]}]},{\"@type\":\"BreadcrumbList\",\"@id\":\"https:\/\/bahiaeconomica.com.br\/wp\/2024\/08\/15\/substituicoes-de-postes-danificados-por-acidentes-de-transito-em-salvador-crescem-33-em-relacao-a-2023\/#breadcrumb\",\"itemListElement\":[{\"@type\":\"ListItem\",\"position\":1,\"name\":\"In\u00edcio\",\"item\":\"https:\/\/bahiaeconomica.com.br\/wp\/\"},{\"@type\":\"ListItem\",\"position\":2,\"name\":\"SUBSTITUI\u00c7\u00d5ES DE POSTES DANIFICADOS POR ACIDENTES DE TR\u00c2NSITO EM SALVADOR CRESCEM 33% EM RELA\u00c7\u00c3O A 2023\"}]},{\"@type\":\"WebSite\",\"@id\":\"https:\/\/bahiaeconomica.com.br\/wp\/#website\",\"url\":\"https:\/\/bahiaeconomica.com.br\/wp\/\",\"name\":\"Bahia Economica\",\"description\":\"O maior portal de Economia da Bahia\",\"publisher\":{\"@id\":\"https:\/\/bahiaeconomica.com.br\/wp\/#organization\"},\"potentialAction\":[{\"@type\":\"SearchAction\",\"target\":{\"@type\":\"EntryPoint\",\"urlTemplate\":\"https:\/\/bahiaeconomica.com.br\/wp\/?s={search_term_string}\"},\"query-input\":\"required name=search_term_string\"}],\"inLanguage\":\"pt-BR\"},{\"@type\":\"Organization\",\"@id\":\"https:\/\/bahiaeconomica.com.br\/wp\/#organization\",\"name\":\"Bahia Econ\u00f4mica\",\"url\":\"https:\/\/bahiaeconomica.com.br\/wp\/\",\"logo\":{\"@type\":\"ImageObject\",\"inLanguage\":\"pt-BR\",\"@id\":\"https:\/\/bahiaeconomica.com.br\/wp\/#\/schema\/logo\/image\/\",\"url\":\"https:\/\/bahiaeconomica.com.br\/wp\/wp-content\/uploads\/2020\/12\/cropped-BE.png\",\"contentUrl\":\"https:\/\/bahiaeconomica.com.br\/wp\/wp-content\/uploads\/2020\/12\/cropped-BE.png\",\"width\":512,\"height\":512,\"caption\":\"Bahia Econ\u00f4mica\"},\"image\":{\"@id\":\"https:\/\/bahiaeconomica.com.br\/wp\/#\/schema\/logo\/image\/\"},\"sameAs\":[\"https:\/\/www.facebook.com\/bahiaeconomica\"]},{\"@type\":\"Person\",\"@id\":\"https:\/\/bahiaeconomica.com.br\/wp\/#\/schema\/person\/9310b0e591f5979f6f99773eac5804e6\",\"name\":\"BRUNA CARVALHO\",\"sameAs\":[\"http:\/\/www.bahiaeconomica.com.br\"],\"url\":\"https:\/\/bahiaeconomica.com.br\/wp\/author\/bruna\/\"}]}<\/script>\n<!-- \/ Yoast SEO plugin. -->","yoast_head_json":{"title":"SUBSTITUI\u00c7\u00d5ES DE POSTES DANIFICADOS POR ACIDENTES DE TR\u00c2NSITO EM SALVADOR CRESCEM 33% EM RELA\u00c7\u00c3O A 2023 - Bahia Economica","description":"O maior portal de Economia da Bahia MUNIC\u00cdPIOS Bahia Economica n\u00famero elevado de ocorr\u00eancias acaba trazendo preju\u00edzos aos cofres p\u00fablicos","robots":{"index":"index","follow":"follow","max-snippet":"max-snippet:-1","max-image-preview":"max-image-preview:large","max-video-preview":"max-video-preview:-1"},"canonical":"https:\/\/bahiaeconomica.com.br\/wp\/2024\/08\/15\/substituicoes-de-postes-danificados-por-acidentes-de-transito-em-salvador-crescem-33-em-relacao-a-2023\/","og_locale":"pt_BR","og_type":"article","og_title":"SUBSTITUI\u00c7\u00d5ES DE POSTES DANIFICADOS POR ACIDENTES DE TR\u00c2NSITO EM SALVADOR CRESCEM 33% EM RELA\u00c7\u00c3O A 2023 - Bahia Economica","og_description":"O maior portal de Economia da Bahia MUNIC\u00cdPIOS Bahia Economica n\u00famero elevado de ocorr\u00eancias acaba trazendo preju\u00edzos aos cofres p\u00fablicos","og_url":"https:\/\/bahiaeconomica.com.br\/wp\/2024\/08\/15\/substituicoes-de-postes-danificados-por-acidentes-de-transito-em-salvador-crescem-33-em-relacao-a-2023\/","og_site_name":"Bahia Economica","article_publisher":"https:\/\/www.facebook.com\/bahiaeconomica","article_published_time":"2024-08-15T17:22:50+00:00","og_image":[{"width":2560,"height":1707,"url":"https:\/\/bahiaeconomica.com.br\/wp\/wp-content\/uploads\/2024\/08\/Prejuizos-Danos-Causados-a-Postes_Fot-Bruno-Concha_Secom_Pms-9-scaled.jpg","type":"image\/jpeg"}],"author":"BRUNA CARVALHO","twitter_card":"summary_large_image","twitter_misc":{"Escrito por":"BRUNA CARVALHO","Est. tempo de leitura":"3 minutos"},"schema":{"@context":"https:\/\/schema.org","@graph":[{"@type":"Article","@id":"https:\/\/bahiaeconomica.com.br\/wp\/2024\/08\/15\/substituicoes-de-postes-danificados-por-acidentes-de-transito-em-salvador-crescem-33-em-relacao-a-2023\/#article","isPartOf":{"@id":"https:\/\/bahiaeconomica.com.br\/wp\/2024\/08\/15\/substituicoes-de-postes-danificados-por-acidentes-de-transito-em-salvador-crescem-33-em-relacao-a-2023\/"},"author":{"name":"BRUNA CARVALHO","@id":"https:\/\/bahiaeconomica.com.br\/wp\/#\/schema\/person\/9310b0e591f5979f6f99773eac5804e6"},"headline":"SUBSTITUI\u00c7\u00d5ES DE POSTES DANIFICADOS POR ACIDENTES DE TR\u00c2NSITO EM SALVADOR CRESCEM 33% EM RELA\u00c7\u00c3O A 2023","datePublished":"2024-08-15T17:22:50+00:00","dateModified":"2024-08-15T17:22:50+00:00","mainEntityOfPage":{"@id":"https:\/\/bahiaeconomica.com.br\/wp\/2024\/08\/15\/substituicoes-de-postes-danificados-por-acidentes-de-transito-em-salvador-crescem-33-em-relacao-a-2023\/"},"wordCount":583,"publisher":{"@id":"https:\/\/bahiaeconomica.com.br\/wp\/#organization"},"keywords":["acidentes","danificados","POSTES","Salvador"],"articleSection":["MUNIC\u00cdPIOS"],"inLanguage":"pt-BR"},{"@type":"WebPage","@id":"https:\/\/bahiaeconomica.com.br\/wp\/2024\/08\/15\/substituicoes-de-postes-danificados-por-acidentes-de-transito-em-salvador-crescem-33-em-relacao-a-2023\/","url":"https:\/\/bahiaeconomica.com.br\/wp\/2024\/08\/15\/substituicoes-de-postes-danificados-por-acidentes-de-transito-em-salvador-crescem-33-em-relacao-a-2023\/","name":"SUBSTITUI\u00c7\u00d5ES DE POSTES DANIFICADOS POR ACIDENTES DE TR\u00c2NSITO EM SALVADOR CRESCEM 33% EM RELA\u00c7\u00c3O A 2023 - Bahia Economica","isPartOf":{"@id":"https:\/\/bahiaeconomica.com.br\/wp\/#website"},"datePublished":"2024-08-15T17:22:50+00:00","dateModified":"2024-08-15T17:22:50+00:00","description":"O maior portal de Economia da Bahia MUNIC\u00cdPIOS Bahia Economica n\u00famero elevado de ocorr\u00eancias acaba trazendo preju\u00edzos aos cofres p\u00fablicos","breadcrumb":{"@id":"https:\/\/bahiaeconomica.com.br\/wp\/2024\/08\/15\/substituicoes-de-postes-danificados-por-acidentes-de-transito-em-salvador-crescem-33-em-relacao-a-2023\/#breadcrumb"},"inLanguage":"pt-BR","potentialAction":[{"@type":"ReadAction","target":["https:\/\/bahiaeconomica.com.br\/wp\/2024\/08\/15\/substituicoes-de-postes-danificados-por-acidentes-de-transito-em-salvador-crescem-33-em-relacao-a-2023\/"]}]},{"@type":"BreadcrumbList","@id":"https:\/\/bahiaeconomica.com.br\/wp\/2024\/08\/15\/substituicoes-de-postes-danificados-por-acidentes-de-transito-em-salvador-crescem-33-em-relacao-a-2023\/#breadcrumb","itemListElement":[{"@type":"ListItem","position":1,"name":"In\u00edcio","item":"https:\/\/bahiaeconomica.com.br\/wp\/"},{"@type":"ListItem","position":2,"name":"SUBSTITUI\u00c7\u00d5ES DE POSTES DANIFICADOS POR ACIDENTES DE TR\u00c2NSITO EM SALVADOR CRESCEM 33% EM RELA\u00c7\u00c3O A 2023"}]},{"@type":"WebSite","@id":"https:\/\/bahiaeconomica.com.br\/wp\/#website","url":"https:\/\/bahiaeconomica.com.br\/wp\/","name":"Bahia Economica","description":"O maior portal de Economia da Bahia","publisher":{"@id":"https:\/\/bahiaeconomica.com.br\/wp\/#organization"},"potentialAction":[{"@type":"SearchAction","target":{"@type":"EntryPoint","urlTemplate":"https:\/\/bahiaeconomica.com.br\/wp\/?s={search_term_string}"},"query-input":"required name=search_term_string"}],"inLanguage":"pt-BR"},{"@type":"Organization","@id":"https:\/\/bahiaeconomica.com.br\/wp\/#organization","name":"Bahia Econ\u00f4mica","url":"https:\/\/bahiaeconomica.com.br\/wp\/","logo":{"@type":"ImageObject","inLanguage":"pt-BR","@id":"https:\/\/bahiaeconomica.com.br\/wp\/#\/schema\/logo\/image\/","url":"https:\/\/bahiaeconomica.com.br\/wp\/wp-content\/uploads\/2020\/12\/cropped-BE.png","contentUrl":"https:\/\/bahiaeconomica.com.br\/wp\/wp-content\/uploads\/2020\/12\/cropped-BE.png","width":512,"height":512,"caption":"Bahia Econ\u00f4mica"},"image":{"@id":"https:\/\/bahiaeconomica.com.br\/wp\/#\/schema\/logo\/image\/"},"sameAs":["https:\/\/www.facebook.com\/bahiaeconomica"]},{"@type":"Person","@id":"https:\/\/bahiaeconomica.com.br\/wp\/#\/schema\/person\/9310b0e591f5979f6f99773eac5804e6","name":"BRUNA CARVALHO","sameAs":["http:\/\/www.bahiaeconomica.com.br"],"url":"https:\/\/bahiaeconomica.com.br\/wp\/author\/bruna\/"}]}},"views":4,"_links":{"self":[{"href":"https:\/\/bahiaeconomica.com.br\/wp\/wp-json\/wp\/v2\/posts\/837781"}],"collection":[{"href":"https:\/\/bahiaeconomica.com.br\/wp\/wp-json\/wp\/v2\/posts"}],"about":[{"href":"https:\/\/bahiaeconomica.com.br\/wp\/wp-json\/wp\/v2\/types\/post"}],"author":[{"embeddable":true,"href":"https:\/\/bahiaeconomica.com.br\/wp\/wp-json\/wp\/v2\/users\/20"}],"replies":[{"embeddable":true,"href":"https:\/\/bahiaeconomica.com.br\/wp\/wp-json\/wp\/v2\/comments?post=837781"}],"version-history":[{"count":1,"href":"https:\/\/bahiaeconomica.com.br\/wp\/wp-json\/wp\/v2\/posts\/837781\/revisions"}],"predecessor-version":[{"id":837788,"href":"https:\/\/bahiaeconomica.com.br\/wp\/wp-json\/wp\/v2\/posts\/837781\/revisions\/837788"}],"wp:featuredmedia":[{"embeddable":true,"href":"https:\/\/bahiaeconomica.com.br\/wp\/wp-json\/wp\/v2\/media\/837786"}],"wp:attachment":[{"href":"https:\/\/bahiaeconomica.com.br\/wp\/wp-json\/wp\/v2\/media?parent=837781"}],"wp:term":[{"taxonomy":"category","embeddable":true,"href":"https:\/\/bahiaeconomica.com.br\/wp\/wp-json\/wp\/v2\/categories?post=837781"},{"taxonomy":"post_tag","embeddable":true,"href":"https:\/\/bahiaeconomica.com.br\/wp\/wp-json\/wp\/v2\/tags?post=837781"}],"curies":[{"name":"wp","href":"https:\/\/api.w.org\/{rel}","templated":true}]}}