{"id":837756,"date":"2024-08-15T14:20:39","date_gmt":"2024-08-15T17:20:39","guid":{"rendered":"https:\/\/bahiaeconomica.com.br\/wp\/?p=837756"},"modified":"2024-08-15T14:02:11","modified_gmt":"2024-08-15T17:02:11","slug":"capitao-alden-articula-aprovacao-de-pl-que-aumenta-idade-para-ingresso-na-policia-e-bombeiros","status":"publish","type":"post","link":"https:\/\/bahiaeconomica.com.br\/wp\/2024\/08\/15\/capitao-alden-articula-aprovacao-de-pl-que-aumenta-idade-para-ingresso-na-policia-e-bombeiros\/","title":{"rendered":"CAPIT\u00c3O ALDEN ARTICULA APROVA\u00c7\u00c3O DE PL QUE AUMENTA IDADE PARA INGRESSO NA POL\u00cdCIA E BOMBEIROS"},"content":{"rendered":"<p>A quarta-feira (14), para os concurseiros \u00e9 uma data importante, especialmente, para os que buscam uma carreira militar e tinham como obst\u00e1culo o fator idade. Isso porque na recente reuni\u00e3o da Comiss\u00e3o de Constitui\u00e7\u00e3o e Justi\u00e7a e de Cidadania (CCJC) foi aprovado o Projeto de Lei 1469\/2020 (PL 1469\/2020) que disp\u00f5e sobre o aumento da idade-limite para ingresso nas carreiras das Pol\u00edcias Militares e Corpos de Bombeiros Militares.<\/p>\n<p>Nos bastidores em Bras\u00edlia a informa\u00e7\u00e3o apurada \u00e9 que um dos principais respons\u00e1veis por essa aprova\u00e7\u00e3o foi o deputado federal Capit\u00e3o Alden (PL-BA) que fez uma intensa articula\u00e7\u00e3o na C\u00e2mara Federal com o objetivo de que a proposi\u00e7\u00e3o tivesse boa aceita\u00e7\u00e3o. Para o militar baiano essa \u00e9 uma vit\u00f3ria importante tanto para os concurseiros quanto para as corpora\u00e7\u00f5es militares que poder\u00e3o contar com mais profissionais aptos para defender a sociedade.<\/p>\n<p>\u201cO aumento de idade para 35 anos \u00e9 uma luta antiga na minha carreira pol\u00edtica, pois sabemos que existem muitas pessoas que possuem o sonho de vestir a honrosa farda das corpora\u00e7\u00f5es militares e tinham seu sonho frustrado pela impeditivo da idade. Tivemos um importante avan\u00e7o! Agora manter a articula\u00e7\u00e3o para conseguirmos a aprova\u00e7\u00e3o no Senado\u201d, afirma Alden.<\/p>\n<p>Desde a \u00e9poca de deputado estadual na Assembleia Legislativa da Bahia (Alba), o Capit\u00e3o Alden j\u00e1 buscava viabilizar esse aumento na idade para ingresso na carreira militar. Inclusive, ele foi autor de projeto direcionado ao Governo do Estado da Bahia sinalizando a necessidade desta mudan\u00e7a.<\/p>\n<p>ENTENDA O PROJETO &#8211; O PL 1469\/2020 altera o Decreto-lei n\u00b0 667, de 2 de julho de 1969, para regrar, em \u00e2mbito nacional, a idade-limite para o ingresso nas carreiras das Pol\u00edcias Militares e Corpos de Bombeiros Militares. Com destaque ao seguinte trecho da preposi\u00e7\u00e3o:<\/p>\n<p>\u201cArt. 2\u00b0 O Decreto-lei n\u00b0 667, de 1969, passa a vigorar acrescido do art. 12-A, o qual possuir\u00e1 a seguinte reda\u00e7\u00e3o: \u2018Art. 12-A. Entre outros previstos em legisla\u00e7\u00e3o estadual ou distrital, o requisito de idade m\u00e1xima para o ingresso nas carreiras das Pol\u00edcias Militares e Corpos de Bombeiros Militares, a ser aferido na data da posse no cargo p\u00fablico, deve seguir os seguintes limites: a) 35 (trinta e cinco) anos para ingresso nos Quadros de Oficiais; b) 40 (quarenta) anos para ingresso nos Quadros de Oficiais M\u00e9dicos, de Sa\u00fade ou outras especializa\u00e7\u00f5es eventualmente existentes em \u00e2mbito estadual ou distrital; c) 35 (trinta e cinco) anos para ingresso nos Quadros de Pra\u00e7as.\u2019<\/p>\n<p>A proposi\u00e7\u00e3o \u00e9 de autoria do deputado federal Guilherme Derrite (PL-SP), atual Secret\u00e1rio de Seguran\u00e7a P\u00fablica de S\u00e3o Paulo. Na C\u00e2mara Federal, o PL 1469\/2020 passou pela Comiss\u00e3o de Seguran\u00e7a P\u00fablica e Combate ao Crime Organizado (CSPCCO) e foi relatado pelo deputado federal Capit\u00e3o Alden em 26 de abril de 2023, quando o parlamentar se posicionou favor\u00e1vel \u00e0 aprova\u00e7\u00e3o. J\u00e1 em 2 de maio de 2023 o parecer do relator foi aprovado na CSPCCO.<\/p>\n<p>De acordo com o deputado federal Capit\u00e3o Alden, assim que soube quem seria o relator na Comiss\u00e3o de Constitui\u00e7\u00e3o e Justi\u00e7a e de Cidadania, o pol\u00edtico buscou manter contato e destacar a import\u00e2ncia do projeto. \u201cNa Comiss\u00e3o de Constitui\u00e7\u00e3o e Justi\u00e7a identifiquei que o relator seria o deputado federal Pedro Aihara, ent\u00e3o tive reuni\u00f5es com ele e reforcei a necessidade desta aprova\u00e7\u00e3o, o que ajudou muito no resultado obtido\u201d, afirma Alden.<\/p>\n<p>SITUA\u00c7\u00c3O ATUAL &#8211; O deputado federal Capit\u00e3o Alden esclarece que nos estados que, por ventura, j\u00e1 permitem o ingresso na carreira militar com idade superior a 35 anos n\u00e3o ser\u00e3o prejudicados com a aprova\u00e7\u00e3o da nova legisla\u00e7\u00e3o.<\/p>\n<p>MENSAGEM &#8211; Confira abaixo v\u00eddeo do deputado federal Capit\u00e3o Alden e o relator do projeto na Comiss\u00e3o de Constitui\u00e7\u00e3o e Justi\u00e7a e de Cidadania (CCJC), o deputado federal Pedro Aihara, falando sobre a proposi\u00e7\u00e3o:<\/p>\n<p>https:\/\/www.instagram.com\/reel\/C-qk9gAxToq\/?utm_source=ig_web_copy_link&#038;igsh=MzRlODBiNWFlZA==<\/p>\n","protected":false},"excerpt":{"rendered":"<p>A quarta-feira (14), para os concurseiros \u00e9 uma data importante, especialmente, para os que buscam uma carreira militar e tinham como obst\u00e1culo o fator idade. Isso porque na recente reuni\u00e3o da Comiss\u00e3o de Constitui\u00e7\u00e3o e Justi\u00e7a e de Cidadania (CCJC) foi aprovado o Projeto de Lei 1469\/2020 (PL 1469\/2020) que disp\u00f5e sobre o aumento da [&hellip;]<\/p>\n","protected":false},"author":8,"featured_media":837757,"comment_status":"closed","ping_status":"closed","sticky":false,"template":"","format":"standard","meta":[],"categories":[14601],"tags":[52,1176,100],"acf":[],"yoast_head":"<!-- This site is optimized with the Yoast SEO plugin v20.8 - https:\/\/yoast.com\/wordpress\/plugins\/seo\/ -->\n<title>CAPIT\u00c3O ALDEN ARTICULA APROVA\u00c7\u00c3O DE PL QUE AUMENTA IDADE PARA INGRESSO NA POL\u00cdCIA E BOMBEIROS - Bahia Economica<\/title>\n<meta name=\"description\" content=\"O maior portal de Economia da Bahia Pol\u00edtica Bahia Economica para os concurseiros \u00e9 uma data importante, especialmente, para os que buscam uma carreira\" \/>\n<meta name=\"robots\" content=\"index, follow, max-snippet:-1, max-image-preview:large, max-video-preview:-1\" \/>\n<link rel=\"canonical\" href=\"https:\/\/bahiaeconomica.com.br\/wp\/2024\/08\/15\/capitao-alden-articula-aprovacao-de-pl-que-aumenta-idade-para-ingresso-na-policia-e-bombeiros\/\" \/>\n<meta property=\"og:locale\" content=\"pt_BR\" \/>\n<meta property=\"og:type\" content=\"article\" \/>\n<meta property=\"og:title\" content=\"CAPIT\u00c3O ALDEN ARTICULA APROVA\u00c7\u00c3O DE PL QUE AUMENTA IDADE PARA INGRESSO NA POL\u00cdCIA E BOMBEIROS - Bahia Economica\" \/>\n<meta property=\"og:description\" content=\"O maior portal de Economia da Bahia Pol\u00edtica Bahia Economica para os concurseiros \u00e9 uma data importante, especialmente, para os que buscam uma carreira\" \/>\n<meta property=\"og:url\" content=\"https:\/\/bahiaeconomica.com.br\/wp\/2024\/08\/15\/capitao-alden-articula-aprovacao-de-pl-que-aumenta-idade-para-ingresso-na-policia-e-bombeiros\/\" \/>\n<meta property=\"og:site_name\" content=\"Bahia Economica\" \/>\n<meta property=\"article:publisher\" content=\"https:\/\/www.facebook.com\/bahiaeconomica\" \/>\n<meta property=\"article:published_time\" content=\"2024-08-15T17:20:39+00:00\" \/>\n<meta property=\"article:modified_time\" content=\"2024-08-15T17:02:11+00:00\" \/>\n<meta property=\"og:image\" content=\"https:\/\/bahiaeconomica.com.br\/wp\/wp-content\/uploads\/2024\/08\/WhatsApp-Image-2024-08-15-at-11.26.08.jpeg\" \/>\n\t<meta property=\"og:image:width\" content=\"1600\" \/>\n\t<meta property=\"og:image:height\" content=\"986\" \/>\n\t<meta property=\"og:image:type\" content=\"image\/jpeg\" \/>\n<meta name=\"author\" content=\"JP\" \/>\n<meta name=\"twitter:card\" content=\"summary_large_image\" \/>\n<meta name=\"twitter:label1\" content=\"Escrito por\" \/>\n\t<meta name=\"twitter:data1\" content=\"JP\" \/>\n\t<meta name=\"twitter:label2\" content=\"Est. tempo de leitura\" \/>\n\t<meta name=\"twitter:data2\" content=\"4 minutos\" \/>\n<script type=\"application\/ld+json\" class=\"yoast-schema-graph\">{\"@context\":\"https:\/\/schema.org\",\"@graph\":[{\"@type\":\"Article\",\"@id\":\"https:\/\/bahiaeconomica.com.br\/wp\/2024\/08\/15\/capitao-alden-articula-aprovacao-de-pl-que-aumenta-idade-para-ingresso-na-policia-e-bombeiros\/#article\",\"isPartOf\":{\"@id\":\"https:\/\/bahiaeconomica.com.br\/wp\/2024\/08\/15\/capitao-alden-articula-aprovacao-de-pl-que-aumenta-idade-para-ingresso-na-policia-e-bombeiros\/\"},\"author\":{\"name\":\"JP\",\"@id\":\"https:\/\/bahiaeconomica.com.br\/wp\/#\/schema\/person\/c86d3a3f8960425a0f9d0e5245991f4e\"},\"headline\":\"CAPIT\u00c3O ALDEN ARTICULA APROVA\u00c7\u00c3O DE PL QUE AUMENTA IDADE PARA INGRESSO NA POL\u00cdCIA E BOMBEIROS\",\"datePublished\":\"2024-08-15T17:20:39+00:00\",\"dateModified\":\"2024-08-15T17:02:11+00:00\",\"mainEntityOfPage\":{\"@id\":\"https:\/\/bahiaeconomica.com.br\/wp\/2024\/08\/15\/capitao-alden-articula-aprovacao-de-pl-que-aumenta-idade-para-ingresso-na-policia-e-bombeiros\/\"},\"wordCount\":694,\"publisher\":{\"@id\":\"https:\/\/bahiaeconomica.com.br\/wp\/#organization\"},\"keywords\":[\"Brasil\",\"mudan\u00e7a\",\"Pol\u00edtica\"],\"articleSection\":[\"Pol\u00edtica\"],\"inLanguage\":\"pt-BR\"},{\"@type\":\"WebPage\",\"@id\":\"https:\/\/bahiaeconomica.com.br\/wp\/2024\/08\/15\/capitao-alden-articula-aprovacao-de-pl-que-aumenta-idade-para-ingresso-na-policia-e-bombeiros\/\",\"url\":\"https:\/\/bahiaeconomica.com.br\/wp\/2024\/08\/15\/capitao-alden-articula-aprovacao-de-pl-que-aumenta-idade-para-ingresso-na-policia-e-bombeiros\/\",\"name\":\"CAPIT\u00c3O ALDEN ARTICULA APROVA\u00c7\u00c3O DE PL QUE AUMENTA IDADE PARA INGRESSO NA POL\u00cdCIA E BOMBEIROS - Bahia Economica\",\"isPartOf\":{\"@id\":\"https:\/\/bahiaeconomica.com.br\/wp\/#website\"},\"datePublished\":\"2024-08-15T17:20:39+00:00\",\"dateModified\":\"2024-08-15T17:02:11+00:00\",\"description\":\"O maior portal de Economia da Bahia Pol\u00edtica Bahia Economica para os concurseiros \u00e9 uma data importante, especialmente, para os que buscam uma carreira\",\"breadcrumb\":{\"@id\":\"https:\/\/bahiaeconomica.com.br\/wp\/2024\/08\/15\/capitao-alden-articula-aprovacao-de-pl-que-aumenta-idade-para-ingresso-na-policia-e-bombeiros\/#breadcrumb\"},\"inLanguage\":\"pt-BR\",\"potentialAction\":[{\"@type\":\"ReadAction\",\"target\":[\"https:\/\/bahiaeconomica.com.br\/wp\/2024\/08\/15\/capitao-alden-articula-aprovacao-de-pl-que-aumenta-idade-para-ingresso-na-policia-e-bombeiros\/\"]}]},{\"@type\":\"BreadcrumbList\",\"@id\":\"https:\/\/bahiaeconomica.com.br\/wp\/2024\/08\/15\/capitao-alden-articula-aprovacao-de-pl-que-aumenta-idade-para-ingresso-na-policia-e-bombeiros\/#breadcrumb\",\"itemListElement\":[{\"@type\":\"ListItem\",\"position\":1,\"name\":\"In\u00edcio\",\"item\":\"https:\/\/bahiaeconomica.com.br\/wp\/\"},{\"@type\":\"ListItem\",\"position\":2,\"name\":\"CAPIT\u00c3O ALDEN ARTICULA APROVA\u00c7\u00c3O DE PL QUE AUMENTA IDADE PARA INGRESSO NA POL\u00cdCIA E BOMBEIROS\"}]},{\"@type\":\"WebSite\",\"@id\":\"https:\/\/bahiaeconomica.com.br\/wp\/#website\",\"url\":\"https:\/\/bahiaeconomica.com.br\/wp\/\",\"name\":\"Bahia Economica\",\"description\":\"O maior portal de Economia da Bahia\",\"publisher\":{\"@id\":\"https:\/\/bahiaeconomica.com.br\/wp\/#organization\"},\"potentialAction\":[{\"@type\":\"SearchAction\",\"target\":{\"@type\":\"EntryPoint\",\"urlTemplate\":\"https:\/\/bahiaeconomica.com.br\/wp\/?s={search_term_string}\"},\"query-input\":\"required name=search_term_string\"}],\"inLanguage\":\"pt-BR\"},{\"@type\":\"Organization\",\"@id\":\"https:\/\/bahiaeconomica.com.br\/wp\/#organization\",\"name\":\"Bahia Econ\u00f4mica\",\"url\":\"https:\/\/bahiaeconomica.com.br\/wp\/\",\"logo\":{\"@type\":\"ImageObject\",\"inLanguage\":\"pt-BR\",\"@id\":\"https:\/\/bahiaeconomica.com.br\/wp\/#\/schema\/logo\/image\/\",\"url\":\"https:\/\/bahiaeconomica.com.br\/wp\/wp-content\/uploads\/2020\/12\/cropped-BE.png\",\"contentUrl\":\"https:\/\/bahiaeconomica.com.br\/wp\/wp-content\/uploads\/2020\/12\/cropped-BE.png\",\"width\":512,\"height\":512,\"caption\":\"Bahia Econ\u00f4mica\"},\"image\":{\"@id\":\"https:\/\/bahiaeconomica.com.br\/wp\/#\/schema\/logo\/image\/\"},\"sameAs\":[\"https:\/\/www.facebook.com\/bahiaeconomica\"]},{\"@type\":\"Person\",\"@id\":\"https:\/\/bahiaeconomica.com.br\/wp\/#\/schema\/person\/c86d3a3f8960425a0f9d0e5245991f4e\",\"name\":\"JP\",\"sameAs\":[\"https:\/\/bahiaeconomica.com.br\/wp\/beta\/\"],\"url\":\"https:\/\/bahiaeconomica.com.br\/wp\/author\/jp\/\"}]}<\/script>\n<!-- \/ Yoast SEO plugin. -->","yoast_head_json":{"title":"CAPIT\u00c3O ALDEN ARTICULA APROVA\u00c7\u00c3O DE PL QUE AUMENTA IDADE PARA INGRESSO NA POL\u00cdCIA E BOMBEIROS - Bahia Economica","description":"O maior portal de Economia da Bahia Pol\u00edtica Bahia Economica para os concurseiros \u00e9 uma data importante, especialmente, para os que buscam uma carreira","robots":{"index":"index","follow":"follow","max-snippet":"max-snippet:-1","max-image-preview":"max-image-preview:large","max-video-preview":"max-video-preview:-1"},"canonical":"https:\/\/bahiaeconomica.com.br\/wp\/2024\/08\/15\/capitao-alden-articula-aprovacao-de-pl-que-aumenta-idade-para-ingresso-na-policia-e-bombeiros\/","og_locale":"pt_BR","og_type":"article","og_title":"CAPIT\u00c3O ALDEN ARTICULA APROVA\u00c7\u00c3O DE PL QUE AUMENTA IDADE PARA INGRESSO NA POL\u00cdCIA E BOMBEIROS - Bahia Economica","og_description":"O maior portal de Economia da Bahia Pol\u00edtica Bahia Economica para os concurseiros \u00e9 uma data importante, especialmente, para os que buscam uma carreira","og_url":"https:\/\/bahiaeconomica.com.br\/wp\/2024\/08\/15\/capitao-alden-articula-aprovacao-de-pl-que-aumenta-idade-para-ingresso-na-policia-e-bombeiros\/","og_site_name":"Bahia Economica","article_publisher":"https:\/\/www.facebook.com\/bahiaeconomica","article_published_time":"2024-08-15T17:20:39+00:00","article_modified_time":"2024-08-15T17:02:11+00:00","og_image":[{"width":1600,"height":986,"url":"https:\/\/bahiaeconomica.com.br\/wp\/wp-content\/uploads\/2024\/08\/WhatsApp-Image-2024-08-15-at-11.26.08.jpeg","type":"image\/jpeg"}],"author":"JP","twitter_card":"summary_large_image","twitter_misc":{"Escrito por":"JP","Est. tempo de leitura":"4 minutos"},"schema":{"@context":"https:\/\/schema.org","@graph":[{"@type":"Article","@id":"https:\/\/bahiaeconomica.com.br\/wp\/2024\/08\/15\/capitao-alden-articula-aprovacao-de-pl-que-aumenta-idade-para-ingresso-na-policia-e-bombeiros\/#article","isPartOf":{"@id":"https:\/\/bahiaeconomica.com.br\/wp\/2024\/08\/15\/capitao-alden-articula-aprovacao-de-pl-que-aumenta-idade-para-ingresso-na-policia-e-bombeiros\/"},"author":{"name":"JP","@id":"https:\/\/bahiaeconomica.com.br\/wp\/#\/schema\/person\/c86d3a3f8960425a0f9d0e5245991f4e"},"headline":"CAPIT\u00c3O ALDEN ARTICULA APROVA\u00c7\u00c3O DE PL QUE AUMENTA IDADE PARA INGRESSO NA POL\u00cdCIA E BOMBEIROS","datePublished":"2024-08-15T17:20:39+00:00","dateModified":"2024-08-15T17:02:11+00:00","mainEntityOfPage":{"@id":"https:\/\/bahiaeconomica.com.br\/wp\/2024\/08\/15\/capitao-alden-articula-aprovacao-de-pl-que-aumenta-idade-para-ingresso-na-policia-e-bombeiros\/"},"wordCount":694,"publisher":{"@id":"https:\/\/bahiaeconomica.com.br\/wp\/#organization"},"keywords":["Brasil","mudan\u00e7a","Pol\u00edtica"],"articleSection":["Pol\u00edtica"],"inLanguage":"pt-BR"},{"@type":"WebPage","@id":"https:\/\/bahiaeconomica.com.br\/wp\/2024\/08\/15\/capitao-alden-articula-aprovacao-de-pl-que-aumenta-idade-para-ingresso-na-policia-e-bombeiros\/","url":"https:\/\/bahiaeconomica.com.br\/wp\/2024\/08\/15\/capitao-alden-articula-aprovacao-de-pl-que-aumenta-idade-para-ingresso-na-policia-e-bombeiros\/","name":"CAPIT\u00c3O ALDEN ARTICULA APROVA\u00c7\u00c3O DE PL QUE AUMENTA IDADE PARA INGRESSO NA POL\u00cdCIA E BOMBEIROS - Bahia Economica","isPartOf":{"@id":"https:\/\/bahiaeconomica.com.br\/wp\/#website"},"datePublished":"2024-08-15T17:20:39+00:00","dateModified":"2024-08-15T17:02:11+00:00","description":"O maior portal de Economia da Bahia Pol\u00edtica Bahia Economica para os concurseiros \u00e9 uma data importante, especialmente, para os que buscam uma carreira","breadcrumb":{"@id":"https:\/\/bahiaeconomica.com.br\/wp\/2024\/08\/15\/capitao-alden-articula-aprovacao-de-pl-que-aumenta-idade-para-ingresso-na-policia-e-bombeiros\/#breadcrumb"},"inLanguage":"pt-BR","potentialAction":[{"@type":"ReadAction","target":["https:\/\/bahiaeconomica.com.br\/wp\/2024\/08\/15\/capitao-alden-articula-aprovacao-de-pl-que-aumenta-idade-para-ingresso-na-policia-e-bombeiros\/"]}]},{"@type":"BreadcrumbList","@id":"https:\/\/bahiaeconomica.com.br\/wp\/2024\/08\/15\/capitao-alden-articula-aprovacao-de-pl-que-aumenta-idade-para-ingresso-na-policia-e-bombeiros\/#breadcrumb","itemListElement":[{"@type":"ListItem","position":1,"name":"In\u00edcio","item":"https:\/\/bahiaeconomica.com.br\/wp\/"},{"@type":"ListItem","position":2,"name":"CAPIT\u00c3O ALDEN ARTICULA APROVA\u00c7\u00c3O DE PL QUE AUMENTA IDADE PARA INGRESSO NA POL\u00cdCIA E BOMBEIROS"}]},{"@type":"WebSite","@id":"https:\/\/bahiaeconomica.com.br\/wp\/#website","url":"https:\/\/bahiaeconomica.com.br\/wp\/","name":"Bahia Economica","description":"O maior portal de Economia da Bahia","publisher":{"@id":"https:\/\/bahiaeconomica.com.br\/wp\/#organization"},"potentialAction":[{"@type":"SearchAction","target":{"@type":"EntryPoint","urlTemplate":"https:\/\/bahiaeconomica.com.br\/wp\/?s={search_term_string}"},"query-input":"required name=search_term_string"}],"inLanguage":"pt-BR"},{"@type":"Organization","@id":"https:\/\/bahiaeconomica.com.br\/wp\/#organization","name":"Bahia Econ\u00f4mica","url":"https:\/\/bahiaeconomica.com.br\/wp\/","logo":{"@type":"ImageObject","inLanguage":"pt-BR","@id":"https:\/\/bahiaeconomica.com.br\/wp\/#\/schema\/logo\/image\/","url":"https:\/\/bahiaeconomica.com.br\/wp\/wp-content\/uploads\/2020\/12\/cropped-BE.png","contentUrl":"https:\/\/bahiaeconomica.com.br\/wp\/wp-content\/uploads\/2020\/12\/cropped-BE.png","width":512,"height":512,"caption":"Bahia Econ\u00f4mica"},"image":{"@id":"https:\/\/bahiaeconomica.com.br\/wp\/#\/schema\/logo\/image\/"},"sameAs":["https:\/\/www.facebook.com\/bahiaeconomica"]},{"@type":"Person","@id":"https:\/\/bahiaeconomica.com.br\/wp\/#\/schema\/person\/c86d3a3f8960425a0f9d0e5245991f4e","name":"JP","sameAs":["https:\/\/bahiaeconomica.com.br\/wp\/beta\/"],"url":"https:\/\/bahiaeconomica.com.br\/wp\/author\/jp\/"}]}},"views":135,"_links":{"self":[{"href":"https:\/\/bahiaeconomica.com.br\/wp\/wp-json\/wp\/v2\/posts\/837756"}],"collection":[{"href":"https:\/\/bahiaeconomica.com.br\/wp\/wp-json\/wp\/v2\/posts"}],"about":[{"href":"https:\/\/bahiaeconomica.com.br\/wp\/wp-json\/wp\/v2\/types\/post"}],"author":[{"embeddable":true,"href":"https:\/\/bahiaeconomica.com.br\/wp\/wp-json\/wp\/v2\/users\/8"}],"replies":[{"embeddable":true,"href":"https:\/\/bahiaeconomica.com.br\/wp\/wp-json\/wp\/v2\/comments?post=837756"}],"version-history":[{"count":1,"href":"https:\/\/bahiaeconomica.com.br\/wp\/wp-json\/wp\/v2\/posts\/837756\/revisions"}],"predecessor-version":[{"id":837759,"href":"https:\/\/bahiaeconomica.com.br\/wp\/wp-json\/wp\/v2\/posts\/837756\/revisions\/837759"}],"wp:featuredmedia":[{"embeddable":true,"href":"https:\/\/bahiaeconomica.com.br\/wp\/wp-json\/wp\/v2\/media\/837757"}],"wp:attachment":[{"href":"https:\/\/bahiaeconomica.com.br\/wp\/wp-json\/wp\/v2\/media?parent=837756"}],"wp:term":[{"taxonomy":"category","embeddable":true,"href":"https:\/\/bahiaeconomica.com.br\/wp\/wp-json\/wp\/v2\/categories?post=837756"},{"taxonomy":"post_tag","embeddable":true,"href":"https:\/\/bahiaeconomica.com.br\/wp\/wp-json\/wp\/v2\/tags?post=837756"}],"curies":[{"name":"wp","href":"https:\/\/api.w.org\/{rel}","templated":true}]}}