{"id":837464,"date":"2024-08-14T18:59:21","date_gmt":"2024-08-14T21:59:21","guid":{"rendered":"https:\/\/bahiaeconomica.com.br\/wp\/?p=837464"},"modified":"2024-08-14T15:49:07","modified_gmt":"2024-08-14T18:49:07","slug":"servidores-do-inss-decidem-manutencao-de-greve-ate-analisar-propostas-do-governo","status":"publish","type":"post","link":"https:\/\/bahiaeconomica.com.br\/wp\/2024\/08\/14\/servidores-do-inss-decidem-manutencao-de-greve-ate-analisar-propostas-do-governo\/","title":{"rendered":"SERVIDORES DO INSS DECIDEM MANUTEN\u00c7\u00c3O DE GREVE AT\u00c9 ANALISAR PROPOSTAS DO GOVERNO"},"content":{"rendered":"<p>Os servidores do INSS decidiram, em movimento nacional, manter a greve deflagrada no dia 16 de julho. Na Bahia, eles se reuniram em assembleia virtual nesta ter\u00e7a-feira (13) para analisar a paralisa\u00e7\u00e3o e avaliar as duas propostas enviadas pelo Governo Federal.<\/p>\n<p>Durante a reuni\u00e3o, eles criticaram a judicializa\u00e7\u00e3o da greve e disseram que o di\u00e1logo \u00e9 o principal caminho para a solu\u00e7\u00e3o do impasse. Na pr\u00f3xima quinta-feira (22), haver\u00e1 uma mesa de negocia\u00e7\u00e3o entre os representantes dos trabalhadores e do Minist\u00e9rio da Gest\u00e3o.<\/p>\n<p>Coordenador do Sindprev na Bahia, Edivaldo Santa Rita afirmou que a categoria quer a inclus\u00e3o dos aposentados e pensionistas no percentual de reajuste e destacou a import\u00e2ncia de que os servidores do INSS passem a ter as suas carreiras enquadradas como t\u00edpicas de Estado. Segundo ele, isso fortalece a presta\u00e7\u00e3o do servi\u00e7o p\u00fablico. \u201cA Previd\u00eancia Social \u00e9 um dos bra\u00e7os mais importantes da administra\u00e7\u00e3o p\u00fablica e precisa ser reconhecida como tal\u201d, avalia.<\/p>\n<p>Apesar das ag\u00eancias abertas e funcionando em Salvador, Santa Rita afirma que os servi\u00e7os est\u00e3o funcionando de forma mais prec\u00e1ria por conta da greve, que conta com a ades\u00e3o de servidores que atuam no atendimento presencial e remoto.<\/p>\n<p>Em toda a Bahia, s\u00e3o 123 ag\u00eancias do INSS distribu\u00eddas em sete ger\u00eancias. Uma das reivindica\u00e7\u00f5es dos servidores \u00e9 que o Estado abrigue uma superintend\u00eancia regional para que haja celeridade no funcionamento do \u00f3rg\u00e3o. Atualmente, as demandas baianas est\u00e3o subordinadas \u00e0 superintend\u00eancia sediada em Recife.<\/p>\n<p>Foto: Tomaz Silva\/Ag\u00eancia Brasil<\/p>\n","protected":false},"excerpt":{"rendered":"<p>Os servidores do INSS decidiram, em movimento nacional, manter a greve deflagrada no dia 16 de julho. Na Bahia, eles se reuniram em assembleia virtual nesta ter\u00e7a-feira (13) para analisar a paralisa\u00e7\u00e3o e avaliar as duas propostas enviadas pelo Governo Federal. Durante a reuni\u00e3o, eles criticaram a judicializa\u00e7\u00e3o da greve e disseram que o di\u00e1logo [&hellip;]<\/p>\n","protected":false},"author":16,"featured_media":837468,"comment_status":"closed","ping_status":"closed","sticky":false,"template":"","format":"standard","meta":[],"categories":[14,5],"tags":[32333,63,535],"acf":[],"yoast_head":"<!-- This site is optimized with the Yoast SEO plugin v20.8 - https:\/\/yoast.com\/wordpress\/plugins\/seo\/ -->\n<title>SERVIDORES DO INSS DECIDEM MANUTEN\u00c7\u00c3O DE GREVE<\/title>\n<meta name=\"description\" content=\"Os servidores do INSS decidiram, em movimento nacional, manter a greve deflagrada no dia 16 de julho. Eles se reuniram em assembleia virtual.\" \/>\n<meta name=\"robots\" content=\"index, follow, max-snippet:-1, max-image-preview:large, max-video-preview:-1\" \/>\n<link rel=\"canonical\" href=\"https:\/\/bahiaeconomica.com.br\/wp\/2024\/08\/14\/servidores-do-inss-decidem-manutencao-de-greve-ate-analisar-propostas-do-governo\/\" \/>\n<meta property=\"og:locale\" content=\"pt_BR\" \/>\n<meta property=\"og:type\" content=\"article\" \/>\n<meta property=\"og:title\" content=\"SERVIDORES DO INSS DECIDEM MANUTEN\u00c7\u00c3O DE GREVE\" \/>\n<meta property=\"og:description\" content=\"Os servidores do INSS decidiram, em movimento nacional, manter a greve deflagrada no dia 16 de julho. Eles se reuniram em assembleia virtual.\" \/>\n<meta property=\"og:url\" content=\"https:\/\/bahiaeconomica.com.br\/wp\/2024\/08\/14\/servidores-do-inss-decidem-manutencao-de-greve-ate-analisar-propostas-do-governo\/\" \/>\n<meta property=\"og:site_name\" content=\"Bahia Economica\" \/>\n<meta property=\"article:publisher\" content=\"https:\/\/www.facebook.com\/bahiaeconomica\" \/>\n<meta property=\"article:published_time\" content=\"2024-08-14T21:59:21+00:00\" \/>\n<meta property=\"article:modified_time\" content=\"2024-08-14T18:49:07+00:00\" \/>\n<meta property=\"og:image\" content=\"https:\/\/bahiaeconomica.com.br\/wp\/wp-content\/uploads\/2024\/08\/Em-busca-de-reajuste-salarial-funcionarios-do-INSS0127799600202407111021-ScaleDownProportional.webp\" \/>\n\t<meta property=\"og:image:width\" content=\"1170\" \/>\n\t<meta property=\"og:image:height\" content=\"700\" \/>\n\t<meta property=\"og:image:type\" content=\"image\/webp\" \/>\n<meta name=\"author\" content=\"LUIZA NASCIMENTO\" \/>\n<meta name=\"twitter:card\" content=\"summary_large_image\" \/>\n<meta name=\"twitter:label1\" content=\"Escrito por\" \/>\n\t<meta name=\"twitter:data1\" content=\"LUIZA NASCIMENTO\" \/>\n\t<meta name=\"twitter:label2\" content=\"Est. tempo de leitura\" \/>\n\t<meta name=\"twitter:data2\" content=\"2 minutos\" \/>\n<script type=\"application\/ld+json\" class=\"yoast-schema-graph\">{\"@context\":\"https:\/\/schema.org\",\"@graph\":[{\"@type\":\"Article\",\"@id\":\"https:\/\/bahiaeconomica.com.br\/wp\/2024\/08\/14\/servidores-do-inss-decidem-manutencao-de-greve-ate-analisar-propostas-do-governo\/#article\",\"isPartOf\":{\"@id\":\"https:\/\/bahiaeconomica.com.br\/wp\/2024\/08\/14\/servidores-do-inss-decidem-manutencao-de-greve-ate-analisar-propostas-do-governo\/\"},\"author\":{\"name\":\"LUIZA NASCIMENTO\",\"@id\":\"https:\/\/bahiaeconomica.com.br\/wp\/#\/schema\/person\/18273ac0fe04bfd4e7b101bf17d40152\"},\"headline\":\"SERVIDORES DO INSS DECIDEM MANUTEN\u00c7\u00c3O DE GREVE AT\u00c9 ANALISAR PROPOSTAS DO GOVERNO\",\"datePublished\":\"2024-08-14T21:59:21+00:00\",\"dateModified\":\"2024-08-14T18:49:07+00:00\",\"mainEntityOfPage\":{\"@id\":\"https:\/\/bahiaeconomica.com.br\/wp\/2024\/08\/14\/servidores-do-inss-decidem-manutencao-de-greve-ate-analisar-propostas-do-governo\/\"},\"wordCount\":283,\"publisher\":{\"@id\":\"https:\/\/bahiaeconomica.com.br\/wp\/#organization\"},\"keywords\":[\"freve\",\"INSS\",\"Servidores\"],\"articleSection\":[\"DESTAQUE DO DIA\",\"MUNIC\u00cdPIOS\"],\"inLanguage\":\"pt-BR\"},{\"@type\":\"WebPage\",\"@id\":\"https:\/\/bahiaeconomica.com.br\/wp\/2024\/08\/14\/servidores-do-inss-decidem-manutencao-de-greve-ate-analisar-propostas-do-governo\/\",\"url\":\"https:\/\/bahiaeconomica.com.br\/wp\/2024\/08\/14\/servidores-do-inss-decidem-manutencao-de-greve-ate-analisar-propostas-do-governo\/\",\"name\":\"SERVIDORES DO INSS DECIDEM MANUTEN\u00c7\u00c3O DE GREVE\",\"isPartOf\":{\"@id\":\"https:\/\/bahiaeconomica.com.br\/wp\/#website\"},\"datePublished\":\"2024-08-14T21:59:21+00:00\",\"dateModified\":\"2024-08-14T18:49:07+00:00\",\"description\":\"Os servidores do INSS decidiram, em movimento nacional, manter a greve deflagrada no dia 16 de julho. Eles se reuniram em assembleia virtual.\",\"breadcrumb\":{\"@id\":\"https:\/\/bahiaeconomica.com.br\/wp\/2024\/08\/14\/servidores-do-inss-decidem-manutencao-de-greve-ate-analisar-propostas-do-governo\/#breadcrumb\"},\"inLanguage\":\"pt-BR\",\"potentialAction\":[{\"@type\":\"ReadAction\",\"target\":[\"https:\/\/bahiaeconomica.com.br\/wp\/2024\/08\/14\/servidores-do-inss-decidem-manutencao-de-greve-ate-analisar-propostas-do-governo\/\"]}]},{\"@type\":\"BreadcrumbList\",\"@id\":\"https:\/\/bahiaeconomica.com.br\/wp\/2024\/08\/14\/servidores-do-inss-decidem-manutencao-de-greve-ate-analisar-propostas-do-governo\/#breadcrumb\",\"itemListElement\":[{\"@type\":\"ListItem\",\"position\":1,\"name\":\"In\u00edcio\",\"item\":\"https:\/\/bahiaeconomica.com.br\/wp\/\"},{\"@type\":\"ListItem\",\"position\":2,\"name\":\"SERVIDORES DO INSS DECIDEM MANUTEN\u00c7\u00c3O DE GREVE AT\u00c9 ANALISAR PROPOSTAS DO GOVERNO\"}]},{\"@type\":\"WebSite\",\"@id\":\"https:\/\/bahiaeconomica.com.br\/wp\/#website\",\"url\":\"https:\/\/bahiaeconomica.com.br\/wp\/\",\"name\":\"Bahia Economica\",\"description\":\"O maior portal de Economia da Bahia\",\"publisher\":{\"@id\":\"https:\/\/bahiaeconomica.com.br\/wp\/#organization\"},\"potentialAction\":[{\"@type\":\"SearchAction\",\"target\":{\"@type\":\"EntryPoint\",\"urlTemplate\":\"https:\/\/bahiaeconomica.com.br\/wp\/?s={search_term_string}\"},\"query-input\":\"required name=search_term_string\"}],\"inLanguage\":\"pt-BR\"},{\"@type\":\"Organization\",\"@id\":\"https:\/\/bahiaeconomica.com.br\/wp\/#organization\",\"name\":\"Bahia Econ\u00f4mica\",\"url\":\"https:\/\/bahiaeconomica.com.br\/wp\/\",\"logo\":{\"@type\":\"ImageObject\",\"inLanguage\":\"pt-BR\",\"@id\":\"https:\/\/bahiaeconomica.com.br\/wp\/#\/schema\/logo\/image\/\",\"url\":\"https:\/\/bahiaeconomica.com.br\/wp\/wp-content\/uploads\/2020\/12\/cropped-BE.png\",\"contentUrl\":\"https:\/\/bahiaeconomica.com.br\/wp\/wp-content\/uploads\/2020\/12\/cropped-BE.png\",\"width\":512,\"height\":512,\"caption\":\"Bahia Econ\u00f4mica\"},\"image\":{\"@id\":\"https:\/\/bahiaeconomica.com.br\/wp\/#\/schema\/logo\/image\/\"},\"sameAs\":[\"https:\/\/www.facebook.com\/bahiaeconomica\"]},{\"@type\":\"Person\",\"@id\":\"https:\/\/bahiaeconomica.com.br\/wp\/#\/schema\/person\/18273ac0fe04bfd4e7b101bf17d40152\",\"name\":\"LUIZA NASCIMENTO\",\"sameAs\":[\"http:\/\/www.bahiaeconomica.com.br\"],\"url\":\"https:\/\/bahiaeconomica.com.br\/wp\/author\/luiza-nascimento\/\"}]}<\/script>\n<!-- \/ Yoast SEO plugin. -->","yoast_head_json":{"title":"SERVIDORES DO INSS DECIDEM MANUTEN\u00c7\u00c3O DE GREVE","description":"Os servidores do INSS decidiram, em movimento nacional, manter a greve deflagrada no dia 16 de julho. Eles se reuniram em assembleia virtual.","robots":{"index":"index","follow":"follow","max-snippet":"max-snippet:-1","max-image-preview":"max-image-preview:large","max-video-preview":"max-video-preview:-1"},"canonical":"https:\/\/bahiaeconomica.com.br\/wp\/2024\/08\/14\/servidores-do-inss-decidem-manutencao-de-greve-ate-analisar-propostas-do-governo\/","og_locale":"pt_BR","og_type":"article","og_title":"SERVIDORES DO INSS DECIDEM MANUTEN\u00c7\u00c3O DE GREVE","og_description":"Os servidores do INSS decidiram, em movimento nacional, manter a greve deflagrada no dia 16 de julho. Eles se reuniram em assembleia virtual.","og_url":"https:\/\/bahiaeconomica.com.br\/wp\/2024\/08\/14\/servidores-do-inss-decidem-manutencao-de-greve-ate-analisar-propostas-do-governo\/","og_site_name":"Bahia Economica","article_publisher":"https:\/\/www.facebook.com\/bahiaeconomica","article_published_time":"2024-08-14T21:59:21+00:00","article_modified_time":"2024-08-14T18:49:07+00:00","og_image":[{"width":1170,"height":700,"url":"https:\/\/bahiaeconomica.com.br\/wp\/wp-content\/uploads\/2024\/08\/Em-busca-de-reajuste-salarial-funcionarios-do-INSS0127799600202407111021-ScaleDownProportional.webp","type":"image\/webp"}],"author":"LUIZA NASCIMENTO","twitter_card":"summary_large_image","twitter_misc":{"Escrito por":"LUIZA NASCIMENTO","Est. tempo de leitura":"2 minutos"},"schema":{"@context":"https:\/\/schema.org","@graph":[{"@type":"Article","@id":"https:\/\/bahiaeconomica.com.br\/wp\/2024\/08\/14\/servidores-do-inss-decidem-manutencao-de-greve-ate-analisar-propostas-do-governo\/#article","isPartOf":{"@id":"https:\/\/bahiaeconomica.com.br\/wp\/2024\/08\/14\/servidores-do-inss-decidem-manutencao-de-greve-ate-analisar-propostas-do-governo\/"},"author":{"name":"LUIZA NASCIMENTO","@id":"https:\/\/bahiaeconomica.com.br\/wp\/#\/schema\/person\/18273ac0fe04bfd4e7b101bf17d40152"},"headline":"SERVIDORES DO INSS DECIDEM MANUTEN\u00c7\u00c3O DE GREVE AT\u00c9 ANALISAR PROPOSTAS DO GOVERNO","datePublished":"2024-08-14T21:59:21+00:00","dateModified":"2024-08-14T18:49:07+00:00","mainEntityOfPage":{"@id":"https:\/\/bahiaeconomica.com.br\/wp\/2024\/08\/14\/servidores-do-inss-decidem-manutencao-de-greve-ate-analisar-propostas-do-governo\/"},"wordCount":283,"publisher":{"@id":"https:\/\/bahiaeconomica.com.br\/wp\/#organization"},"keywords":["freve","INSS","Servidores"],"articleSection":["DESTAQUE DO DIA","MUNIC\u00cdPIOS"],"inLanguage":"pt-BR"},{"@type":"WebPage","@id":"https:\/\/bahiaeconomica.com.br\/wp\/2024\/08\/14\/servidores-do-inss-decidem-manutencao-de-greve-ate-analisar-propostas-do-governo\/","url":"https:\/\/bahiaeconomica.com.br\/wp\/2024\/08\/14\/servidores-do-inss-decidem-manutencao-de-greve-ate-analisar-propostas-do-governo\/","name":"SERVIDORES DO INSS DECIDEM MANUTEN\u00c7\u00c3O DE GREVE","isPartOf":{"@id":"https:\/\/bahiaeconomica.com.br\/wp\/#website"},"datePublished":"2024-08-14T21:59:21+00:00","dateModified":"2024-08-14T18:49:07+00:00","description":"Os servidores do INSS decidiram, em movimento nacional, manter a greve deflagrada no dia 16 de julho. Eles se reuniram em assembleia virtual.","breadcrumb":{"@id":"https:\/\/bahiaeconomica.com.br\/wp\/2024\/08\/14\/servidores-do-inss-decidem-manutencao-de-greve-ate-analisar-propostas-do-governo\/#breadcrumb"},"inLanguage":"pt-BR","potentialAction":[{"@type":"ReadAction","target":["https:\/\/bahiaeconomica.com.br\/wp\/2024\/08\/14\/servidores-do-inss-decidem-manutencao-de-greve-ate-analisar-propostas-do-governo\/"]}]},{"@type":"BreadcrumbList","@id":"https:\/\/bahiaeconomica.com.br\/wp\/2024\/08\/14\/servidores-do-inss-decidem-manutencao-de-greve-ate-analisar-propostas-do-governo\/#breadcrumb","itemListElement":[{"@type":"ListItem","position":1,"name":"In\u00edcio","item":"https:\/\/bahiaeconomica.com.br\/wp\/"},{"@type":"ListItem","position":2,"name":"SERVIDORES DO INSS DECIDEM MANUTEN\u00c7\u00c3O DE GREVE AT\u00c9 ANALISAR PROPOSTAS DO GOVERNO"}]},{"@type":"WebSite","@id":"https:\/\/bahiaeconomica.com.br\/wp\/#website","url":"https:\/\/bahiaeconomica.com.br\/wp\/","name":"Bahia Economica","description":"O maior portal de Economia da Bahia","publisher":{"@id":"https:\/\/bahiaeconomica.com.br\/wp\/#organization"},"potentialAction":[{"@type":"SearchAction","target":{"@type":"EntryPoint","urlTemplate":"https:\/\/bahiaeconomica.com.br\/wp\/?s={search_term_string}"},"query-input":"required name=search_term_string"}],"inLanguage":"pt-BR"},{"@type":"Organization","@id":"https:\/\/bahiaeconomica.com.br\/wp\/#organization","name":"Bahia Econ\u00f4mica","url":"https:\/\/bahiaeconomica.com.br\/wp\/","logo":{"@type":"ImageObject","inLanguage":"pt-BR","@id":"https:\/\/bahiaeconomica.com.br\/wp\/#\/schema\/logo\/image\/","url":"https:\/\/bahiaeconomica.com.br\/wp\/wp-content\/uploads\/2020\/12\/cropped-BE.png","contentUrl":"https:\/\/bahiaeconomica.com.br\/wp\/wp-content\/uploads\/2020\/12\/cropped-BE.png","width":512,"height":512,"caption":"Bahia Econ\u00f4mica"},"image":{"@id":"https:\/\/bahiaeconomica.com.br\/wp\/#\/schema\/logo\/image\/"},"sameAs":["https:\/\/www.facebook.com\/bahiaeconomica"]},{"@type":"Person","@id":"https:\/\/bahiaeconomica.com.br\/wp\/#\/schema\/person\/18273ac0fe04bfd4e7b101bf17d40152","name":"LUIZA NASCIMENTO","sameAs":["http:\/\/www.bahiaeconomica.com.br"],"url":"https:\/\/bahiaeconomica.com.br\/wp\/author\/luiza-nascimento\/"}]}},"views":10,"_links":{"self":[{"href":"https:\/\/bahiaeconomica.com.br\/wp\/wp-json\/wp\/v2\/posts\/837464"}],"collection":[{"href":"https:\/\/bahiaeconomica.com.br\/wp\/wp-json\/wp\/v2\/posts"}],"about":[{"href":"https:\/\/bahiaeconomica.com.br\/wp\/wp-json\/wp\/v2\/types\/post"}],"author":[{"embeddable":true,"href":"https:\/\/bahiaeconomica.com.br\/wp\/wp-json\/wp\/v2\/users\/16"}],"replies":[{"embeddable":true,"href":"https:\/\/bahiaeconomica.com.br\/wp\/wp-json\/wp\/v2\/comments?post=837464"}],"version-history":[{"count":1,"href":"https:\/\/bahiaeconomica.com.br\/wp\/wp-json\/wp\/v2\/posts\/837464\/revisions"}],"predecessor-version":[{"id":837469,"href":"https:\/\/bahiaeconomica.com.br\/wp\/wp-json\/wp\/v2\/posts\/837464\/revisions\/837469"}],"wp:featuredmedia":[{"embeddable":true,"href":"https:\/\/bahiaeconomica.com.br\/wp\/wp-json\/wp\/v2\/media\/837468"}],"wp:attachment":[{"href":"https:\/\/bahiaeconomica.com.br\/wp\/wp-json\/wp\/v2\/media?parent=837464"}],"wp:term":[{"taxonomy":"category","embeddable":true,"href":"https:\/\/bahiaeconomica.com.br\/wp\/wp-json\/wp\/v2\/categories?post=837464"},{"taxonomy":"post_tag","embeddable":true,"href":"https:\/\/bahiaeconomica.com.br\/wp\/wp-json\/wp\/v2\/tags?post=837464"}],"curies":[{"name":"wp","href":"https:\/\/api.w.org\/{rel}","templated":true}]}}