{"id":836929,"date":"2024-08-13T10:00:59","date_gmt":"2024-08-13T13:00:59","guid":{"rendered":"https:\/\/bahiaeconomica.com.br\/wp\/?p=836929"},"modified":"2024-08-13T10:44:06","modified_gmt":"2024-08-13T13:44:06","slug":"dia-dos-pais-e-celebrado-com-esporte-e-solidariedade-em-homenagem-a-divaldo-franco","status":"publish","type":"post","link":"https:\/\/bahiaeconomica.com.br\/wp\/2024\/08\/13\/dia-dos-pais-e-celebrado-com-esporte-e-solidariedade-em-homenagem-a-divaldo-franco\/","title":{"rendered":"DIA DOS PAIS \u00c9 CELEBRADO COM ESPORTE E SOLIDARIEDADE EM HOMENAGEM A DIVALDO FRANCO\u00a0"},"content":{"rendered":"<p>Neste domingo ensolarado, o Jardim de Alah foi o cen\u00e1rio perfeito para a Corrida do Dia dos Pais em homenagem a Divaldo Franco. O evento reuniu mais de 2.000 participantes que, al\u00e9m de suar a camisa nos percursos de 5km e 10km, conseguiram arrecadar cerca de 2 toneladas de alimentos, em uma demonstra\u00e7\u00e3o de solidariedade que aqueceu o cora\u00e7\u00e3o de todos.<\/p>\n<p>Com o tema &#8220;Esporte, Inclus\u00e3o &amp; A\u00e7\u00e3o Social&#8221;, a corrida trouxe um clima de alegria e uni\u00e3o que se espalhou por toda a cidade. Os corredores do percurso de 5km seguiram at\u00e9 o Parque Rosa dos Ventos, enquanto os mais desafiados pelos 10km avan\u00e7aram at\u00e9 o Circo Picolino, retornando ao Jardim de Alah, onde foram recebidos com aplausos e um merecido descanso.<\/p>\n<p>Os atletas foram recebidos com Caf\u00e9 Santa Clara, hidrata\u00e7\u00e3o by PowerAde, Coca-Cola, Schweppes, Whey Itamb\u00e9 sem lactose &amp; Frutas by MML. A entrega dos kits de corrida no Shopping da Bahia, realizada na sexta e no s\u00e1bado, foi um cap\u00edtulo \u00e0 parte, onde a solidariedade se tornou protagonista. Cada participante contribuiu com 1kg de alimento, e muitos foram al\u00e9m, doando mais e fortalecendo ainda mais a causa.<\/p>\n<p>Divaldo Franco, um nome que ressoa com respeito e admira\u00e7\u00e3o, foi o grande homenageado do evento. Com seus 97 anos rec\u00e9m-completados no \u00faltimo domingo (5), ele continua a ser um farol de bondade e servi\u00e7o ao pr\u00f3ximo. Sua institui\u00e7\u00e3o, a \u201cMiss\u00e3o do Caminho\u201d, ser\u00e1 a principal beneficiada com os alimentos arrecadados, reafirmando o compromisso de Divaldo com a caridade e o bem-estar social.<\/p>\n<p>O evento contou com o apoio de diversos patrocinadores, incluindo Sufotur &amp; Embasa pelo Governo do Estado da Bahia, Shopping da Bahia, Santa Clara, UltraCoffe, Itamb\u00e9, MML e RGA. A Corrida do Dia dos Pais de 2024 ser\u00e1 lembrada n\u00e3o apenas como um evento esportivo, mas como um dia em que a Bahia correu junta por um futuro melhor, inspirada pelo exemplo de Divaldo Franco.<\/p>\n","protected":false},"excerpt":{"rendered":"<p>Neste domingo ensolarado, o Jardim de Alah foi o cen\u00e1rio perfeito para a Corrida do Dia dos Pais em homenagem a Divaldo Franco. O evento reuniu mais de 2.000 participantes que, al\u00e9m de suar a camisa nos percursos de 5km e 10km, conseguiram arrecadar cerca de 2 toneladas de alimentos, em uma demonstra\u00e7\u00e3o de solidariedade [&hellip;]<\/p>\n","protected":false},"author":8,"featured_media":836930,"comment_status":"closed","ping_status":"closed","sticky":false,"template":"","format":"standard","meta":[],"categories":[5],"tags":[3378,1007,2682],"acf":[],"yoast_head":"<!-- This site is optimized with the Yoast SEO plugin v20.8 - https:\/\/yoast.com\/wordpress\/plugins\/seo\/ -->\n<title>DIA DOS PAIS \u00c9 CELEBRADO COM ESPORTE E SOLIDARIEDADE EM HOMENAGEM A DIVALDO FRANCO\u00a0 - Bahia Economica<\/title>\n<meta name=\"description\" content=\"O maior portal de Economia da Bahia MUNIC\u00cdPIOS Bahia Economica corrida trouxe um clima de alegria e uni\u00e3o que se espalhou por toda a cidade\" \/>\n<meta name=\"robots\" content=\"index, follow, max-snippet:-1, max-image-preview:large, max-video-preview:-1\" \/>\n<link rel=\"canonical\" href=\"https:\/\/bahiaeconomica.com.br\/wp\/2024\/08\/13\/dia-dos-pais-e-celebrado-com-esporte-e-solidariedade-em-homenagem-a-divaldo-franco\/\" \/>\n<meta property=\"og:locale\" content=\"pt_BR\" \/>\n<meta property=\"og:type\" content=\"article\" \/>\n<meta property=\"og:title\" content=\"DIA DOS PAIS \u00c9 CELEBRADO COM ESPORTE E SOLIDARIEDADE EM HOMENAGEM A DIVALDO FRANCO\u00a0 - Bahia Economica\" \/>\n<meta property=\"og:description\" content=\"O maior portal de Economia da Bahia MUNIC\u00cdPIOS Bahia Economica corrida trouxe um clima de alegria e uni\u00e3o que se espalhou por toda a cidade\" \/>\n<meta property=\"og:url\" content=\"https:\/\/bahiaeconomica.com.br\/wp\/2024\/08\/13\/dia-dos-pais-e-celebrado-com-esporte-e-solidariedade-em-homenagem-a-divaldo-franco\/\" \/>\n<meta property=\"og:site_name\" content=\"Bahia Economica\" \/>\n<meta property=\"article:publisher\" content=\"https:\/\/www.facebook.com\/bahiaeconomica\" \/>\n<meta property=\"article:published_time\" content=\"2024-08-13T13:00:59+00:00\" \/>\n<meta property=\"article:modified_time\" content=\"2024-08-13T13:44:06+00:00\" \/>\n<meta property=\"og:image\" content=\"https:\/\/bahiaeconomica.com.br\/wp\/wp-content\/uploads\/2024\/08\/WhatsApp-Image-2024-08-12-at-17.49.21.jpeg\" \/>\n\t<meta property=\"og:image:width\" content=\"853\" \/>\n\t<meta property=\"og:image:height\" content=\"1280\" \/>\n\t<meta property=\"og:image:type\" content=\"image\/jpeg\" \/>\n<meta name=\"author\" content=\"JP\" \/>\n<meta name=\"twitter:card\" content=\"summary_large_image\" \/>\n<meta name=\"twitter:label1\" content=\"Escrito por\" \/>\n\t<meta name=\"twitter:data1\" content=\"JP\" \/>\n\t<meta name=\"twitter:label2\" content=\"Est. tempo de leitura\" \/>\n\t<meta name=\"twitter:data2\" content=\"2 minutos\" \/>\n<script type=\"application\/ld+json\" class=\"yoast-schema-graph\">{\"@context\":\"https:\/\/schema.org\",\"@graph\":[{\"@type\":\"Article\",\"@id\":\"https:\/\/bahiaeconomica.com.br\/wp\/2024\/08\/13\/dia-dos-pais-e-celebrado-com-esporte-e-solidariedade-em-homenagem-a-divaldo-franco\/#article\",\"isPartOf\":{\"@id\":\"https:\/\/bahiaeconomica.com.br\/wp\/2024\/08\/13\/dia-dos-pais-e-celebrado-com-esporte-e-solidariedade-em-homenagem-a-divaldo-franco\/\"},\"author\":{\"name\":\"JP\",\"@id\":\"https:\/\/bahiaeconomica.com.br\/wp\/#\/schema\/person\/c86d3a3f8960425a0f9d0e5245991f4e\"},\"headline\":\"DIA DOS PAIS \u00c9 CELEBRADO COM ESPORTE E SOLIDARIEDADE EM HOMENAGEM A DIVALDO FRANCO\u00a0\",\"datePublished\":\"2024-08-13T13:00:59+00:00\",\"dateModified\":\"2024-08-13T13:44:06+00:00\",\"mainEntityOfPage\":{\"@id\":\"https:\/\/bahiaeconomica.com.br\/wp\/2024\/08\/13\/dia-dos-pais-e-celebrado-com-esporte-e-solidariedade-em-homenagem-a-divaldo-franco\/\"},\"wordCount\":344,\"publisher\":{\"@id\":\"https:\/\/bahiaeconomica.com.br\/wp\/#organization\"},\"keywords\":[\"corrida\",\"esporte\",\"pais\"],\"articleSection\":[\"MUNIC\u00cdPIOS\"],\"inLanguage\":\"pt-BR\"},{\"@type\":\"WebPage\",\"@id\":\"https:\/\/bahiaeconomica.com.br\/wp\/2024\/08\/13\/dia-dos-pais-e-celebrado-com-esporte-e-solidariedade-em-homenagem-a-divaldo-franco\/\",\"url\":\"https:\/\/bahiaeconomica.com.br\/wp\/2024\/08\/13\/dia-dos-pais-e-celebrado-com-esporte-e-solidariedade-em-homenagem-a-divaldo-franco\/\",\"name\":\"DIA DOS PAIS \u00c9 CELEBRADO COM ESPORTE E SOLIDARIEDADE EM HOMENAGEM A DIVALDO FRANCO\u00a0 - Bahia Economica\",\"isPartOf\":{\"@id\":\"https:\/\/bahiaeconomica.com.br\/wp\/#website\"},\"datePublished\":\"2024-08-13T13:00:59+00:00\",\"dateModified\":\"2024-08-13T13:44:06+00:00\",\"description\":\"O maior portal de Economia da Bahia MUNIC\u00cdPIOS Bahia Economica corrida trouxe um clima de alegria e uni\u00e3o que se espalhou por toda a cidade\",\"breadcrumb\":{\"@id\":\"https:\/\/bahiaeconomica.com.br\/wp\/2024\/08\/13\/dia-dos-pais-e-celebrado-com-esporte-e-solidariedade-em-homenagem-a-divaldo-franco\/#breadcrumb\"},\"inLanguage\":\"pt-BR\",\"potentialAction\":[{\"@type\":\"ReadAction\",\"target\":[\"https:\/\/bahiaeconomica.com.br\/wp\/2024\/08\/13\/dia-dos-pais-e-celebrado-com-esporte-e-solidariedade-em-homenagem-a-divaldo-franco\/\"]}]},{\"@type\":\"BreadcrumbList\",\"@id\":\"https:\/\/bahiaeconomica.com.br\/wp\/2024\/08\/13\/dia-dos-pais-e-celebrado-com-esporte-e-solidariedade-em-homenagem-a-divaldo-franco\/#breadcrumb\",\"itemListElement\":[{\"@type\":\"ListItem\",\"position\":1,\"name\":\"In\u00edcio\",\"item\":\"https:\/\/bahiaeconomica.com.br\/wp\/\"},{\"@type\":\"ListItem\",\"position\":2,\"name\":\"DIA DOS PAIS \u00c9 CELEBRADO COM ESPORTE E SOLIDARIEDADE EM HOMENAGEM A DIVALDO FRANCO\u00a0\"}]},{\"@type\":\"WebSite\",\"@id\":\"https:\/\/bahiaeconomica.com.br\/wp\/#website\",\"url\":\"https:\/\/bahiaeconomica.com.br\/wp\/\",\"name\":\"Bahia Economica\",\"description\":\"O maior portal de Economia da Bahia\",\"publisher\":{\"@id\":\"https:\/\/bahiaeconomica.com.br\/wp\/#organization\"},\"potentialAction\":[{\"@type\":\"SearchAction\",\"target\":{\"@type\":\"EntryPoint\",\"urlTemplate\":\"https:\/\/bahiaeconomica.com.br\/wp\/?s={search_term_string}\"},\"query-input\":\"required name=search_term_string\"}],\"inLanguage\":\"pt-BR\"},{\"@type\":\"Organization\",\"@id\":\"https:\/\/bahiaeconomica.com.br\/wp\/#organization\",\"name\":\"Bahia Econ\u00f4mica\",\"url\":\"https:\/\/bahiaeconomica.com.br\/wp\/\",\"logo\":{\"@type\":\"ImageObject\",\"inLanguage\":\"pt-BR\",\"@id\":\"https:\/\/bahiaeconomica.com.br\/wp\/#\/schema\/logo\/image\/\",\"url\":\"https:\/\/bahiaeconomica.com.br\/wp\/wp-content\/uploads\/2020\/12\/cropped-BE.png\",\"contentUrl\":\"https:\/\/bahiaeconomica.com.br\/wp\/wp-content\/uploads\/2020\/12\/cropped-BE.png\",\"width\":512,\"height\":512,\"caption\":\"Bahia Econ\u00f4mica\"},\"image\":{\"@id\":\"https:\/\/bahiaeconomica.com.br\/wp\/#\/schema\/logo\/image\/\"},\"sameAs\":[\"https:\/\/www.facebook.com\/bahiaeconomica\"]},{\"@type\":\"Person\",\"@id\":\"https:\/\/bahiaeconomica.com.br\/wp\/#\/schema\/person\/c86d3a3f8960425a0f9d0e5245991f4e\",\"name\":\"JP\",\"sameAs\":[\"https:\/\/bahiaeconomica.com.br\/wp\/beta\/\"],\"url\":\"https:\/\/bahiaeconomica.com.br\/wp\/author\/jp\/\"}]}<\/script>\n<!-- \/ Yoast SEO plugin. -->","yoast_head_json":{"title":"DIA DOS PAIS \u00c9 CELEBRADO COM ESPORTE E SOLIDARIEDADE EM HOMENAGEM A DIVALDO FRANCO\u00a0 - Bahia Economica","description":"O maior portal de Economia da Bahia MUNIC\u00cdPIOS Bahia Economica corrida trouxe um clima de alegria e uni\u00e3o que se espalhou por toda a cidade","robots":{"index":"index","follow":"follow","max-snippet":"max-snippet:-1","max-image-preview":"max-image-preview:large","max-video-preview":"max-video-preview:-1"},"canonical":"https:\/\/bahiaeconomica.com.br\/wp\/2024\/08\/13\/dia-dos-pais-e-celebrado-com-esporte-e-solidariedade-em-homenagem-a-divaldo-franco\/","og_locale":"pt_BR","og_type":"article","og_title":"DIA DOS PAIS \u00c9 CELEBRADO COM ESPORTE E SOLIDARIEDADE EM HOMENAGEM A DIVALDO FRANCO\u00a0 - Bahia Economica","og_description":"O maior portal de Economia da Bahia MUNIC\u00cdPIOS Bahia Economica corrida trouxe um clima de alegria e uni\u00e3o que se espalhou por toda a cidade","og_url":"https:\/\/bahiaeconomica.com.br\/wp\/2024\/08\/13\/dia-dos-pais-e-celebrado-com-esporte-e-solidariedade-em-homenagem-a-divaldo-franco\/","og_site_name":"Bahia Economica","article_publisher":"https:\/\/www.facebook.com\/bahiaeconomica","article_published_time":"2024-08-13T13:00:59+00:00","article_modified_time":"2024-08-13T13:44:06+00:00","og_image":[{"width":853,"height":1280,"url":"https:\/\/bahiaeconomica.com.br\/wp\/wp-content\/uploads\/2024\/08\/WhatsApp-Image-2024-08-12-at-17.49.21.jpeg","type":"image\/jpeg"}],"author":"JP","twitter_card":"summary_large_image","twitter_misc":{"Escrito por":"JP","Est. tempo de leitura":"2 minutos"},"schema":{"@context":"https:\/\/schema.org","@graph":[{"@type":"Article","@id":"https:\/\/bahiaeconomica.com.br\/wp\/2024\/08\/13\/dia-dos-pais-e-celebrado-com-esporte-e-solidariedade-em-homenagem-a-divaldo-franco\/#article","isPartOf":{"@id":"https:\/\/bahiaeconomica.com.br\/wp\/2024\/08\/13\/dia-dos-pais-e-celebrado-com-esporte-e-solidariedade-em-homenagem-a-divaldo-franco\/"},"author":{"name":"JP","@id":"https:\/\/bahiaeconomica.com.br\/wp\/#\/schema\/person\/c86d3a3f8960425a0f9d0e5245991f4e"},"headline":"DIA DOS PAIS \u00c9 CELEBRADO COM ESPORTE E SOLIDARIEDADE EM HOMENAGEM A DIVALDO FRANCO\u00a0","datePublished":"2024-08-13T13:00:59+00:00","dateModified":"2024-08-13T13:44:06+00:00","mainEntityOfPage":{"@id":"https:\/\/bahiaeconomica.com.br\/wp\/2024\/08\/13\/dia-dos-pais-e-celebrado-com-esporte-e-solidariedade-em-homenagem-a-divaldo-franco\/"},"wordCount":344,"publisher":{"@id":"https:\/\/bahiaeconomica.com.br\/wp\/#organization"},"keywords":["corrida","esporte","pais"],"articleSection":["MUNIC\u00cdPIOS"],"inLanguage":"pt-BR"},{"@type":"WebPage","@id":"https:\/\/bahiaeconomica.com.br\/wp\/2024\/08\/13\/dia-dos-pais-e-celebrado-com-esporte-e-solidariedade-em-homenagem-a-divaldo-franco\/","url":"https:\/\/bahiaeconomica.com.br\/wp\/2024\/08\/13\/dia-dos-pais-e-celebrado-com-esporte-e-solidariedade-em-homenagem-a-divaldo-franco\/","name":"DIA DOS PAIS \u00c9 CELEBRADO COM ESPORTE E SOLIDARIEDADE EM HOMENAGEM A DIVALDO FRANCO\u00a0 - Bahia Economica","isPartOf":{"@id":"https:\/\/bahiaeconomica.com.br\/wp\/#website"},"datePublished":"2024-08-13T13:00:59+00:00","dateModified":"2024-08-13T13:44:06+00:00","description":"O maior portal de Economia da Bahia MUNIC\u00cdPIOS Bahia Economica corrida trouxe um clima de alegria e uni\u00e3o que se espalhou por toda a cidade","breadcrumb":{"@id":"https:\/\/bahiaeconomica.com.br\/wp\/2024\/08\/13\/dia-dos-pais-e-celebrado-com-esporte-e-solidariedade-em-homenagem-a-divaldo-franco\/#breadcrumb"},"inLanguage":"pt-BR","potentialAction":[{"@type":"ReadAction","target":["https:\/\/bahiaeconomica.com.br\/wp\/2024\/08\/13\/dia-dos-pais-e-celebrado-com-esporte-e-solidariedade-em-homenagem-a-divaldo-franco\/"]}]},{"@type":"BreadcrumbList","@id":"https:\/\/bahiaeconomica.com.br\/wp\/2024\/08\/13\/dia-dos-pais-e-celebrado-com-esporte-e-solidariedade-em-homenagem-a-divaldo-franco\/#breadcrumb","itemListElement":[{"@type":"ListItem","position":1,"name":"In\u00edcio","item":"https:\/\/bahiaeconomica.com.br\/wp\/"},{"@type":"ListItem","position":2,"name":"DIA DOS PAIS \u00c9 CELEBRADO COM ESPORTE E SOLIDARIEDADE EM HOMENAGEM A DIVALDO FRANCO\u00a0"}]},{"@type":"WebSite","@id":"https:\/\/bahiaeconomica.com.br\/wp\/#website","url":"https:\/\/bahiaeconomica.com.br\/wp\/","name":"Bahia Economica","description":"O maior portal de Economia da Bahia","publisher":{"@id":"https:\/\/bahiaeconomica.com.br\/wp\/#organization"},"potentialAction":[{"@type":"SearchAction","target":{"@type":"EntryPoint","urlTemplate":"https:\/\/bahiaeconomica.com.br\/wp\/?s={search_term_string}"},"query-input":"required name=search_term_string"}],"inLanguage":"pt-BR"},{"@type":"Organization","@id":"https:\/\/bahiaeconomica.com.br\/wp\/#organization","name":"Bahia Econ\u00f4mica","url":"https:\/\/bahiaeconomica.com.br\/wp\/","logo":{"@type":"ImageObject","inLanguage":"pt-BR","@id":"https:\/\/bahiaeconomica.com.br\/wp\/#\/schema\/logo\/image\/","url":"https:\/\/bahiaeconomica.com.br\/wp\/wp-content\/uploads\/2020\/12\/cropped-BE.png","contentUrl":"https:\/\/bahiaeconomica.com.br\/wp\/wp-content\/uploads\/2020\/12\/cropped-BE.png","width":512,"height":512,"caption":"Bahia Econ\u00f4mica"},"image":{"@id":"https:\/\/bahiaeconomica.com.br\/wp\/#\/schema\/logo\/image\/"},"sameAs":["https:\/\/www.facebook.com\/bahiaeconomica"]},{"@type":"Person","@id":"https:\/\/bahiaeconomica.com.br\/wp\/#\/schema\/person\/c86d3a3f8960425a0f9d0e5245991f4e","name":"JP","sameAs":["https:\/\/bahiaeconomica.com.br\/wp\/beta\/"],"url":"https:\/\/bahiaeconomica.com.br\/wp\/author\/jp\/"}]}},"views":15,"_links":{"self":[{"href":"https:\/\/bahiaeconomica.com.br\/wp\/wp-json\/wp\/v2\/posts\/836929"}],"collection":[{"href":"https:\/\/bahiaeconomica.com.br\/wp\/wp-json\/wp\/v2\/posts"}],"about":[{"href":"https:\/\/bahiaeconomica.com.br\/wp\/wp-json\/wp\/v2\/types\/post"}],"author":[{"embeddable":true,"href":"https:\/\/bahiaeconomica.com.br\/wp\/wp-json\/wp\/v2\/users\/8"}],"replies":[{"embeddable":true,"href":"https:\/\/bahiaeconomica.com.br\/wp\/wp-json\/wp\/v2\/comments?post=836929"}],"version-history":[{"count":1,"href":"https:\/\/bahiaeconomica.com.br\/wp\/wp-json\/wp\/v2\/posts\/836929\/revisions"}],"predecessor-version":[{"id":836931,"href":"https:\/\/bahiaeconomica.com.br\/wp\/wp-json\/wp\/v2\/posts\/836929\/revisions\/836931"}],"wp:featuredmedia":[{"embeddable":true,"href":"https:\/\/bahiaeconomica.com.br\/wp\/wp-json\/wp\/v2\/media\/836930"}],"wp:attachment":[{"href":"https:\/\/bahiaeconomica.com.br\/wp\/wp-json\/wp\/v2\/media?parent=836929"}],"wp:term":[{"taxonomy":"category","embeddable":true,"href":"https:\/\/bahiaeconomica.com.br\/wp\/wp-json\/wp\/v2\/categories?post=836929"},{"taxonomy":"post_tag","embeddable":true,"href":"https:\/\/bahiaeconomica.com.br\/wp\/wp-json\/wp\/v2\/tags?post=836929"}],"curies":[{"name":"wp","href":"https:\/\/api.w.org\/{rel}","templated":true}]}}