{"id":836860,"date":"2024-08-12T18:33:09","date_gmt":"2024-08-12T21:33:09","guid":{"rendered":"https:\/\/bahiaeconomica.com.br\/wp\/?p=836860"},"modified":"2024-08-12T18:34:02","modified_gmt":"2024-08-12T21:34:02","slug":"festival-da-cultura-japonesa-de-salvador-anuncia-programacao-completa","status":"publish","type":"post","link":"https:\/\/bahiaeconomica.com.br\/wp\/2024\/08\/12\/festival-da-cultura-japonesa-de-salvador-anuncia-programacao-completa\/","title":{"rendered":"FESTIVAL DA CULTURA JAPONESA DE SALVADOR ANUNCIA PROGRAMA\u00c7\u00c3O COMPLETA"},"content":{"rendered":"<p>A 16\u00aa edi\u00e7\u00e3o do Festival da Cultura Japonesa de Salvador, que ser\u00e1 realizado de 30 de agosto a 1\u00b0 de setembro, no Parque de Exposi\u00e7\u00f5es Agropecu\u00e1rias de Salvador, anuncia a programa\u00e7\u00e3o completa dos tr\u00eas palcos: Haru (shows e apresenta\u00e7\u00f5es), Natsu (artes marciais) e Mirai (cultura pop), al\u00e9m do espa\u00e7o Bon Odori, Expoagro, Seagri, Espa\u00e7o de Compras e Showroom. A programa\u00e7\u00e3o completa pode ser acessada no site: https:\/\/bonodorisalvador.com.br\/<\/p>\n<p>Nesta edi\u00e7\u00e3o, um time de artistas promete garantir a divers\u00e3o do p\u00fablico. Entre os destaques est\u00e1 o grupo ABEYA, atra\u00e7\u00e3o internacional, que busca expressar a ess\u00eancia da m\u00fasica e dos sons do Jap\u00e3o. Entre as personalidades est\u00e3o Glauco Marques, ator, cantor, dublador e diretor de dublagem para dar voz a personagens como Roronoa Zoro em &#8220;One Piece&#8221; e Muzan Kibutsuji em &#8220;Demon Slayer&#8221;. Outra atra\u00e7\u00e3o aguardada \u00e9 Wendel Bezerra, que deu voz a personagens como Goku (Dragon Ball), Bob Esponja e Jackie Chan.<\/p>\n<p><strong>Venda de ingressos <\/strong><\/p>\n<p>O segundo lote est\u00e1 dispon\u00edvel at\u00e9 o dia 25 de agosto, e custam R$24 (inteira) e R$12 (meia entrada) na sexta-feira do evento; j\u00e1 no s\u00e1bado e domingo, custam R$34 (inteira) e R$17 (meia entrada). Os ingressos podem ser adquiridos no Balc\u00e3o Pida do Salvador Shopping, do Salvador Norte Shopping, do Shopping Piedade, do Shopping Paralela e na Central do Carnaval, localizada no Shopping da Bahia. Os ingressos s\u00e3o vendidos on-line atrav\u00e9s da plataforma Ticket Maker: https:\/\/bonodorisalvador.com.br\/ingressos<\/p>\n<p>Foto: Divulga\u00e7\u00e3o<\/p>\n","protected":false},"excerpt":{"rendered":"<p>A 16\u00aa edi\u00e7\u00e3o do Festival da Cultura Japonesa de Salvador, que ser\u00e1 realizado de 30 de agosto a 1\u00b0 de setembro, no Parque de Exposi\u00e7\u00f5es Agropecu\u00e1rias de Salvador, anuncia a programa\u00e7\u00e3o completa dos tr\u00eas palcos: Haru (shows e apresenta\u00e7\u00f5es), Natsu (artes marciais) e Mirai (cultura pop), al\u00e9m do espa\u00e7o Bon Odori, Expoagro, Seagri, Espa\u00e7o de [&hellip;]<\/p>\n","protected":false},"author":20,"featured_media":836861,"comment_status":"closed","ping_status":"closed","sticky":false,"template":"","format":"standard","meta":[],"categories":[689],"tags":[17521,4040,73],"acf":[],"yoast_head":"<!-- This site is optimized with the Yoast SEO plugin v20.8 - https:\/\/yoast.com\/wordpress\/plugins\/seo\/ -->\n<title>FESTIVAL DA CULTURA JAPONESA DE SALVADOR ANUNCIA PROGRAMA\u00c7\u00c3O COMPLETA - Bahia Economica<\/title>\n<meta name=\"description\" content=\"O maior portal de Economia da Bahia CULTURA E ARTE Bahia Economica Nesta edi\u00e7\u00e3o, um time de artistas promete garantir a divers\u00e3o do p\u00fablico\" \/>\n<meta name=\"robots\" content=\"index, follow, max-snippet:-1, max-image-preview:large, max-video-preview:-1\" \/>\n<link rel=\"canonical\" href=\"https:\/\/bahiaeconomica.com.br\/wp\/2024\/08\/12\/festival-da-cultura-japonesa-de-salvador-anuncia-programacao-completa\/\" \/>\n<meta property=\"og:locale\" content=\"pt_BR\" \/>\n<meta property=\"og:type\" content=\"article\" \/>\n<meta property=\"og:title\" content=\"FESTIVAL DA CULTURA JAPONESA DE SALVADOR ANUNCIA PROGRAMA\u00c7\u00c3O COMPLETA - Bahia Economica\" \/>\n<meta property=\"og:description\" content=\"O maior portal de Economia da Bahia CULTURA E ARTE Bahia Economica Nesta edi\u00e7\u00e3o, um time de artistas promete garantir a divers\u00e3o do p\u00fablico\" \/>\n<meta property=\"og:url\" content=\"https:\/\/bahiaeconomica.com.br\/wp\/2024\/08\/12\/festival-da-cultura-japonesa-de-salvador-anuncia-programacao-completa\/\" \/>\n<meta property=\"og:site_name\" content=\"Bahia Economica\" \/>\n<meta property=\"article:publisher\" content=\"https:\/\/www.facebook.com\/bahiaeconomica\" \/>\n<meta property=\"article:published_time\" content=\"2024-08-12T21:33:09+00:00\" \/>\n<meta property=\"article:modified_time\" content=\"2024-08-12T21:34:02+00:00\" \/>\n<meta property=\"og:image\" content=\"https:\/\/bahiaeconomica.com.br\/wp\/wp-content\/uploads\/2024\/08\/53200738120_07bc1cd724_k.jpg\" \/>\n\t<meta property=\"og:image:width\" content=\"2047\" \/>\n\t<meta property=\"og:image:height\" content=\"1123\" \/>\n\t<meta property=\"og:image:type\" content=\"image\/jpeg\" \/>\n<meta name=\"author\" content=\"BRUNA CARVALHO\" \/>\n<meta name=\"twitter:card\" content=\"summary_large_image\" \/>\n<meta name=\"twitter:label1\" content=\"Escrito por\" \/>\n\t<meta name=\"twitter:data1\" content=\"BRUNA CARVALHO\" \/>\n\t<meta name=\"twitter:label2\" content=\"Est. tempo de leitura\" \/>\n\t<meta name=\"twitter:data2\" content=\"2 minutos\" \/>\n<script type=\"application\/ld+json\" class=\"yoast-schema-graph\">{\"@context\":\"https:\/\/schema.org\",\"@graph\":[{\"@type\":\"Article\",\"@id\":\"https:\/\/bahiaeconomica.com.br\/wp\/2024\/08\/12\/festival-da-cultura-japonesa-de-salvador-anuncia-programacao-completa\/#article\",\"isPartOf\":{\"@id\":\"https:\/\/bahiaeconomica.com.br\/wp\/2024\/08\/12\/festival-da-cultura-japonesa-de-salvador-anuncia-programacao-completa\/\"},\"author\":{\"name\":\"BRUNA CARVALHO\",\"@id\":\"https:\/\/bahiaeconomica.com.br\/wp\/#\/schema\/person\/9310b0e591f5979f6f99773eac5804e6\"},\"headline\":\"FESTIVAL DA CULTURA JAPONESA DE SALVADOR ANUNCIA PROGRAMA\u00c7\u00c3O COMPLETA\",\"datePublished\":\"2024-08-12T21:33:09+00:00\",\"dateModified\":\"2024-08-12T21:34:02+00:00\",\"mainEntityOfPage\":{\"@id\":\"https:\/\/bahiaeconomica.com.br\/wp\/2024\/08\/12\/festival-da-cultura-japonesa-de-salvador-anuncia-programacao-completa\/\"},\"wordCount\":269,\"publisher\":{\"@id\":\"https:\/\/bahiaeconomica.com.br\/wp\/#organization\"},\"keywords\":[\"Bon Odori\",\"programa\u00e7\u00e3o\",\"Salvador\"],\"articleSection\":[\"CULTURA E ARTE\"],\"inLanguage\":\"pt-BR\"},{\"@type\":\"WebPage\",\"@id\":\"https:\/\/bahiaeconomica.com.br\/wp\/2024\/08\/12\/festival-da-cultura-japonesa-de-salvador-anuncia-programacao-completa\/\",\"url\":\"https:\/\/bahiaeconomica.com.br\/wp\/2024\/08\/12\/festival-da-cultura-japonesa-de-salvador-anuncia-programacao-completa\/\",\"name\":\"FESTIVAL DA CULTURA JAPONESA DE SALVADOR ANUNCIA PROGRAMA\u00c7\u00c3O COMPLETA - Bahia Economica\",\"isPartOf\":{\"@id\":\"https:\/\/bahiaeconomica.com.br\/wp\/#website\"},\"datePublished\":\"2024-08-12T21:33:09+00:00\",\"dateModified\":\"2024-08-12T21:34:02+00:00\",\"description\":\"O maior portal de Economia da Bahia CULTURA E ARTE Bahia Economica Nesta edi\u00e7\u00e3o, um time de artistas promete garantir a divers\u00e3o do p\u00fablico\",\"breadcrumb\":{\"@id\":\"https:\/\/bahiaeconomica.com.br\/wp\/2024\/08\/12\/festival-da-cultura-japonesa-de-salvador-anuncia-programacao-completa\/#breadcrumb\"},\"inLanguage\":\"pt-BR\",\"potentialAction\":[{\"@type\":\"ReadAction\",\"target\":[\"https:\/\/bahiaeconomica.com.br\/wp\/2024\/08\/12\/festival-da-cultura-japonesa-de-salvador-anuncia-programacao-completa\/\"]}]},{\"@type\":\"BreadcrumbList\",\"@id\":\"https:\/\/bahiaeconomica.com.br\/wp\/2024\/08\/12\/festival-da-cultura-japonesa-de-salvador-anuncia-programacao-completa\/#breadcrumb\",\"itemListElement\":[{\"@type\":\"ListItem\",\"position\":1,\"name\":\"In\u00edcio\",\"item\":\"https:\/\/bahiaeconomica.com.br\/wp\/\"},{\"@type\":\"ListItem\",\"position\":2,\"name\":\"FESTIVAL DA CULTURA JAPONESA DE SALVADOR ANUNCIA PROGRAMA\u00c7\u00c3O COMPLETA\"}]},{\"@type\":\"WebSite\",\"@id\":\"https:\/\/bahiaeconomica.com.br\/wp\/#website\",\"url\":\"https:\/\/bahiaeconomica.com.br\/wp\/\",\"name\":\"Bahia Economica\",\"description\":\"O maior portal de Economia da Bahia\",\"publisher\":{\"@id\":\"https:\/\/bahiaeconomica.com.br\/wp\/#organization\"},\"potentialAction\":[{\"@type\":\"SearchAction\",\"target\":{\"@type\":\"EntryPoint\",\"urlTemplate\":\"https:\/\/bahiaeconomica.com.br\/wp\/?s={search_term_string}\"},\"query-input\":\"required name=search_term_string\"}],\"inLanguage\":\"pt-BR\"},{\"@type\":\"Organization\",\"@id\":\"https:\/\/bahiaeconomica.com.br\/wp\/#organization\",\"name\":\"Bahia Econ\u00f4mica\",\"url\":\"https:\/\/bahiaeconomica.com.br\/wp\/\",\"logo\":{\"@type\":\"ImageObject\",\"inLanguage\":\"pt-BR\",\"@id\":\"https:\/\/bahiaeconomica.com.br\/wp\/#\/schema\/logo\/image\/\",\"url\":\"https:\/\/bahiaeconomica.com.br\/wp\/wp-content\/uploads\/2020\/12\/cropped-BE.png\",\"contentUrl\":\"https:\/\/bahiaeconomica.com.br\/wp\/wp-content\/uploads\/2020\/12\/cropped-BE.png\",\"width\":512,\"height\":512,\"caption\":\"Bahia Econ\u00f4mica\"},\"image\":{\"@id\":\"https:\/\/bahiaeconomica.com.br\/wp\/#\/schema\/logo\/image\/\"},\"sameAs\":[\"https:\/\/www.facebook.com\/bahiaeconomica\"]},{\"@type\":\"Person\",\"@id\":\"https:\/\/bahiaeconomica.com.br\/wp\/#\/schema\/person\/9310b0e591f5979f6f99773eac5804e6\",\"name\":\"BRUNA CARVALHO\",\"sameAs\":[\"http:\/\/www.bahiaeconomica.com.br\"],\"url\":\"https:\/\/bahiaeconomica.com.br\/wp\/author\/bruna\/\"}]}<\/script>\n<!-- \/ Yoast SEO plugin. -->","yoast_head_json":{"title":"FESTIVAL DA CULTURA JAPONESA DE SALVADOR ANUNCIA PROGRAMA\u00c7\u00c3O COMPLETA - Bahia Economica","description":"O maior portal de Economia da Bahia CULTURA E ARTE Bahia Economica Nesta edi\u00e7\u00e3o, um time de artistas promete garantir a divers\u00e3o do p\u00fablico","robots":{"index":"index","follow":"follow","max-snippet":"max-snippet:-1","max-image-preview":"max-image-preview:large","max-video-preview":"max-video-preview:-1"},"canonical":"https:\/\/bahiaeconomica.com.br\/wp\/2024\/08\/12\/festival-da-cultura-japonesa-de-salvador-anuncia-programacao-completa\/","og_locale":"pt_BR","og_type":"article","og_title":"FESTIVAL DA CULTURA JAPONESA DE SALVADOR ANUNCIA PROGRAMA\u00c7\u00c3O COMPLETA - Bahia Economica","og_description":"O maior portal de Economia da Bahia CULTURA E ARTE Bahia Economica Nesta edi\u00e7\u00e3o, um time de artistas promete garantir a divers\u00e3o do p\u00fablico","og_url":"https:\/\/bahiaeconomica.com.br\/wp\/2024\/08\/12\/festival-da-cultura-japonesa-de-salvador-anuncia-programacao-completa\/","og_site_name":"Bahia Economica","article_publisher":"https:\/\/www.facebook.com\/bahiaeconomica","article_published_time":"2024-08-12T21:33:09+00:00","article_modified_time":"2024-08-12T21:34:02+00:00","og_image":[{"width":2047,"height":1123,"url":"https:\/\/bahiaeconomica.com.br\/wp\/wp-content\/uploads\/2024\/08\/53200738120_07bc1cd724_k.jpg","type":"image\/jpeg"}],"author":"BRUNA CARVALHO","twitter_card":"summary_large_image","twitter_misc":{"Escrito por":"BRUNA CARVALHO","Est. tempo de leitura":"2 minutos"},"schema":{"@context":"https:\/\/schema.org","@graph":[{"@type":"Article","@id":"https:\/\/bahiaeconomica.com.br\/wp\/2024\/08\/12\/festival-da-cultura-japonesa-de-salvador-anuncia-programacao-completa\/#article","isPartOf":{"@id":"https:\/\/bahiaeconomica.com.br\/wp\/2024\/08\/12\/festival-da-cultura-japonesa-de-salvador-anuncia-programacao-completa\/"},"author":{"name":"BRUNA CARVALHO","@id":"https:\/\/bahiaeconomica.com.br\/wp\/#\/schema\/person\/9310b0e591f5979f6f99773eac5804e6"},"headline":"FESTIVAL DA CULTURA JAPONESA DE SALVADOR ANUNCIA PROGRAMA\u00c7\u00c3O COMPLETA","datePublished":"2024-08-12T21:33:09+00:00","dateModified":"2024-08-12T21:34:02+00:00","mainEntityOfPage":{"@id":"https:\/\/bahiaeconomica.com.br\/wp\/2024\/08\/12\/festival-da-cultura-japonesa-de-salvador-anuncia-programacao-completa\/"},"wordCount":269,"publisher":{"@id":"https:\/\/bahiaeconomica.com.br\/wp\/#organization"},"keywords":["Bon Odori","programa\u00e7\u00e3o","Salvador"],"articleSection":["CULTURA E ARTE"],"inLanguage":"pt-BR"},{"@type":"WebPage","@id":"https:\/\/bahiaeconomica.com.br\/wp\/2024\/08\/12\/festival-da-cultura-japonesa-de-salvador-anuncia-programacao-completa\/","url":"https:\/\/bahiaeconomica.com.br\/wp\/2024\/08\/12\/festival-da-cultura-japonesa-de-salvador-anuncia-programacao-completa\/","name":"FESTIVAL DA CULTURA JAPONESA DE SALVADOR ANUNCIA PROGRAMA\u00c7\u00c3O COMPLETA - Bahia Economica","isPartOf":{"@id":"https:\/\/bahiaeconomica.com.br\/wp\/#website"},"datePublished":"2024-08-12T21:33:09+00:00","dateModified":"2024-08-12T21:34:02+00:00","description":"O maior portal de Economia da Bahia CULTURA E ARTE Bahia Economica Nesta edi\u00e7\u00e3o, um time de artistas promete garantir a divers\u00e3o do p\u00fablico","breadcrumb":{"@id":"https:\/\/bahiaeconomica.com.br\/wp\/2024\/08\/12\/festival-da-cultura-japonesa-de-salvador-anuncia-programacao-completa\/#breadcrumb"},"inLanguage":"pt-BR","potentialAction":[{"@type":"ReadAction","target":["https:\/\/bahiaeconomica.com.br\/wp\/2024\/08\/12\/festival-da-cultura-japonesa-de-salvador-anuncia-programacao-completa\/"]}]},{"@type":"BreadcrumbList","@id":"https:\/\/bahiaeconomica.com.br\/wp\/2024\/08\/12\/festival-da-cultura-japonesa-de-salvador-anuncia-programacao-completa\/#breadcrumb","itemListElement":[{"@type":"ListItem","position":1,"name":"In\u00edcio","item":"https:\/\/bahiaeconomica.com.br\/wp\/"},{"@type":"ListItem","position":2,"name":"FESTIVAL DA CULTURA JAPONESA DE SALVADOR ANUNCIA PROGRAMA\u00c7\u00c3O COMPLETA"}]},{"@type":"WebSite","@id":"https:\/\/bahiaeconomica.com.br\/wp\/#website","url":"https:\/\/bahiaeconomica.com.br\/wp\/","name":"Bahia Economica","description":"O maior portal de Economia da Bahia","publisher":{"@id":"https:\/\/bahiaeconomica.com.br\/wp\/#organization"},"potentialAction":[{"@type":"SearchAction","target":{"@type":"EntryPoint","urlTemplate":"https:\/\/bahiaeconomica.com.br\/wp\/?s={search_term_string}"},"query-input":"required name=search_term_string"}],"inLanguage":"pt-BR"},{"@type":"Organization","@id":"https:\/\/bahiaeconomica.com.br\/wp\/#organization","name":"Bahia Econ\u00f4mica","url":"https:\/\/bahiaeconomica.com.br\/wp\/","logo":{"@type":"ImageObject","inLanguage":"pt-BR","@id":"https:\/\/bahiaeconomica.com.br\/wp\/#\/schema\/logo\/image\/","url":"https:\/\/bahiaeconomica.com.br\/wp\/wp-content\/uploads\/2020\/12\/cropped-BE.png","contentUrl":"https:\/\/bahiaeconomica.com.br\/wp\/wp-content\/uploads\/2020\/12\/cropped-BE.png","width":512,"height":512,"caption":"Bahia Econ\u00f4mica"},"image":{"@id":"https:\/\/bahiaeconomica.com.br\/wp\/#\/schema\/logo\/image\/"},"sameAs":["https:\/\/www.facebook.com\/bahiaeconomica"]},{"@type":"Person","@id":"https:\/\/bahiaeconomica.com.br\/wp\/#\/schema\/person\/9310b0e591f5979f6f99773eac5804e6","name":"BRUNA CARVALHO","sameAs":["http:\/\/www.bahiaeconomica.com.br"],"url":"https:\/\/bahiaeconomica.com.br\/wp\/author\/bruna\/"}]}},"views":16,"_links":{"self":[{"href":"https:\/\/bahiaeconomica.com.br\/wp\/wp-json\/wp\/v2\/posts\/836860"}],"collection":[{"href":"https:\/\/bahiaeconomica.com.br\/wp\/wp-json\/wp\/v2\/posts"}],"about":[{"href":"https:\/\/bahiaeconomica.com.br\/wp\/wp-json\/wp\/v2\/types\/post"}],"author":[{"embeddable":true,"href":"https:\/\/bahiaeconomica.com.br\/wp\/wp-json\/wp\/v2\/users\/20"}],"replies":[{"embeddable":true,"href":"https:\/\/bahiaeconomica.com.br\/wp\/wp-json\/wp\/v2\/comments?post=836860"}],"version-history":[{"count":1,"href":"https:\/\/bahiaeconomica.com.br\/wp\/wp-json\/wp\/v2\/posts\/836860\/revisions"}],"predecessor-version":[{"id":836863,"href":"https:\/\/bahiaeconomica.com.br\/wp\/wp-json\/wp\/v2\/posts\/836860\/revisions\/836863"}],"wp:featuredmedia":[{"embeddable":true,"href":"https:\/\/bahiaeconomica.com.br\/wp\/wp-json\/wp\/v2\/media\/836861"}],"wp:attachment":[{"href":"https:\/\/bahiaeconomica.com.br\/wp\/wp-json\/wp\/v2\/media?parent=836860"}],"wp:term":[{"taxonomy":"category","embeddable":true,"href":"https:\/\/bahiaeconomica.com.br\/wp\/wp-json\/wp\/v2\/categories?post=836860"},{"taxonomy":"post_tag","embeddable":true,"href":"https:\/\/bahiaeconomica.com.br\/wp\/wp-json\/wp\/v2\/tags?post=836860"}],"curies":[{"name":"wp","href":"https:\/\/api.w.org\/{rel}","templated":true}]}}