{"id":836549,"date":"2024-08-10T13:00:37","date_gmt":"2024-08-10T16:00:37","guid":{"rendered":"https:\/\/bahiaeconomica.com.br\/wp\/?p=836549"},"modified":"2024-08-10T15:52:53","modified_gmt":"2024-08-10T18:52:53","slug":"companhia-confirma-morte-de-passageiro-que-nao-constava-em-lista-e-no-de-vitimas-de-desastre-aereo-em-vinhedo-sobe-para-62","status":"publish","type":"post","link":"https:\/\/bahiaeconomica.com.br\/wp\/2024\/08\/10\/companhia-confirma-morte-de-passageiro-que-nao-constava-em-lista-e-no-de-vitimas-de-desastre-aereo-em-vinhedo-sobe-para-62\/","title":{"rendered":"COMPANHIA CONFIRMA MORTE DE PASSAGEIRO QUE N\u00c3O CONSTAVA EM LISTA E N\u00ba DE V\u00cdTIMAS DE DESASTRE A\u00c9REO EM VINHEDO SOBE PARA 62"},"content":{"rendered":"<p>A companhia a\u00e9rea Voepass confirmou, na manh\u00e3 deste s\u00e1bado (10), a 62\u00aa morte na queda de avi\u00e3o em Vinhedo (SP), na sexta-feira (9). Trata-se de Constantino Th\u00e9 Maia. De acordo com a empresa, o nome de Constantino n\u00e3o estava na lista de passageiros embarcados por uma &#8220;quest\u00e3o t\u00e9cnica identificada pela companhia referente \u00e0s valida\u00e7\u00f5es de check-in, valida\u00e7\u00e3o do embarque e contagem de passageiros embarcados&#8221;.<\/p>\n<p>&#8220;Em respeito \u00e0 identidade do passageiro e de sua fam\u00edlia, a VOEPASS decidiu confirmar a informa\u00e7\u00e3o de que Constantino estava a bordo do voo 2283 somente quando n\u00e3o houvesse d\u00favidas&#8221;, diz a nota da a\u00e9rea. Segundo a fam\u00edlia, que j\u00e1 considerava a v\u00edtima desaparecida desde sexta-feira, Constantino tinha 50 anos, morava no Rio Grande do Norte e era representante comercial de v\u00e1rias empresas do ramo de constru\u00e7\u00e3o civil.<\/p>\n<p>O avi\u00e3o caiu na tarde de sexta-feira em um condom\u00ednio residencial do bairro Capela, em Vinhedo. As 62 pessoas que estavam na aeronave morreram &#8211; foi o maior desastre a\u00e9reo do pa\u00eds em n\u00famero de v\u00edtimas desde 2007. At\u00e9 a publica\u00e7\u00e3o, 21 corpos foram retirados dos escombros. Eles foram levados para o Instituto M\u00e9dico Legal (IML) de S\u00e3o Paulo, onde ser\u00e3o identificados.<\/p>\n<p>A per\u00edcia realizada durante a madrugada foi feita pelo gabinete de crise montado no local do acidente \u00e9 formado pelas pol\u00edcias Federal, Militar, Civil, Cient\u00edfica, al\u00e9m de Cenipa, Corpo de Bombeiros, Defesa Civil e representantes da companhia a\u00e9rea Voepass. Um scanner 3D utilizado pela Pol\u00edcia Federal \u00e9 uma tecnologia moderna que acelera a localiza\u00e7\u00e3o dos corpos.<\/p>\n<p>Porta-voz do Corpo de Bombeiros, Maycon Cristo detalhou como foi feito o trabalho. Primeiro, foi realizada uma per\u00edcia na parte externa da aeronave e, posteriormente, iniciou-se um trabalho &#8220;mais meticuloso&#8221; de recorte do avi\u00e3o para a retirada de partes que est\u00e3o em locais de dif\u00edcil acesso.<\/p>\n<p>&#8220;A gente considera um documento, aparelho celular, posicionamento na aeronave, tudo isso para colaborar para a identifca\u00e7\u00e3o. Considerando toda essa coleta de evid\u00eancias, a\u00ed a gente retira o corpo, coloca no carro e leva para o IML de S\u00e3o Paulo para concluir a identifica\u00e7\u00e3o&#8221;, explicou.<\/p>\n<p><strong>Foto:<\/strong>\u00a0<em class=\"font-medium not-italic text-slate-600\">Renato Bezerra<\/em><\/p>\n","protected":false},"excerpt":{"rendered":"<p>A companhia a\u00e9rea Voepass confirmou, na manh\u00e3 deste s\u00e1bado (10), a 62\u00aa morte na queda de avi\u00e3o em Vinhedo (SP), na sexta-feira (9). Trata-se de Constantino Th\u00e9 Maia. De acordo com a empresa, o nome de Constantino n\u00e3o estava na lista de passageiros embarcados por uma &#8220;quest\u00e3o t\u00e9cnica identificada pela companhia referente \u00e0s valida\u00e7\u00f5es de [&hellip;]<\/p>\n","protected":false},"author":8,"featured_media":836550,"comment_status":"closed","ping_status":"closed","sticky":false,"template":"","format":"standard","meta":[],"categories":[14,3],"tags":[820,52,1176,1086,100],"acf":[],"yoast_head":"<!-- This site is optimized with the Yoast SEO plugin v20.8 - https:\/\/yoast.com\/wordpress\/plugins\/seo\/ -->\n<title>COMPANHIA CONFIRMA MORTE DE PASSAGEIRO QUE N\u00c3O CONSTAVA EM LISTA E N\u00ba DE V\u00cdTIMAS DE DESASTRE A\u00c9REO EM VINHEDO SOBE PARA 62 - Bahia Economica<\/title>\n<meta name=\"description\" content=\"O maior portal de Economia da Bahia DESTAQUE DO DIA, ECONOMIA \/ POL\u00cdTICA Bahia Economica Cristo detalhou como foi feito o trabalho. Primeiro\" \/>\n<meta name=\"robots\" content=\"index, follow, max-snippet:-1, max-image-preview:large, max-video-preview:-1\" \/>\n<link rel=\"canonical\" href=\"https:\/\/bahiaeconomica.com.br\/wp\/2024\/08\/10\/companhia-confirma-morte-de-passageiro-que-nao-constava-em-lista-e-no-de-vitimas-de-desastre-aereo-em-vinhedo-sobe-para-62\/\" \/>\n<meta property=\"og:locale\" content=\"pt_BR\" \/>\n<meta property=\"og:type\" content=\"article\" \/>\n<meta property=\"og:title\" content=\"COMPANHIA CONFIRMA MORTE DE PASSAGEIRO QUE N\u00c3O CONSTAVA EM LISTA E N\u00ba DE V\u00cdTIMAS DE DESASTRE A\u00c9REO EM VINHEDO SOBE PARA 62 - Bahia Economica\" \/>\n<meta property=\"og:description\" content=\"O maior portal de Economia da Bahia DESTAQUE DO DIA, ECONOMIA \/ POL\u00cdTICA Bahia Economica Cristo detalhou como foi feito o trabalho. Primeiro\" \/>\n<meta property=\"og:url\" content=\"https:\/\/bahiaeconomica.com.br\/wp\/2024\/08\/10\/companhia-confirma-morte-de-passageiro-que-nao-constava-em-lista-e-no-de-vitimas-de-desastre-aereo-em-vinhedo-sobe-para-62\/\" \/>\n<meta property=\"og:site_name\" content=\"Bahia Economica\" \/>\n<meta property=\"article:publisher\" content=\"https:\/\/www.facebook.com\/bahiaeconomica\" \/>\n<meta property=\"article:published_time\" content=\"2024-08-10T16:00:37+00:00\" \/>\n<meta property=\"article:modified_time\" content=\"2024-08-10T18:52:53+00:00\" \/>\n<meta property=\"og:image\" content=\"https:\/\/bahiaeconomica.com.br\/wp\/wp-content\/uploads\/2024\/08\/WhatsApp-Image-2024-08-09-at-15.40.45.webp\" \/>\n\t<meta property=\"og:image:width\" content=\"1240\" \/>\n\t<meta property=\"og:image:height\" content=\"698\" \/>\n\t<meta property=\"og:image:type\" content=\"image\/webp\" \/>\n<meta name=\"author\" content=\"JP\" \/>\n<meta name=\"twitter:card\" content=\"summary_large_image\" \/>\n<meta name=\"twitter:label1\" content=\"Escrito por\" \/>\n\t<meta name=\"twitter:data1\" content=\"JP\" \/>\n\t<meta name=\"twitter:label2\" content=\"Est. tempo de leitura\" \/>\n\t<meta name=\"twitter:data2\" content=\"2 minutos\" \/>\n<script type=\"application\/ld+json\" class=\"yoast-schema-graph\">{\"@context\":\"https:\/\/schema.org\",\"@graph\":[{\"@type\":\"Article\",\"@id\":\"https:\/\/bahiaeconomica.com.br\/wp\/2024\/08\/10\/companhia-confirma-morte-de-passageiro-que-nao-constava-em-lista-e-no-de-vitimas-de-desastre-aereo-em-vinhedo-sobe-para-62\/#article\",\"isPartOf\":{\"@id\":\"https:\/\/bahiaeconomica.com.br\/wp\/2024\/08\/10\/companhia-confirma-morte-de-passageiro-que-nao-constava-em-lista-e-no-de-vitimas-de-desastre-aereo-em-vinhedo-sobe-para-62\/\"},\"author\":{\"name\":\"JP\",\"@id\":\"https:\/\/bahiaeconomica.com.br\/wp\/#\/schema\/person\/c86d3a3f8960425a0f9d0e5245991f4e\"},\"headline\":\"COMPANHIA CONFIRMA MORTE DE PASSAGEIRO QUE N\u00c3O CONSTAVA EM LISTA E N\u00ba DE V\u00cdTIMAS DE DESASTRE A\u00c9REO EM VINHEDO SOBE PARA 62\",\"datePublished\":\"2024-08-10T16:00:37+00:00\",\"dateModified\":\"2024-08-10T18:52:53+00:00\",\"mainEntityOfPage\":{\"@id\":\"https:\/\/bahiaeconomica.com.br\/wp\/2024\/08\/10\/companhia-confirma-morte-de-passageiro-que-nao-constava-em-lista-e-no-de-vitimas-de-desastre-aereo-em-vinhedo-sobe-para-62\/\"},\"wordCount\":399,\"publisher\":{\"@id\":\"https:\/\/bahiaeconomica.com.br\/wp\/#organization\"},\"keywords\":[\"avi\u00e3o\",\"Brasil\",\"mudan\u00e7a\",\"novidade\",\"Pol\u00edtica\"],\"articleSection\":[\"DESTAQUE DO DIA\",\"ECONOMIA \/ POL\u00cdTICA\"],\"inLanguage\":\"pt-BR\"},{\"@type\":\"WebPage\",\"@id\":\"https:\/\/bahiaeconomica.com.br\/wp\/2024\/08\/10\/companhia-confirma-morte-de-passageiro-que-nao-constava-em-lista-e-no-de-vitimas-de-desastre-aereo-em-vinhedo-sobe-para-62\/\",\"url\":\"https:\/\/bahiaeconomica.com.br\/wp\/2024\/08\/10\/companhia-confirma-morte-de-passageiro-que-nao-constava-em-lista-e-no-de-vitimas-de-desastre-aereo-em-vinhedo-sobe-para-62\/\",\"name\":\"COMPANHIA CONFIRMA MORTE DE PASSAGEIRO QUE N\u00c3O CONSTAVA EM LISTA E N\u00ba DE V\u00cdTIMAS DE DESASTRE A\u00c9REO EM VINHEDO SOBE PARA 62 - Bahia Economica\",\"isPartOf\":{\"@id\":\"https:\/\/bahiaeconomica.com.br\/wp\/#website\"},\"datePublished\":\"2024-08-10T16:00:37+00:00\",\"dateModified\":\"2024-08-10T18:52:53+00:00\",\"description\":\"O maior portal de Economia da Bahia DESTAQUE DO DIA, ECONOMIA \/ POL\u00cdTICA Bahia Economica Cristo detalhou como foi feito o trabalho. Primeiro\",\"breadcrumb\":{\"@id\":\"https:\/\/bahiaeconomica.com.br\/wp\/2024\/08\/10\/companhia-confirma-morte-de-passageiro-que-nao-constava-em-lista-e-no-de-vitimas-de-desastre-aereo-em-vinhedo-sobe-para-62\/#breadcrumb\"},\"inLanguage\":\"pt-BR\",\"potentialAction\":[{\"@type\":\"ReadAction\",\"target\":[\"https:\/\/bahiaeconomica.com.br\/wp\/2024\/08\/10\/companhia-confirma-morte-de-passageiro-que-nao-constava-em-lista-e-no-de-vitimas-de-desastre-aereo-em-vinhedo-sobe-para-62\/\"]}]},{\"@type\":\"BreadcrumbList\",\"@id\":\"https:\/\/bahiaeconomica.com.br\/wp\/2024\/08\/10\/companhia-confirma-morte-de-passageiro-que-nao-constava-em-lista-e-no-de-vitimas-de-desastre-aereo-em-vinhedo-sobe-para-62\/#breadcrumb\",\"itemListElement\":[{\"@type\":\"ListItem\",\"position\":1,\"name\":\"In\u00edcio\",\"item\":\"https:\/\/bahiaeconomica.com.br\/wp\/\"},{\"@type\":\"ListItem\",\"position\":2,\"name\":\"COMPANHIA CONFIRMA MORTE DE PASSAGEIRO QUE N\u00c3O CONSTAVA EM LISTA E N\u00ba DE V\u00cdTIMAS DE DESASTRE A\u00c9REO EM VINHEDO SOBE PARA 62\"}]},{\"@type\":\"WebSite\",\"@id\":\"https:\/\/bahiaeconomica.com.br\/wp\/#website\",\"url\":\"https:\/\/bahiaeconomica.com.br\/wp\/\",\"name\":\"Bahia Economica\",\"description\":\"O maior portal de Economia da Bahia\",\"publisher\":{\"@id\":\"https:\/\/bahiaeconomica.com.br\/wp\/#organization\"},\"potentialAction\":[{\"@type\":\"SearchAction\",\"target\":{\"@type\":\"EntryPoint\",\"urlTemplate\":\"https:\/\/bahiaeconomica.com.br\/wp\/?s={search_term_string}\"},\"query-input\":\"required name=search_term_string\"}],\"inLanguage\":\"pt-BR\"},{\"@type\":\"Organization\",\"@id\":\"https:\/\/bahiaeconomica.com.br\/wp\/#organization\",\"name\":\"Bahia Econ\u00f4mica\",\"url\":\"https:\/\/bahiaeconomica.com.br\/wp\/\",\"logo\":{\"@type\":\"ImageObject\",\"inLanguage\":\"pt-BR\",\"@id\":\"https:\/\/bahiaeconomica.com.br\/wp\/#\/schema\/logo\/image\/\",\"url\":\"https:\/\/bahiaeconomica.com.br\/wp\/wp-content\/uploads\/2020\/12\/cropped-BE.png\",\"contentUrl\":\"https:\/\/bahiaeconomica.com.br\/wp\/wp-content\/uploads\/2020\/12\/cropped-BE.png\",\"width\":512,\"height\":512,\"caption\":\"Bahia Econ\u00f4mica\"},\"image\":{\"@id\":\"https:\/\/bahiaeconomica.com.br\/wp\/#\/schema\/logo\/image\/\"},\"sameAs\":[\"https:\/\/www.facebook.com\/bahiaeconomica\"]},{\"@type\":\"Person\",\"@id\":\"https:\/\/bahiaeconomica.com.br\/wp\/#\/schema\/person\/c86d3a3f8960425a0f9d0e5245991f4e\",\"name\":\"JP\",\"sameAs\":[\"https:\/\/bahiaeconomica.com.br\/wp\/beta\/\"],\"url\":\"https:\/\/bahiaeconomica.com.br\/wp\/author\/jp\/\"}]}<\/script>\n<!-- \/ Yoast SEO plugin. -->","yoast_head_json":{"title":"COMPANHIA CONFIRMA MORTE DE PASSAGEIRO QUE N\u00c3O CONSTAVA EM LISTA E N\u00ba DE V\u00cdTIMAS DE DESASTRE A\u00c9REO EM VINHEDO SOBE PARA 62 - Bahia Economica","description":"O maior portal de Economia da Bahia DESTAQUE DO DIA, ECONOMIA \/ POL\u00cdTICA Bahia Economica Cristo detalhou como foi feito o trabalho. Primeiro","robots":{"index":"index","follow":"follow","max-snippet":"max-snippet:-1","max-image-preview":"max-image-preview:large","max-video-preview":"max-video-preview:-1"},"canonical":"https:\/\/bahiaeconomica.com.br\/wp\/2024\/08\/10\/companhia-confirma-morte-de-passageiro-que-nao-constava-em-lista-e-no-de-vitimas-de-desastre-aereo-em-vinhedo-sobe-para-62\/","og_locale":"pt_BR","og_type":"article","og_title":"COMPANHIA CONFIRMA MORTE DE PASSAGEIRO QUE N\u00c3O CONSTAVA EM LISTA E N\u00ba DE V\u00cdTIMAS DE DESASTRE A\u00c9REO EM VINHEDO SOBE PARA 62 - Bahia Economica","og_description":"O maior portal de Economia da Bahia DESTAQUE DO DIA, ECONOMIA \/ POL\u00cdTICA Bahia Economica Cristo detalhou como foi feito o trabalho. Primeiro","og_url":"https:\/\/bahiaeconomica.com.br\/wp\/2024\/08\/10\/companhia-confirma-morte-de-passageiro-que-nao-constava-em-lista-e-no-de-vitimas-de-desastre-aereo-em-vinhedo-sobe-para-62\/","og_site_name":"Bahia Economica","article_publisher":"https:\/\/www.facebook.com\/bahiaeconomica","article_published_time":"2024-08-10T16:00:37+00:00","article_modified_time":"2024-08-10T18:52:53+00:00","og_image":[{"width":1240,"height":698,"url":"https:\/\/bahiaeconomica.com.br\/wp\/wp-content\/uploads\/2024\/08\/WhatsApp-Image-2024-08-09-at-15.40.45.webp","type":"image\/webp"}],"author":"JP","twitter_card":"summary_large_image","twitter_misc":{"Escrito por":"JP","Est. tempo de leitura":"2 minutos"},"schema":{"@context":"https:\/\/schema.org","@graph":[{"@type":"Article","@id":"https:\/\/bahiaeconomica.com.br\/wp\/2024\/08\/10\/companhia-confirma-morte-de-passageiro-que-nao-constava-em-lista-e-no-de-vitimas-de-desastre-aereo-em-vinhedo-sobe-para-62\/#article","isPartOf":{"@id":"https:\/\/bahiaeconomica.com.br\/wp\/2024\/08\/10\/companhia-confirma-morte-de-passageiro-que-nao-constava-em-lista-e-no-de-vitimas-de-desastre-aereo-em-vinhedo-sobe-para-62\/"},"author":{"name":"JP","@id":"https:\/\/bahiaeconomica.com.br\/wp\/#\/schema\/person\/c86d3a3f8960425a0f9d0e5245991f4e"},"headline":"COMPANHIA CONFIRMA MORTE DE PASSAGEIRO QUE N\u00c3O CONSTAVA EM LISTA E N\u00ba DE V\u00cdTIMAS DE DESASTRE A\u00c9REO EM VINHEDO SOBE PARA 62","datePublished":"2024-08-10T16:00:37+00:00","dateModified":"2024-08-10T18:52:53+00:00","mainEntityOfPage":{"@id":"https:\/\/bahiaeconomica.com.br\/wp\/2024\/08\/10\/companhia-confirma-morte-de-passageiro-que-nao-constava-em-lista-e-no-de-vitimas-de-desastre-aereo-em-vinhedo-sobe-para-62\/"},"wordCount":399,"publisher":{"@id":"https:\/\/bahiaeconomica.com.br\/wp\/#organization"},"keywords":["avi\u00e3o","Brasil","mudan\u00e7a","novidade","Pol\u00edtica"],"articleSection":["DESTAQUE DO DIA","ECONOMIA \/ POL\u00cdTICA"],"inLanguage":"pt-BR"},{"@type":"WebPage","@id":"https:\/\/bahiaeconomica.com.br\/wp\/2024\/08\/10\/companhia-confirma-morte-de-passageiro-que-nao-constava-em-lista-e-no-de-vitimas-de-desastre-aereo-em-vinhedo-sobe-para-62\/","url":"https:\/\/bahiaeconomica.com.br\/wp\/2024\/08\/10\/companhia-confirma-morte-de-passageiro-que-nao-constava-em-lista-e-no-de-vitimas-de-desastre-aereo-em-vinhedo-sobe-para-62\/","name":"COMPANHIA CONFIRMA MORTE DE PASSAGEIRO QUE N\u00c3O CONSTAVA EM LISTA E N\u00ba DE V\u00cdTIMAS DE DESASTRE A\u00c9REO EM VINHEDO SOBE PARA 62 - Bahia Economica","isPartOf":{"@id":"https:\/\/bahiaeconomica.com.br\/wp\/#website"},"datePublished":"2024-08-10T16:00:37+00:00","dateModified":"2024-08-10T18:52:53+00:00","description":"O maior portal de Economia da Bahia DESTAQUE DO DIA, ECONOMIA \/ POL\u00cdTICA Bahia Economica Cristo detalhou como foi feito o trabalho. Primeiro","breadcrumb":{"@id":"https:\/\/bahiaeconomica.com.br\/wp\/2024\/08\/10\/companhia-confirma-morte-de-passageiro-que-nao-constava-em-lista-e-no-de-vitimas-de-desastre-aereo-em-vinhedo-sobe-para-62\/#breadcrumb"},"inLanguage":"pt-BR","potentialAction":[{"@type":"ReadAction","target":["https:\/\/bahiaeconomica.com.br\/wp\/2024\/08\/10\/companhia-confirma-morte-de-passageiro-que-nao-constava-em-lista-e-no-de-vitimas-de-desastre-aereo-em-vinhedo-sobe-para-62\/"]}]},{"@type":"BreadcrumbList","@id":"https:\/\/bahiaeconomica.com.br\/wp\/2024\/08\/10\/companhia-confirma-morte-de-passageiro-que-nao-constava-em-lista-e-no-de-vitimas-de-desastre-aereo-em-vinhedo-sobe-para-62\/#breadcrumb","itemListElement":[{"@type":"ListItem","position":1,"name":"In\u00edcio","item":"https:\/\/bahiaeconomica.com.br\/wp\/"},{"@type":"ListItem","position":2,"name":"COMPANHIA CONFIRMA MORTE DE PASSAGEIRO QUE N\u00c3O CONSTAVA EM LISTA E N\u00ba DE V\u00cdTIMAS DE DESASTRE A\u00c9REO EM VINHEDO SOBE PARA 62"}]},{"@type":"WebSite","@id":"https:\/\/bahiaeconomica.com.br\/wp\/#website","url":"https:\/\/bahiaeconomica.com.br\/wp\/","name":"Bahia Economica","description":"O maior portal de Economia da Bahia","publisher":{"@id":"https:\/\/bahiaeconomica.com.br\/wp\/#organization"},"potentialAction":[{"@type":"SearchAction","target":{"@type":"EntryPoint","urlTemplate":"https:\/\/bahiaeconomica.com.br\/wp\/?s={search_term_string}"},"query-input":"required name=search_term_string"}],"inLanguage":"pt-BR"},{"@type":"Organization","@id":"https:\/\/bahiaeconomica.com.br\/wp\/#organization","name":"Bahia Econ\u00f4mica","url":"https:\/\/bahiaeconomica.com.br\/wp\/","logo":{"@type":"ImageObject","inLanguage":"pt-BR","@id":"https:\/\/bahiaeconomica.com.br\/wp\/#\/schema\/logo\/image\/","url":"https:\/\/bahiaeconomica.com.br\/wp\/wp-content\/uploads\/2020\/12\/cropped-BE.png","contentUrl":"https:\/\/bahiaeconomica.com.br\/wp\/wp-content\/uploads\/2020\/12\/cropped-BE.png","width":512,"height":512,"caption":"Bahia Econ\u00f4mica"},"image":{"@id":"https:\/\/bahiaeconomica.com.br\/wp\/#\/schema\/logo\/image\/"},"sameAs":["https:\/\/www.facebook.com\/bahiaeconomica"]},{"@type":"Person","@id":"https:\/\/bahiaeconomica.com.br\/wp\/#\/schema\/person\/c86d3a3f8960425a0f9d0e5245991f4e","name":"JP","sameAs":["https:\/\/bahiaeconomica.com.br\/wp\/beta\/"],"url":"https:\/\/bahiaeconomica.com.br\/wp\/author\/jp\/"}]}},"views":20,"_links":{"self":[{"href":"https:\/\/bahiaeconomica.com.br\/wp\/wp-json\/wp\/v2\/posts\/836549"}],"collection":[{"href":"https:\/\/bahiaeconomica.com.br\/wp\/wp-json\/wp\/v2\/posts"}],"about":[{"href":"https:\/\/bahiaeconomica.com.br\/wp\/wp-json\/wp\/v2\/types\/post"}],"author":[{"embeddable":true,"href":"https:\/\/bahiaeconomica.com.br\/wp\/wp-json\/wp\/v2\/users\/8"}],"replies":[{"embeddable":true,"href":"https:\/\/bahiaeconomica.com.br\/wp\/wp-json\/wp\/v2\/comments?post=836549"}],"version-history":[{"count":1,"href":"https:\/\/bahiaeconomica.com.br\/wp\/wp-json\/wp\/v2\/posts\/836549\/revisions"}],"predecessor-version":[{"id":836551,"href":"https:\/\/bahiaeconomica.com.br\/wp\/wp-json\/wp\/v2\/posts\/836549\/revisions\/836551"}],"wp:featuredmedia":[{"embeddable":true,"href":"https:\/\/bahiaeconomica.com.br\/wp\/wp-json\/wp\/v2\/media\/836550"}],"wp:attachment":[{"href":"https:\/\/bahiaeconomica.com.br\/wp\/wp-json\/wp\/v2\/media?parent=836549"}],"wp:term":[{"taxonomy":"category","embeddable":true,"href":"https:\/\/bahiaeconomica.com.br\/wp\/wp-json\/wp\/v2\/categories?post=836549"},{"taxonomy":"post_tag","embeddable":true,"href":"https:\/\/bahiaeconomica.com.br\/wp\/wp-json\/wp\/v2\/tags?post=836549"}],"curies":[{"name":"wp","href":"https:\/\/api.w.org\/{rel}","templated":true}]}}