{"id":836185,"date":"2024-08-08T19:54:23","date_gmt":"2024-08-08T22:54:23","guid":{"rendered":"https:\/\/bahiaeconomica.com.br\/wp\/?p=836185"},"modified":"2024-08-08T18:42:39","modified_gmt":"2024-08-08T21:42:39","slug":"pl-cria-programa-de-apoio-a-mulher-vitima-de-violencia-na-bahia","status":"publish","type":"post","link":"https:\/\/bahiaeconomica.com.br\/wp\/2024\/08\/08\/pl-cria-programa-de-apoio-a-mulher-vitima-de-violencia-na-bahia\/","title":{"rendered":"PL CRIA PROGRAMA DE APOIO \u00c0 MULHER V\u00cdTIMA DE VIOL\u00caNCIA NA BAHIA"},"content":{"rendered":"<p>O Projeto de Lei 20.183\/2013, de autoria do deputado Jos\u00e9 de Arimateia (Republicanos), que institui o Programa de Apoio \u00e0 Mulher V\u00edtima de Viol\u00eancia no Estado da Bahia, foi debatido novamente no plen\u00e1rio da Assembleia Legislativa da Bahia nesta quarta-feira (7). O objetivo \u00e9 prevenir e erradicar a viol\u00eancia contra a mulher, em alinhamento com a Lei Maria da Penha.<\/p>\n<p>De acordo com o autor do projeto, o Programa pretende oferecer suporte a mulheres que sofreram viol\u00eancia f\u00edsica, sexual, psicol\u00f3gica, moral ou patrimonial. O projeto prop\u00f5e um conjunto integrado de a\u00e7\u00f5es voltadas \u00e0 cria\u00e7\u00e3o de pol\u00edticas p\u00fablicas eficazes para a preven\u00e7\u00e3o, atendimento e acompanhamento dos casos de viol\u00eancia.<\/p>\n<p>Atualmente, o PL est\u00e1 na Comiss\u00e3o de Constitui\u00e7\u00e3o e Justi\u00e7a (CCJ) desde outubro de 2023, aguardando o parecer do relator. Caso aprovado, o Projeto estabelecer\u00e1 diretrizes para o Poder P\u00fablico Estadual em rela\u00e7\u00e3o ao apoio assistencial \u00e0s mulheres em situa\u00e7\u00e3o de viol\u00eancia.<\/p>\n","protected":false},"excerpt":{"rendered":"<p>O Projeto de Lei 20.183\/2013, de autoria do deputado Jos\u00e9 de Arimateia (Republicanos), que institui o Programa de Apoio \u00e0 Mulher V\u00edtima de Viol\u00eancia no Estado da Bahia, foi debatido novamente no plen\u00e1rio da Assembleia Legislativa da Bahia nesta quarta-feira (7). O objetivo \u00e9 prevenir e erradicar a viol\u00eancia contra a mulher, em alinhamento com [&hellip;]<\/p>\n","protected":false},"author":16,"featured_media":836186,"comment_status":"closed","ping_status":"closed","sticky":false,"template":"","format":"standard","meta":[],"categories":[5,14601],"tags":[],"acf":[],"yoast_head":"<!-- This site is optimized with the Yoast SEO plugin v20.8 - https:\/\/yoast.com\/wordpress\/plugins\/seo\/ -->\n<title>PL CRIA PROGRAMA DE APOIO \u00c0 MULHER V\u00cdTIMA DE VIOL\u00caNCIA NA BAHIA - Bahia Economica<\/title>\n<meta name=\"description\" content=\"O maior portal de Economia da Bahia MUNIC\u00cdPIOS, Pol\u00edtica Bahia Economica\" \/>\n<meta name=\"robots\" content=\"index, follow, max-snippet:-1, max-image-preview:large, max-video-preview:-1\" \/>\n<link rel=\"canonical\" href=\"https:\/\/bahiaeconomica.com.br\/wp\/2024\/08\/08\/pl-cria-programa-de-apoio-a-mulher-vitima-de-violencia-na-bahia\/\" \/>\n<meta property=\"og:locale\" content=\"pt_BR\" \/>\n<meta property=\"og:type\" content=\"article\" \/>\n<meta property=\"og:title\" content=\"PL CRIA PROGRAMA DE APOIO \u00c0 MULHER V\u00cdTIMA DE VIOL\u00caNCIA NA BAHIA - Bahia Economica\" \/>\n<meta property=\"og:description\" content=\"O maior portal de Economia da Bahia MUNIC\u00cdPIOS, Pol\u00edtica Bahia Economica\" \/>\n<meta property=\"og:url\" content=\"https:\/\/bahiaeconomica.com.br\/wp\/2024\/08\/08\/pl-cria-programa-de-apoio-a-mulher-vitima-de-violencia-na-bahia\/\" \/>\n<meta property=\"og:site_name\" content=\"Bahia Economica\" \/>\n<meta property=\"article:publisher\" content=\"https:\/\/www.facebook.com\/bahiaeconomica\" \/>\n<meta property=\"article:published_time\" content=\"2024-08-08T22:54:23+00:00\" \/>\n<meta property=\"article:modified_time\" content=\"2024-08-08T21:42:39+00:00\" \/>\n<meta property=\"og:image\" content=\"https:\/\/bahiaeconomica.com.br\/wp\/wp-content\/uploads\/2024\/08\/b2ap3_medium_6f5587de-919d-45ee-8dd5-abb8600991bb.jpg\" \/>\n\t<meta property=\"og:image:width\" content=\"640\" \/>\n\t<meta property=\"og:image:height\" content=\"426\" \/>\n\t<meta property=\"og:image:type\" content=\"image\/jpeg\" \/>\n<meta name=\"author\" content=\"LUIZA NASCIMENTO\" \/>\n<meta name=\"twitter:card\" content=\"summary_large_image\" \/>\n<meta name=\"twitter:label1\" content=\"Escrito por\" \/>\n\t<meta name=\"twitter:data1\" content=\"LUIZA NASCIMENTO\" \/>\n\t<meta name=\"twitter:label2\" content=\"Est. tempo de leitura\" \/>\n\t<meta name=\"twitter:data2\" content=\"1 minuto\" \/>\n<script type=\"application\/ld+json\" class=\"yoast-schema-graph\">{\"@context\":\"https:\/\/schema.org\",\"@graph\":[{\"@type\":\"Article\",\"@id\":\"https:\/\/bahiaeconomica.com.br\/wp\/2024\/08\/08\/pl-cria-programa-de-apoio-a-mulher-vitima-de-violencia-na-bahia\/#article\",\"isPartOf\":{\"@id\":\"https:\/\/bahiaeconomica.com.br\/wp\/2024\/08\/08\/pl-cria-programa-de-apoio-a-mulher-vitima-de-violencia-na-bahia\/\"},\"author\":{\"name\":\"LUIZA NASCIMENTO\",\"@id\":\"https:\/\/bahiaeconomica.com.br\/wp\/#\/schema\/person\/18273ac0fe04bfd4e7b101bf17d40152\"},\"headline\":\"PL CRIA PROGRAMA DE APOIO \u00c0 MULHER V\u00cdTIMA DE VIOL\u00caNCIA NA BAHIA\",\"datePublished\":\"2024-08-08T22:54:23+00:00\",\"dateModified\":\"2024-08-08T21:42:39+00:00\",\"mainEntityOfPage\":{\"@id\":\"https:\/\/bahiaeconomica.com.br\/wp\/2024\/08\/08\/pl-cria-programa-de-apoio-a-mulher-vitima-de-violencia-na-bahia\/\"},\"wordCount\":178,\"publisher\":{\"@id\":\"https:\/\/bahiaeconomica.com.br\/wp\/#organization\"},\"articleSection\":[\"MUNIC\u00cdPIOS\",\"Pol\u00edtica\"],\"inLanguage\":\"pt-BR\"},{\"@type\":\"WebPage\",\"@id\":\"https:\/\/bahiaeconomica.com.br\/wp\/2024\/08\/08\/pl-cria-programa-de-apoio-a-mulher-vitima-de-violencia-na-bahia\/\",\"url\":\"https:\/\/bahiaeconomica.com.br\/wp\/2024\/08\/08\/pl-cria-programa-de-apoio-a-mulher-vitima-de-violencia-na-bahia\/\",\"name\":\"PL CRIA PROGRAMA DE APOIO \u00c0 MULHER V\u00cdTIMA DE VIOL\u00caNCIA NA BAHIA - Bahia Economica\",\"isPartOf\":{\"@id\":\"https:\/\/bahiaeconomica.com.br\/wp\/#website\"},\"datePublished\":\"2024-08-08T22:54:23+00:00\",\"dateModified\":\"2024-08-08T21:42:39+00:00\",\"description\":\"O maior portal de Economia da Bahia MUNIC\u00cdPIOS, Pol\u00edtica Bahia Economica\",\"breadcrumb\":{\"@id\":\"https:\/\/bahiaeconomica.com.br\/wp\/2024\/08\/08\/pl-cria-programa-de-apoio-a-mulher-vitima-de-violencia-na-bahia\/#breadcrumb\"},\"inLanguage\":\"pt-BR\",\"potentialAction\":[{\"@type\":\"ReadAction\",\"target\":[\"https:\/\/bahiaeconomica.com.br\/wp\/2024\/08\/08\/pl-cria-programa-de-apoio-a-mulher-vitima-de-violencia-na-bahia\/\"]}]},{\"@type\":\"BreadcrumbList\",\"@id\":\"https:\/\/bahiaeconomica.com.br\/wp\/2024\/08\/08\/pl-cria-programa-de-apoio-a-mulher-vitima-de-violencia-na-bahia\/#breadcrumb\",\"itemListElement\":[{\"@type\":\"ListItem\",\"position\":1,\"name\":\"In\u00edcio\",\"item\":\"https:\/\/bahiaeconomica.com.br\/wp\/\"},{\"@type\":\"ListItem\",\"position\":2,\"name\":\"PL CRIA PROGRAMA DE APOIO \u00c0 MULHER V\u00cdTIMA DE VIOL\u00caNCIA NA BAHIA\"}]},{\"@type\":\"WebSite\",\"@id\":\"https:\/\/bahiaeconomica.com.br\/wp\/#website\",\"url\":\"https:\/\/bahiaeconomica.com.br\/wp\/\",\"name\":\"Bahia Economica\",\"description\":\"O maior portal de Economia da Bahia\",\"publisher\":{\"@id\":\"https:\/\/bahiaeconomica.com.br\/wp\/#organization\"},\"potentialAction\":[{\"@type\":\"SearchAction\",\"target\":{\"@type\":\"EntryPoint\",\"urlTemplate\":\"https:\/\/bahiaeconomica.com.br\/wp\/?s={search_term_string}\"},\"query-input\":\"required name=search_term_string\"}],\"inLanguage\":\"pt-BR\"},{\"@type\":\"Organization\",\"@id\":\"https:\/\/bahiaeconomica.com.br\/wp\/#organization\",\"name\":\"Bahia Econ\u00f4mica\",\"url\":\"https:\/\/bahiaeconomica.com.br\/wp\/\",\"logo\":{\"@type\":\"ImageObject\",\"inLanguage\":\"pt-BR\",\"@id\":\"https:\/\/bahiaeconomica.com.br\/wp\/#\/schema\/logo\/image\/\",\"url\":\"https:\/\/bahiaeconomica.com.br\/wp\/wp-content\/uploads\/2020\/12\/cropped-BE.png\",\"contentUrl\":\"https:\/\/bahiaeconomica.com.br\/wp\/wp-content\/uploads\/2020\/12\/cropped-BE.png\",\"width\":512,\"height\":512,\"caption\":\"Bahia Econ\u00f4mica\"},\"image\":{\"@id\":\"https:\/\/bahiaeconomica.com.br\/wp\/#\/schema\/logo\/image\/\"},\"sameAs\":[\"https:\/\/www.facebook.com\/bahiaeconomica\"]},{\"@type\":\"Person\",\"@id\":\"https:\/\/bahiaeconomica.com.br\/wp\/#\/schema\/person\/18273ac0fe04bfd4e7b101bf17d40152\",\"name\":\"LUIZA NASCIMENTO\",\"sameAs\":[\"http:\/\/www.bahiaeconomica.com.br\"],\"url\":\"https:\/\/bahiaeconomica.com.br\/wp\/author\/luiza-nascimento\/\"}]}<\/script>\n<!-- \/ Yoast SEO plugin. -->","yoast_head_json":{"title":"PL CRIA PROGRAMA DE APOIO \u00c0 MULHER V\u00cdTIMA DE VIOL\u00caNCIA NA BAHIA - Bahia Economica","description":"O maior portal de Economia da Bahia MUNIC\u00cdPIOS, Pol\u00edtica Bahia Economica","robots":{"index":"index","follow":"follow","max-snippet":"max-snippet:-1","max-image-preview":"max-image-preview:large","max-video-preview":"max-video-preview:-1"},"canonical":"https:\/\/bahiaeconomica.com.br\/wp\/2024\/08\/08\/pl-cria-programa-de-apoio-a-mulher-vitima-de-violencia-na-bahia\/","og_locale":"pt_BR","og_type":"article","og_title":"PL CRIA PROGRAMA DE APOIO \u00c0 MULHER V\u00cdTIMA DE VIOL\u00caNCIA NA BAHIA - Bahia Economica","og_description":"O maior portal de Economia da Bahia MUNIC\u00cdPIOS, Pol\u00edtica Bahia Economica","og_url":"https:\/\/bahiaeconomica.com.br\/wp\/2024\/08\/08\/pl-cria-programa-de-apoio-a-mulher-vitima-de-violencia-na-bahia\/","og_site_name":"Bahia Economica","article_publisher":"https:\/\/www.facebook.com\/bahiaeconomica","article_published_time":"2024-08-08T22:54:23+00:00","article_modified_time":"2024-08-08T21:42:39+00:00","og_image":[{"width":640,"height":426,"url":"https:\/\/bahiaeconomica.com.br\/wp\/wp-content\/uploads\/2024\/08\/b2ap3_medium_6f5587de-919d-45ee-8dd5-abb8600991bb.jpg","type":"image\/jpeg"}],"author":"LUIZA NASCIMENTO","twitter_card":"summary_large_image","twitter_misc":{"Escrito por":"LUIZA NASCIMENTO","Est. tempo de leitura":"1 minuto"},"schema":{"@context":"https:\/\/schema.org","@graph":[{"@type":"Article","@id":"https:\/\/bahiaeconomica.com.br\/wp\/2024\/08\/08\/pl-cria-programa-de-apoio-a-mulher-vitima-de-violencia-na-bahia\/#article","isPartOf":{"@id":"https:\/\/bahiaeconomica.com.br\/wp\/2024\/08\/08\/pl-cria-programa-de-apoio-a-mulher-vitima-de-violencia-na-bahia\/"},"author":{"name":"LUIZA NASCIMENTO","@id":"https:\/\/bahiaeconomica.com.br\/wp\/#\/schema\/person\/18273ac0fe04bfd4e7b101bf17d40152"},"headline":"PL CRIA PROGRAMA DE APOIO \u00c0 MULHER V\u00cdTIMA DE VIOL\u00caNCIA NA BAHIA","datePublished":"2024-08-08T22:54:23+00:00","dateModified":"2024-08-08T21:42:39+00:00","mainEntityOfPage":{"@id":"https:\/\/bahiaeconomica.com.br\/wp\/2024\/08\/08\/pl-cria-programa-de-apoio-a-mulher-vitima-de-violencia-na-bahia\/"},"wordCount":178,"publisher":{"@id":"https:\/\/bahiaeconomica.com.br\/wp\/#organization"},"articleSection":["MUNIC\u00cdPIOS","Pol\u00edtica"],"inLanguage":"pt-BR"},{"@type":"WebPage","@id":"https:\/\/bahiaeconomica.com.br\/wp\/2024\/08\/08\/pl-cria-programa-de-apoio-a-mulher-vitima-de-violencia-na-bahia\/","url":"https:\/\/bahiaeconomica.com.br\/wp\/2024\/08\/08\/pl-cria-programa-de-apoio-a-mulher-vitima-de-violencia-na-bahia\/","name":"PL CRIA PROGRAMA DE APOIO \u00c0 MULHER V\u00cdTIMA DE VIOL\u00caNCIA NA BAHIA - Bahia Economica","isPartOf":{"@id":"https:\/\/bahiaeconomica.com.br\/wp\/#website"},"datePublished":"2024-08-08T22:54:23+00:00","dateModified":"2024-08-08T21:42:39+00:00","description":"O maior portal de Economia da Bahia MUNIC\u00cdPIOS, Pol\u00edtica Bahia Economica","breadcrumb":{"@id":"https:\/\/bahiaeconomica.com.br\/wp\/2024\/08\/08\/pl-cria-programa-de-apoio-a-mulher-vitima-de-violencia-na-bahia\/#breadcrumb"},"inLanguage":"pt-BR","potentialAction":[{"@type":"ReadAction","target":["https:\/\/bahiaeconomica.com.br\/wp\/2024\/08\/08\/pl-cria-programa-de-apoio-a-mulher-vitima-de-violencia-na-bahia\/"]}]},{"@type":"BreadcrumbList","@id":"https:\/\/bahiaeconomica.com.br\/wp\/2024\/08\/08\/pl-cria-programa-de-apoio-a-mulher-vitima-de-violencia-na-bahia\/#breadcrumb","itemListElement":[{"@type":"ListItem","position":1,"name":"In\u00edcio","item":"https:\/\/bahiaeconomica.com.br\/wp\/"},{"@type":"ListItem","position":2,"name":"PL CRIA PROGRAMA DE APOIO \u00c0 MULHER V\u00cdTIMA DE VIOL\u00caNCIA NA BAHIA"}]},{"@type":"WebSite","@id":"https:\/\/bahiaeconomica.com.br\/wp\/#website","url":"https:\/\/bahiaeconomica.com.br\/wp\/","name":"Bahia Economica","description":"O maior portal de Economia da Bahia","publisher":{"@id":"https:\/\/bahiaeconomica.com.br\/wp\/#organization"},"potentialAction":[{"@type":"SearchAction","target":{"@type":"EntryPoint","urlTemplate":"https:\/\/bahiaeconomica.com.br\/wp\/?s={search_term_string}"},"query-input":"required name=search_term_string"}],"inLanguage":"pt-BR"},{"@type":"Organization","@id":"https:\/\/bahiaeconomica.com.br\/wp\/#organization","name":"Bahia Econ\u00f4mica","url":"https:\/\/bahiaeconomica.com.br\/wp\/","logo":{"@type":"ImageObject","inLanguage":"pt-BR","@id":"https:\/\/bahiaeconomica.com.br\/wp\/#\/schema\/logo\/image\/","url":"https:\/\/bahiaeconomica.com.br\/wp\/wp-content\/uploads\/2020\/12\/cropped-BE.png","contentUrl":"https:\/\/bahiaeconomica.com.br\/wp\/wp-content\/uploads\/2020\/12\/cropped-BE.png","width":512,"height":512,"caption":"Bahia Econ\u00f4mica"},"image":{"@id":"https:\/\/bahiaeconomica.com.br\/wp\/#\/schema\/logo\/image\/"},"sameAs":["https:\/\/www.facebook.com\/bahiaeconomica"]},{"@type":"Person","@id":"https:\/\/bahiaeconomica.com.br\/wp\/#\/schema\/person\/18273ac0fe04bfd4e7b101bf17d40152","name":"LUIZA NASCIMENTO","sameAs":["http:\/\/www.bahiaeconomica.com.br"],"url":"https:\/\/bahiaeconomica.com.br\/wp\/author\/luiza-nascimento\/"}]}},"views":6,"_links":{"self":[{"href":"https:\/\/bahiaeconomica.com.br\/wp\/wp-json\/wp\/v2\/posts\/836185"}],"collection":[{"href":"https:\/\/bahiaeconomica.com.br\/wp\/wp-json\/wp\/v2\/posts"}],"about":[{"href":"https:\/\/bahiaeconomica.com.br\/wp\/wp-json\/wp\/v2\/types\/post"}],"author":[{"embeddable":true,"href":"https:\/\/bahiaeconomica.com.br\/wp\/wp-json\/wp\/v2\/users\/16"}],"replies":[{"embeddable":true,"href":"https:\/\/bahiaeconomica.com.br\/wp\/wp-json\/wp\/v2\/comments?post=836185"}],"version-history":[{"count":1,"href":"https:\/\/bahiaeconomica.com.br\/wp\/wp-json\/wp\/v2\/posts\/836185\/revisions"}],"predecessor-version":[{"id":836187,"href":"https:\/\/bahiaeconomica.com.br\/wp\/wp-json\/wp\/v2\/posts\/836185\/revisions\/836187"}],"wp:featuredmedia":[{"embeddable":true,"href":"https:\/\/bahiaeconomica.com.br\/wp\/wp-json\/wp\/v2\/media\/836186"}],"wp:attachment":[{"href":"https:\/\/bahiaeconomica.com.br\/wp\/wp-json\/wp\/v2\/media?parent=836185"}],"wp:term":[{"taxonomy":"category","embeddable":true,"href":"https:\/\/bahiaeconomica.com.br\/wp\/wp-json\/wp\/v2\/categories?post=836185"},{"taxonomy":"post_tag","embeddable":true,"href":"https:\/\/bahiaeconomica.com.br\/wp\/wp-json\/wp\/v2\/tags?post=836185"}],"curies":[{"name":"wp","href":"https:\/\/api.w.org\/{rel}","templated":true}]}}