{"id":836163,"date":"2024-08-08T18:06:08","date_gmt":"2024-08-08T21:06:08","guid":{"rendered":"https:\/\/bahiaeconomica.com.br\/wp\/?p=836163"},"modified":"2024-08-08T18:06:08","modified_gmt":"2024-08-08T21:06:08","slug":"universidade-de-feira-anuncia-nova-fase-das-obras-do-restaurante","status":"publish","type":"post","link":"https:\/\/bahiaeconomica.com.br\/wp\/2024\/08\/08\/universidade-de-feira-anuncia-nova-fase-das-obras-do-restaurante\/","title":{"rendered":"UNIVERSIDADE DE FEIRA ANUNCIA NOVA FASE DAS OBRAS DO RESTAURANTE"},"content":{"rendered":"<p>A Universidade Estadual de Feira de Santana (Uefs) comunica \u00e0 comunidade acad\u00eamica o in\u00edcio de uma nova fase nas obras de reestrutura\u00e7\u00e3o do Restaurante Universit\u00e1rio (RU). Esta etapa inclui a transfer\u00eancia das cozinhas do RU para uma unidade provis\u00f3ria, um processo que est\u00e1 sendo conduzido com agilidade para assegurar conforto, efici\u00eancia e qualidade no atendimento a estudantes, professores e funcion\u00e1rios.<\/p>\n<p>Para possibilitar a continuidade das obras, o RU estar\u00e1 fechado nos dias 9, 10 e 11 de agosto. Durante esses dias, ser\u00e3o realizados a transfer\u00eancia de equipamentos, a higieniza\u00e7\u00e3o e outras atividades t\u00e9cnicas necess\u00e1rias para garantir o funcionamento pleno do RU provis\u00f3rio no in\u00edcio do semestre letivo. A Uefs est\u00e1 empenhada em minimizar os transtornos e assegurar que a transi\u00e7\u00e3o ocorra da melhor maneira poss\u00edvel.<\/p>\n<p>Nadja Ribeiro, gestora da Uninfra, ressalta a import\u00e2ncia desta fase das obras: &#8220;A reestrutura\u00e7\u00e3o do RU \u00e9 uma prioridade para n\u00f3s. Estamos monitorando cada etapa com cuidado e mantendo di\u00e1logo constante com os setores envolvidos. Esperamos concluir o novo RU em um ano e estamos dedicados a garantir a excel\u00eancia na execu\u00e7\u00e3o deste projeto.&#8221;<\/p>\n<p>Para evitar preju\u00edzos aos estudantes durante o per\u00edodo de fechamento, a Pr\u00f3-Reitoria de Pol\u00edticas Afirmativas e Assuntos Estudantis (PROPAAE), o gabinete da reitoria e a Asplan coordenaram a antecipa\u00e7\u00e3o do pagamento do aux\u00edlio residente para o dia 8 de agosto. Assim, os estudantes residentes poder\u00e3o fazer suas refei\u00e7\u00f5es durante a breve interrup\u00e7\u00e3o.<\/p>\n<p>Joelma Oliveira, pr\u00f3-reitora da PROPAAE, expressa seu entusiasmo pelo projeto: &#8220;O novo RU est\u00e1 prestes a se concretizar e continuaremos a trabalhar diligentemente para garantir que essa pol\u00edtica de perman\u00eancia e cuidado seja realizada com a excel\u00eancia que nossos estudantes e toda a comunidade universit\u00e1ria merecem. Queremos que todos se sintam acolhidos e bem cuidados, especialmente durante essa transi\u00e7\u00e3o.&#8221;<\/p>\n","protected":false},"excerpt":{"rendered":"<p>A Universidade Estadual de Feira de Santana (Uefs) comunica \u00e0 comunidade acad\u00eamica o in\u00edcio de uma nova fase nas obras de reestrutura\u00e7\u00e3o do Restaurante Universit\u00e1rio (RU). Esta etapa inclui a transfer\u00eancia das cozinhas do RU para uma unidade provis\u00f3ria, um processo que est\u00e1 sendo conduzido com agilidade para assegurar conforto, efici\u00eancia e qualidade no atendimento [&hellip;]<\/p>\n","protected":false},"author":16,"featured_media":836171,"comment_status":"closed","ping_status":"closed","sticky":false,"template":"","format":"standard","meta":[],"categories":[21],"tags":[425,744,3874],"acf":[],"yoast_head":"<!-- This site is optimized with the Yoast SEO plugin v20.8 - https:\/\/yoast.com\/wordpress\/plugins\/seo\/ -->\n<title>UNIVERSIDADE DE FEIRA ANUNCIA NOVA FASE<\/title>\n<meta name=\"description\" content=\"A Universidade Estadual de Feira de Santana (Uefs) comunica \u00e0 comunidade acad\u00eamica o in\u00edcio de uma nova fase nas obras de reestrutura\u00e7\u00e3o.\" \/>\n<meta name=\"robots\" content=\"index, follow, max-snippet:-1, max-image-preview:large, max-video-preview:-1\" \/>\n<link rel=\"canonical\" href=\"https:\/\/bahiaeconomica.com.br\/wp\/2024\/08\/08\/universidade-de-feira-anuncia-nova-fase-das-obras-do-restaurante\/\" \/>\n<meta property=\"og:locale\" content=\"pt_BR\" \/>\n<meta property=\"og:type\" content=\"article\" \/>\n<meta property=\"og:title\" content=\"UNIVERSIDADE DE FEIRA ANUNCIA NOVA FASE\" \/>\n<meta property=\"og:description\" content=\"A Universidade Estadual de Feira de Santana (Uefs) comunica \u00e0 comunidade acad\u00eamica o in\u00edcio de uma nova fase nas obras de reestrutura\u00e7\u00e3o.\" \/>\n<meta property=\"og:url\" content=\"https:\/\/bahiaeconomica.com.br\/wp\/2024\/08\/08\/universidade-de-feira-anuncia-nova-fase-das-obras-do-restaurante\/\" \/>\n<meta property=\"og:site_name\" content=\"Bahia Economica\" \/>\n<meta property=\"article:publisher\" content=\"https:\/\/www.facebook.com\/bahiaeconomica\" \/>\n<meta property=\"article:published_time\" content=\"2024-08-08T21:06:08+00:00\" \/>\n<meta property=\"og:image\" content=\"https:\/\/bahiaeconomica.com.br\/wp\/wp-content\/uploads\/2024\/08\/b2ap3_medium_RU-da-Uefs_-Ascom-Uefs.jpeg\" \/>\n\t<meta property=\"og:image:width\" content=\"640\" \/>\n\t<meta property=\"og:image:height\" content=\"426\" \/>\n\t<meta property=\"og:image:type\" content=\"image\/jpeg\" \/>\n<meta name=\"author\" content=\"LUIZA NASCIMENTO\" \/>\n<meta name=\"twitter:card\" content=\"summary_large_image\" \/>\n<meta name=\"twitter:label1\" content=\"Escrito por\" \/>\n\t<meta name=\"twitter:data1\" content=\"LUIZA NASCIMENTO\" \/>\n\t<meta name=\"twitter:label2\" content=\"Est. tempo de leitura\" \/>\n\t<meta name=\"twitter:data2\" content=\"2 minutos\" \/>\n<script type=\"application\/ld+json\" class=\"yoast-schema-graph\">{\"@context\":\"https:\/\/schema.org\",\"@graph\":[{\"@type\":\"Article\",\"@id\":\"https:\/\/bahiaeconomica.com.br\/wp\/2024\/08\/08\/universidade-de-feira-anuncia-nova-fase-das-obras-do-restaurante\/#article\",\"isPartOf\":{\"@id\":\"https:\/\/bahiaeconomica.com.br\/wp\/2024\/08\/08\/universidade-de-feira-anuncia-nova-fase-das-obras-do-restaurante\/\"},\"author\":{\"name\":\"LUIZA NASCIMENTO\",\"@id\":\"https:\/\/bahiaeconomica.com.br\/wp\/#\/schema\/person\/18273ac0fe04bfd4e7b101bf17d40152\"},\"headline\":\"UNIVERSIDADE DE FEIRA ANUNCIA NOVA FASE DAS OBRAS DO RESTAURANTE\",\"datePublished\":\"2024-08-08T21:06:08+00:00\",\"dateModified\":\"2024-08-08T21:06:08+00:00\",\"mainEntityOfPage\":{\"@id\":\"https:\/\/bahiaeconomica.com.br\/wp\/2024\/08\/08\/universidade-de-feira-anuncia-nova-fase-das-obras-do-restaurante\/\"},\"wordCount\":332,\"publisher\":{\"@id\":\"https:\/\/bahiaeconomica.com.br\/wp\/#organization\"},\"keywords\":[\"Feira de Santana\",\"restaurante\",\"Universidade\"],\"articleSection\":[\"Sa\u00fade \/ Educa\u00e7\u00e3o\"],\"inLanguage\":\"pt-BR\"},{\"@type\":\"WebPage\",\"@id\":\"https:\/\/bahiaeconomica.com.br\/wp\/2024\/08\/08\/universidade-de-feira-anuncia-nova-fase-das-obras-do-restaurante\/\",\"url\":\"https:\/\/bahiaeconomica.com.br\/wp\/2024\/08\/08\/universidade-de-feira-anuncia-nova-fase-das-obras-do-restaurante\/\",\"name\":\"UNIVERSIDADE DE FEIRA ANUNCIA NOVA FASE\",\"isPartOf\":{\"@id\":\"https:\/\/bahiaeconomica.com.br\/wp\/#website\"},\"datePublished\":\"2024-08-08T21:06:08+00:00\",\"dateModified\":\"2024-08-08T21:06:08+00:00\",\"description\":\"A Universidade Estadual de Feira de Santana (Uefs) comunica \u00e0 comunidade acad\u00eamica o in\u00edcio de uma nova fase nas obras de reestrutura\u00e7\u00e3o.\",\"breadcrumb\":{\"@id\":\"https:\/\/bahiaeconomica.com.br\/wp\/2024\/08\/08\/universidade-de-feira-anuncia-nova-fase-das-obras-do-restaurante\/#breadcrumb\"},\"inLanguage\":\"pt-BR\",\"potentialAction\":[{\"@type\":\"ReadAction\",\"target\":[\"https:\/\/bahiaeconomica.com.br\/wp\/2024\/08\/08\/universidade-de-feira-anuncia-nova-fase-das-obras-do-restaurante\/\"]}]},{\"@type\":\"BreadcrumbList\",\"@id\":\"https:\/\/bahiaeconomica.com.br\/wp\/2024\/08\/08\/universidade-de-feira-anuncia-nova-fase-das-obras-do-restaurante\/#breadcrumb\",\"itemListElement\":[{\"@type\":\"ListItem\",\"position\":1,\"name\":\"In\u00edcio\",\"item\":\"https:\/\/bahiaeconomica.com.br\/wp\/\"},{\"@type\":\"ListItem\",\"position\":2,\"name\":\"UNIVERSIDADE DE FEIRA ANUNCIA NOVA FASE DAS OBRAS DO RESTAURANTE\"}]},{\"@type\":\"WebSite\",\"@id\":\"https:\/\/bahiaeconomica.com.br\/wp\/#website\",\"url\":\"https:\/\/bahiaeconomica.com.br\/wp\/\",\"name\":\"Bahia Economica\",\"description\":\"O maior portal de Economia da Bahia\",\"publisher\":{\"@id\":\"https:\/\/bahiaeconomica.com.br\/wp\/#organization\"},\"potentialAction\":[{\"@type\":\"SearchAction\",\"target\":{\"@type\":\"EntryPoint\",\"urlTemplate\":\"https:\/\/bahiaeconomica.com.br\/wp\/?s={search_term_string}\"},\"query-input\":\"required name=search_term_string\"}],\"inLanguage\":\"pt-BR\"},{\"@type\":\"Organization\",\"@id\":\"https:\/\/bahiaeconomica.com.br\/wp\/#organization\",\"name\":\"Bahia Econ\u00f4mica\",\"url\":\"https:\/\/bahiaeconomica.com.br\/wp\/\",\"logo\":{\"@type\":\"ImageObject\",\"inLanguage\":\"pt-BR\",\"@id\":\"https:\/\/bahiaeconomica.com.br\/wp\/#\/schema\/logo\/image\/\",\"url\":\"https:\/\/bahiaeconomica.com.br\/wp\/wp-content\/uploads\/2020\/12\/cropped-BE.png\",\"contentUrl\":\"https:\/\/bahiaeconomica.com.br\/wp\/wp-content\/uploads\/2020\/12\/cropped-BE.png\",\"width\":512,\"height\":512,\"caption\":\"Bahia Econ\u00f4mica\"},\"image\":{\"@id\":\"https:\/\/bahiaeconomica.com.br\/wp\/#\/schema\/logo\/image\/\"},\"sameAs\":[\"https:\/\/www.facebook.com\/bahiaeconomica\"]},{\"@type\":\"Person\",\"@id\":\"https:\/\/bahiaeconomica.com.br\/wp\/#\/schema\/person\/18273ac0fe04bfd4e7b101bf17d40152\",\"name\":\"LUIZA NASCIMENTO\",\"sameAs\":[\"http:\/\/www.bahiaeconomica.com.br\"],\"url\":\"https:\/\/bahiaeconomica.com.br\/wp\/author\/luiza-nascimento\/\"}]}<\/script>\n<!-- \/ Yoast SEO plugin. -->","yoast_head_json":{"title":"UNIVERSIDADE DE FEIRA ANUNCIA NOVA FASE","description":"A Universidade Estadual de Feira de Santana (Uefs) comunica \u00e0 comunidade acad\u00eamica o in\u00edcio de uma nova fase nas obras de reestrutura\u00e7\u00e3o.","robots":{"index":"index","follow":"follow","max-snippet":"max-snippet:-1","max-image-preview":"max-image-preview:large","max-video-preview":"max-video-preview:-1"},"canonical":"https:\/\/bahiaeconomica.com.br\/wp\/2024\/08\/08\/universidade-de-feira-anuncia-nova-fase-das-obras-do-restaurante\/","og_locale":"pt_BR","og_type":"article","og_title":"UNIVERSIDADE DE FEIRA ANUNCIA NOVA FASE","og_description":"A Universidade Estadual de Feira de Santana (Uefs) comunica \u00e0 comunidade acad\u00eamica o in\u00edcio de uma nova fase nas obras de reestrutura\u00e7\u00e3o.","og_url":"https:\/\/bahiaeconomica.com.br\/wp\/2024\/08\/08\/universidade-de-feira-anuncia-nova-fase-das-obras-do-restaurante\/","og_site_name":"Bahia Economica","article_publisher":"https:\/\/www.facebook.com\/bahiaeconomica","article_published_time":"2024-08-08T21:06:08+00:00","og_image":[{"width":640,"height":426,"url":"https:\/\/bahiaeconomica.com.br\/wp\/wp-content\/uploads\/2024\/08\/b2ap3_medium_RU-da-Uefs_-Ascom-Uefs.jpeg","type":"image\/jpeg"}],"author":"LUIZA NASCIMENTO","twitter_card":"summary_large_image","twitter_misc":{"Escrito por":"LUIZA NASCIMENTO","Est. tempo de leitura":"2 minutos"},"schema":{"@context":"https:\/\/schema.org","@graph":[{"@type":"Article","@id":"https:\/\/bahiaeconomica.com.br\/wp\/2024\/08\/08\/universidade-de-feira-anuncia-nova-fase-das-obras-do-restaurante\/#article","isPartOf":{"@id":"https:\/\/bahiaeconomica.com.br\/wp\/2024\/08\/08\/universidade-de-feira-anuncia-nova-fase-das-obras-do-restaurante\/"},"author":{"name":"LUIZA NASCIMENTO","@id":"https:\/\/bahiaeconomica.com.br\/wp\/#\/schema\/person\/18273ac0fe04bfd4e7b101bf17d40152"},"headline":"UNIVERSIDADE DE FEIRA ANUNCIA NOVA FASE DAS OBRAS DO RESTAURANTE","datePublished":"2024-08-08T21:06:08+00:00","dateModified":"2024-08-08T21:06:08+00:00","mainEntityOfPage":{"@id":"https:\/\/bahiaeconomica.com.br\/wp\/2024\/08\/08\/universidade-de-feira-anuncia-nova-fase-das-obras-do-restaurante\/"},"wordCount":332,"publisher":{"@id":"https:\/\/bahiaeconomica.com.br\/wp\/#organization"},"keywords":["Feira de Santana","restaurante","Universidade"],"articleSection":["Sa\u00fade \/ Educa\u00e7\u00e3o"],"inLanguage":"pt-BR"},{"@type":"WebPage","@id":"https:\/\/bahiaeconomica.com.br\/wp\/2024\/08\/08\/universidade-de-feira-anuncia-nova-fase-das-obras-do-restaurante\/","url":"https:\/\/bahiaeconomica.com.br\/wp\/2024\/08\/08\/universidade-de-feira-anuncia-nova-fase-das-obras-do-restaurante\/","name":"UNIVERSIDADE DE FEIRA ANUNCIA NOVA FASE","isPartOf":{"@id":"https:\/\/bahiaeconomica.com.br\/wp\/#website"},"datePublished":"2024-08-08T21:06:08+00:00","dateModified":"2024-08-08T21:06:08+00:00","description":"A Universidade Estadual de Feira de Santana (Uefs) comunica \u00e0 comunidade acad\u00eamica o in\u00edcio de uma nova fase nas obras de reestrutura\u00e7\u00e3o.","breadcrumb":{"@id":"https:\/\/bahiaeconomica.com.br\/wp\/2024\/08\/08\/universidade-de-feira-anuncia-nova-fase-das-obras-do-restaurante\/#breadcrumb"},"inLanguage":"pt-BR","potentialAction":[{"@type":"ReadAction","target":["https:\/\/bahiaeconomica.com.br\/wp\/2024\/08\/08\/universidade-de-feira-anuncia-nova-fase-das-obras-do-restaurante\/"]}]},{"@type":"BreadcrumbList","@id":"https:\/\/bahiaeconomica.com.br\/wp\/2024\/08\/08\/universidade-de-feira-anuncia-nova-fase-das-obras-do-restaurante\/#breadcrumb","itemListElement":[{"@type":"ListItem","position":1,"name":"In\u00edcio","item":"https:\/\/bahiaeconomica.com.br\/wp\/"},{"@type":"ListItem","position":2,"name":"UNIVERSIDADE DE FEIRA ANUNCIA NOVA FASE DAS OBRAS DO RESTAURANTE"}]},{"@type":"WebSite","@id":"https:\/\/bahiaeconomica.com.br\/wp\/#website","url":"https:\/\/bahiaeconomica.com.br\/wp\/","name":"Bahia Economica","description":"O maior portal de Economia da Bahia","publisher":{"@id":"https:\/\/bahiaeconomica.com.br\/wp\/#organization"},"potentialAction":[{"@type":"SearchAction","target":{"@type":"EntryPoint","urlTemplate":"https:\/\/bahiaeconomica.com.br\/wp\/?s={search_term_string}"},"query-input":"required name=search_term_string"}],"inLanguage":"pt-BR"},{"@type":"Organization","@id":"https:\/\/bahiaeconomica.com.br\/wp\/#organization","name":"Bahia Econ\u00f4mica","url":"https:\/\/bahiaeconomica.com.br\/wp\/","logo":{"@type":"ImageObject","inLanguage":"pt-BR","@id":"https:\/\/bahiaeconomica.com.br\/wp\/#\/schema\/logo\/image\/","url":"https:\/\/bahiaeconomica.com.br\/wp\/wp-content\/uploads\/2020\/12\/cropped-BE.png","contentUrl":"https:\/\/bahiaeconomica.com.br\/wp\/wp-content\/uploads\/2020\/12\/cropped-BE.png","width":512,"height":512,"caption":"Bahia Econ\u00f4mica"},"image":{"@id":"https:\/\/bahiaeconomica.com.br\/wp\/#\/schema\/logo\/image\/"},"sameAs":["https:\/\/www.facebook.com\/bahiaeconomica"]},{"@type":"Person","@id":"https:\/\/bahiaeconomica.com.br\/wp\/#\/schema\/person\/18273ac0fe04bfd4e7b101bf17d40152","name":"LUIZA NASCIMENTO","sameAs":["http:\/\/www.bahiaeconomica.com.br"],"url":"https:\/\/bahiaeconomica.com.br\/wp\/author\/luiza-nascimento\/"}]}},"views":10,"_links":{"self":[{"href":"https:\/\/bahiaeconomica.com.br\/wp\/wp-json\/wp\/v2\/posts\/836163"}],"collection":[{"href":"https:\/\/bahiaeconomica.com.br\/wp\/wp-json\/wp\/v2\/posts"}],"about":[{"href":"https:\/\/bahiaeconomica.com.br\/wp\/wp-json\/wp\/v2\/types\/post"}],"author":[{"embeddable":true,"href":"https:\/\/bahiaeconomica.com.br\/wp\/wp-json\/wp\/v2\/users\/16"}],"replies":[{"embeddable":true,"href":"https:\/\/bahiaeconomica.com.br\/wp\/wp-json\/wp\/v2\/comments?post=836163"}],"version-history":[{"count":1,"href":"https:\/\/bahiaeconomica.com.br\/wp\/wp-json\/wp\/v2\/posts\/836163\/revisions"}],"predecessor-version":[{"id":836172,"href":"https:\/\/bahiaeconomica.com.br\/wp\/wp-json\/wp\/v2\/posts\/836163\/revisions\/836172"}],"wp:featuredmedia":[{"embeddable":true,"href":"https:\/\/bahiaeconomica.com.br\/wp\/wp-json\/wp\/v2\/media\/836171"}],"wp:attachment":[{"href":"https:\/\/bahiaeconomica.com.br\/wp\/wp-json\/wp\/v2\/media?parent=836163"}],"wp:term":[{"taxonomy":"category","embeddable":true,"href":"https:\/\/bahiaeconomica.com.br\/wp\/wp-json\/wp\/v2\/categories?post=836163"},{"taxonomy":"post_tag","embeddable":true,"href":"https:\/\/bahiaeconomica.com.br\/wp\/wp-json\/wp\/v2\/tags?post=836163"}],"curies":[{"name":"wp","href":"https:\/\/api.w.org\/{rel}","templated":true}]}}