{"id":836116,"date":"2024-08-08T16:10:23","date_gmt":"2024-08-08T19:10:23","guid":{"rendered":"https:\/\/bahiaeconomica.com.br\/wp\/?p=836116"},"modified":"2024-08-09T07:37:23","modified_gmt":"2024-08-09T10:37:23","slug":"nordeste-defende-fundo-com-r-12-bilhoes-por-ano-em-projeto-de-pacheco","status":"publish","type":"post","link":"https:\/\/bahiaeconomica.com.br\/wp\/2024\/08\/08\/nordeste-defende-fundo-com-r-12-bilhoes-por-ano-em-projeto-de-pacheco\/","title":{"rendered":"NORDESTE DEFENDE FUNDO COM R$ 12 BILH\u00d5ES POR ANO EM PROJETO DE PACHECO"},"content":{"rendered":"<p>O Cons\u00f3rcio Nordeste prop\u00f4s a Rodrigo Pacheco que os quatro estados mais endividados com a Uni\u00e3o \u2013 S\u00e3o Paulo, Minas Gerais, Rio de Janeiro e Rio Grande do Sul \u2013 contribuam com cerca de 12 bilh\u00f5es de reais por ano para um fundo de equaliza\u00e7\u00e3o que seria distribu\u00eddo entre todas as unidades da federa\u00e7\u00e3o.<\/p>\n<p>Nesta quarta, Pacheco recebeu governadores do Nordeste na resid\u00eancia oficial da presid\u00eancia do Senado para discutir seu projeto de repactua\u00e7\u00e3o da d\u00edvida dos estados com a Uni\u00e3o.<\/p>\n<p>\u201cAo longo do tempo, S\u00e3o Paulo, Minas Gerais, Rio de Janeiro e Rio Grande do Sul receberam mais recursos da Uni\u00e3o para investir. Nada mais justo que, ao dar benef\u00edcios para eles pagarem essa d\u00edvida, os estados com menor poder de investimento tamb\u00e9m sejam contemplados\u201d, disse ao Radar a governadora do Rio Grande do Norte, F\u00e1tima Bezerra (PT), atual presidente do Cons\u00f3rcio Nordeste.<\/p>\n<p>O principal ponto de negocia\u00e7\u00e3o \u00e9 em torno de quanto dinheiro os maiores devedores devem repassar ao \u201cfundo de equaliza\u00e7\u00e3o federativa\u201d, idealizado por Pacheco para todos os estados investirem no enfrentamento das mudan\u00e7as clim\u00e1ticas, na melhoria da infraestrutura, em seguran\u00e7a p\u00fablica e educa\u00e7\u00e3o profissionalizante.<\/p>\n<p>O projeto do senador estabelece instrumentos para os estados abaterem sua d\u00edvida com a Uni\u00e3o, como a transfer\u00eancia de ativos, e prop\u00f5e refinanciar o saldo remanescente em 30 anos, com juros equivalentes \u00e0 varia\u00e7\u00e3o mensal da infla\u00e7\u00e3o pelo IPCA acrescidos de 4% ao ano, dos quais um ponto percentual iria para o fundo\u00a0de\u00a0equaliza\u00e7\u00e3o.<\/p>\n","protected":false},"excerpt":{"rendered":"<p>O Cons\u00f3rcio Nordeste prop\u00f4s a Rodrigo Pacheco que os quatro estados mais endividados com a Uni\u00e3o \u2013 S\u00e3o Paulo, Minas Gerais, Rio de Janeiro e Rio Grande do Sul \u2013 contribuam com cerca de 12 bilh\u00f5es de reais por ano para um fundo de equaliza\u00e7\u00e3o que seria distribu\u00eddo entre todas as unidades da federa\u00e7\u00e3o. Nesta [&hellip;]<\/p>\n","protected":false},"author":22,"featured_media":818017,"comment_status":"closed","ping_status":"closed","sticky":false,"template":"","format":"standard","meta":[],"categories":[3,21931],"tags":[1591,20,1582,6887],"acf":[],"yoast_head":"<!-- This site is optimized with the Yoast SEO plugin v20.8 - https:\/\/yoast.com\/wordpress\/plugins\/seo\/ -->\n<title>NORDESTE DEFENDE FUNDO COM R$ 12 BILH\u00d5ES POR ANO EM PROJETO DE PACHECO - Bahia Economica<\/title>\n<meta name=\"description\" content=\"O maior portal de Economia da Bahia ECONOMIA \/ POL\u00cdTICA, NORDESTE INVEST Bahia Economica\" \/>\n<meta name=\"robots\" content=\"index, follow, max-snippet:-1, max-image-preview:large, max-video-preview:-1\" \/>\n<link rel=\"canonical\" href=\"https:\/\/bahiaeconomica.com.br\/wp\/2024\/08\/08\/nordeste-defende-fundo-com-r-12-bilhoes-por-ano-em-projeto-de-pacheco\/\" \/>\n<meta property=\"og:locale\" content=\"pt_BR\" \/>\n<meta property=\"og:type\" content=\"article\" \/>\n<meta property=\"og:title\" content=\"NORDESTE DEFENDE FUNDO COM R$ 12 BILH\u00d5ES POR ANO EM PROJETO DE PACHECO - Bahia Economica\" \/>\n<meta property=\"og:description\" content=\"O maior portal de Economia da Bahia ECONOMIA \/ POL\u00cdTICA, NORDESTE INVEST Bahia Economica\" \/>\n<meta property=\"og:url\" content=\"https:\/\/bahiaeconomica.com.br\/wp\/2024\/08\/08\/nordeste-defende-fundo-com-r-12-bilhoes-por-ano-em-projeto-de-pacheco\/\" \/>\n<meta property=\"og:site_name\" content=\"Bahia Economica\" \/>\n<meta property=\"article:publisher\" content=\"https:\/\/www.facebook.com\/bahiaeconomica\" \/>\n<meta property=\"article:published_time\" content=\"2024-08-08T19:10:23+00:00\" \/>\n<meta property=\"article:modified_time\" content=\"2024-08-09T10:37:23+00:00\" \/>\n<meta property=\"og:image\" content=\"https:\/\/bahiaeconomica.com.br\/wp\/wp-content\/uploads\/2024\/05\/150024rodrigo-pacheco-volta-a-defender-lei-para-regular-as-redes-sociais-3.jpg\" \/>\n\t<meta property=\"og:image:width\" content=\"1600\" \/>\n\t<meta property=\"og:image:height\" content=\"752\" \/>\n\t<meta property=\"og:image:type\" content=\"image\/jpeg\" \/>\n<meta name=\"author\" content=\"Matheus Souza\" \/>\n<meta name=\"twitter:card\" content=\"summary_large_image\" \/>\n<meta name=\"twitter:label1\" content=\"Escrito por\" \/>\n\t<meta name=\"twitter:data1\" content=\"Matheus Souza\" \/>\n\t<meta name=\"twitter:label2\" content=\"Est. tempo de leitura\" \/>\n\t<meta name=\"twitter:data2\" content=\"2 minutos\" \/>\n<script type=\"application\/ld+json\" class=\"yoast-schema-graph\">{\"@context\":\"https:\/\/schema.org\",\"@graph\":[{\"@type\":\"Article\",\"@id\":\"https:\/\/bahiaeconomica.com.br\/wp\/2024\/08\/08\/nordeste-defende-fundo-com-r-12-bilhoes-por-ano-em-projeto-de-pacheco\/#article\",\"isPartOf\":{\"@id\":\"https:\/\/bahiaeconomica.com.br\/wp\/2024\/08\/08\/nordeste-defende-fundo-com-r-12-bilhoes-por-ano-em-projeto-de-pacheco\/\"},\"author\":{\"name\":\"Matheus Souza\",\"@id\":\"https:\/\/bahiaeconomica.com.br\/wp\/#\/schema\/person\/3304d50cfd32353c7d08c39066638997\"},\"headline\":\"NORDESTE DEFENDE FUNDO COM R$ 12 BILH\u00d5ES POR ANO EM PROJETO DE PACHECO\",\"datePublished\":\"2024-08-08T19:10:23+00:00\",\"dateModified\":\"2024-08-09T10:37:23+00:00\",\"mainEntityOfPage\":{\"@id\":\"https:\/\/bahiaeconomica.com.br\/wp\/2024\/08\/08\/nordeste-defende-fundo-com-r-12-bilhoes-por-ano-em-projeto-de-pacheco\/\"},\"wordCount\":283,\"publisher\":{\"@id\":\"https:\/\/bahiaeconomica.com.br\/wp\/#organization\"},\"keywords\":[\"fundo\",\"nordeste\",\"projeto\",\"Rodrigo Pacheco\"],\"articleSection\":[\"ECONOMIA \/ POL\u00cdTICA\",\"NORDESTE INVEST\"],\"inLanguage\":\"pt-BR\"},{\"@type\":\"WebPage\",\"@id\":\"https:\/\/bahiaeconomica.com.br\/wp\/2024\/08\/08\/nordeste-defende-fundo-com-r-12-bilhoes-por-ano-em-projeto-de-pacheco\/\",\"url\":\"https:\/\/bahiaeconomica.com.br\/wp\/2024\/08\/08\/nordeste-defende-fundo-com-r-12-bilhoes-por-ano-em-projeto-de-pacheco\/\",\"name\":\"NORDESTE DEFENDE FUNDO COM R$ 12 BILH\u00d5ES POR ANO EM PROJETO DE PACHECO - Bahia Economica\",\"isPartOf\":{\"@id\":\"https:\/\/bahiaeconomica.com.br\/wp\/#website\"},\"datePublished\":\"2024-08-08T19:10:23+00:00\",\"dateModified\":\"2024-08-09T10:37:23+00:00\",\"description\":\"O maior portal de Economia da Bahia ECONOMIA \/ POL\u00cdTICA, NORDESTE INVEST Bahia Economica\",\"breadcrumb\":{\"@id\":\"https:\/\/bahiaeconomica.com.br\/wp\/2024\/08\/08\/nordeste-defende-fundo-com-r-12-bilhoes-por-ano-em-projeto-de-pacheco\/#breadcrumb\"},\"inLanguage\":\"pt-BR\",\"potentialAction\":[{\"@type\":\"ReadAction\",\"target\":[\"https:\/\/bahiaeconomica.com.br\/wp\/2024\/08\/08\/nordeste-defende-fundo-com-r-12-bilhoes-por-ano-em-projeto-de-pacheco\/\"]}]},{\"@type\":\"BreadcrumbList\",\"@id\":\"https:\/\/bahiaeconomica.com.br\/wp\/2024\/08\/08\/nordeste-defende-fundo-com-r-12-bilhoes-por-ano-em-projeto-de-pacheco\/#breadcrumb\",\"itemListElement\":[{\"@type\":\"ListItem\",\"position\":1,\"name\":\"In\u00edcio\",\"item\":\"https:\/\/bahiaeconomica.com.br\/wp\/\"},{\"@type\":\"ListItem\",\"position\":2,\"name\":\"NORDESTE DEFENDE FUNDO COM R$ 12 BILH\u00d5ES POR ANO EM PROJETO DE PACHECO\"}]},{\"@type\":\"WebSite\",\"@id\":\"https:\/\/bahiaeconomica.com.br\/wp\/#website\",\"url\":\"https:\/\/bahiaeconomica.com.br\/wp\/\",\"name\":\"Bahia Economica\",\"description\":\"O maior portal de Economia da Bahia\",\"publisher\":{\"@id\":\"https:\/\/bahiaeconomica.com.br\/wp\/#organization\"},\"potentialAction\":[{\"@type\":\"SearchAction\",\"target\":{\"@type\":\"EntryPoint\",\"urlTemplate\":\"https:\/\/bahiaeconomica.com.br\/wp\/?s={search_term_string}\"},\"query-input\":\"required name=search_term_string\"}],\"inLanguage\":\"pt-BR\"},{\"@type\":\"Organization\",\"@id\":\"https:\/\/bahiaeconomica.com.br\/wp\/#organization\",\"name\":\"Bahia Econ\u00f4mica\",\"url\":\"https:\/\/bahiaeconomica.com.br\/wp\/\",\"logo\":{\"@type\":\"ImageObject\",\"inLanguage\":\"pt-BR\",\"@id\":\"https:\/\/bahiaeconomica.com.br\/wp\/#\/schema\/logo\/image\/\",\"url\":\"https:\/\/bahiaeconomica.com.br\/wp\/wp-content\/uploads\/2020\/12\/cropped-BE.png\",\"contentUrl\":\"https:\/\/bahiaeconomica.com.br\/wp\/wp-content\/uploads\/2020\/12\/cropped-BE.png\",\"width\":512,\"height\":512,\"caption\":\"Bahia Econ\u00f4mica\"},\"image\":{\"@id\":\"https:\/\/bahiaeconomica.com.br\/wp\/#\/schema\/logo\/image\/\"},\"sameAs\":[\"https:\/\/www.facebook.com\/bahiaeconomica\"]},{\"@type\":\"Person\",\"@id\":\"https:\/\/bahiaeconomica.com.br\/wp\/#\/schema\/person\/3304d50cfd32353c7d08c39066638997\",\"name\":\"Matheus Souza\",\"sameAs\":[\"http:\/\/www.bahiaeconomica.com.br\"],\"url\":\"https:\/\/bahiaeconomica.com.br\/wp\/author\/matheus-souza\/\"}]}<\/script>\n<!-- \/ Yoast SEO plugin. -->","yoast_head_json":{"title":"NORDESTE DEFENDE FUNDO COM R$ 12 BILH\u00d5ES POR ANO EM PROJETO DE PACHECO - Bahia Economica","description":"O maior portal de Economia da Bahia ECONOMIA \/ POL\u00cdTICA, NORDESTE INVEST Bahia Economica","robots":{"index":"index","follow":"follow","max-snippet":"max-snippet:-1","max-image-preview":"max-image-preview:large","max-video-preview":"max-video-preview:-1"},"canonical":"https:\/\/bahiaeconomica.com.br\/wp\/2024\/08\/08\/nordeste-defende-fundo-com-r-12-bilhoes-por-ano-em-projeto-de-pacheco\/","og_locale":"pt_BR","og_type":"article","og_title":"NORDESTE DEFENDE FUNDO COM R$ 12 BILH\u00d5ES POR ANO EM PROJETO DE PACHECO - Bahia Economica","og_description":"O maior portal de Economia da Bahia ECONOMIA \/ POL\u00cdTICA, NORDESTE INVEST Bahia Economica","og_url":"https:\/\/bahiaeconomica.com.br\/wp\/2024\/08\/08\/nordeste-defende-fundo-com-r-12-bilhoes-por-ano-em-projeto-de-pacheco\/","og_site_name":"Bahia Economica","article_publisher":"https:\/\/www.facebook.com\/bahiaeconomica","article_published_time":"2024-08-08T19:10:23+00:00","article_modified_time":"2024-08-09T10:37:23+00:00","og_image":[{"width":1600,"height":752,"url":"https:\/\/bahiaeconomica.com.br\/wp\/wp-content\/uploads\/2024\/05\/150024rodrigo-pacheco-volta-a-defender-lei-para-regular-as-redes-sociais-3.jpg","type":"image\/jpeg"}],"author":"Matheus Souza","twitter_card":"summary_large_image","twitter_misc":{"Escrito por":"Matheus Souza","Est. tempo de leitura":"2 minutos"},"schema":{"@context":"https:\/\/schema.org","@graph":[{"@type":"Article","@id":"https:\/\/bahiaeconomica.com.br\/wp\/2024\/08\/08\/nordeste-defende-fundo-com-r-12-bilhoes-por-ano-em-projeto-de-pacheco\/#article","isPartOf":{"@id":"https:\/\/bahiaeconomica.com.br\/wp\/2024\/08\/08\/nordeste-defende-fundo-com-r-12-bilhoes-por-ano-em-projeto-de-pacheco\/"},"author":{"name":"Matheus Souza","@id":"https:\/\/bahiaeconomica.com.br\/wp\/#\/schema\/person\/3304d50cfd32353c7d08c39066638997"},"headline":"NORDESTE DEFENDE FUNDO COM R$ 12 BILH\u00d5ES POR ANO EM PROJETO DE PACHECO","datePublished":"2024-08-08T19:10:23+00:00","dateModified":"2024-08-09T10:37:23+00:00","mainEntityOfPage":{"@id":"https:\/\/bahiaeconomica.com.br\/wp\/2024\/08\/08\/nordeste-defende-fundo-com-r-12-bilhoes-por-ano-em-projeto-de-pacheco\/"},"wordCount":283,"publisher":{"@id":"https:\/\/bahiaeconomica.com.br\/wp\/#organization"},"keywords":["fundo","nordeste","projeto","Rodrigo Pacheco"],"articleSection":["ECONOMIA \/ POL\u00cdTICA","NORDESTE INVEST"],"inLanguage":"pt-BR"},{"@type":"WebPage","@id":"https:\/\/bahiaeconomica.com.br\/wp\/2024\/08\/08\/nordeste-defende-fundo-com-r-12-bilhoes-por-ano-em-projeto-de-pacheco\/","url":"https:\/\/bahiaeconomica.com.br\/wp\/2024\/08\/08\/nordeste-defende-fundo-com-r-12-bilhoes-por-ano-em-projeto-de-pacheco\/","name":"NORDESTE DEFENDE FUNDO COM R$ 12 BILH\u00d5ES POR ANO EM PROJETO DE PACHECO - Bahia Economica","isPartOf":{"@id":"https:\/\/bahiaeconomica.com.br\/wp\/#website"},"datePublished":"2024-08-08T19:10:23+00:00","dateModified":"2024-08-09T10:37:23+00:00","description":"O maior portal de Economia da Bahia ECONOMIA \/ POL\u00cdTICA, NORDESTE INVEST Bahia Economica","breadcrumb":{"@id":"https:\/\/bahiaeconomica.com.br\/wp\/2024\/08\/08\/nordeste-defende-fundo-com-r-12-bilhoes-por-ano-em-projeto-de-pacheco\/#breadcrumb"},"inLanguage":"pt-BR","potentialAction":[{"@type":"ReadAction","target":["https:\/\/bahiaeconomica.com.br\/wp\/2024\/08\/08\/nordeste-defende-fundo-com-r-12-bilhoes-por-ano-em-projeto-de-pacheco\/"]}]},{"@type":"BreadcrumbList","@id":"https:\/\/bahiaeconomica.com.br\/wp\/2024\/08\/08\/nordeste-defende-fundo-com-r-12-bilhoes-por-ano-em-projeto-de-pacheco\/#breadcrumb","itemListElement":[{"@type":"ListItem","position":1,"name":"In\u00edcio","item":"https:\/\/bahiaeconomica.com.br\/wp\/"},{"@type":"ListItem","position":2,"name":"NORDESTE DEFENDE FUNDO COM R$ 12 BILH\u00d5ES POR ANO EM PROJETO DE PACHECO"}]},{"@type":"WebSite","@id":"https:\/\/bahiaeconomica.com.br\/wp\/#website","url":"https:\/\/bahiaeconomica.com.br\/wp\/","name":"Bahia Economica","description":"O maior portal de Economia da Bahia","publisher":{"@id":"https:\/\/bahiaeconomica.com.br\/wp\/#organization"},"potentialAction":[{"@type":"SearchAction","target":{"@type":"EntryPoint","urlTemplate":"https:\/\/bahiaeconomica.com.br\/wp\/?s={search_term_string}"},"query-input":"required name=search_term_string"}],"inLanguage":"pt-BR"},{"@type":"Organization","@id":"https:\/\/bahiaeconomica.com.br\/wp\/#organization","name":"Bahia Econ\u00f4mica","url":"https:\/\/bahiaeconomica.com.br\/wp\/","logo":{"@type":"ImageObject","inLanguage":"pt-BR","@id":"https:\/\/bahiaeconomica.com.br\/wp\/#\/schema\/logo\/image\/","url":"https:\/\/bahiaeconomica.com.br\/wp\/wp-content\/uploads\/2020\/12\/cropped-BE.png","contentUrl":"https:\/\/bahiaeconomica.com.br\/wp\/wp-content\/uploads\/2020\/12\/cropped-BE.png","width":512,"height":512,"caption":"Bahia Econ\u00f4mica"},"image":{"@id":"https:\/\/bahiaeconomica.com.br\/wp\/#\/schema\/logo\/image\/"},"sameAs":["https:\/\/www.facebook.com\/bahiaeconomica"]},{"@type":"Person","@id":"https:\/\/bahiaeconomica.com.br\/wp\/#\/schema\/person\/3304d50cfd32353c7d08c39066638997","name":"Matheus Souza","sameAs":["http:\/\/www.bahiaeconomica.com.br"],"url":"https:\/\/bahiaeconomica.com.br\/wp\/author\/matheus-souza\/"}]}},"views":52,"_links":{"self":[{"href":"https:\/\/bahiaeconomica.com.br\/wp\/wp-json\/wp\/v2\/posts\/836116"}],"collection":[{"href":"https:\/\/bahiaeconomica.com.br\/wp\/wp-json\/wp\/v2\/posts"}],"about":[{"href":"https:\/\/bahiaeconomica.com.br\/wp\/wp-json\/wp\/v2\/types\/post"}],"author":[{"embeddable":true,"href":"https:\/\/bahiaeconomica.com.br\/wp\/wp-json\/wp\/v2\/users\/22"}],"replies":[{"embeddable":true,"href":"https:\/\/bahiaeconomica.com.br\/wp\/wp-json\/wp\/v2\/comments?post=836116"}],"version-history":[{"count":1,"href":"https:\/\/bahiaeconomica.com.br\/wp\/wp-json\/wp\/v2\/posts\/836116\/revisions"}],"predecessor-version":[{"id":836118,"href":"https:\/\/bahiaeconomica.com.br\/wp\/wp-json\/wp\/v2\/posts\/836116\/revisions\/836118"}],"wp:featuredmedia":[{"embeddable":true,"href":"https:\/\/bahiaeconomica.com.br\/wp\/wp-json\/wp\/v2\/media\/818017"}],"wp:attachment":[{"href":"https:\/\/bahiaeconomica.com.br\/wp\/wp-json\/wp\/v2\/media?parent=836116"}],"wp:term":[{"taxonomy":"category","embeddable":true,"href":"https:\/\/bahiaeconomica.com.br\/wp\/wp-json\/wp\/v2\/categories?post=836116"},{"taxonomy":"post_tag","embeddable":true,"href":"https:\/\/bahiaeconomica.com.br\/wp\/wp-json\/wp\/v2\/tags?post=836116"}],"curies":[{"name":"wp","href":"https:\/\/api.w.org\/{rel}","templated":true}]}}