{"id":835511,"date":"2024-08-06T18:19:05","date_gmt":"2024-08-06T21:19:05","guid":{"rendered":"https:\/\/bahiaeconomica.com.br\/wp\/?p=835511"},"modified":"2024-08-06T17:26:19","modified_gmt":"2024-08-06T20:26:19","slug":"em-salvador-governador-e-ministro-do-trabalho-lancam-programa-de-qualificacao-profissional-para-todo-o-estado-nesta-quarta-7","status":"publish","type":"post","link":"https:\/\/bahiaeconomica.com.br\/wp\/2024\/08\/06\/em-salvador-governador-e-ministro-do-trabalho-lancam-programa-de-qualificacao-profissional-para-todo-o-estado-nesta-quarta-7\/","title":{"rendered":"EM SALVADOR, GOVERNADOR E MINISTRO DO TRABALHO LAN\u00c7AM PROGRAMA DE QUALIFICA\u00c7\u00c3O PROFISSIONAL PARA TODO O ESTADO, NESTA QUARTA (7)"},"content":{"rendered":"<p>Com a meta de qualificar mais de 20 mil baianos, o governador Jer\u00f4nimo Rodrigues, ao lado do ministro do Trabalho e Emprego, Luiz Marinho, lan\u00e7a, nesta quarta-feira (7), o programa de qualifica\u00e7\u00e3o profissional Manuel Querino, durante evento solene \u00e0s 10h, no Centro Estadual de Educa\u00e7\u00e3o, Inova\u00e7\u00e3o e Forma\u00e7\u00e3o da Bahia M\u00e3e Stella (Ceeinfor), bairro Cabula.<\/p>\n<p>A a\u00e7\u00e3o do Governo Federal em parceria com o Governo da Bahia, por meio das secretarias do Trabalho, Emprego, Renda e Esporte (Setre) e da Educa\u00e7\u00e3o (SEC), ter\u00e1 investimento de quase R$ 27 milh\u00f5es, neste primeiro momento. Durante a solenidade tamb\u00e9m ser\u00e1 assinado conv\u00eanio do Projeto Conectar Educa\u00e7\u00e3o.<\/p>\n<p>Foto: Jo\u00e1 Souza\/GOVBA<\/p>\n","protected":false},"excerpt":{"rendered":"<p>Com a meta de qualificar mais de 20 mil baianos, o governador Jer\u00f4nimo Rodrigues, ao lado do ministro do Trabalho e Emprego, Luiz Marinho, lan\u00e7a, nesta quarta-feira (7), o programa de qualifica\u00e7\u00e3o profissional Manuel Querino, durante evento solene \u00e0s 10h, no Centro Estadual de Educa\u00e7\u00e3o, Inova\u00e7\u00e3o e Forma\u00e7\u00e3o da Bahia M\u00e3e Stella (Ceeinfor), bairro Cabula. [&hellip;]<\/p>\n","protected":false},"author":20,"featured_media":835514,"comment_status":"closed","ping_status":"closed","sticky":false,"template":"","format":"standard","meta":[],"categories":[8],"tags":[85,32146,5424,4995,73],"acf":[],"yoast_head":"<!-- This site is optimized with the Yoast SEO plugin v20.8 - https:\/\/yoast.com\/wordpress\/plugins\/seo\/ -->\n<title>EM SALVADOR, GOVERNADOR E MINISTRO DO TRABALHO LAN\u00c7AM PROGRAMA DE QUALIFICA\u00c7\u00c3O PROFISSIONAL PARA TODO O ESTADO, NESTA QUARTA (7) - Bahia Economica<\/title>\n<meta name=\"description\" content=\"O maior portal de Economia da Bahia EMPREGOS \/ CONCURSOS Bahia Economica a\u00e7\u00e3o ter\u00e1 investimento de quase R$ 27 milh\u00f5es neste primeiro momento.\" \/>\n<meta name=\"robots\" content=\"index, follow, max-snippet:-1, max-image-preview:large, max-video-preview:-1\" \/>\n<link rel=\"canonical\" href=\"https:\/\/bahiaeconomica.com.br\/wp\/2024\/08\/06\/em-salvador-governador-e-ministro-do-trabalho-lancam-programa-de-qualificacao-profissional-para-todo-o-estado-nesta-quarta-7\/\" \/>\n<meta property=\"og:locale\" content=\"pt_BR\" \/>\n<meta property=\"og:type\" content=\"article\" \/>\n<meta property=\"og:title\" content=\"EM SALVADOR, GOVERNADOR E MINISTRO DO TRABALHO LAN\u00c7AM PROGRAMA DE QUALIFICA\u00c7\u00c3O PROFISSIONAL PARA TODO O ESTADO, NESTA QUARTA (7) - Bahia Economica\" \/>\n<meta property=\"og:description\" content=\"O maior portal de Economia da Bahia EMPREGOS \/ CONCURSOS Bahia Economica a\u00e7\u00e3o ter\u00e1 investimento de quase R$ 27 milh\u00f5es neste primeiro momento.\" \/>\n<meta property=\"og:url\" content=\"https:\/\/bahiaeconomica.com.br\/wp\/2024\/08\/06\/em-salvador-governador-e-ministro-do-trabalho-lancam-programa-de-qualificacao-profissional-para-todo-o-estado-nesta-quarta-7\/\" \/>\n<meta property=\"og:site_name\" content=\"Bahia Economica\" \/>\n<meta property=\"article:publisher\" content=\"https:\/\/www.facebook.com\/bahiaeconomica\" \/>\n<meta property=\"article:published_time\" content=\"2024-08-06T21:19:05+00:00\" \/>\n<meta property=\"article:modified_time\" content=\"2024-08-06T20:26:19+00:00\" \/>\n<meta property=\"og:image\" content=\"https:\/\/bahiaeconomica.com.br\/wp\/wp-content\/uploads\/2024\/08\/CABULA-CEEINFOR-Fotos-Joa-Souza_GOVBA-6-696x464-1.jpeg\" \/>\n\t<meta property=\"og:image:width\" content=\"696\" \/>\n\t<meta property=\"og:image:height\" content=\"464\" \/>\n\t<meta property=\"og:image:type\" content=\"image\/jpeg\" \/>\n<meta name=\"author\" content=\"BRUNA CARVALHO\" \/>\n<meta name=\"twitter:card\" content=\"summary_large_image\" \/>\n<meta name=\"twitter:label1\" content=\"Escrito por\" \/>\n\t<meta name=\"twitter:data1\" content=\"BRUNA CARVALHO\" \/>\n\t<meta name=\"twitter:label2\" content=\"Est. tempo de leitura\" \/>\n\t<meta name=\"twitter:data2\" content=\"1 minuto\" \/>\n<script type=\"application\/ld+json\" class=\"yoast-schema-graph\">{\"@context\":\"https:\/\/schema.org\",\"@graph\":[{\"@type\":\"Article\",\"@id\":\"https:\/\/bahiaeconomica.com.br\/wp\/2024\/08\/06\/em-salvador-governador-e-ministro-do-trabalho-lancam-programa-de-qualificacao-profissional-para-todo-o-estado-nesta-quarta-7\/#article\",\"isPartOf\":{\"@id\":\"https:\/\/bahiaeconomica.com.br\/wp\/2024\/08\/06\/em-salvador-governador-e-ministro-do-trabalho-lancam-programa-de-qualificacao-profissional-para-todo-o-estado-nesta-quarta-7\/\"},\"author\":{\"name\":\"BRUNA CARVALHO\",\"@id\":\"https:\/\/bahiaeconomica.com.br\/wp\/#\/schema\/person\/9310b0e591f5979f6f99773eac5804e6\"},\"headline\":\"EM SALVADOR, GOVERNADOR E MINISTRO DO TRABALHO LAN\u00c7AM PROGRAMA DE QUALIFICA\u00c7\u00c3O PROFISSIONAL PARA TODO O ESTADO, NESTA QUARTA (7)\",\"datePublished\":\"2024-08-06T21:19:05+00:00\",\"dateModified\":\"2024-08-06T20:26:19+00:00\",\"mainEntityOfPage\":{\"@id\":\"https:\/\/bahiaeconomica.com.br\/wp\/2024\/08\/06\/em-salvador-governador-e-ministro-do-trabalho-lancam-programa-de-qualificacao-profissional-para-todo-o-estado-nesta-quarta-7\/\"},\"wordCount\":137,\"publisher\":{\"@id\":\"https:\/\/bahiaeconomica.com.br\/wp\/#organization\"},\"keywords\":[\"Bahia\",\"porgrama\",\"profissional\",\"qualificacao\",\"Salvador\"],\"articleSection\":[\"EMPREGOS \/ CONCURSOS\"],\"inLanguage\":\"pt-BR\"},{\"@type\":\"WebPage\",\"@id\":\"https:\/\/bahiaeconomica.com.br\/wp\/2024\/08\/06\/em-salvador-governador-e-ministro-do-trabalho-lancam-programa-de-qualificacao-profissional-para-todo-o-estado-nesta-quarta-7\/\",\"url\":\"https:\/\/bahiaeconomica.com.br\/wp\/2024\/08\/06\/em-salvador-governador-e-ministro-do-trabalho-lancam-programa-de-qualificacao-profissional-para-todo-o-estado-nesta-quarta-7\/\",\"name\":\"EM SALVADOR, GOVERNADOR E MINISTRO DO TRABALHO LAN\u00c7AM PROGRAMA DE QUALIFICA\u00c7\u00c3O PROFISSIONAL PARA TODO O ESTADO, NESTA QUARTA (7) - Bahia Economica\",\"isPartOf\":{\"@id\":\"https:\/\/bahiaeconomica.com.br\/wp\/#website\"},\"datePublished\":\"2024-08-06T21:19:05+00:00\",\"dateModified\":\"2024-08-06T20:26:19+00:00\",\"description\":\"O maior portal de Economia da Bahia EMPREGOS \/ CONCURSOS Bahia Economica a\u00e7\u00e3o ter\u00e1 investimento de quase R$ 27 milh\u00f5es neste primeiro momento.\",\"breadcrumb\":{\"@id\":\"https:\/\/bahiaeconomica.com.br\/wp\/2024\/08\/06\/em-salvador-governador-e-ministro-do-trabalho-lancam-programa-de-qualificacao-profissional-para-todo-o-estado-nesta-quarta-7\/#breadcrumb\"},\"inLanguage\":\"pt-BR\",\"potentialAction\":[{\"@type\":\"ReadAction\",\"target\":[\"https:\/\/bahiaeconomica.com.br\/wp\/2024\/08\/06\/em-salvador-governador-e-ministro-do-trabalho-lancam-programa-de-qualificacao-profissional-para-todo-o-estado-nesta-quarta-7\/\"]}]},{\"@type\":\"BreadcrumbList\",\"@id\":\"https:\/\/bahiaeconomica.com.br\/wp\/2024\/08\/06\/em-salvador-governador-e-ministro-do-trabalho-lancam-programa-de-qualificacao-profissional-para-todo-o-estado-nesta-quarta-7\/#breadcrumb\",\"itemListElement\":[{\"@type\":\"ListItem\",\"position\":1,\"name\":\"In\u00edcio\",\"item\":\"https:\/\/bahiaeconomica.com.br\/wp\/\"},{\"@type\":\"ListItem\",\"position\":2,\"name\":\"EM SALVADOR, GOVERNADOR E MINISTRO DO TRABALHO LAN\u00c7AM PROGRAMA DE QUALIFICA\u00c7\u00c3O PROFISSIONAL PARA TODO O ESTADO, NESTA QUARTA (7)\"}]},{\"@type\":\"WebSite\",\"@id\":\"https:\/\/bahiaeconomica.com.br\/wp\/#website\",\"url\":\"https:\/\/bahiaeconomica.com.br\/wp\/\",\"name\":\"Bahia Economica\",\"description\":\"O maior portal de Economia da Bahia\",\"publisher\":{\"@id\":\"https:\/\/bahiaeconomica.com.br\/wp\/#organization\"},\"potentialAction\":[{\"@type\":\"SearchAction\",\"target\":{\"@type\":\"EntryPoint\",\"urlTemplate\":\"https:\/\/bahiaeconomica.com.br\/wp\/?s={search_term_string}\"},\"query-input\":\"required name=search_term_string\"}],\"inLanguage\":\"pt-BR\"},{\"@type\":\"Organization\",\"@id\":\"https:\/\/bahiaeconomica.com.br\/wp\/#organization\",\"name\":\"Bahia Econ\u00f4mica\",\"url\":\"https:\/\/bahiaeconomica.com.br\/wp\/\",\"logo\":{\"@type\":\"ImageObject\",\"inLanguage\":\"pt-BR\",\"@id\":\"https:\/\/bahiaeconomica.com.br\/wp\/#\/schema\/logo\/image\/\",\"url\":\"https:\/\/bahiaeconomica.com.br\/wp\/wp-content\/uploads\/2020\/12\/cropped-BE.png\",\"contentUrl\":\"https:\/\/bahiaeconomica.com.br\/wp\/wp-content\/uploads\/2020\/12\/cropped-BE.png\",\"width\":512,\"height\":512,\"caption\":\"Bahia Econ\u00f4mica\"},\"image\":{\"@id\":\"https:\/\/bahiaeconomica.com.br\/wp\/#\/schema\/logo\/image\/\"},\"sameAs\":[\"https:\/\/www.facebook.com\/bahiaeconomica\"]},{\"@type\":\"Person\",\"@id\":\"https:\/\/bahiaeconomica.com.br\/wp\/#\/schema\/person\/9310b0e591f5979f6f99773eac5804e6\",\"name\":\"BRUNA CARVALHO\",\"sameAs\":[\"http:\/\/www.bahiaeconomica.com.br\"],\"url\":\"https:\/\/bahiaeconomica.com.br\/wp\/author\/bruna\/\"}]}<\/script>\n<!-- \/ Yoast SEO plugin. -->","yoast_head_json":{"title":"EM SALVADOR, GOVERNADOR E MINISTRO DO TRABALHO LAN\u00c7AM PROGRAMA DE QUALIFICA\u00c7\u00c3O PROFISSIONAL PARA TODO O ESTADO, NESTA QUARTA (7) - Bahia Economica","description":"O maior portal de Economia da Bahia EMPREGOS \/ CONCURSOS Bahia Economica a\u00e7\u00e3o ter\u00e1 investimento de quase R$ 27 milh\u00f5es neste primeiro momento.","robots":{"index":"index","follow":"follow","max-snippet":"max-snippet:-1","max-image-preview":"max-image-preview:large","max-video-preview":"max-video-preview:-1"},"canonical":"https:\/\/bahiaeconomica.com.br\/wp\/2024\/08\/06\/em-salvador-governador-e-ministro-do-trabalho-lancam-programa-de-qualificacao-profissional-para-todo-o-estado-nesta-quarta-7\/","og_locale":"pt_BR","og_type":"article","og_title":"EM SALVADOR, GOVERNADOR E MINISTRO DO TRABALHO LAN\u00c7AM PROGRAMA DE QUALIFICA\u00c7\u00c3O PROFISSIONAL PARA TODO O ESTADO, NESTA QUARTA (7) - Bahia Economica","og_description":"O maior portal de Economia da Bahia EMPREGOS \/ CONCURSOS Bahia Economica a\u00e7\u00e3o ter\u00e1 investimento de quase R$ 27 milh\u00f5es neste primeiro momento.","og_url":"https:\/\/bahiaeconomica.com.br\/wp\/2024\/08\/06\/em-salvador-governador-e-ministro-do-trabalho-lancam-programa-de-qualificacao-profissional-para-todo-o-estado-nesta-quarta-7\/","og_site_name":"Bahia Economica","article_publisher":"https:\/\/www.facebook.com\/bahiaeconomica","article_published_time":"2024-08-06T21:19:05+00:00","article_modified_time":"2024-08-06T20:26:19+00:00","og_image":[{"width":696,"height":464,"url":"https:\/\/bahiaeconomica.com.br\/wp\/wp-content\/uploads\/2024\/08\/CABULA-CEEINFOR-Fotos-Joa-Souza_GOVBA-6-696x464-1.jpeg","type":"image\/jpeg"}],"author":"BRUNA CARVALHO","twitter_card":"summary_large_image","twitter_misc":{"Escrito por":"BRUNA CARVALHO","Est. tempo de leitura":"1 minuto"},"schema":{"@context":"https:\/\/schema.org","@graph":[{"@type":"Article","@id":"https:\/\/bahiaeconomica.com.br\/wp\/2024\/08\/06\/em-salvador-governador-e-ministro-do-trabalho-lancam-programa-de-qualificacao-profissional-para-todo-o-estado-nesta-quarta-7\/#article","isPartOf":{"@id":"https:\/\/bahiaeconomica.com.br\/wp\/2024\/08\/06\/em-salvador-governador-e-ministro-do-trabalho-lancam-programa-de-qualificacao-profissional-para-todo-o-estado-nesta-quarta-7\/"},"author":{"name":"BRUNA CARVALHO","@id":"https:\/\/bahiaeconomica.com.br\/wp\/#\/schema\/person\/9310b0e591f5979f6f99773eac5804e6"},"headline":"EM SALVADOR, GOVERNADOR E MINISTRO DO TRABALHO LAN\u00c7AM PROGRAMA DE QUALIFICA\u00c7\u00c3O PROFISSIONAL PARA TODO O ESTADO, NESTA QUARTA (7)","datePublished":"2024-08-06T21:19:05+00:00","dateModified":"2024-08-06T20:26:19+00:00","mainEntityOfPage":{"@id":"https:\/\/bahiaeconomica.com.br\/wp\/2024\/08\/06\/em-salvador-governador-e-ministro-do-trabalho-lancam-programa-de-qualificacao-profissional-para-todo-o-estado-nesta-quarta-7\/"},"wordCount":137,"publisher":{"@id":"https:\/\/bahiaeconomica.com.br\/wp\/#organization"},"keywords":["Bahia","porgrama","profissional","qualificacao","Salvador"],"articleSection":["EMPREGOS \/ CONCURSOS"],"inLanguage":"pt-BR"},{"@type":"WebPage","@id":"https:\/\/bahiaeconomica.com.br\/wp\/2024\/08\/06\/em-salvador-governador-e-ministro-do-trabalho-lancam-programa-de-qualificacao-profissional-para-todo-o-estado-nesta-quarta-7\/","url":"https:\/\/bahiaeconomica.com.br\/wp\/2024\/08\/06\/em-salvador-governador-e-ministro-do-trabalho-lancam-programa-de-qualificacao-profissional-para-todo-o-estado-nesta-quarta-7\/","name":"EM SALVADOR, GOVERNADOR E MINISTRO DO TRABALHO LAN\u00c7AM PROGRAMA DE QUALIFICA\u00c7\u00c3O PROFISSIONAL PARA TODO O ESTADO, NESTA QUARTA (7) - Bahia Economica","isPartOf":{"@id":"https:\/\/bahiaeconomica.com.br\/wp\/#website"},"datePublished":"2024-08-06T21:19:05+00:00","dateModified":"2024-08-06T20:26:19+00:00","description":"O maior portal de Economia da Bahia EMPREGOS \/ CONCURSOS Bahia Economica a\u00e7\u00e3o ter\u00e1 investimento de quase R$ 27 milh\u00f5es neste primeiro momento.","breadcrumb":{"@id":"https:\/\/bahiaeconomica.com.br\/wp\/2024\/08\/06\/em-salvador-governador-e-ministro-do-trabalho-lancam-programa-de-qualificacao-profissional-para-todo-o-estado-nesta-quarta-7\/#breadcrumb"},"inLanguage":"pt-BR","potentialAction":[{"@type":"ReadAction","target":["https:\/\/bahiaeconomica.com.br\/wp\/2024\/08\/06\/em-salvador-governador-e-ministro-do-trabalho-lancam-programa-de-qualificacao-profissional-para-todo-o-estado-nesta-quarta-7\/"]}]},{"@type":"BreadcrumbList","@id":"https:\/\/bahiaeconomica.com.br\/wp\/2024\/08\/06\/em-salvador-governador-e-ministro-do-trabalho-lancam-programa-de-qualificacao-profissional-para-todo-o-estado-nesta-quarta-7\/#breadcrumb","itemListElement":[{"@type":"ListItem","position":1,"name":"In\u00edcio","item":"https:\/\/bahiaeconomica.com.br\/wp\/"},{"@type":"ListItem","position":2,"name":"EM SALVADOR, GOVERNADOR E MINISTRO DO TRABALHO LAN\u00c7AM PROGRAMA DE QUALIFICA\u00c7\u00c3O PROFISSIONAL PARA TODO O ESTADO, NESTA QUARTA (7)"}]},{"@type":"WebSite","@id":"https:\/\/bahiaeconomica.com.br\/wp\/#website","url":"https:\/\/bahiaeconomica.com.br\/wp\/","name":"Bahia Economica","description":"O maior portal de Economia da Bahia","publisher":{"@id":"https:\/\/bahiaeconomica.com.br\/wp\/#organization"},"potentialAction":[{"@type":"SearchAction","target":{"@type":"EntryPoint","urlTemplate":"https:\/\/bahiaeconomica.com.br\/wp\/?s={search_term_string}"},"query-input":"required name=search_term_string"}],"inLanguage":"pt-BR"},{"@type":"Organization","@id":"https:\/\/bahiaeconomica.com.br\/wp\/#organization","name":"Bahia Econ\u00f4mica","url":"https:\/\/bahiaeconomica.com.br\/wp\/","logo":{"@type":"ImageObject","inLanguage":"pt-BR","@id":"https:\/\/bahiaeconomica.com.br\/wp\/#\/schema\/logo\/image\/","url":"https:\/\/bahiaeconomica.com.br\/wp\/wp-content\/uploads\/2020\/12\/cropped-BE.png","contentUrl":"https:\/\/bahiaeconomica.com.br\/wp\/wp-content\/uploads\/2020\/12\/cropped-BE.png","width":512,"height":512,"caption":"Bahia Econ\u00f4mica"},"image":{"@id":"https:\/\/bahiaeconomica.com.br\/wp\/#\/schema\/logo\/image\/"},"sameAs":["https:\/\/www.facebook.com\/bahiaeconomica"]},{"@type":"Person","@id":"https:\/\/bahiaeconomica.com.br\/wp\/#\/schema\/person\/9310b0e591f5979f6f99773eac5804e6","name":"BRUNA CARVALHO","sameAs":["http:\/\/www.bahiaeconomica.com.br"],"url":"https:\/\/bahiaeconomica.com.br\/wp\/author\/bruna\/"}]}},"views":18,"_links":{"self":[{"href":"https:\/\/bahiaeconomica.com.br\/wp\/wp-json\/wp\/v2\/posts\/835511"}],"collection":[{"href":"https:\/\/bahiaeconomica.com.br\/wp\/wp-json\/wp\/v2\/posts"}],"about":[{"href":"https:\/\/bahiaeconomica.com.br\/wp\/wp-json\/wp\/v2\/types\/post"}],"author":[{"embeddable":true,"href":"https:\/\/bahiaeconomica.com.br\/wp\/wp-json\/wp\/v2\/users\/20"}],"replies":[{"embeddable":true,"href":"https:\/\/bahiaeconomica.com.br\/wp\/wp-json\/wp\/v2\/comments?post=835511"}],"version-history":[{"count":1,"href":"https:\/\/bahiaeconomica.com.br\/wp\/wp-json\/wp\/v2\/posts\/835511\/revisions"}],"predecessor-version":[{"id":835518,"href":"https:\/\/bahiaeconomica.com.br\/wp\/wp-json\/wp\/v2\/posts\/835511\/revisions\/835518"}],"wp:featuredmedia":[{"embeddable":true,"href":"https:\/\/bahiaeconomica.com.br\/wp\/wp-json\/wp\/v2\/media\/835514"}],"wp:attachment":[{"href":"https:\/\/bahiaeconomica.com.br\/wp\/wp-json\/wp\/v2\/media?parent=835511"}],"wp:term":[{"taxonomy":"category","embeddable":true,"href":"https:\/\/bahiaeconomica.com.br\/wp\/wp-json\/wp\/v2\/categories?post=835511"},{"taxonomy":"post_tag","embeddable":true,"href":"https:\/\/bahiaeconomica.com.br\/wp\/wp-json\/wp\/v2\/tags?post=835511"}],"curies":[{"name":"wp","href":"https:\/\/api.w.org\/{rel}","templated":true}]}}