{"id":835417,"date":"2024-08-06T13:40:38","date_gmt":"2024-08-06T16:40:38","guid":{"rendered":"https:\/\/bahiaeconomica.com.br\/wp\/?p=835417"},"modified":"2024-08-06T13:47:29","modified_gmt":"2024-08-06T16:47:29","slug":"geopublica-2024-inscricoes-abertas-para-evento-sobre-geoinformacao-na-gestao-publica","status":"publish","type":"post","link":"https:\/\/bahiaeconomica.com.br\/wp\/2024\/08\/06\/geopublica-2024-inscricoes-abertas-para-evento-sobre-geoinformacao-na-gestao-publica\/","title":{"rendered":"GEOPUBLICA 2024: INSCRI\u00c7\u00d5ES ABERTAS PARA EVENTO SOBRE GEOINFORMA\u00c7\u00c3O NA GEST\u00c3O P\u00daBLICA"},"content":{"rendered":"<p>Est\u00e3o abertas as inscri\u00e7\u00f5es para o Geopublica 2024, evento de refer\u00eancia nacional que abordar\u00e1 este ano o tema &#8220;Gest\u00e3o p\u00fablica: geoinforma\u00e7\u00e3o e compromissos de governo&#8221;. O encontro ocorrer\u00e1 de 11 a 13 de setembro, sendo dias 11 e 12 no Fiesta Convention Center (Av. Ant\u00f4nio Carlos Magalh\u00e3es, 741, Itaigara), em Salvador. Dia 13 acontecem minicursos on-line no canal Youtube\/SEIBAHIA.<\/p>\n<p>Promovido pela Comiss\u00e3o Estadual de Cartografia e Geoinforma\u00e7\u00e3o (Cecar) e coordenado pela Superintend\u00eancia de Estudos Econ\u00f4micos e Sociais da Bahia (SEI), o encontro reunir\u00e1 especialistas dos setores p\u00fablico e privado, academia e comunidade de pesquisa de v\u00e1rias partes do pa\u00eds. A iniciativa \u00e9 realizada em parceria com o Grupo Tem\u00e1tico de Informa\u00e7\u00f5es Geoespaciais (GTIGeo) e o Comit\u00ea de Gestores de Tecnologia da Informa\u00e7\u00e3o e Comunica\u00e7\u00e3o do Estado da Bahia (Fortic).<\/p>\n<p>Trata-se de um f\u00f3rum de alto n\u00edvel de especialistas com foco em compartilhar conhecimentos, discutir e explorar oportunidades para aprimorar a estrat\u00e9gia geoespacial dos governos, melhorando a coleta de dados, o apoio \u00e0 tomada de decis\u00f5es e a governan\u00e7a da infraestrutura geoespacial. O uso de dados geoespaciais \u00e9 fundamental para enfrentar desafios sociais, econ\u00f4micos e ambientais, sendo uma ferramenta essencial para pol\u00edticas p\u00fablicas eficazes.<\/p>\n<p>A programa\u00e7\u00e3o apresenta conte\u00fados de interesse nacional e regional. No \u00e2mbito do estado da Bahia, o Geopublica de 2024 tem como refer\u00eancia as a\u00e7\u00f5es do PPA 2024-2027 e concentrar\u00e1 os debates na import\u00e2ncia de ampliar o uso do dado geoespacial na administra\u00e7\u00e3o p\u00fablica. O objetivo \u00e9 colaborar para a constru\u00e7\u00e3o de uma governan\u00e7a estrat\u00e9gica para o fortalecimento da Infraestrutura de Dados Espaciais do Estado &#8211; IDE Bahia.<\/p>\n","protected":false},"excerpt":{"rendered":"<p>Est\u00e3o abertas as inscri\u00e7\u00f5es para o Geopublica 2024, evento de refer\u00eancia nacional que abordar\u00e1 este ano o tema &#8220;Gest\u00e3o p\u00fablica: geoinforma\u00e7\u00e3o e compromissos de governo&#8221;. O encontro ocorrer\u00e1 de 11 a 13 de setembro, sendo dias 11 e 12 no Fiesta Convention Center (Av. Ant\u00f4nio Carlos Magalh\u00e3es, 741, Itaigara), em Salvador. Dia 13 acontecem minicursos [&hellip;]<\/p>\n","protected":false},"author":8,"featured_media":835418,"comment_status":"closed","ping_status":"closed","sticky":false,"template":"","format":"standard","meta":[],"categories":[3],"tags":[52,11965,599],"acf":[],"yoast_head":"<!-- This site is optimized with the Yoast SEO plugin v20.8 - https:\/\/yoast.com\/wordpress\/plugins\/seo\/ -->\n<title>GEOPUBLICA 2024: INSCRI\u00c7\u00d5ES ABERTAS PARA EVENTO SOBRE GEOINFORMA\u00c7\u00c3O NA GEST\u00c3O P\u00daBLICA - Bahia Economica<\/title>\n<meta name=\"description\" content=\"O maior portal de Economia da Bahia ECONOMIA \/ POL\u00cdTICA Bahia Economica geoespacial. O uso de dados geoespaciais \u00e9 fundamental\" \/>\n<meta name=\"robots\" content=\"index, follow, max-snippet:-1, max-image-preview:large, max-video-preview:-1\" \/>\n<link rel=\"canonical\" href=\"https:\/\/bahiaeconomica.com.br\/wp\/2024\/08\/06\/geopublica-2024-inscricoes-abertas-para-evento-sobre-geoinformacao-na-gestao-publica\/\" \/>\n<meta property=\"og:locale\" content=\"pt_BR\" \/>\n<meta property=\"og:type\" content=\"article\" \/>\n<meta property=\"og:title\" content=\"GEOPUBLICA 2024: INSCRI\u00c7\u00d5ES ABERTAS PARA EVENTO SOBRE GEOINFORMA\u00c7\u00c3O NA GEST\u00c3O P\u00daBLICA - Bahia Economica\" \/>\n<meta property=\"og:description\" content=\"O maior portal de Economia da Bahia ECONOMIA \/ POL\u00cdTICA Bahia Economica geoespacial. O uso de dados geoespaciais \u00e9 fundamental\" \/>\n<meta property=\"og:url\" content=\"https:\/\/bahiaeconomica.com.br\/wp\/2024\/08\/06\/geopublica-2024-inscricoes-abertas-para-evento-sobre-geoinformacao-na-gestao-publica\/\" \/>\n<meta property=\"og:site_name\" content=\"Bahia Economica\" \/>\n<meta property=\"article:publisher\" content=\"https:\/\/www.facebook.com\/bahiaeconomica\" \/>\n<meta property=\"article:published_time\" content=\"2024-08-06T16:40:38+00:00\" \/>\n<meta property=\"article:modified_time\" content=\"2024-08-06T16:47:29+00:00\" \/>\n<meta property=\"og:image\" content=\"https:\/\/bahiaeconomica.com.br\/wp\/wp-content\/uploads\/2024\/08\/WhatsApp-Image-2024-08-06-at-11.36.05.jpeg\" \/>\n\t<meta property=\"og:image:width\" content=\"1600\" \/>\n\t<meta property=\"og:image:height\" content=\"1166\" \/>\n\t<meta property=\"og:image:type\" content=\"image\/jpeg\" \/>\n<meta name=\"author\" content=\"JP\" \/>\n<meta name=\"twitter:card\" content=\"summary_large_image\" \/>\n<meta name=\"twitter:label1\" content=\"Escrito por\" \/>\n\t<meta name=\"twitter:data1\" content=\"JP\" \/>\n\t<meta name=\"twitter:label2\" content=\"Est. tempo de leitura\" \/>\n\t<meta name=\"twitter:data2\" content=\"2 minutos\" \/>\n<script type=\"application\/ld+json\" class=\"yoast-schema-graph\">{\"@context\":\"https:\/\/schema.org\",\"@graph\":[{\"@type\":\"Article\",\"@id\":\"https:\/\/bahiaeconomica.com.br\/wp\/2024\/08\/06\/geopublica-2024-inscricoes-abertas-para-evento-sobre-geoinformacao-na-gestao-publica\/#article\",\"isPartOf\":{\"@id\":\"https:\/\/bahiaeconomica.com.br\/wp\/2024\/08\/06\/geopublica-2024-inscricoes-abertas-para-evento-sobre-geoinformacao-na-gestao-publica\/\"},\"author\":{\"name\":\"JP\",\"@id\":\"https:\/\/bahiaeconomica.com.br\/wp\/#\/schema\/person\/c86d3a3f8960425a0f9d0e5245991f4e\"},\"headline\":\"GEOPUBLICA 2024: INSCRI\u00c7\u00d5ES ABERTAS PARA EVENTO SOBRE GEOINFORMA\u00c7\u00c3O NA GEST\u00c3O P\u00daBLICA\",\"datePublished\":\"2024-08-06T16:40:38+00:00\",\"dateModified\":\"2024-08-06T16:47:29+00:00\",\"mainEntityOfPage\":{\"@id\":\"https:\/\/bahiaeconomica.com.br\/wp\/2024\/08\/06\/geopublica-2024-inscricoes-abertas-para-evento-sobre-geoinformacao-na-gestao-publica\/\"},\"wordCount\":300,\"publisher\":{\"@id\":\"https:\/\/bahiaeconomica.com.br\/wp\/#organization\"},\"keywords\":[\"Brasil\",\"econmia\",\"SEI\"],\"articleSection\":[\"ECONOMIA \/ POL\u00cdTICA\"],\"inLanguage\":\"pt-BR\"},{\"@type\":\"WebPage\",\"@id\":\"https:\/\/bahiaeconomica.com.br\/wp\/2024\/08\/06\/geopublica-2024-inscricoes-abertas-para-evento-sobre-geoinformacao-na-gestao-publica\/\",\"url\":\"https:\/\/bahiaeconomica.com.br\/wp\/2024\/08\/06\/geopublica-2024-inscricoes-abertas-para-evento-sobre-geoinformacao-na-gestao-publica\/\",\"name\":\"GEOPUBLICA 2024: INSCRI\u00c7\u00d5ES ABERTAS PARA EVENTO SOBRE GEOINFORMA\u00c7\u00c3O NA GEST\u00c3O P\u00daBLICA - Bahia Economica\",\"isPartOf\":{\"@id\":\"https:\/\/bahiaeconomica.com.br\/wp\/#website\"},\"datePublished\":\"2024-08-06T16:40:38+00:00\",\"dateModified\":\"2024-08-06T16:47:29+00:00\",\"description\":\"O maior portal de Economia da Bahia ECONOMIA \/ POL\u00cdTICA Bahia Economica geoespacial. O uso de dados geoespaciais \u00e9 fundamental\",\"breadcrumb\":{\"@id\":\"https:\/\/bahiaeconomica.com.br\/wp\/2024\/08\/06\/geopublica-2024-inscricoes-abertas-para-evento-sobre-geoinformacao-na-gestao-publica\/#breadcrumb\"},\"inLanguage\":\"pt-BR\",\"potentialAction\":[{\"@type\":\"ReadAction\",\"target\":[\"https:\/\/bahiaeconomica.com.br\/wp\/2024\/08\/06\/geopublica-2024-inscricoes-abertas-para-evento-sobre-geoinformacao-na-gestao-publica\/\"]}]},{\"@type\":\"BreadcrumbList\",\"@id\":\"https:\/\/bahiaeconomica.com.br\/wp\/2024\/08\/06\/geopublica-2024-inscricoes-abertas-para-evento-sobre-geoinformacao-na-gestao-publica\/#breadcrumb\",\"itemListElement\":[{\"@type\":\"ListItem\",\"position\":1,\"name\":\"In\u00edcio\",\"item\":\"https:\/\/bahiaeconomica.com.br\/wp\/\"},{\"@type\":\"ListItem\",\"position\":2,\"name\":\"GEOPUBLICA 2024: INSCRI\u00c7\u00d5ES ABERTAS PARA EVENTO SOBRE GEOINFORMA\u00c7\u00c3O NA GEST\u00c3O P\u00daBLICA\"}]},{\"@type\":\"WebSite\",\"@id\":\"https:\/\/bahiaeconomica.com.br\/wp\/#website\",\"url\":\"https:\/\/bahiaeconomica.com.br\/wp\/\",\"name\":\"Bahia Economica\",\"description\":\"O maior portal de Economia da Bahia\",\"publisher\":{\"@id\":\"https:\/\/bahiaeconomica.com.br\/wp\/#organization\"},\"potentialAction\":[{\"@type\":\"SearchAction\",\"target\":{\"@type\":\"EntryPoint\",\"urlTemplate\":\"https:\/\/bahiaeconomica.com.br\/wp\/?s={search_term_string}\"},\"query-input\":\"required name=search_term_string\"}],\"inLanguage\":\"pt-BR\"},{\"@type\":\"Organization\",\"@id\":\"https:\/\/bahiaeconomica.com.br\/wp\/#organization\",\"name\":\"Bahia Econ\u00f4mica\",\"url\":\"https:\/\/bahiaeconomica.com.br\/wp\/\",\"logo\":{\"@type\":\"ImageObject\",\"inLanguage\":\"pt-BR\",\"@id\":\"https:\/\/bahiaeconomica.com.br\/wp\/#\/schema\/logo\/image\/\",\"url\":\"https:\/\/bahiaeconomica.com.br\/wp\/wp-content\/uploads\/2020\/12\/cropped-BE.png\",\"contentUrl\":\"https:\/\/bahiaeconomica.com.br\/wp\/wp-content\/uploads\/2020\/12\/cropped-BE.png\",\"width\":512,\"height\":512,\"caption\":\"Bahia Econ\u00f4mica\"},\"image\":{\"@id\":\"https:\/\/bahiaeconomica.com.br\/wp\/#\/schema\/logo\/image\/\"},\"sameAs\":[\"https:\/\/www.facebook.com\/bahiaeconomica\"]},{\"@type\":\"Person\",\"@id\":\"https:\/\/bahiaeconomica.com.br\/wp\/#\/schema\/person\/c86d3a3f8960425a0f9d0e5245991f4e\",\"name\":\"JP\",\"sameAs\":[\"https:\/\/bahiaeconomica.com.br\/wp\/beta\/\"],\"url\":\"https:\/\/bahiaeconomica.com.br\/wp\/author\/jp\/\"}]}<\/script>\n<!-- \/ Yoast SEO plugin. -->","yoast_head_json":{"title":"GEOPUBLICA 2024: INSCRI\u00c7\u00d5ES ABERTAS PARA EVENTO SOBRE GEOINFORMA\u00c7\u00c3O NA GEST\u00c3O P\u00daBLICA - Bahia Economica","description":"O maior portal de Economia da Bahia ECONOMIA \/ POL\u00cdTICA Bahia Economica geoespacial. O uso de dados geoespaciais \u00e9 fundamental","robots":{"index":"index","follow":"follow","max-snippet":"max-snippet:-1","max-image-preview":"max-image-preview:large","max-video-preview":"max-video-preview:-1"},"canonical":"https:\/\/bahiaeconomica.com.br\/wp\/2024\/08\/06\/geopublica-2024-inscricoes-abertas-para-evento-sobre-geoinformacao-na-gestao-publica\/","og_locale":"pt_BR","og_type":"article","og_title":"GEOPUBLICA 2024: INSCRI\u00c7\u00d5ES ABERTAS PARA EVENTO SOBRE GEOINFORMA\u00c7\u00c3O NA GEST\u00c3O P\u00daBLICA - Bahia Economica","og_description":"O maior portal de Economia da Bahia ECONOMIA \/ POL\u00cdTICA Bahia Economica geoespacial. O uso de dados geoespaciais \u00e9 fundamental","og_url":"https:\/\/bahiaeconomica.com.br\/wp\/2024\/08\/06\/geopublica-2024-inscricoes-abertas-para-evento-sobre-geoinformacao-na-gestao-publica\/","og_site_name":"Bahia Economica","article_publisher":"https:\/\/www.facebook.com\/bahiaeconomica","article_published_time":"2024-08-06T16:40:38+00:00","article_modified_time":"2024-08-06T16:47:29+00:00","og_image":[{"width":1600,"height":1166,"url":"https:\/\/bahiaeconomica.com.br\/wp\/wp-content\/uploads\/2024\/08\/WhatsApp-Image-2024-08-06-at-11.36.05.jpeg","type":"image\/jpeg"}],"author":"JP","twitter_card":"summary_large_image","twitter_misc":{"Escrito por":"JP","Est. tempo de leitura":"2 minutos"},"schema":{"@context":"https:\/\/schema.org","@graph":[{"@type":"Article","@id":"https:\/\/bahiaeconomica.com.br\/wp\/2024\/08\/06\/geopublica-2024-inscricoes-abertas-para-evento-sobre-geoinformacao-na-gestao-publica\/#article","isPartOf":{"@id":"https:\/\/bahiaeconomica.com.br\/wp\/2024\/08\/06\/geopublica-2024-inscricoes-abertas-para-evento-sobre-geoinformacao-na-gestao-publica\/"},"author":{"name":"JP","@id":"https:\/\/bahiaeconomica.com.br\/wp\/#\/schema\/person\/c86d3a3f8960425a0f9d0e5245991f4e"},"headline":"GEOPUBLICA 2024: INSCRI\u00c7\u00d5ES ABERTAS PARA EVENTO SOBRE GEOINFORMA\u00c7\u00c3O NA GEST\u00c3O P\u00daBLICA","datePublished":"2024-08-06T16:40:38+00:00","dateModified":"2024-08-06T16:47:29+00:00","mainEntityOfPage":{"@id":"https:\/\/bahiaeconomica.com.br\/wp\/2024\/08\/06\/geopublica-2024-inscricoes-abertas-para-evento-sobre-geoinformacao-na-gestao-publica\/"},"wordCount":300,"publisher":{"@id":"https:\/\/bahiaeconomica.com.br\/wp\/#organization"},"keywords":["Brasil","econmia","SEI"],"articleSection":["ECONOMIA \/ POL\u00cdTICA"],"inLanguage":"pt-BR"},{"@type":"WebPage","@id":"https:\/\/bahiaeconomica.com.br\/wp\/2024\/08\/06\/geopublica-2024-inscricoes-abertas-para-evento-sobre-geoinformacao-na-gestao-publica\/","url":"https:\/\/bahiaeconomica.com.br\/wp\/2024\/08\/06\/geopublica-2024-inscricoes-abertas-para-evento-sobre-geoinformacao-na-gestao-publica\/","name":"GEOPUBLICA 2024: INSCRI\u00c7\u00d5ES ABERTAS PARA EVENTO SOBRE GEOINFORMA\u00c7\u00c3O NA GEST\u00c3O P\u00daBLICA - Bahia Economica","isPartOf":{"@id":"https:\/\/bahiaeconomica.com.br\/wp\/#website"},"datePublished":"2024-08-06T16:40:38+00:00","dateModified":"2024-08-06T16:47:29+00:00","description":"O maior portal de Economia da Bahia ECONOMIA \/ POL\u00cdTICA Bahia Economica geoespacial. O uso de dados geoespaciais \u00e9 fundamental","breadcrumb":{"@id":"https:\/\/bahiaeconomica.com.br\/wp\/2024\/08\/06\/geopublica-2024-inscricoes-abertas-para-evento-sobre-geoinformacao-na-gestao-publica\/#breadcrumb"},"inLanguage":"pt-BR","potentialAction":[{"@type":"ReadAction","target":["https:\/\/bahiaeconomica.com.br\/wp\/2024\/08\/06\/geopublica-2024-inscricoes-abertas-para-evento-sobre-geoinformacao-na-gestao-publica\/"]}]},{"@type":"BreadcrumbList","@id":"https:\/\/bahiaeconomica.com.br\/wp\/2024\/08\/06\/geopublica-2024-inscricoes-abertas-para-evento-sobre-geoinformacao-na-gestao-publica\/#breadcrumb","itemListElement":[{"@type":"ListItem","position":1,"name":"In\u00edcio","item":"https:\/\/bahiaeconomica.com.br\/wp\/"},{"@type":"ListItem","position":2,"name":"GEOPUBLICA 2024: INSCRI\u00c7\u00d5ES ABERTAS PARA EVENTO SOBRE GEOINFORMA\u00c7\u00c3O NA GEST\u00c3O P\u00daBLICA"}]},{"@type":"WebSite","@id":"https:\/\/bahiaeconomica.com.br\/wp\/#website","url":"https:\/\/bahiaeconomica.com.br\/wp\/","name":"Bahia Economica","description":"O maior portal de Economia da Bahia","publisher":{"@id":"https:\/\/bahiaeconomica.com.br\/wp\/#organization"},"potentialAction":[{"@type":"SearchAction","target":{"@type":"EntryPoint","urlTemplate":"https:\/\/bahiaeconomica.com.br\/wp\/?s={search_term_string}"},"query-input":"required name=search_term_string"}],"inLanguage":"pt-BR"},{"@type":"Organization","@id":"https:\/\/bahiaeconomica.com.br\/wp\/#organization","name":"Bahia Econ\u00f4mica","url":"https:\/\/bahiaeconomica.com.br\/wp\/","logo":{"@type":"ImageObject","inLanguage":"pt-BR","@id":"https:\/\/bahiaeconomica.com.br\/wp\/#\/schema\/logo\/image\/","url":"https:\/\/bahiaeconomica.com.br\/wp\/wp-content\/uploads\/2020\/12\/cropped-BE.png","contentUrl":"https:\/\/bahiaeconomica.com.br\/wp\/wp-content\/uploads\/2020\/12\/cropped-BE.png","width":512,"height":512,"caption":"Bahia Econ\u00f4mica"},"image":{"@id":"https:\/\/bahiaeconomica.com.br\/wp\/#\/schema\/logo\/image\/"},"sameAs":["https:\/\/www.facebook.com\/bahiaeconomica"]},{"@type":"Person","@id":"https:\/\/bahiaeconomica.com.br\/wp\/#\/schema\/person\/c86d3a3f8960425a0f9d0e5245991f4e","name":"JP","sameAs":["https:\/\/bahiaeconomica.com.br\/wp\/beta\/"],"url":"https:\/\/bahiaeconomica.com.br\/wp\/author\/jp\/"}]}},"views":13,"_links":{"self":[{"href":"https:\/\/bahiaeconomica.com.br\/wp\/wp-json\/wp\/v2\/posts\/835417"}],"collection":[{"href":"https:\/\/bahiaeconomica.com.br\/wp\/wp-json\/wp\/v2\/posts"}],"about":[{"href":"https:\/\/bahiaeconomica.com.br\/wp\/wp-json\/wp\/v2\/types\/post"}],"author":[{"embeddable":true,"href":"https:\/\/bahiaeconomica.com.br\/wp\/wp-json\/wp\/v2\/users\/8"}],"replies":[{"embeddable":true,"href":"https:\/\/bahiaeconomica.com.br\/wp\/wp-json\/wp\/v2\/comments?post=835417"}],"version-history":[{"count":1,"href":"https:\/\/bahiaeconomica.com.br\/wp\/wp-json\/wp\/v2\/posts\/835417\/revisions"}],"predecessor-version":[{"id":835419,"href":"https:\/\/bahiaeconomica.com.br\/wp\/wp-json\/wp\/v2\/posts\/835417\/revisions\/835419"}],"wp:featuredmedia":[{"embeddable":true,"href":"https:\/\/bahiaeconomica.com.br\/wp\/wp-json\/wp\/v2\/media\/835418"}],"wp:attachment":[{"href":"https:\/\/bahiaeconomica.com.br\/wp\/wp-json\/wp\/v2\/media?parent=835417"}],"wp:term":[{"taxonomy":"category","embeddable":true,"href":"https:\/\/bahiaeconomica.com.br\/wp\/wp-json\/wp\/v2\/categories?post=835417"},{"taxonomy":"post_tag","embeddable":true,"href":"https:\/\/bahiaeconomica.com.br\/wp\/wp-json\/wp\/v2\/tags?post=835417"}],"curies":[{"name":"wp","href":"https:\/\/api.w.org\/{rel}","templated":true}]}}