{"id":835233,"date":"2024-08-05T18:59:36","date_gmt":"2024-08-05T21:59:36","guid":{"rendered":"https:\/\/bahiaeconomica.com.br\/wp\/?p=835233"},"modified":"2024-08-05T18:35:46","modified_gmt":"2024-08-05T21:35:46","slug":"relacao-brasil-china-deve-bater-novo-recorde-comercial-diz-alckmin","status":"publish","type":"post","link":"https:\/\/bahiaeconomica.com.br\/wp\/2024\/08\/05\/relacao-brasil-china-deve-bater-novo-recorde-comercial-diz-alckmin\/","title":{"rendered":"RELA\u00c7\u00c3O BRASIL-CHINA DEVE BATER NOVO RECORDE COMERCIAL, DIZ ALCKMIN"},"content":{"rendered":"<p>O presidente da Rep\u00fablica em exerc\u00edcio, Geraldo Alckmin, destacou nesta segunda-feira (5) a rela\u00e7\u00e3o comercial Brasil-China e disse que, somente de janeiro a julho deste ano, a parceria cresceu 7,4% em rela\u00e7\u00e3o a igual per\u00edodo de 2023. Para ele, o ano de 2024 dever\u00e1 representar um novo recorde comercial.<\/p>\n<p>Ao participar, por videoconfer\u00eancia, do encerramento do Semin\u00e1rio do Conselho Empresarial Brasil-China, ocorrido em S\u00e3o Paulo, o presidente em exerc\u00edcio defendeu que os dois pa\u00edses continuem avan\u00e7ando no \u00e2mbito comercial e de investimentos, com especial est\u00edmulo ao setor industrial.<\/p>\n<p>&#8220;N\u00f3s queremos neoindustrializar o Brasil. N\u00e3o h\u00e1 desenvolvimento econ\u00f4mico sem ind\u00fastria, n\u00e3o h\u00e1 desenvolvimento social sem ind\u00fastria. Ent\u00e3o n\u00f3s queremos uma neoindustrializa\u00e7\u00e3o, que \u00e9 importante, e um adensamento das cadeias produtivas&#8221;, disse Alckmin, que tamb\u00e9m \u00e9 ministro do Desenvolvimento, Ind\u00fastria, Com\u00e9rcio e Servi\u00e7os. O presidente Luiz In\u00e1cio Lula da Silva se encontra em Santiago, no Chile, onde cumpre visita de Estado e participa da assinatura de diversos acordos bilaterais.<\/p>\n<p>Geraldo Alckmin destacou as exporta\u00e7\u00f5es brasileiras feitas ao pa\u00eds asi\u00e1tico no setor de alimentos, petr\u00f3leo, min\u00e9rio de ferro e celulose, e antecipou que, com o Novo PAC, haver\u00e1 muitas oportunidades nas \u00e1reas de infraestrutura, log\u00edstica, transportes e energia.<\/p>\n<p>&#8220;A reforma tribut\u00e1ria vai impulsionar a ind\u00fastria e trazer mais investimentos e exporta\u00e7\u00e3o, porque ela tira cumulatividade, ent\u00e3o ela desonera completamente investimentos e exporta\u00e7\u00e3o&#8221;, disse o presidente em exerc\u00edcio. Ainda durante a fala no evento, Alckmin citou um estudo do Instituto de Pesquisa Econ\u00f4mica Aplicada (Ipea) que mostra que, no prazo de 15 anos, a reforma tribut\u00e1ria pode gerar um aumento de 12% no Produto Interno Bruto (PIB) brasileiro, de 14% nos investimentos e de 17% nas exporta\u00e7\u00f5es.<\/p>\n<p>O semin\u00e1rio ocorre no momento em que Brasil e China completam 50 anos de rela\u00e7\u00f5es diplom\u00e1ticas. H\u00e1 14 anos, a China \u00e9 o maior parceiro comercial do Brasil, tendo somado mais de US$ 157 bilh\u00f5es em trocas comerciais em 2023. No ano passado, o super\u00e1vit comercial do Brasil com a China foi de US$ 51,1 bilh\u00f5es.<\/p>\n<p>Foto: Cadu Gomes\/VPR.<\/p>\n","protected":false},"excerpt":{"rendered":"<p>O presidente da Rep\u00fablica em exerc\u00edcio, Geraldo Alckmin, destacou nesta segunda-feira (5) a rela\u00e7\u00e3o comercial Brasil-China e disse que, somente de janeiro a julho deste ano, a parceria cresceu 7,4% em rela\u00e7\u00e3o a igual per\u00edodo de 2023. Para ele, o ano de 2024 dever\u00e1 representar um novo recorde comercial. Ao participar, por videoconfer\u00eancia, do encerramento [&hellip;]<\/p>\n","protected":false},"author":21,"featured_media":835234,"comment_status":"closed","ping_status":"closed","sticky":false,"template":"","format":"standard","meta":[],"categories":[14,3],"tags":[52,750,8671,32117],"acf":[],"yoast_head":"<!-- This site is optimized with the Yoast SEO plugin v20.8 - https:\/\/yoast.com\/wordpress\/plugins\/seo\/ -->\n<title>RELA\u00c7\u00c3O BRASIL-CHINA DEVE BATER NOVO RECORDE COMERCIAL, DIZ ALCKMIN - Bahia Economica<\/title>\n<meta name=\"description\" content=\"O maior portal de Economia da Bahia DESTAQUE DO DIA, ECONOMIA \/ POL\u00cdTICA Bahia Economica O presidente da Rep\u00fablica em exerc\u00edcio, Geraldo Alckmin,\" \/>\n<meta name=\"robots\" content=\"index, follow, max-snippet:-1, max-image-preview:large, max-video-preview:-1\" \/>\n<link rel=\"canonical\" href=\"https:\/\/bahiaeconomica.com.br\/wp\/2024\/08\/05\/relacao-brasil-china-deve-bater-novo-recorde-comercial-diz-alckmin\/\" \/>\n<meta property=\"og:locale\" content=\"pt_BR\" \/>\n<meta property=\"og:type\" content=\"article\" \/>\n<meta property=\"og:title\" content=\"RELA\u00c7\u00c3O BRASIL-CHINA DEVE BATER NOVO RECORDE COMERCIAL, DIZ ALCKMIN - Bahia Economica\" \/>\n<meta property=\"og:description\" content=\"O maior portal de Economia da Bahia DESTAQUE DO DIA, ECONOMIA \/ POL\u00cdTICA Bahia Economica O presidente da Rep\u00fablica em exerc\u00edcio, Geraldo Alckmin,\" \/>\n<meta property=\"og:url\" content=\"https:\/\/bahiaeconomica.com.br\/wp\/2024\/08\/05\/relacao-brasil-china-deve-bater-novo-recorde-comercial-diz-alckmin\/\" \/>\n<meta property=\"og:site_name\" content=\"Bahia Economica\" \/>\n<meta property=\"article:publisher\" content=\"https:\/\/www.facebook.com\/bahiaeconomica\" \/>\n<meta property=\"article:published_time\" content=\"2024-08-05T21:59:36+00:00\" \/>\n<meta property=\"article:modified_time\" content=\"2024-08-05T21:35:46+00:00\" \/>\n<meta property=\"og:image\" content=\"https:\/\/bahiaeconomica.com.br\/wp\/wp-content\/uploads\/2024\/08\/53904160004_c5dedb42fe_o.webp\" \/>\n\t<meta property=\"og:image:width\" content=\"1170\" \/>\n\t<meta property=\"og:image:height\" content=\"700\" \/>\n\t<meta property=\"og:image:type\" content=\"image\/webp\" \/>\n<meta name=\"author\" content=\"HUGO LEITE\" \/>\n<meta name=\"twitter:card\" content=\"summary_large_image\" \/>\n<meta name=\"twitter:label1\" content=\"Escrito por\" \/>\n\t<meta name=\"twitter:data1\" content=\"HUGO LEITE\" \/>\n\t<meta name=\"twitter:label2\" content=\"Est. tempo de leitura\" \/>\n\t<meta name=\"twitter:data2\" content=\"2 minutos\" \/>\n<script type=\"application\/ld+json\" class=\"yoast-schema-graph\">{\"@context\":\"https:\/\/schema.org\",\"@graph\":[{\"@type\":\"Article\",\"@id\":\"https:\/\/bahiaeconomica.com.br\/wp\/2024\/08\/05\/relacao-brasil-china-deve-bater-novo-recorde-comercial-diz-alckmin\/#article\",\"isPartOf\":{\"@id\":\"https:\/\/bahiaeconomica.com.br\/wp\/2024\/08\/05\/relacao-brasil-china-deve-bater-novo-recorde-comercial-diz-alckmin\/\"},\"author\":{\"name\":\"HUGO LEITE\",\"@id\":\"https:\/\/bahiaeconomica.com.br\/wp\/#\/schema\/person\/1704090528f3af7c918b3cb25d9d4016\"},\"headline\":\"RELA\u00c7\u00c3O BRASIL-CHINA DEVE BATER NOVO RECORDE COMERCIAL, DIZ ALCKMIN\",\"datePublished\":\"2024-08-05T21:59:36+00:00\",\"dateModified\":\"2024-08-05T21:35:46+00:00\",\"mainEntityOfPage\":{\"@id\":\"https:\/\/bahiaeconomica.com.br\/wp\/2024\/08\/05\/relacao-brasil-china-deve-bater-novo-recorde-comercial-diz-alckmin\/\"},\"wordCount\":374,\"publisher\":{\"@id\":\"https:\/\/bahiaeconomica.com.br\/wp\/#organization\"},\"keywords\":[\"Brasil\",\"China\",\"Geraldo Alckmin\",\"rela\u00e7\u00e3o comercial\"],\"articleSection\":[\"DESTAQUE DO DIA\",\"ECONOMIA \/ POL\u00cdTICA\"],\"inLanguage\":\"pt-BR\"},{\"@type\":\"WebPage\",\"@id\":\"https:\/\/bahiaeconomica.com.br\/wp\/2024\/08\/05\/relacao-brasil-china-deve-bater-novo-recorde-comercial-diz-alckmin\/\",\"url\":\"https:\/\/bahiaeconomica.com.br\/wp\/2024\/08\/05\/relacao-brasil-china-deve-bater-novo-recorde-comercial-diz-alckmin\/\",\"name\":\"RELA\u00c7\u00c3O BRASIL-CHINA DEVE BATER NOVO RECORDE COMERCIAL, DIZ ALCKMIN - Bahia Economica\",\"isPartOf\":{\"@id\":\"https:\/\/bahiaeconomica.com.br\/wp\/#website\"},\"datePublished\":\"2024-08-05T21:59:36+00:00\",\"dateModified\":\"2024-08-05T21:35:46+00:00\",\"description\":\"O maior portal de Economia da Bahia DESTAQUE DO DIA, ECONOMIA \/ POL\u00cdTICA Bahia Economica O presidente da Rep\u00fablica em exerc\u00edcio, Geraldo Alckmin,\",\"breadcrumb\":{\"@id\":\"https:\/\/bahiaeconomica.com.br\/wp\/2024\/08\/05\/relacao-brasil-china-deve-bater-novo-recorde-comercial-diz-alckmin\/#breadcrumb\"},\"inLanguage\":\"pt-BR\",\"potentialAction\":[{\"@type\":\"ReadAction\",\"target\":[\"https:\/\/bahiaeconomica.com.br\/wp\/2024\/08\/05\/relacao-brasil-china-deve-bater-novo-recorde-comercial-diz-alckmin\/\"]}]},{\"@type\":\"BreadcrumbList\",\"@id\":\"https:\/\/bahiaeconomica.com.br\/wp\/2024\/08\/05\/relacao-brasil-china-deve-bater-novo-recorde-comercial-diz-alckmin\/#breadcrumb\",\"itemListElement\":[{\"@type\":\"ListItem\",\"position\":1,\"name\":\"In\u00edcio\",\"item\":\"https:\/\/bahiaeconomica.com.br\/wp\/\"},{\"@type\":\"ListItem\",\"position\":2,\"name\":\"RELA\u00c7\u00c3O BRASIL-CHINA DEVE BATER NOVO RECORDE COMERCIAL, DIZ ALCKMIN\"}]},{\"@type\":\"WebSite\",\"@id\":\"https:\/\/bahiaeconomica.com.br\/wp\/#website\",\"url\":\"https:\/\/bahiaeconomica.com.br\/wp\/\",\"name\":\"Bahia Economica\",\"description\":\"O maior portal de Economia da Bahia\",\"publisher\":{\"@id\":\"https:\/\/bahiaeconomica.com.br\/wp\/#organization\"},\"potentialAction\":[{\"@type\":\"SearchAction\",\"target\":{\"@type\":\"EntryPoint\",\"urlTemplate\":\"https:\/\/bahiaeconomica.com.br\/wp\/?s={search_term_string}\"},\"query-input\":\"required name=search_term_string\"}],\"inLanguage\":\"pt-BR\"},{\"@type\":\"Organization\",\"@id\":\"https:\/\/bahiaeconomica.com.br\/wp\/#organization\",\"name\":\"Bahia Econ\u00f4mica\",\"url\":\"https:\/\/bahiaeconomica.com.br\/wp\/\",\"logo\":{\"@type\":\"ImageObject\",\"inLanguage\":\"pt-BR\",\"@id\":\"https:\/\/bahiaeconomica.com.br\/wp\/#\/schema\/logo\/image\/\",\"url\":\"https:\/\/bahiaeconomica.com.br\/wp\/wp-content\/uploads\/2020\/12\/cropped-BE.png\",\"contentUrl\":\"https:\/\/bahiaeconomica.com.br\/wp\/wp-content\/uploads\/2020\/12\/cropped-BE.png\",\"width\":512,\"height\":512,\"caption\":\"Bahia Econ\u00f4mica\"},\"image\":{\"@id\":\"https:\/\/bahiaeconomica.com.br\/wp\/#\/schema\/logo\/image\/\"},\"sameAs\":[\"https:\/\/www.facebook.com\/bahiaeconomica\"]},{\"@type\":\"Person\",\"@id\":\"https:\/\/bahiaeconomica.com.br\/wp\/#\/schema\/person\/1704090528f3af7c918b3cb25d9d4016\",\"name\":\"HUGO LEITE\",\"sameAs\":[\"http:\/\/www.bahiaeconomica.com.br\"],\"url\":\"https:\/\/bahiaeconomica.com.br\/wp\/author\/hugo-leite\/\"}]}<\/script>\n<!-- \/ Yoast SEO plugin. -->","yoast_head_json":{"title":"RELA\u00c7\u00c3O BRASIL-CHINA DEVE BATER NOVO RECORDE COMERCIAL, DIZ ALCKMIN - Bahia Economica","description":"O maior portal de Economia da Bahia DESTAQUE DO DIA, ECONOMIA \/ POL\u00cdTICA Bahia Economica O presidente da Rep\u00fablica em exerc\u00edcio, Geraldo Alckmin,","robots":{"index":"index","follow":"follow","max-snippet":"max-snippet:-1","max-image-preview":"max-image-preview:large","max-video-preview":"max-video-preview:-1"},"canonical":"https:\/\/bahiaeconomica.com.br\/wp\/2024\/08\/05\/relacao-brasil-china-deve-bater-novo-recorde-comercial-diz-alckmin\/","og_locale":"pt_BR","og_type":"article","og_title":"RELA\u00c7\u00c3O BRASIL-CHINA DEVE BATER NOVO RECORDE COMERCIAL, DIZ ALCKMIN - Bahia Economica","og_description":"O maior portal de Economia da Bahia DESTAQUE DO DIA, ECONOMIA \/ POL\u00cdTICA Bahia Economica O presidente da Rep\u00fablica em exerc\u00edcio, Geraldo Alckmin,","og_url":"https:\/\/bahiaeconomica.com.br\/wp\/2024\/08\/05\/relacao-brasil-china-deve-bater-novo-recorde-comercial-diz-alckmin\/","og_site_name":"Bahia Economica","article_publisher":"https:\/\/www.facebook.com\/bahiaeconomica","article_published_time":"2024-08-05T21:59:36+00:00","article_modified_time":"2024-08-05T21:35:46+00:00","og_image":[{"width":1170,"height":700,"url":"https:\/\/bahiaeconomica.com.br\/wp\/wp-content\/uploads\/2024\/08\/53904160004_c5dedb42fe_o.webp","type":"image\/webp"}],"author":"HUGO LEITE","twitter_card":"summary_large_image","twitter_misc":{"Escrito por":"HUGO LEITE","Est. tempo de leitura":"2 minutos"},"schema":{"@context":"https:\/\/schema.org","@graph":[{"@type":"Article","@id":"https:\/\/bahiaeconomica.com.br\/wp\/2024\/08\/05\/relacao-brasil-china-deve-bater-novo-recorde-comercial-diz-alckmin\/#article","isPartOf":{"@id":"https:\/\/bahiaeconomica.com.br\/wp\/2024\/08\/05\/relacao-brasil-china-deve-bater-novo-recorde-comercial-diz-alckmin\/"},"author":{"name":"HUGO LEITE","@id":"https:\/\/bahiaeconomica.com.br\/wp\/#\/schema\/person\/1704090528f3af7c918b3cb25d9d4016"},"headline":"RELA\u00c7\u00c3O BRASIL-CHINA DEVE BATER NOVO RECORDE COMERCIAL, DIZ ALCKMIN","datePublished":"2024-08-05T21:59:36+00:00","dateModified":"2024-08-05T21:35:46+00:00","mainEntityOfPage":{"@id":"https:\/\/bahiaeconomica.com.br\/wp\/2024\/08\/05\/relacao-brasil-china-deve-bater-novo-recorde-comercial-diz-alckmin\/"},"wordCount":374,"publisher":{"@id":"https:\/\/bahiaeconomica.com.br\/wp\/#organization"},"keywords":["Brasil","China","Geraldo Alckmin","rela\u00e7\u00e3o comercial"],"articleSection":["DESTAQUE DO DIA","ECONOMIA \/ POL\u00cdTICA"],"inLanguage":"pt-BR"},{"@type":"WebPage","@id":"https:\/\/bahiaeconomica.com.br\/wp\/2024\/08\/05\/relacao-brasil-china-deve-bater-novo-recorde-comercial-diz-alckmin\/","url":"https:\/\/bahiaeconomica.com.br\/wp\/2024\/08\/05\/relacao-brasil-china-deve-bater-novo-recorde-comercial-diz-alckmin\/","name":"RELA\u00c7\u00c3O BRASIL-CHINA DEVE BATER NOVO RECORDE COMERCIAL, DIZ ALCKMIN - Bahia Economica","isPartOf":{"@id":"https:\/\/bahiaeconomica.com.br\/wp\/#website"},"datePublished":"2024-08-05T21:59:36+00:00","dateModified":"2024-08-05T21:35:46+00:00","description":"O maior portal de Economia da Bahia DESTAQUE DO DIA, ECONOMIA \/ POL\u00cdTICA Bahia Economica O presidente da Rep\u00fablica em exerc\u00edcio, Geraldo Alckmin,","breadcrumb":{"@id":"https:\/\/bahiaeconomica.com.br\/wp\/2024\/08\/05\/relacao-brasil-china-deve-bater-novo-recorde-comercial-diz-alckmin\/#breadcrumb"},"inLanguage":"pt-BR","potentialAction":[{"@type":"ReadAction","target":["https:\/\/bahiaeconomica.com.br\/wp\/2024\/08\/05\/relacao-brasil-china-deve-bater-novo-recorde-comercial-diz-alckmin\/"]}]},{"@type":"BreadcrumbList","@id":"https:\/\/bahiaeconomica.com.br\/wp\/2024\/08\/05\/relacao-brasil-china-deve-bater-novo-recorde-comercial-diz-alckmin\/#breadcrumb","itemListElement":[{"@type":"ListItem","position":1,"name":"In\u00edcio","item":"https:\/\/bahiaeconomica.com.br\/wp\/"},{"@type":"ListItem","position":2,"name":"RELA\u00c7\u00c3O BRASIL-CHINA DEVE BATER NOVO RECORDE COMERCIAL, DIZ ALCKMIN"}]},{"@type":"WebSite","@id":"https:\/\/bahiaeconomica.com.br\/wp\/#website","url":"https:\/\/bahiaeconomica.com.br\/wp\/","name":"Bahia Economica","description":"O maior portal de Economia da Bahia","publisher":{"@id":"https:\/\/bahiaeconomica.com.br\/wp\/#organization"},"potentialAction":[{"@type":"SearchAction","target":{"@type":"EntryPoint","urlTemplate":"https:\/\/bahiaeconomica.com.br\/wp\/?s={search_term_string}"},"query-input":"required name=search_term_string"}],"inLanguage":"pt-BR"},{"@type":"Organization","@id":"https:\/\/bahiaeconomica.com.br\/wp\/#organization","name":"Bahia Econ\u00f4mica","url":"https:\/\/bahiaeconomica.com.br\/wp\/","logo":{"@type":"ImageObject","inLanguage":"pt-BR","@id":"https:\/\/bahiaeconomica.com.br\/wp\/#\/schema\/logo\/image\/","url":"https:\/\/bahiaeconomica.com.br\/wp\/wp-content\/uploads\/2020\/12\/cropped-BE.png","contentUrl":"https:\/\/bahiaeconomica.com.br\/wp\/wp-content\/uploads\/2020\/12\/cropped-BE.png","width":512,"height":512,"caption":"Bahia Econ\u00f4mica"},"image":{"@id":"https:\/\/bahiaeconomica.com.br\/wp\/#\/schema\/logo\/image\/"},"sameAs":["https:\/\/www.facebook.com\/bahiaeconomica"]},{"@type":"Person","@id":"https:\/\/bahiaeconomica.com.br\/wp\/#\/schema\/person\/1704090528f3af7c918b3cb25d9d4016","name":"HUGO LEITE","sameAs":["http:\/\/www.bahiaeconomica.com.br"],"url":"https:\/\/bahiaeconomica.com.br\/wp\/author\/hugo-leite\/"}]}},"views":54,"_links":{"self":[{"href":"https:\/\/bahiaeconomica.com.br\/wp\/wp-json\/wp\/v2\/posts\/835233"}],"collection":[{"href":"https:\/\/bahiaeconomica.com.br\/wp\/wp-json\/wp\/v2\/posts"}],"about":[{"href":"https:\/\/bahiaeconomica.com.br\/wp\/wp-json\/wp\/v2\/types\/post"}],"author":[{"embeddable":true,"href":"https:\/\/bahiaeconomica.com.br\/wp\/wp-json\/wp\/v2\/users\/21"}],"replies":[{"embeddable":true,"href":"https:\/\/bahiaeconomica.com.br\/wp\/wp-json\/wp\/v2\/comments?post=835233"}],"version-history":[{"count":1,"href":"https:\/\/bahiaeconomica.com.br\/wp\/wp-json\/wp\/v2\/posts\/835233\/revisions"}],"predecessor-version":[{"id":835235,"href":"https:\/\/bahiaeconomica.com.br\/wp\/wp-json\/wp\/v2\/posts\/835233\/revisions\/835235"}],"wp:featuredmedia":[{"embeddable":true,"href":"https:\/\/bahiaeconomica.com.br\/wp\/wp-json\/wp\/v2\/media\/835234"}],"wp:attachment":[{"href":"https:\/\/bahiaeconomica.com.br\/wp\/wp-json\/wp\/v2\/media?parent=835233"}],"wp:term":[{"taxonomy":"category","embeddable":true,"href":"https:\/\/bahiaeconomica.com.br\/wp\/wp-json\/wp\/v2\/categories?post=835233"},{"taxonomy":"post_tag","embeddable":true,"href":"https:\/\/bahiaeconomica.com.br\/wp\/wp-json\/wp\/v2\/tags?post=835233"}],"curies":[{"name":"wp","href":"https:\/\/api.w.org\/{rel}","templated":true}]}}