{"id":834772,"date":"2024-08-02T16:55:02","date_gmt":"2024-08-02T19:55:02","guid":{"rendered":"https:\/\/bahiaeconomica.com.br\/wp\/?p=834772"},"modified":"2024-08-02T16:55:02","modified_gmt":"2024-08-02T19:55:02","slug":"sec-promove-formacao-de-articuladores-municipais-com-foco-na-alfabetizacao","status":"publish","type":"post","link":"https:\/\/bahiaeconomica.com.br\/wp\/2024\/08\/02\/sec-promove-formacao-de-articuladores-municipais-com-foco-na-alfabetizacao\/","title":{"rendered":"SEC PROMOVE FORMA\u00c7\u00c3O DE ARTICULADORES MUNICIPAIS COM FOCO NA ALFABETIZA\u00c7\u00c3O"},"content":{"rendered":"<div>Mais um passo est\u00e1 sendo dado pela Secretaria da Educa\u00e7\u00e3o do Estado (SEC) para o fortalecimento da alfabetiza\u00e7\u00e3o das crian\u00e7as baianas. Nesta sexta-feira (2), aconteceu no Instituto An\u00edsio Teixeira, em Salvador, a forma\u00e7\u00e3o de agentes da Rede Nacional de Articula\u00e7\u00e3o de Gest\u00e3o, Forma\u00e7\u00e3o e Mobiliza\u00e7\u00e3o (Renalfa) que atuam nos munic\u00edpios da Regi\u00e3o Metropolitana de Salvador.<\/div>\n<div><\/div>\n<div>Composta por dois representantes da SEC e um representante de cada um dos 417 munic\u00edpios baianos, a Renalfa \u00e9 respons\u00e1vel pela implementa\u00e7\u00e3o das a\u00e7\u00f5es de forma\u00e7\u00e3o, gest\u00e3o e acompanhamento dos processos pedag\u00f3gicos nos munic\u00edpios, com foco na alfabetiza\u00e7\u00e3o infantil. Al\u00e9m da Regi\u00e3o Metropolitana de Salvador, a forma\u00e7\u00e3o ocorrer\u00e1 em todos os Territ\u00f3rios de Identidade da Bahia.<\/div>\n<div><\/div>\n<div>A diretora do N\u00facleo Territorial de Salvador e Regi\u00e3o Metropolitana (NTE 26), Celeste Viana, avaliou o encontro com os articuladores municipais como um passo importante pelo compromisso com a Educa\u00e7\u00e3o. &#8220;Estamos retomando o processo de forma\u00e7\u00e3o continuada para tratar desse enorme desafio. Somos um territ\u00f3rio potente, com dificuldades reais. E, hoje, estamos aqui, neste momento de escuta, de troca de experi\u00eancias, com o foco no planejamento voltado para o compromisso nacional pela alfabetiza\u00e7\u00e3o. Nossa proposta n\u00e3o \u00e9 s\u00f3 a de melhorar os indicadores. Queremos, acima de tudo, fortalecer essa rede&#8221;.<\/div>\n<div><\/div>\n<div>Durante o encontro, os articuladores dos 13 munic\u00edpios que integram o NTE 26 receberam os materiais did\u00e1ticos complementares do Compromisso Nacional Crian\u00e7a Alfabetizada (CNCA), do Governo Federal, e do Programa Crian\u00e7a Alfabetizada da Bahia. Mais de 15 mil alunos e cerca de mil professores ser\u00e3o beneficiados com o kit contendo dois livros como apoio ao processo de alfabetiza\u00e7\u00e3o. O material foi personalizado, incluindo identidade visual e textos adequados \u00e0 linguagem e ao contexto dos alunos baianos, visando aprimorar as pr\u00e1ticas pedag\u00f3gicas no processo de alfabetiza\u00e7\u00e3o. Sua distribui\u00e7\u00e3o est\u00e1 sendo realizada pelos 27 N\u00facleos Territoriais de Educa\u00e7\u00e3o (NTEs).<\/div>\n<div><\/div>\n<div>O programa do Governo Federal busca garantir que todas as crian\u00e7as brasileiras estejam alfabetizadas ao final do 2\u00ba ano do Ensino Fundamental e que seja efetiva a recomposi\u00e7\u00e3o da aprendizagem em leitura e escrita das crian\u00e7as do 3\u00ba, 4\u00ba e 5\u00ba ano afetadas pela pandemia. As articuladoras da Educa\u00e7\u00e3o das cidades de Pojuca e S\u00e3o Sebasti\u00e3o do Pass\u00e9, respectivamente, \u00c9rica Couto e \u00c9rica Portela, avaliam como um marco a retomada dos programas voltados \u00e0 alfabetiza\u00e7\u00e3o. &#8220;Temos, em Pojuca, 11 unidades escolares e cerca de mil alunos no ciclo da alfabetiza\u00e7\u00e3o. A troca de experi\u00eancia e conhecimento com outros colegas s\u00f3 vem agregar de forma positiva o nosso processo de forma\u00e7\u00e3o. \u00c9 bom conhecer pr\u00e1ticas exitosas que possam ser inseridas na nossa gest\u00e3o de aprendizagem&#8221;, afirma \u00c9rica Couto.<\/div>\n<div><\/div>\n<div>\u00c9rica Portela, por sua vez, avalia como positiva a parceria com a SEC para o fortalecimento da rede municipal \u00e0 frente dessa retomada, promovendo n\u00e3o s\u00f3 esses encontros de forma\u00e7\u00e3o, como trabalhando na articula\u00e7\u00e3o e no regime de colabora\u00e7\u00e3o entre os governos municipais, estadual e federal.<\/div>\n<div><\/div>\n<div>Foto: Amanda Chung<\/div>\n","protected":false},"excerpt":{"rendered":"<p>Mais um passo est\u00e1 sendo dado pela Secretaria da Educa\u00e7\u00e3o do Estado (SEC) para o fortalecimento da alfabetiza\u00e7\u00e3o das crian\u00e7as baianas. Nesta sexta-feira (2), aconteceu no Instituto An\u00edsio Teixeira, em Salvador, a forma\u00e7\u00e3o de agentes da Rede Nacional de Articula\u00e7\u00e3o de Gest\u00e3o, Forma\u00e7\u00e3o e Mobiliza\u00e7\u00e3o (Renalfa) que atuam nos munic\u00edpios da Regi\u00e3o Metropolitana de Salvador. [&hellip;]<\/p>\n","protected":false},"author":20,"featured_media":834774,"comment_status":"closed","ping_status":"closed","sticky":false,"template":"","format":"standard","meta":[],"categories":[21],"tags":[8750,5434,124],"acf":[],"yoast_head":"<!-- This site is optimized with the Yoast SEO plugin v20.8 - https:\/\/yoast.com\/wordpress\/plugins\/seo\/ -->\n<title>SEC PROMOVE FORMA\u00c7\u00c3O DE ARTICULADORES MUNICIPAIS COM FOCO NA ALFABETIZA\u00c7\u00c3O - Bahia Economica<\/title>\n<meta name=\"description\" content=\"Sa\u00fade \/ Educa\u00e7\u00e3o Bahia Economica a\u00e7\u00e3o tem como objetivo fortalecimento da alfabetiza\u00e7\u00e3o das crian\u00e7as baianas\" \/>\n<meta name=\"robots\" content=\"index, follow, max-snippet:-1, max-image-preview:large, max-video-preview:-1\" \/>\n<link rel=\"canonical\" href=\"https:\/\/bahiaeconomica.com.br\/wp\/2024\/08\/02\/sec-promove-formacao-de-articuladores-municipais-com-foco-na-alfabetizacao\/\" \/>\n<meta property=\"og:locale\" content=\"pt_BR\" \/>\n<meta property=\"og:type\" content=\"article\" \/>\n<meta property=\"og:title\" content=\"SEC PROMOVE FORMA\u00c7\u00c3O DE ARTICULADORES MUNICIPAIS COM FOCO NA ALFABETIZA\u00c7\u00c3O - Bahia Economica\" \/>\n<meta property=\"og:description\" content=\"Sa\u00fade \/ Educa\u00e7\u00e3o Bahia Economica a\u00e7\u00e3o tem como objetivo fortalecimento da alfabetiza\u00e7\u00e3o das crian\u00e7as baianas\" \/>\n<meta property=\"og:url\" content=\"https:\/\/bahiaeconomica.com.br\/wp\/2024\/08\/02\/sec-promove-formacao-de-articuladores-municipais-com-foco-na-alfabetizacao\/\" \/>\n<meta property=\"og:site_name\" content=\"Bahia Economica\" \/>\n<meta property=\"article:publisher\" content=\"https:\/\/www.facebook.com\/bahiaeconomica\" \/>\n<meta property=\"article:published_time\" content=\"2024-08-02T19:55:02+00:00\" \/>\n<meta property=\"og:image\" content=\"https:\/\/bahiaeconomica.com.br\/wp\/wp-content\/uploads\/2024\/08\/SEC-promove-formacao-de-articuladores-municipais-com-foco-na-alfabetizacao-scaled.jpeg\" \/>\n\t<meta property=\"og:image:width\" content=\"2560\" \/>\n\t<meta property=\"og:image:height\" content=\"1707\" \/>\n\t<meta property=\"og:image:type\" content=\"image\/jpeg\" \/>\n<meta name=\"author\" content=\"BRUNA CARVALHO\" \/>\n<meta name=\"twitter:card\" content=\"summary_large_image\" \/>\n<meta name=\"twitter:label1\" content=\"Escrito por\" \/>\n\t<meta name=\"twitter:data1\" content=\"BRUNA CARVALHO\" \/>\n\t<meta name=\"twitter:label2\" content=\"Est. tempo de leitura\" \/>\n\t<meta name=\"twitter:data2\" content=\"3 minutos\" \/>\n<script type=\"application\/ld+json\" class=\"yoast-schema-graph\">{\"@context\":\"https:\/\/schema.org\",\"@graph\":[{\"@type\":\"Article\",\"@id\":\"https:\/\/bahiaeconomica.com.br\/wp\/2024\/08\/02\/sec-promove-formacao-de-articuladores-municipais-com-foco-na-alfabetizacao\/#article\",\"isPartOf\":{\"@id\":\"https:\/\/bahiaeconomica.com.br\/wp\/2024\/08\/02\/sec-promove-formacao-de-articuladores-municipais-com-foco-na-alfabetizacao\/\"},\"author\":{\"name\":\"BRUNA CARVALHO\",\"@id\":\"https:\/\/bahiaeconomica.com.br\/wp\/#\/schema\/person\/9310b0e591f5979f6f99773eac5804e6\"},\"headline\":\"SEC PROMOVE FORMA\u00c7\u00c3O DE ARTICULADORES MUNICIPAIS COM FOCO NA ALFABETIZA\u00c7\u00c3O\",\"datePublished\":\"2024-08-02T19:55:02+00:00\",\"dateModified\":\"2024-08-02T19:55:02+00:00\",\"mainEntityOfPage\":{\"@id\":\"https:\/\/bahiaeconomica.com.br\/wp\/2024\/08\/02\/sec-promove-formacao-de-articuladores-municipais-com-foco-na-alfabetizacao\/\"},\"wordCount\":528,\"publisher\":{\"@id\":\"https:\/\/bahiaeconomica.com.br\/wp\/#organization\"},\"keywords\":[\"alfabetiza\u00e7\u00e3o\",\"forma\u00e7\u00e3o\",\"SEC\"],\"articleSection\":[\"Sa\u00fade \/ Educa\u00e7\u00e3o\"],\"inLanguage\":\"pt-BR\"},{\"@type\":\"WebPage\",\"@id\":\"https:\/\/bahiaeconomica.com.br\/wp\/2024\/08\/02\/sec-promove-formacao-de-articuladores-municipais-com-foco-na-alfabetizacao\/\",\"url\":\"https:\/\/bahiaeconomica.com.br\/wp\/2024\/08\/02\/sec-promove-formacao-de-articuladores-municipais-com-foco-na-alfabetizacao\/\",\"name\":\"SEC PROMOVE FORMA\u00c7\u00c3O DE ARTICULADORES MUNICIPAIS COM FOCO NA ALFABETIZA\u00c7\u00c3O - Bahia Economica\",\"isPartOf\":{\"@id\":\"https:\/\/bahiaeconomica.com.br\/wp\/#website\"},\"datePublished\":\"2024-08-02T19:55:02+00:00\",\"dateModified\":\"2024-08-02T19:55:02+00:00\",\"description\":\"Sa\u00fade \/ Educa\u00e7\u00e3o Bahia Economica a\u00e7\u00e3o tem como objetivo fortalecimento da alfabetiza\u00e7\u00e3o das crian\u00e7as baianas\",\"breadcrumb\":{\"@id\":\"https:\/\/bahiaeconomica.com.br\/wp\/2024\/08\/02\/sec-promove-formacao-de-articuladores-municipais-com-foco-na-alfabetizacao\/#breadcrumb\"},\"inLanguage\":\"pt-BR\",\"potentialAction\":[{\"@type\":\"ReadAction\",\"target\":[\"https:\/\/bahiaeconomica.com.br\/wp\/2024\/08\/02\/sec-promove-formacao-de-articuladores-municipais-com-foco-na-alfabetizacao\/\"]}]},{\"@type\":\"BreadcrumbList\",\"@id\":\"https:\/\/bahiaeconomica.com.br\/wp\/2024\/08\/02\/sec-promove-formacao-de-articuladores-municipais-com-foco-na-alfabetizacao\/#breadcrumb\",\"itemListElement\":[{\"@type\":\"ListItem\",\"position\":1,\"name\":\"In\u00edcio\",\"item\":\"https:\/\/bahiaeconomica.com.br\/wp\/\"},{\"@type\":\"ListItem\",\"position\":2,\"name\":\"SEC PROMOVE FORMA\u00c7\u00c3O DE ARTICULADORES MUNICIPAIS COM FOCO NA ALFABETIZA\u00c7\u00c3O\"}]},{\"@type\":\"WebSite\",\"@id\":\"https:\/\/bahiaeconomica.com.br\/wp\/#website\",\"url\":\"https:\/\/bahiaeconomica.com.br\/wp\/\",\"name\":\"Bahia Economica\",\"description\":\"O maior portal de Economia da Bahia\",\"publisher\":{\"@id\":\"https:\/\/bahiaeconomica.com.br\/wp\/#organization\"},\"potentialAction\":[{\"@type\":\"SearchAction\",\"target\":{\"@type\":\"EntryPoint\",\"urlTemplate\":\"https:\/\/bahiaeconomica.com.br\/wp\/?s={search_term_string}\"},\"query-input\":\"required name=search_term_string\"}],\"inLanguage\":\"pt-BR\"},{\"@type\":\"Organization\",\"@id\":\"https:\/\/bahiaeconomica.com.br\/wp\/#organization\",\"name\":\"Bahia Econ\u00f4mica\",\"url\":\"https:\/\/bahiaeconomica.com.br\/wp\/\",\"logo\":{\"@type\":\"ImageObject\",\"inLanguage\":\"pt-BR\",\"@id\":\"https:\/\/bahiaeconomica.com.br\/wp\/#\/schema\/logo\/image\/\",\"url\":\"https:\/\/bahiaeconomica.com.br\/wp\/wp-content\/uploads\/2020\/12\/cropped-BE.png\",\"contentUrl\":\"https:\/\/bahiaeconomica.com.br\/wp\/wp-content\/uploads\/2020\/12\/cropped-BE.png\",\"width\":512,\"height\":512,\"caption\":\"Bahia Econ\u00f4mica\"},\"image\":{\"@id\":\"https:\/\/bahiaeconomica.com.br\/wp\/#\/schema\/logo\/image\/\"},\"sameAs\":[\"https:\/\/www.facebook.com\/bahiaeconomica\"]},{\"@type\":\"Person\",\"@id\":\"https:\/\/bahiaeconomica.com.br\/wp\/#\/schema\/person\/9310b0e591f5979f6f99773eac5804e6\",\"name\":\"BRUNA CARVALHO\",\"sameAs\":[\"http:\/\/www.bahiaeconomica.com.br\"],\"url\":\"https:\/\/bahiaeconomica.com.br\/wp\/author\/bruna\/\"}]}<\/script>\n<!-- \/ Yoast SEO plugin. -->","yoast_head_json":{"title":"SEC PROMOVE FORMA\u00c7\u00c3O DE ARTICULADORES MUNICIPAIS COM FOCO NA ALFABETIZA\u00c7\u00c3O - Bahia Economica","description":"Sa\u00fade \/ Educa\u00e7\u00e3o Bahia Economica a\u00e7\u00e3o tem como objetivo fortalecimento da alfabetiza\u00e7\u00e3o das crian\u00e7as baianas","robots":{"index":"index","follow":"follow","max-snippet":"max-snippet:-1","max-image-preview":"max-image-preview:large","max-video-preview":"max-video-preview:-1"},"canonical":"https:\/\/bahiaeconomica.com.br\/wp\/2024\/08\/02\/sec-promove-formacao-de-articuladores-municipais-com-foco-na-alfabetizacao\/","og_locale":"pt_BR","og_type":"article","og_title":"SEC PROMOVE FORMA\u00c7\u00c3O DE ARTICULADORES MUNICIPAIS COM FOCO NA ALFABETIZA\u00c7\u00c3O - Bahia Economica","og_description":"Sa\u00fade \/ Educa\u00e7\u00e3o Bahia Economica a\u00e7\u00e3o tem como objetivo fortalecimento da alfabetiza\u00e7\u00e3o das crian\u00e7as baianas","og_url":"https:\/\/bahiaeconomica.com.br\/wp\/2024\/08\/02\/sec-promove-formacao-de-articuladores-municipais-com-foco-na-alfabetizacao\/","og_site_name":"Bahia Economica","article_publisher":"https:\/\/www.facebook.com\/bahiaeconomica","article_published_time":"2024-08-02T19:55:02+00:00","og_image":[{"width":2560,"height":1707,"url":"https:\/\/bahiaeconomica.com.br\/wp\/wp-content\/uploads\/2024\/08\/SEC-promove-formacao-de-articuladores-municipais-com-foco-na-alfabetizacao-scaled.jpeg","type":"image\/jpeg"}],"author":"BRUNA CARVALHO","twitter_card":"summary_large_image","twitter_misc":{"Escrito por":"BRUNA CARVALHO","Est. tempo de leitura":"3 minutos"},"schema":{"@context":"https:\/\/schema.org","@graph":[{"@type":"Article","@id":"https:\/\/bahiaeconomica.com.br\/wp\/2024\/08\/02\/sec-promove-formacao-de-articuladores-municipais-com-foco-na-alfabetizacao\/#article","isPartOf":{"@id":"https:\/\/bahiaeconomica.com.br\/wp\/2024\/08\/02\/sec-promove-formacao-de-articuladores-municipais-com-foco-na-alfabetizacao\/"},"author":{"name":"BRUNA CARVALHO","@id":"https:\/\/bahiaeconomica.com.br\/wp\/#\/schema\/person\/9310b0e591f5979f6f99773eac5804e6"},"headline":"SEC PROMOVE FORMA\u00c7\u00c3O DE ARTICULADORES MUNICIPAIS COM FOCO NA ALFABETIZA\u00c7\u00c3O","datePublished":"2024-08-02T19:55:02+00:00","dateModified":"2024-08-02T19:55:02+00:00","mainEntityOfPage":{"@id":"https:\/\/bahiaeconomica.com.br\/wp\/2024\/08\/02\/sec-promove-formacao-de-articuladores-municipais-com-foco-na-alfabetizacao\/"},"wordCount":528,"publisher":{"@id":"https:\/\/bahiaeconomica.com.br\/wp\/#organization"},"keywords":["alfabetiza\u00e7\u00e3o","forma\u00e7\u00e3o","SEC"],"articleSection":["Sa\u00fade \/ Educa\u00e7\u00e3o"],"inLanguage":"pt-BR"},{"@type":"WebPage","@id":"https:\/\/bahiaeconomica.com.br\/wp\/2024\/08\/02\/sec-promove-formacao-de-articuladores-municipais-com-foco-na-alfabetizacao\/","url":"https:\/\/bahiaeconomica.com.br\/wp\/2024\/08\/02\/sec-promove-formacao-de-articuladores-municipais-com-foco-na-alfabetizacao\/","name":"SEC PROMOVE FORMA\u00c7\u00c3O DE ARTICULADORES MUNICIPAIS COM FOCO NA ALFABETIZA\u00c7\u00c3O - Bahia Economica","isPartOf":{"@id":"https:\/\/bahiaeconomica.com.br\/wp\/#website"},"datePublished":"2024-08-02T19:55:02+00:00","dateModified":"2024-08-02T19:55:02+00:00","description":"Sa\u00fade \/ Educa\u00e7\u00e3o Bahia Economica a\u00e7\u00e3o tem como objetivo fortalecimento da alfabetiza\u00e7\u00e3o das crian\u00e7as baianas","breadcrumb":{"@id":"https:\/\/bahiaeconomica.com.br\/wp\/2024\/08\/02\/sec-promove-formacao-de-articuladores-municipais-com-foco-na-alfabetizacao\/#breadcrumb"},"inLanguage":"pt-BR","potentialAction":[{"@type":"ReadAction","target":["https:\/\/bahiaeconomica.com.br\/wp\/2024\/08\/02\/sec-promove-formacao-de-articuladores-municipais-com-foco-na-alfabetizacao\/"]}]},{"@type":"BreadcrumbList","@id":"https:\/\/bahiaeconomica.com.br\/wp\/2024\/08\/02\/sec-promove-formacao-de-articuladores-municipais-com-foco-na-alfabetizacao\/#breadcrumb","itemListElement":[{"@type":"ListItem","position":1,"name":"In\u00edcio","item":"https:\/\/bahiaeconomica.com.br\/wp\/"},{"@type":"ListItem","position":2,"name":"SEC PROMOVE FORMA\u00c7\u00c3O DE ARTICULADORES MUNICIPAIS COM FOCO NA ALFABETIZA\u00c7\u00c3O"}]},{"@type":"WebSite","@id":"https:\/\/bahiaeconomica.com.br\/wp\/#website","url":"https:\/\/bahiaeconomica.com.br\/wp\/","name":"Bahia Economica","description":"O maior portal de Economia da Bahia","publisher":{"@id":"https:\/\/bahiaeconomica.com.br\/wp\/#organization"},"potentialAction":[{"@type":"SearchAction","target":{"@type":"EntryPoint","urlTemplate":"https:\/\/bahiaeconomica.com.br\/wp\/?s={search_term_string}"},"query-input":"required name=search_term_string"}],"inLanguage":"pt-BR"},{"@type":"Organization","@id":"https:\/\/bahiaeconomica.com.br\/wp\/#organization","name":"Bahia Econ\u00f4mica","url":"https:\/\/bahiaeconomica.com.br\/wp\/","logo":{"@type":"ImageObject","inLanguage":"pt-BR","@id":"https:\/\/bahiaeconomica.com.br\/wp\/#\/schema\/logo\/image\/","url":"https:\/\/bahiaeconomica.com.br\/wp\/wp-content\/uploads\/2020\/12\/cropped-BE.png","contentUrl":"https:\/\/bahiaeconomica.com.br\/wp\/wp-content\/uploads\/2020\/12\/cropped-BE.png","width":512,"height":512,"caption":"Bahia Econ\u00f4mica"},"image":{"@id":"https:\/\/bahiaeconomica.com.br\/wp\/#\/schema\/logo\/image\/"},"sameAs":["https:\/\/www.facebook.com\/bahiaeconomica"]},{"@type":"Person","@id":"https:\/\/bahiaeconomica.com.br\/wp\/#\/schema\/person\/9310b0e591f5979f6f99773eac5804e6","name":"BRUNA CARVALHO","sameAs":["http:\/\/www.bahiaeconomica.com.br"],"url":"https:\/\/bahiaeconomica.com.br\/wp\/author\/bruna\/"}]}},"views":9,"_links":{"self":[{"href":"https:\/\/bahiaeconomica.com.br\/wp\/wp-json\/wp\/v2\/posts\/834772"}],"collection":[{"href":"https:\/\/bahiaeconomica.com.br\/wp\/wp-json\/wp\/v2\/posts"}],"about":[{"href":"https:\/\/bahiaeconomica.com.br\/wp\/wp-json\/wp\/v2\/types\/post"}],"author":[{"embeddable":true,"href":"https:\/\/bahiaeconomica.com.br\/wp\/wp-json\/wp\/v2\/users\/20"}],"replies":[{"embeddable":true,"href":"https:\/\/bahiaeconomica.com.br\/wp\/wp-json\/wp\/v2\/comments?post=834772"}],"version-history":[{"count":1,"href":"https:\/\/bahiaeconomica.com.br\/wp\/wp-json\/wp\/v2\/posts\/834772\/revisions"}],"predecessor-version":[{"id":834782,"href":"https:\/\/bahiaeconomica.com.br\/wp\/wp-json\/wp\/v2\/posts\/834772\/revisions\/834782"}],"wp:featuredmedia":[{"embeddable":true,"href":"https:\/\/bahiaeconomica.com.br\/wp\/wp-json\/wp\/v2\/media\/834774"}],"wp:attachment":[{"href":"https:\/\/bahiaeconomica.com.br\/wp\/wp-json\/wp\/v2\/media?parent=834772"}],"wp:term":[{"taxonomy":"category","embeddable":true,"href":"https:\/\/bahiaeconomica.com.br\/wp\/wp-json\/wp\/v2\/categories?post=834772"},{"taxonomy":"post_tag","embeddable":true,"href":"https:\/\/bahiaeconomica.com.br\/wp\/wp-json\/wp\/v2\/tags?post=834772"}],"curies":[{"name":"wp","href":"https:\/\/api.w.org\/{rel}","templated":true}]}}