{"id":833624,"date":"2024-07-29T18:10:50","date_gmt":"2024-07-29T21:10:50","guid":{"rendered":"https:\/\/bahiaeconomica.com.br\/wp\/?p=833624"},"modified":"2024-07-29T18:12:26","modified_gmt":"2024-07-29T21:12:26","slug":"em-sua-segunda-edicao-bahiagas-patrocina-a-construnordeste","status":"publish","type":"post","link":"https:\/\/bahiaeconomica.com.br\/wp\/2024\/07\/29\/em-sua-segunda-edicao-bahiagas-patrocina-a-construnordeste\/","title":{"rendered":"BAHIAG\u00c1S PATROCINA 2\u00aa EDI\u00c7\u00c3O DO CONSTRUNORDESTE"},"content":{"rendered":"<p>Salvador ir\u00e1 sediar o maior evento de constru\u00e7\u00e3o do Norte e Nordeste, o ConstruNordeste, pelo segundo ano consecutivo. Este ano, o encontro contar\u00e1 com o patroc\u00ednio da Bahiag\u00e1s.<\/p>\n<p>Apresentando novidades do setor, tend\u00eancias, produtos e as mais modernas solu\u00e7\u00f5es em inova\u00e7\u00e3o e sustentabilidade, a feira acontecer\u00e1 entre 31 de julho e 2 de agosto, das 13h \u00e0s 21h, no Centro de Conven\u00e7\u00f5es de Salvador, e contar\u00e1 com entrada gratuita.<\/p>\n<p>Mais de 120 marcas expositoras est\u00e3o confirmadas, e a expectativa dos organizadores \u00e9 receber por volta de 45 mil pessoas, ao longo dos 03 dias de evento, reunindo empres\u00e1rios do setor de todo o Brasil, fornecedores, lojistas, engenheiros e arquitetos, empreiteiras, designer de interiores, decoradores, paisagistas, estudantes da ind\u00fastria da constru\u00e7\u00e3o.<\/p>\n<p>Durante o evento, a Bahiag\u00e1s participar\u00e1 com um estande, onde o p\u00fablico vai poder conhecer de perto as vantagens e os usos do g\u00e1s natural canalizado, al\u00e9m de a\u00e7\u00f5es e projetos desenvolvidos pela Companhia.<\/p>\n<p>\u201cO ConstruNordeste vai proporcionar uma excelente oportunidade de troca de conhecimentos e experi\u00eancias entre empresas e profissionais que atuam direta ou indiretamente no setor de constru\u00e7\u00e3o civil e arquitetura\u201d, avalia o diretor-presidente da Companhia, Luiz Gavazza. \u201cEm sua segunda edi\u00e7\u00e3o, a feira j\u00e1 faz parte do calend\u00e1rio de grandes eventos do setor, gerando um impacto significativo na economia local e impulsionando o turismo de neg\u00f3cios e o setor de feiras e eventos\u201d, completou.<\/p>\n<p>Foto: Paulo Macedo<\/p>\n","protected":false},"excerpt":{"rendered":"<p>Salvador ir\u00e1 sediar o maior evento de constru\u00e7\u00e3o do Norte e Nordeste, o ConstruNordeste, pelo segundo ano consecutivo. Este ano, o encontro contar\u00e1 com o patroc\u00ednio da Bahiag\u00e1s. Apresentando novidades do setor, tend\u00eancias, produtos e as mais modernas solu\u00e7\u00f5es em inova\u00e7\u00e3o e sustentabilidade, a feira acontecer\u00e1 entre 31 de julho e 2 de agosto, das [&hellip;]<\/p>\n","protected":false},"author":16,"featured_media":833629,"comment_status":"closed","ping_status":"closed","sticky":false,"template":"","format":"standard","meta":[],"categories":[5],"tags":[1206,31959],"acf":[],"yoast_head":"<!-- This site is optimized with the Yoast SEO plugin v20.8 - https:\/\/yoast.com\/wordpress\/plugins\/seo\/ -->\n<title>NA 2\u00aa EDI\u00c7\u00c3O, BAHIAG\u00c1S PATROCINA CONSTRUNORDESTE<\/title>\n<meta name=\"description\" content=\"Salvador ir\u00e1 sediar o maior evento de constru\u00e7\u00e3o do Norte e Nordeste, a ConstruNordeste, pelo segundo ano consecutivo.\" \/>\n<meta name=\"robots\" content=\"index, follow, max-snippet:-1, max-image-preview:large, max-video-preview:-1\" \/>\n<link rel=\"canonical\" href=\"https:\/\/bahiaeconomica.com.br\/wp\/2024\/07\/29\/em-sua-segunda-edicao-bahiagas-patrocina-a-construnordeste\/\" \/>\n<meta property=\"og:locale\" content=\"pt_BR\" \/>\n<meta property=\"og:type\" content=\"article\" \/>\n<meta property=\"og:title\" content=\"NA 2\u00aa EDI\u00c7\u00c3O, BAHIAG\u00c1S PATROCINA CONSTRUNORDESTE\" \/>\n<meta property=\"og:description\" content=\"Salvador ir\u00e1 sediar o maior evento de constru\u00e7\u00e3o do Norte e Nordeste, a ConstruNordeste, pelo segundo ano consecutivo.\" \/>\n<meta property=\"og:url\" content=\"https:\/\/bahiaeconomica.com.br\/wp\/2024\/07\/29\/em-sua-segunda-edicao-bahiagas-patrocina-a-construnordeste\/\" \/>\n<meta property=\"og:site_name\" content=\"Bahia Economica\" \/>\n<meta property=\"article:publisher\" content=\"https:\/\/www.facebook.com\/bahiaeconomica\" \/>\n<meta property=\"article:published_time\" content=\"2024-07-29T21:10:50+00:00\" \/>\n<meta property=\"article:modified_time\" content=\"2024-07-29T21:12:26+00:00\" \/>\n<meta property=\"og:image\" content=\"https:\/\/bahiaeconomica.com.br\/wp\/wp-content\/uploads\/2024\/07\/WhatsApp-Image-2024-07-29-at-18.02.04.jpeg\" \/>\n\t<meta property=\"og:image:width\" content=\"1600\" \/>\n\t<meta property=\"og:image:height\" content=\"1066\" \/>\n\t<meta property=\"og:image:type\" content=\"image\/jpeg\" \/>\n<meta name=\"author\" content=\"LUIZA NASCIMENTO\" \/>\n<meta name=\"twitter:card\" content=\"summary_large_image\" \/>\n<meta name=\"twitter:label1\" content=\"Escrito por\" \/>\n\t<meta name=\"twitter:data1\" content=\"LUIZA NASCIMENTO\" \/>\n\t<meta name=\"twitter:label2\" content=\"Est. tempo de leitura\" \/>\n\t<meta name=\"twitter:data2\" content=\"2 minutos\" \/>\n<script type=\"application\/ld+json\" class=\"yoast-schema-graph\">{\"@context\":\"https:\/\/schema.org\",\"@graph\":[{\"@type\":\"Article\",\"@id\":\"https:\/\/bahiaeconomica.com.br\/wp\/2024\/07\/29\/em-sua-segunda-edicao-bahiagas-patrocina-a-construnordeste\/#article\",\"isPartOf\":{\"@id\":\"https:\/\/bahiaeconomica.com.br\/wp\/2024\/07\/29\/em-sua-segunda-edicao-bahiagas-patrocina-a-construnordeste\/\"},\"author\":{\"name\":\"LUIZA NASCIMENTO\",\"@id\":\"https:\/\/bahiaeconomica.com.br\/wp\/#\/schema\/person\/18273ac0fe04bfd4e7b101bf17d40152\"},\"headline\":\"BAHIAG\u00c1S PATROCINA 2\u00aa EDI\u00c7\u00c3O DO CONSTRUNORDESTE\",\"datePublished\":\"2024-07-29T21:10:50+00:00\",\"dateModified\":\"2024-07-29T21:12:26+00:00\",\"mainEntityOfPage\":{\"@id\":\"https:\/\/bahiaeconomica.com.br\/wp\/2024\/07\/29\/em-sua-segunda-edicao-bahiagas-patrocina-a-construnordeste\/\"},\"wordCount\":252,\"publisher\":{\"@id\":\"https:\/\/bahiaeconomica.com.br\/wp\/#organization\"},\"keywords\":[\"bahiagas\",\"CONSTRUNORDESTE\"],\"articleSection\":[\"MUNIC\u00cdPIOS\"],\"inLanguage\":\"pt-BR\"},{\"@type\":\"WebPage\",\"@id\":\"https:\/\/bahiaeconomica.com.br\/wp\/2024\/07\/29\/em-sua-segunda-edicao-bahiagas-patrocina-a-construnordeste\/\",\"url\":\"https:\/\/bahiaeconomica.com.br\/wp\/2024\/07\/29\/em-sua-segunda-edicao-bahiagas-patrocina-a-construnordeste\/\",\"name\":\"NA 2\u00aa EDI\u00c7\u00c3O, BAHIAG\u00c1S PATROCINA CONSTRUNORDESTE\",\"isPartOf\":{\"@id\":\"https:\/\/bahiaeconomica.com.br\/wp\/#website\"},\"datePublished\":\"2024-07-29T21:10:50+00:00\",\"dateModified\":\"2024-07-29T21:12:26+00:00\",\"description\":\"Salvador ir\u00e1 sediar o maior evento de constru\u00e7\u00e3o do Norte e Nordeste, a ConstruNordeste, pelo segundo ano consecutivo.\",\"breadcrumb\":{\"@id\":\"https:\/\/bahiaeconomica.com.br\/wp\/2024\/07\/29\/em-sua-segunda-edicao-bahiagas-patrocina-a-construnordeste\/#breadcrumb\"},\"inLanguage\":\"pt-BR\",\"potentialAction\":[{\"@type\":\"ReadAction\",\"target\":[\"https:\/\/bahiaeconomica.com.br\/wp\/2024\/07\/29\/em-sua-segunda-edicao-bahiagas-patrocina-a-construnordeste\/\"]}]},{\"@type\":\"BreadcrumbList\",\"@id\":\"https:\/\/bahiaeconomica.com.br\/wp\/2024\/07\/29\/em-sua-segunda-edicao-bahiagas-patrocina-a-construnordeste\/#breadcrumb\",\"itemListElement\":[{\"@type\":\"ListItem\",\"position\":1,\"name\":\"In\u00edcio\",\"item\":\"https:\/\/bahiaeconomica.com.br\/wp\/\"},{\"@type\":\"ListItem\",\"position\":2,\"name\":\"BAHIAG\u00c1S PATROCINA 2\u00aa EDI\u00c7\u00c3O DO CONSTRUNORDESTE\"}]},{\"@type\":\"WebSite\",\"@id\":\"https:\/\/bahiaeconomica.com.br\/wp\/#website\",\"url\":\"https:\/\/bahiaeconomica.com.br\/wp\/\",\"name\":\"Bahia Economica\",\"description\":\"O maior portal de Economia da Bahia\",\"publisher\":{\"@id\":\"https:\/\/bahiaeconomica.com.br\/wp\/#organization\"},\"potentialAction\":[{\"@type\":\"SearchAction\",\"target\":{\"@type\":\"EntryPoint\",\"urlTemplate\":\"https:\/\/bahiaeconomica.com.br\/wp\/?s={search_term_string}\"},\"query-input\":\"required name=search_term_string\"}],\"inLanguage\":\"pt-BR\"},{\"@type\":\"Organization\",\"@id\":\"https:\/\/bahiaeconomica.com.br\/wp\/#organization\",\"name\":\"Bahia Econ\u00f4mica\",\"url\":\"https:\/\/bahiaeconomica.com.br\/wp\/\",\"logo\":{\"@type\":\"ImageObject\",\"inLanguage\":\"pt-BR\",\"@id\":\"https:\/\/bahiaeconomica.com.br\/wp\/#\/schema\/logo\/image\/\",\"url\":\"https:\/\/bahiaeconomica.com.br\/wp\/wp-content\/uploads\/2020\/12\/cropped-BE.png\",\"contentUrl\":\"https:\/\/bahiaeconomica.com.br\/wp\/wp-content\/uploads\/2020\/12\/cropped-BE.png\",\"width\":512,\"height\":512,\"caption\":\"Bahia Econ\u00f4mica\"},\"image\":{\"@id\":\"https:\/\/bahiaeconomica.com.br\/wp\/#\/schema\/logo\/image\/\"},\"sameAs\":[\"https:\/\/www.facebook.com\/bahiaeconomica\"]},{\"@type\":\"Person\",\"@id\":\"https:\/\/bahiaeconomica.com.br\/wp\/#\/schema\/person\/18273ac0fe04bfd4e7b101bf17d40152\",\"name\":\"LUIZA NASCIMENTO\",\"sameAs\":[\"http:\/\/www.bahiaeconomica.com.br\"],\"url\":\"https:\/\/bahiaeconomica.com.br\/wp\/author\/luiza-nascimento\/\"}]}<\/script>\n<!-- \/ Yoast SEO plugin. -->","yoast_head_json":{"title":"NA 2\u00aa EDI\u00c7\u00c3O, BAHIAG\u00c1S PATROCINA CONSTRUNORDESTE","description":"Salvador ir\u00e1 sediar o maior evento de constru\u00e7\u00e3o do Norte e Nordeste, a ConstruNordeste, pelo segundo ano consecutivo.","robots":{"index":"index","follow":"follow","max-snippet":"max-snippet:-1","max-image-preview":"max-image-preview:large","max-video-preview":"max-video-preview:-1"},"canonical":"https:\/\/bahiaeconomica.com.br\/wp\/2024\/07\/29\/em-sua-segunda-edicao-bahiagas-patrocina-a-construnordeste\/","og_locale":"pt_BR","og_type":"article","og_title":"NA 2\u00aa EDI\u00c7\u00c3O, BAHIAG\u00c1S PATROCINA CONSTRUNORDESTE","og_description":"Salvador ir\u00e1 sediar o maior evento de constru\u00e7\u00e3o do Norte e Nordeste, a ConstruNordeste, pelo segundo ano consecutivo.","og_url":"https:\/\/bahiaeconomica.com.br\/wp\/2024\/07\/29\/em-sua-segunda-edicao-bahiagas-patrocina-a-construnordeste\/","og_site_name":"Bahia Economica","article_publisher":"https:\/\/www.facebook.com\/bahiaeconomica","article_published_time":"2024-07-29T21:10:50+00:00","article_modified_time":"2024-07-29T21:12:26+00:00","og_image":[{"width":1600,"height":1066,"url":"https:\/\/bahiaeconomica.com.br\/wp\/wp-content\/uploads\/2024\/07\/WhatsApp-Image-2024-07-29-at-18.02.04.jpeg","type":"image\/jpeg"}],"author":"LUIZA NASCIMENTO","twitter_card":"summary_large_image","twitter_misc":{"Escrito por":"LUIZA NASCIMENTO","Est. tempo de leitura":"2 minutos"},"schema":{"@context":"https:\/\/schema.org","@graph":[{"@type":"Article","@id":"https:\/\/bahiaeconomica.com.br\/wp\/2024\/07\/29\/em-sua-segunda-edicao-bahiagas-patrocina-a-construnordeste\/#article","isPartOf":{"@id":"https:\/\/bahiaeconomica.com.br\/wp\/2024\/07\/29\/em-sua-segunda-edicao-bahiagas-patrocina-a-construnordeste\/"},"author":{"name":"LUIZA NASCIMENTO","@id":"https:\/\/bahiaeconomica.com.br\/wp\/#\/schema\/person\/18273ac0fe04bfd4e7b101bf17d40152"},"headline":"BAHIAG\u00c1S PATROCINA 2\u00aa EDI\u00c7\u00c3O DO CONSTRUNORDESTE","datePublished":"2024-07-29T21:10:50+00:00","dateModified":"2024-07-29T21:12:26+00:00","mainEntityOfPage":{"@id":"https:\/\/bahiaeconomica.com.br\/wp\/2024\/07\/29\/em-sua-segunda-edicao-bahiagas-patrocina-a-construnordeste\/"},"wordCount":252,"publisher":{"@id":"https:\/\/bahiaeconomica.com.br\/wp\/#organization"},"keywords":["bahiagas","CONSTRUNORDESTE"],"articleSection":["MUNIC\u00cdPIOS"],"inLanguage":"pt-BR"},{"@type":"WebPage","@id":"https:\/\/bahiaeconomica.com.br\/wp\/2024\/07\/29\/em-sua-segunda-edicao-bahiagas-patrocina-a-construnordeste\/","url":"https:\/\/bahiaeconomica.com.br\/wp\/2024\/07\/29\/em-sua-segunda-edicao-bahiagas-patrocina-a-construnordeste\/","name":"NA 2\u00aa EDI\u00c7\u00c3O, BAHIAG\u00c1S PATROCINA CONSTRUNORDESTE","isPartOf":{"@id":"https:\/\/bahiaeconomica.com.br\/wp\/#website"},"datePublished":"2024-07-29T21:10:50+00:00","dateModified":"2024-07-29T21:12:26+00:00","description":"Salvador ir\u00e1 sediar o maior evento de constru\u00e7\u00e3o do Norte e Nordeste, a ConstruNordeste, pelo segundo ano consecutivo.","breadcrumb":{"@id":"https:\/\/bahiaeconomica.com.br\/wp\/2024\/07\/29\/em-sua-segunda-edicao-bahiagas-patrocina-a-construnordeste\/#breadcrumb"},"inLanguage":"pt-BR","potentialAction":[{"@type":"ReadAction","target":["https:\/\/bahiaeconomica.com.br\/wp\/2024\/07\/29\/em-sua-segunda-edicao-bahiagas-patrocina-a-construnordeste\/"]}]},{"@type":"BreadcrumbList","@id":"https:\/\/bahiaeconomica.com.br\/wp\/2024\/07\/29\/em-sua-segunda-edicao-bahiagas-patrocina-a-construnordeste\/#breadcrumb","itemListElement":[{"@type":"ListItem","position":1,"name":"In\u00edcio","item":"https:\/\/bahiaeconomica.com.br\/wp\/"},{"@type":"ListItem","position":2,"name":"BAHIAG\u00c1S PATROCINA 2\u00aa EDI\u00c7\u00c3O DO CONSTRUNORDESTE"}]},{"@type":"WebSite","@id":"https:\/\/bahiaeconomica.com.br\/wp\/#website","url":"https:\/\/bahiaeconomica.com.br\/wp\/","name":"Bahia Economica","description":"O maior portal de Economia da Bahia","publisher":{"@id":"https:\/\/bahiaeconomica.com.br\/wp\/#organization"},"potentialAction":[{"@type":"SearchAction","target":{"@type":"EntryPoint","urlTemplate":"https:\/\/bahiaeconomica.com.br\/wp\/?s={search_term_string}"},"query-input":"required name=search_term_string"}],"inLanguage":"pt-BR"},{"@type":"Organization","@id":"https:\/\/bahiaeconomica.com.br\/wp\/#organization","name":"Bahia Econ\u00f4mica","url":"https:\/\/bahiaeconomica.com.br\/wp\/","logo":{"@type":"ImageObject","inLanguage":"pt-BR","@id":"https:\/\/bahiaeconomica.com.br\/wp\/#\/schema\/logo\/image\/","url":"https:\/\/bahiaeconomica.com.br\/wp\/wp-content\/uploads\/2020\/12\/cropped-BE.png","contentUrl":"https:\/\/bahiaeconomica.com.br\/wp\/wp-content\/uploads\/2020\/12\/cropped-BE.png","width":512,"height":512,"caption":"Bahia Econ\u00f4mica"},"image":{"@id":"https:\/\/bahiaeconomica.com.br\/wp\/#\/schema\/logo\/image\/"},"sameAs":["https:\/\/www.facebook.com\/bahiaeconomica"]},{"@type":"Person","@id":"https:\/\/bahiaeconomica.com.br\/wp\/#\/schema\/person\/18273ac0fe04bfd4e7b101bf17d40152","name":"LUIZA NASCIMENTO","sameAs":["http:\/\/www.bahiaeconomica.com.br"],"url":"https:\/\/bahiaeconomica.com.br\/wp\/author\/luiza-nascimento\/"}]}},"views":34,"_links":{"self":[{"href":"https:\/\/bahiaeconomica.com.br\/wp\/wp-json\/wp\/v2\/posts\/833624"}],"collection":[{"href":"https:\/\/bahiaeconomica.com.br\/wp\/wp-json\/wp\/v2\/posts"}],"about":[{"href":"https:\/\/bahiaeconomica.com.br\/wp\/wp-json\/wp\/v2\/types\/post"}],"author":[{"embeddable":true,"href":"https:\/\/bahiaeconomica.com.br\/wp\/wp-json\/wp\/v2\/users\/16"}],"replies":[{"embeddable":true,"href":"https:\/\/bahiaeconomica.com.br\/wp\/wp-json\/wp\/v2\/comments?post=833624"}],"version-history":[{"count":2,"href":"https:\/\/bahiaeconomica.com.br\/wp\/wp-json\/wp\/v2\/posts\/833624\/revisions"}],"predecessor-version":[{"id":833631,"href":"https:\/\/bahiaeconomica.com.br\/wp\/wp-json\/wp\/v2\/posts\/833624\/revisions\/833631"}],"wp:featuredmedia":[{"embeddable":true,"href":"https:\/\/bahiaeconomica.com.br\/wp\/wp-json\/wp\/v2\/media\/833629"}],"wp:attachment":[{"href":"https:\/\/bahiaeconomica.com.br\/wp\/wp-json\/wp\/v2\/media?parent=833624"}],"wp:term":[{"taxonomy":"category","embeddable":true,"href":"https:\/\/bahiaeconomica.com.br\/wp\/wp-json\/wp\/v2\/categories?post=833624"},{"taxonomy":"post_tag","embeddable":true,"href":"https:\/\/bahiaeconomica.com.br\/wp\/wp-json\/wp\/v2\/tags?post=833624"}],"curies":[{"name":"wp","href":"https:\/\/api.w.org\/{rel}","templated":true}]}}