{"id":832945,"date":"2024-07-25T15:18:15","date_gmt":"2024-07-25T18:18:15","guid":{"rendered":"https:\/\/bahiaeconomica.com.br\/wp\/?p=832945"},"modified":"2024-07-25T15:18:15","modified_gmt":"2024-07-25T18:18:15","slug":"com-investimento-de-r-35-milhoes-governo-entrega-3o-colegio-de-tempo-integral-em-feira-de-santana","status":"publish","type":"post","link":"https:\/\/bahiaeconomica.com.br\/wp\/2024\/07\/25\/com-investimento-de-r-35-milhoes-governo-entrega-3o-colegio-de-tempo-integral-em-feira-de-santana\/","title":{"rendered":"COM INVESTIMENTO DE R$ 35 MILH\u00d5ES, GOVERNO ENTREGA 3\u00ba COL\u00c9GIO DE TEMPO INTEGRAL EM FEIRA DE SANTANA"},"content":{"rendered":"<p>Os estudantes de Feira de Santana, no Portal do Sert\u00e3o, j\u00e1 contam com uma nova unidade de ensino. O governador Jer\u00f4nimo Rodrigues inaugurou, nesta quinta (25), a nova sede do Col\u00e9gio Estadual de Tempo Integral Professora Ana Ang\u00e9lica Vergne de Morais. Ainda na cidade, o chefe do executivo baiano entregou a pavimenta\u00e7\u00e3o do trecho de rodovia que liga o entroncamento da BR-116 ao distrito de Tiquaru\u00e7u e recebeu o T\u00edtulo de &#8220;Cidad\u00e3o Feirense\u201d e a Comenda Maria Quit\u00e9ria. Foram assinadas outras autoriza\u00e7\u00f5es na \u00e1rea da Educa\u00e7\u00e3o.<\/p>\n<p>\u201cEssa escola que a gente homenageia dois professores importantes, uma escola de tempo integral, R$ 35 milh\u00f5es. Essa escola Lula visitou conosco h\u00e1 15 dias. \u00c9 uma caravana entregando escolas como estas, modernizadas, ampliadas\u201d, pontuou o governador. Uma apresenta\u00e7\u00e3o musical marcou a entrega do novo col\u00e9gio. Esta \u00e9 a terceira unidade educacional que \u00e9 inaugurada na Princesa do Sert\u00e3o e a 54\u00aa em toda a Bahia. O pr\u00e9dio possui 24 salas de aula, restaurante, teatro, quatro laborat\u00f3rios, piscina, quadra poliesportiva e campo de futebol society com pista de atletismo. Executada pela Companhia de Desenvolvimento Urbano (Conder), a obra teve o valor de R$ 35 milh\u00f5es, entre adequa\u00e7\u00e3o, equipamentos e mobili\u00e1rio.<\/p>\n<p>\u201cEla tem uma estrutura que vai nos ajudar a praticar mais esportes, ter um melhor aprendizado, porque tem laborat\u00f3rios, as salas s\u00e3o mais confort\u00e1veis. \u00c9 tudo muito maior e ajuda a gente a ter um bom aprendizado\u201d, considerou a estudante Priscila Souza, de 15 anos, que est\u00e1 na 1\u00aa s\u00e9rie do Ensino M\u00e9dio e pretende cursar medicina.<\/p>\n<p>Com capacidade para atender cerca de tr\u00eas mil alunos nos tr\u00eas turnos, o col\u00e9gio oferece o Ensino M\u00e9dio e Educa\u00e7\u00e3o de Jovens e Adultos (EJA). A novidade \u00e9 o Ensino Fundamental 2, como explica a secret\u00e1ria da Educa\u00e7\u00e3o, Rowenna Brito. \u201c\u00c9 uma escola, \u00e9 um equipamento para toda a popula\u00e7\u00e3o de Feira de Santana. Um investimento do governo do Estado que acredita e que constr\u00f3i para as pessoas e com as pessoas\u201d, disse a secret\u00e1ria ao destacar que o Estado tem feito investimento para al\u00e9m da infraestrutura f\u00edsica, oferecendo bem-estar e condi\u00e7\u00f5es de aprendizagem para que os estudantes possam alcan\u00e7ar o mundo do trabalho e a universidade.<\/p>\n<p>Ainda na \u00e1rea da Educa\u00e7\u00e3o, foram assinadas ordens de servi\u00e7o para qualificar outras unidades de ensino, como a amplia\u00e7\u00e3o com moderniza\u00e7\u00e3o nas \u00e1reas do Instituto de Educa\u00e7\u00e3o Gast\u00e3o Guimar\u00e3es, Col\u00e9gio Modelo Lu\u00eds Eduardo Magalh\u00e3es, do Centro Estadual de Educa\u00e7\u00e3o Profissional em Sa\u00fade do Centro Baiano, do Centro de Apoio Pedag\u00f3gico, Col\u00e9gio Estadual de Tempo Integral Georgina de Melo Erismann, Col\u00e9gio Estadual de Tempo Integral Edith Machado Boaventura. Tamb\u00e9m foi autorizada a requalifica\u00e7\u00e3o e adequa\u00e7\u00e3o do pr\u00e9dio existente do Col\u00e9gio Estadual de Tempo Integral Professora Carminda Mascarenhas Vieira, o antigo General Os\u00f3rio, para o padr\u00e3o das novas unidades de tempo integral, num investimento somado de aproximadamente R$ 38 milh\u00f5es.<\/p>\n<p>Foto: Feij\u00e3o Almeida\/GOVBA<\/p>\n","protected":false},"excerpt":{"rendered":"<p>Os estudantes de Feira de Santana, no Portal do Sert\u00e3o, j\u00e1 contam com uma nova unidade de ensino. O governador Jer\u00f4nimo Rodrigues inaugurou, nesta quinta (25), a nova sede do Col\u00e9gio Estadual de Tempo Integral Professora Ana Ang\u00e9lica Vergne de Morais. Ainda na cidade, o chefe do executivo baiano entregou a pavimenta\u00e7\u00e3o do trecho de [&hellip;]<\/p>\n","protected":false},"author":16,"featured_media":832955,"comment_status":"closed","ping_status":"closed","sticky":false,"template":"","format":"standard","meta":[],"categories":[5,21],"tags":[425,87,740],"acf":[],"yoast_head":"<!-- This site is optimized with the Yoast SEO plugin v20.8 - https:\/\/yoast.com\/wordpress\/plugins\/seo\/ -->\n<title>GOVERNO ENTREGA COL\u00c9GIO DE TEMPO INTEGRAL<\/title>\n<meta name=\"description\" content=\"O governador Jer\u00f4nimo Rodrigues inaugurou a nova sede do Col\u00e9gio Estadual de Tempo Integral Professora Ana Ang\u00e9lica Vergne de Morais.\" \/>\n<meta name=\"robots\" content=\"index, follow, max-snippet:-1, max-image-preview:large, max-video-preview:-1\" \/>\n<link rel=\"canonical\" href=\"https:\/\/bahiaeconomica.com.br\/wp\/2024\/07\/25\/com-investimento-de-r-35-milhoes-governo-entrega-3o-colegio-de-tempo-integral-em-feira-de-santana\/\" \/>\n<meta property=\"og:locale\" content=\"pt_BR\" \/>\n<meta property=\"og:type\" content=\"article\" \/>\n<meta property=\"og:title\" content=\"GOVERNO ENTREGA COL\u00c9GIO DE TEMPO INTEGRAL\" \/>\n<meta property=\"og:description\" content=\"O governador Jer\u00f4nimo Rodrigues inaugurou a nova sede do Col\u00e9gio Estadual de Tempo Integral Professora Ana Ang\u00e9lica Vergne de Morais.\" \/>\n<meta property=\"og:url\" content=\"https:\/\/bahiaeconomica.com.br\/wp\/2024\/07\/25\/com-investimento-de-r-35-milhoes-governo-entrega-3o-colegio-de-tempo-integral-em-feira-de-santana\/\" \/>\n<meta property=\"og:site_name\" content=\"Bahia Economica\" \/>\n<meta property=\"article:publisher\" content=\"https:\/\/www.facebook.com\/bahiaeconomica\" \/>\n<meta property=\"article:published_time\" content=\"2024-07-25T18:18:15+00:00\" \/>\n<meta property=\"og:image\" content=\"https:\/\/bahiaeconomica.com.br\/wp\/wp-content\/uploads\/2024\/07\/WhatsApp-Image-2024-07-25-at-14.55.50.jpeg\" \/>\n\t<meta property=\"og:image:width\" content=\"1600\" \/>\n\t<meta property=\"og:image:height\" content=\"1066\" \/>\n\t<meta property=\"og:image:type\" content=\"image\/jpeg\" \/>\n<meta name=\"author\" content=\"LUIZA NASCIMENTO\" \/>\n<meta name=\"twitter:card\" content=\"summary_large_image\" \/>\n<meta name=\"twitter:label1\" content=\"Escrito por\" \/>\n\t<meta name=\"twitter:data1\" content=\"LUIZA NASCIMENTO\" \/>\n\t<meta name=\"twitter:label2\" content=\"Est. tempo de leitura\" \/>\n\t<meta name=\"twitter:data2\" content=\"3 minutos\" \/>\n<script type=\"application\/ld+json\" class=\"yoast-schema-graph\">{\"@context\":\"https:\/\/schema.org\",\"@graph\":[{\"@type\":\"Article\",\"@id\":\"https:\/\/bahiaeconomica.com.br\/wp\/2024\/07\/25\/com-investimento-de-r-35-milhoes-governo-entrega-3o-colegio-de-tempo-integral-em-feira-de-santana\/#article\",\"isPartOf\":{\"@id\":\"https:\/\/bahiaeconomica.com.br\/wp\/2024\/07\/25\/com-investimento-de-r-35-milhoes-governo-entrega-3o-colegio-de-tempo-integral-em-feira-de-santana\/\"},\"author\":{\"name\":\"LUIZA NASCIMENTO\",\"@id\":\"https:\/\/bahiaeconomica.com.br\/wp\/#\/schema\/person\/18273ac0fe04bfd4e7b101bf17d40152\"},\"headline\":\"COM INVESTIMENTO DE R$ 35 MILH\u00d5ES, GOVERNO ENTREGA 3\u00ba COL\u00c9GIO DE TEMPO INTEGRAL EM FEIRA DE SANTANA\",\"datePublished\":\"2024-07-25T18:18:15+00:00\",\"dateModified\":\"2024-07-25T18:18:15+00:00\",\"mainEntityOfPage\":{\"@id\":\"https:\/\/bahiaeconomica.com.br\/wp\/2024\/07\/25\/com-investimento-de-r-35-milhoes-governo-entrega-3o-colegio-de-tempo-integral-em-feira-de-santana\/\"},\"wordCount\":535,\"publisher\":{\"@id\":\"https:\/\/bahiaeconomica.com.br\/wp\/#organization\"},\"keywords\":[\"Feira de Santana\",\"governo do estado\",\"investimento\"],\"articleSection\":[\"MUNIC\u00cdPIOS\",\"Sa\u00fade \/ Educa\u00e7\u00e3o\"],\"inLanguage\":\"pt-BR\"},{\"@type\":\"WebPage\",\"@id\":\"https:\/\/bahiaeconomica.com.br\/wp\/2024\/07\/25\/com-investimento-de-r-35-milhoes-governo-entrega-3o-colegio-de-tempo-integral-em-feira-de-santana\/\",\"url\":\"https:\/\/bahiaeconomica.com.br\/wp\/2024\/07\/25\/com-investimento-de-r-35-milhoes-governo-entrega-3o-colegio-de-tempo-integral-em-feira-de-santana\/\",\"name\":\"GOVERNO ENTREGA COL\u00c9GIO DE TEMPO INTEGRAL\",\"isPartOf\":{\"@id\":\"https:\/\/bahiaeconomica.com.br\/wp\/#website\"},\"datePublished\":\"2024-07-25T18:18:15+00:00\",\"dateModified\":\"2024-07-25T18:18:15+00:00\",\"description\":\"O governador Jer\u00f4nimo Rodrigues inaugurou a nova sede do Col\u00e9gio Estadual de Tempo Integral Professora Ana Ang\u00e9lica Vergne de Morais.\",\"breadcrumb\":{\"@id\":\"https:\/\/bahiaeconomica.com.br\/wp\/2024\/07\/25\/com-investimento-de-r-35-milhoes-governo-entrega-3o-colegio-de-tempo-integral-em-feira-de-santana\/#breadcrumb\"},\"inLanguage\":\"pt-BR\",\"potentialAction\":[{\"@type\":\"ReadAction\",\"target\":[\"https:\/\/bahiaeconomica.com.br\/wp\/2024\/07\/25\/com-investimento-de-r-35-milhoes-governo-entrega-3o-colegio-de-tempo-integral-em-feira-de-santana\/\"]}]},{\"@type\":\"BreadcrumbList\",\"@id\":\"https:\/\/bahiaeconomica.com.br\/wp\/2024\/07\/25\/com-investimento-de-r-35-milhoes-governo-entrega-3o-colegio-de-tempo-integral-em-feira-de-santana\/#breadcrumb\",\"itemListElement\":[{\"@type\":\"ListItem\",\"position\":1,\"name\":\"In\u00edcio\",\"item\":\"https:\/\/bahiaeconomica.com.br\/wp\/\"},{\"@type\":\"ListItem\",\"position\":2,\"name\":\"COM INVESTIMENTO DE R$ 35 MILH\u00d5ES, GOVERNO ENTREGA 3\u00ba COL\u00c9GIO DE TEMPO INTEGRAL EM FEIRA DE SANTANA\"}]},{\"@type\":\"WebSite\",\"@id\":\"https:\/\/bahiaeconomica.com.br\/wp\/#website\",\"url\":\"https:\/\/bahiaeconomica.com.br\/wp\/\",\"name\":\"Bahia Economica\",\"description\":\"O maior portal de Economia da Bahia\",\"publisher\":{\"@id\":\"https:\/\/bahiaeconomica.com.br\/wp\/#organization\"},\"potentialAction\":[{\"@type\":\"SearchAction\",\"target\":{\"@type\":\"EntryPoint\",\"urlTemplate\":\"https:\/\/bahiaeconomica.com.br\/wp\/?s={search_term_string}\"},\"query-input\":\"required name=search_term_string\"}],\"inLanguage\":\"pt-BR\"},{\"@type\":\"Organization\",\"@id\":\"https:\/\/bahiaeconomica.com.br\/wp\/#organization\",\"name\":\"Bahia Econ\u00f4mica\",\"url\":\"https:\/\/bahiaeconomica.com.br\/wp\/\",\"logo\":{\"@type\":\"ImageObject\",\"inLanguage\":\"pt-BR\",\"@id\":\"https:\/\/bahiaeconomica.com.br\/wp\/#\/schema\/logo\/image\/\",\"url\":\"https:\/\/bahiaeconomica.com.br\/wp\/wp-content\/uploads\/2020\/12\/cropped-BE.png\",\"contentUrl\":\"https:\/\/bahiaeconomica.com.br\/wp\/wp-content\/uploads\/2020\/12\/cropped-BE.png\",\"width\":512,\"height\":512,\"caption\":\"Bahia Econ\u00f4mica\"},\"image\":{\"@id\":\"https:\/\/bahiaeconomica.com.br\/wp\/#\/schema\/logo\/image\/\"},\"sameAs\":[\"https:\/\/www.facebook.com\/bahiaeconomica\"]},{\"@type\":\"Person\",\"@id\":\"https:\/\/bahiaeconomica.com.br\/wp\/#\/schema\/person\/18273ac0fe04bfd4e7b101bf17d40152\",\"name\":\"LUIZA NASCIMENTO\",\"sameAs\":[\"http:\/\/www.bahiaeconomica.com.br\"],\"url\":\"https:\/\/bahiaeconomica.com.br\/wp\/author\/luiza-nascimento\/\"}]}<\/script>\n<!-- \/ Yoast SEO plugin. -->","yoast_head_json":{"title":"GOVERNO ENTREGA COL\u00c9GIO DE TEMPO INTEGRAL","description":"O governador Jer\u00f4nimo Rodrigues inaugurou a nova sede do Col\u00e9gio Estadual de Tempo Integral Professora Ana Ang\u00e9lica Vergne de Morais.","robots":{"index":"index","follow":"follow","max-snippet":"max-snippet:-1","max-image-preview":"max-image-preview:large","max-video-preview":"max-video-preview:-1"},"canonical":"https:\/\/bahiaeconomica.com.br\/wp\/2024\/07\/25\/com-investimento-de-r-35-milhoes-governo-entrega-3o-colegio-de-tempo-integral-em-feira-de-santana\/","og_locale":"pt_BR","og_type":"article","og_title":"GOVERNO ENTREGA COL\u00c9GIO DE TEMPO INTEGRAL","og_description":"O governador Jer\u00f4nimo Rodrigues inaugurou a nova sede do Col\u00e9gio Estadual de Tempo Integral Professora Ana Ang\u00e9lica Vergne de Morais.","og_url":"https:\/\/bahiaeconomica.com.br\/wp\/2024\/07\/25\/com-investimento-de-r-35-milhoes-governo-entrega-3o-colegio-de-tempo-integral-em-feira-de-santana\/","og_site_name":"Bahia Economica","article_publisher":"https:\/\/www.facebook.com\/bahiaeconomica","article_published_time":"2024-07-25T18:18:15+00:00","og_image":[{"width":1600,"height":1066,"url":"https:\/\/bahiaeconomica.com.br\/wp\/wp-content\/uploads\/2024\/07\/WhatsApp-Image-2024-07-25-at-14.55.50.jpeg","type":"image\/jpeg"}],"author":"LUIZA NASCIMENTO","twitter_card":"summary_large_image","twitter_misc":{"Escrito por":"LUIZA NASCIMENTO","Est. tempo de leitura":"3 minutos"},"schema":{"@context":"https:\/\/schema.org","@graph":[{"@type":"Article","@id":"https:\/\/bahiaeconomica.com.br\/wp\/2024\/07\/25\/com-investimento-de-r-35-milhoes-governo-entrega-3o-colegio-de-tempo-integral-em-feira-de-santana\/#article","isPartOf":{"@id":"https:\/\/bahiaeconomica.com.br\/wp\/2024\/07\/25\/com-investimento-de-r-35-milhoes-governo-entrega-3o-colegio-de-tempo-integral-em-feira-de-santana\/"},"author":{"name":"LUIZA NASCIMENTO","@id":"https:\/\/bahiaeconomica.com.br\/wp\/#\/schema\/person\/18273ac0fe04bfd4e7b101bf17d40152"},"headline":"COM INVESTIMENTO DE R$ 35 MILH\u00d5ES, GOVERNO ENTREGA 3\u00ba COL\u00c9GIO DE TEMPO INTEGRAL EM FEIRA DE SANTANA","datePublished":"2024-07-25T18:18:15+00:00","dateModified":"2024-07-25T18:18:15+00:00","mainEntityOfPage":{"@id":"https:\/\/bahiaeconomica.com.br\/wp\/2024\/07\/25\/com-investimento-de-r-35-milhoes-governo-entrega-3o-colegio-de-tempo-integral-em-feira-de-santana\/"},"wordCount":535,"publisher":{"@id":"https:\/\/bahiaeconomica.com.br\/wp\/#organization"},"keywords":["Feira de Santana","governo do estado","investimento"],"articleSection":["MUNIC\u00cdPIOS","Sa\u00fade \/ Educa\u00e7\u00e3o"],"inLanguage":"pt-BR"},{"@type":"WebPage","@id":"https:\/\/bahiaeconomica.com.br\/wp\/2024\/07\/25\/com-investimento-de-r-35-milhoes-governo-entrega-3o-colegio-de-tempo-integral-em-feira-de-santana\/","url":"https:\/\/bahiaeconomica.com.br\/wp\/2024\/07\/25\/com-investimento-de-r-35-milhoes-governo-entrega-3o-colegio-de-tempo-integral-em-feira-de-santana\/","name":"GOVERNO ENTREGA COL\u00c9GIO DE TEMPO INTEGRAL","isPartOf":{"@id":"https:\/\/bahiaeconomica.com.br\/wp\/#website"},"datePublished":"2024-07-25T18:18:15+00:00","dateModified":"2024-07-25T18:18:15+00:00","description":"O governador Jer\u00f4nimo Rodrigues inaugurou a nova sede do Col\u00e9gio Estadual de Tempo Integral Professora Ana Ang\u00e9lica Vergne de Morais.","breadcrumb":{"@id":"https:\/\/bahiaeconomica.com.br\/wp\/2024\/07\/25\/com-investimento-de-r-35-milhoes-governo-entrega-3o-colegio-de-tempo-integral-em-feira-de-santana\/#breadcrumb"},"inLanguage":"pt-BR","potentialAction":[{"@type":"ReadAction","target":["https:\/\/bahiaeconomica.com.br\/wp\/2024\/07\/25\/com-investimento-de-r-35-milhoes-governo-entrega-3o-colegio-de-tempo-integral-em-feira-de-santana\/"]}]},{"@type":"BreadcrumbList","@id":"https:\/\/bahiaeconomica.com.br\/wp\/2024\/07\/25\/com-investimento-de-r-35-milhoes-governo-entrega-3o-colegio-de-tempo-integral-em-feira-de-santana\/#breadcrumb","itemListElement":[{"@type":"ListItem","position":1,"name":"In\u00edcio","item":"https:\/\/bahiaeconomica.com.br\/wp\/"},{"@type":"ListItem","position":2,"name":"COM INVESTIMENTO DE R$ 35 MILH\u00d5ES, GOVERNO ENTREGA 3\u00ba COL\u00c9GIO DE TEMPO INTEGRAL EM FEIRA DE SANTANA"}]},{"@type":"WebSite","@id":"https:\/\/bahiaeconomica.com.br\/wp\/#website","url":"https:\/\/bahiaeconomica.com.br\/wp\/","name":"Bahia Economica","description":"O maior portal de Economia da Bahia","publisher":{"@id":"https:\/\/bahiaeconomica.com.br\/wp\/#organization"},"potentialAction":[{"@type":"SearchAction","target":{"@type":"EntryPoint","urlTemplate":"https:\/\/bahiaeconomica.com.br\/wp\/?s={search_term_string}"},"query-input":"required name=search_term_string"}],"inLanguage":"pt-BR"},{"@type":"Organization","@id":"https:\/\/bahiaeconomica.com.br\/wp\/#organization","name":"Bahia Econ\u00f4mica","url":"https:\/\/bahiaeconomica.com.br\/wp\/","logo":{"@type":"ImageObject","inLanguage":"pt-BR","@id":"https:\/\/bahiaeconomica.com.br\/wp\/#\/schema\/logo\/image\/","url":"https:\/\/bahiaeconomica.com.br\/wp\/wp-content\/uploads\/2020\/12\/cropped-BE.png","contentUrl":"https:\/\/bahiaeconomica.com.br\/wp\/wp-content\/uploads\/2020\/12\/cropped-BE.png","width":512,"height":512,"caption":"Bahia Econ\u00f4mica"},"image":{"@id":"https:\/\/bahiaeconomica.com.br\/wp\/#\/schema\/logo\/image\/"},"sameAs":["https:\/\/www.facebook.com\/bahiaeconomica"]},{"@type":"Person","@id":"https:\/\/bahiaeconomica.com.br\/wp\/#\/schema\/person\/18273ac0fe04bfd4e7b101bf17d40152","name":"LUIZA NASCIMENTO","sameAs":["http:\/\/www.bahiaeconomica.com.br"],"url":"https:\/\/bahiaeconomica.com.br\/wp\/author\/luiza-nascimento\/"}]}},"views":51,"_links":{"self":[{"href":"https:\/\/bahiaeconomica.com.br\/wp\/wp-json\/wp\/v2\/posts\/832945"}],"collection":[{"href":"https:\/\/bahiaeconomica.com.br\/wp\/wp-json\/wp\/v2\/posts"}],"about":[{"href":"https:\/\/bahiaeconomica.com.br\/wp\/wp-json\/wp\/v2\/types\/post"}],"author":[{"embeddable":true,"href":"https:\/\/bahiaeconomica.com.br\/wp\/wp-json\/wp\/v2\/users\/16"}],"replies":[{"embeddable":true,"href":"https:\/\/bahiaeconomica.com.br\/wp\/wp-json\/wp\/v2\/comments?post=832945"}],"version-history":[{"count":1,"href":"https:\/\/bahiaeconomica.com.br\/wp\/wp-json\/wp\/v2\/posts\/832945\/revisions"}],"predecessor-version":[{"id":832956,"href":"https:\/\/bahiaeconomica.com.br\/wp\/wp-json\/wp\/v2\/posts\/832945\/revisions\/832956"}],"wp:featuredmedia":[{"embeddable":true,"href":"https:\/\/bahiaeconomica.com.br\/wp\/wp-json\/wp\/v2\/media\/832955"}],"wp:attachment":[{"href":"https:\/\/bahiaeconomica.com.br\/wp\/wp-json\/wp\/v2\/media?parent=832945"}],"wp:term":[{"taxonomy":"category","embeddable":true,"href":"https:\/\/bahiaeconomica.com.br\/wp\/wp-json\/wp\/v2\/categories?post=832945"},{"taxonomy":"post_tag","embeddable":true,"href":"https:\/\/bahiaeconomica.com.br\/wp\/wp-json\/wp\/v2\/tags?post=832945"}],"curies":[{"name":"wp","href":"https:\/\/api.w.org\/{rel}","templated":true}]}}