{"id":832487,"date":"2024-07-23T15:56:49","date_gmt":"2024-07-23T18:56:49","guid":{"rendered":"https:\/\/bahiaeconomica.com.br\/wp\/?p=832487"},"modified":"2024-07-23T15:56:49","modified_gmt":"2024-07-23T18:56:49","slug":"confira-a-programacao-semanal-dos-museus-do-ipac-entre-os-dias-23-e-28-de-julho","status":"publish","type":"post","link":"https:\/\/bahiaeconomica.com.br\/wp\/2024\/07\/23\/confira-a-programacao-semanal-dos-museus-do-ipac-entre-os-dias-23-e-28-de-julho\/","title":{"rendered":"CONFIRA A PROGRAMA\u00c7\u00c3O SEMANAL DOS MUSEUS DO IPAC ENTRE OS DIAS 23 E 28 DE JULHO"},"content":{"rendered":"<p>Os museus administrados pela Secretaria de Cultura da Bahia (SecultBa), por meio do Instituto do Patrim\u00f4nio Art\u00edstico e Cultural da Bahia (IPAC), est\u00e3o preparando uma programa\u00e7\u00e3o diversificada voltada para a arte e a cultura entre os dias 23 e 28 de julho.<\/p>\n<p>Dentre as atra\u00e7\u00f5es, destacam-se a reabertura do Museu de Arte Moderna da Bahia com a Exposi\u00e7\u00e3o Armorial 50, oficinas para todos os p\u00fablicos no Museu de Arte Contempor\u00e2nea (MAC_BAHIA), os \u00faltimos dias da 35\u00aa Itiner\u00e2ncia da Bienal de S\u00e3o Paulo no Museu de Arte Moderna (MAM), al\u00e9m de exposi\u00e7\u00f5es abertas no Centro Cultural Solar Ferr\u00e3o e no Parque Hist\u00f3rico Castro Alves (PHCA), localizado a 170 km de Salvador.<\/p>\n<p><strong>Confira a programa\u00e7\u00e3o de cada museu:<\/strong><br \/>\n&#8211; Museu de Arte da Bahia (MAB)<br \/>\n(De ter\u00e7a a domingo, das 10h \u00e0s 18h)<br \/>\nMostra Armorial50<br \/>\nExposi\u00e7\u00e3o Retratos de um tempo (\u00faltima semana em cartaz)<br \/>\nDia 25\/07 (Quinta-feira)<br \/>\n19h &#8211; Vila Ocupa o MAB &#8211; Vila L\u00ea<br \/>\nDia 27\/07 (S\u00e1bado)<br \/>\n19h &#8211; Vila Ocupa o MAB &#8211; Caravana Livre<br \/>\nDia 28\/07 (Domingo)<br \/>\n17h &#8211; Vila Ocupa o MAB &#8211; Caravana Livre<\/p>\n<p>&#8211; Museu de Arte Contempor\u00e2nea da Bahia (MAC_BAHIA)<\/p>\n<p>(De ter\u00e7a-feira a domingo, das 10h \u00e0s 20h)<br \/>\nExposi\u00e7\u00e3o coletiva INICIADAS Ancestralidades Contempor\u00e2neas<br \/>\nAcervo MAC_Bahia<br \/>\nArte Urbana<br \/>\nVISITAS GUIADAS &#8220;CIRCUITO MAC_BAHIA&#8221; \u00e0s 11h00, 15h00 e 17h00 (ponto de encontro mini rampa de Skate), de ter\u00e7a a s\u00e1bado.<br \/>\nDia 24\/07 (Quarta-feira):<br \/>\n14h30 \u00e0s 17h30 \u2013 OFICINA DE ARTE E TECNOLOGIA &#8220;Usos criativos de Chroma Key utilizando aplicativos m\u00f3veis&#8221;.<br \/>\nA partir de 14 anos. Vagas limitadas por ordem de chegada.<br \/>\n18h &#8211; OFICINAS NOTURNAS DO MAC_Bahia, com Pedro Filho Amorim. A partir de 18 anos. Vagas limitadas por ordem de chegada.<br \/>\nDia 26\/07 (Sexta-feira):<br \/>\n14h30 \u00e0s 17h30 \u2013 OFICINA DE ARTE E TECNOLOGIA<br \/>\n&#8220;AFRO FILTROS: Conectando ra\u00edzes e realidades virtuais&#8221;. A partir de 14 anos. Vagas limitadas por ordem de chegada.<br \/>\nDia 27\/07 (S\u00e1bado):<br \/>\n11h\/15h\/16h \u2013 OFICINA INFANTIL DE ARTE E TECNOLOGIA. &#8220;Desenho em a\u00e7\u00e3o: Anima\u00e7\u00e3o de personagens &amp; IA&#8221;. A partir de 06 anos; vagas limitadas.<\/p>\n<p>Dia 28\/07 (Domingo):<br \/>\nAmanhecer no MAC &#8211; Programa de Bem estar<br \/>\n8h &#8211; AMANHECER COM YOGA por Carla Dantas<br \/>\n10h &#8211; PR\u00c1TICA PELVIKA MATINAL com Thiane Nascimento; para todas as idades.<\/p>\n<p>&#8211; Parque Hist\u00f3rico Castro Alves:<br \/>\n(De ter\u00e7a-feira a domingo de 09h \u00e0s 17h):<br \/>\nExposi\u00e7\u00e3o de Acervo do PHCA;<br \/>\nExposi\u00e7\u00e3o: Uma Casa Sertaneja;<br \/>\nExposi\u00e7\u00e3o: &#8220;Nossas Curvas n\u00e3o se Curvam&#8221;.<br \/>\n&#8211; Solar Ferr\u00e3o:<br \/>\n(De ter\u00e7a-feira a domingo de 09h \u00e0s 17h):<br \/>\nExposi\u00e7\u00e3o: H\u00e3h\u00e3w: Arte \u00cdndigena Antirracista;<br \/>\nExposi\u00e7\u00e3o: O Corpo Liberto;<br \/>\nExposi\u00e7\u00e3o 2 de Julho.<\/p>\n<p>&#8211; Museu de Arte Moderna da Bahia (MAM BAHIA)<br \/>\n(De ter\u00e7a-feira a domingo de 10h \u00e0s 18h):<br \/>\n\u00daltima semana da Itiner\u00e2ncia da 35\u00aa Bienal de S\u00e3o Paulo &#8211; coreografias do imposs\u00edvel.<br \/>\nCole\u00e7\u00e3o de Arte Popular Lina Bo Bardi &#8211; Espa\u00e7o expositivo permanente, n\u00facleo de di\u00e1logo e recortes sobre o legado de Lina Bo Bardi;<br \/>\nLinha do tempo com dados hist\u00f3ricos do Solar do Unh\u00e3o e Livraria Caramur\u00ea &#8211; Espa\u00e7o Solar;<br \/>\nMostra de Trabalhos das Oficinas de Xilo;<br \/>\nExposi\u00e7\u00e3o Did\u00e1tica (HOMENAGEM A ZIRALDO) &#8211; Galp\u00e3o das Oficinas.<\/p>\n<p>Dia 25\/07 (Quinta-feira):<br \/>\nMostra de Filmes: &#8220;Lugar de Mulher \u00e9 no Cinema&#8221; &#8211; Cinema do Museu: de 25 a 28 de Julho. A programa\u00e7\u00e3o inclui bate-papos, after com participa\u00e7\u00e3o de DJs e encerramento com Roda de Samba.<br \/>\nDia 26\/07 (Sexta-feira):<br \/>\n17h (at\u00e9 o amanhecer) &#8211; Vig\u00edlia Gr\u00e1fica Contempor\u00e2nea &#8211; Tema: 35\u00ba itiner\u00e2ncia Bienal de S\u00e3o Paulo &#8211; Galp\u00e3o das Oficinas. Maratona de Arte que oferece aos participantes uma variedade de express\u00f5es art\u00edsticas: Gravura, desenho, pintura, audiovisual, m\u00fasica, performance;<br \/>\nCinema do Museu: Sess\u00e3o Especial &#8211; SHAKEDOWN (2018) \u2013 Dire\u00e7\u00e3o Leilah Weinraub.<br \/>\nDia 27\/07 (S\u00e1bado):<br \/>\n9h \u00e0s 11h30 &#8211; MiniCurso &#8211; Fotografia como Meio de Preservar e Construir Mem\u00f3rias &#8211; Realiza\u00e7\u00f5es: 27\/07, 03\/08 e 10\/08. (UFBA, EBA e MAM) &#8211; 20 vagas dispon\u00edveis &#8211; Inscri\u00e7\u00f5es Gratuitas nos dias 23 e 24 de julho de 2024;<br \/>\n18h &#8211; JAM no MAM &#8211; Pra\u00e7a Letieres Leite (@jamnomam); huolcria@gmail.com; (71) 3241-2983 (Cacilda).<br \/>\nDia 28\/07 (Domingo)<br \/>\n16h30 &#8211; YOGA NO MAM &#8211; Aula com Coletivo Ser Yoga &#8211; Pra\u00e7a Leitieres Leite \u2013 @coletivoseryoga; (71) 999189120.<br \/>\nCINE MAM<br \/>\nhttp:\/\/saladearte.art.br\/<br \/>\n71 98199-2833<\/p>\n<p>Foto: Divulga\u00e7\u00e3o<\/p>\n","protected":false},"excerpt":{"rendered":"<p>Os museus administrados pela Secretaria de Cultura da Bahia (SecultBa), por meio do Instituto do Patrim\u00f4nio Art\u00edstico e Cultural da Bahia (IPAC), est\u00e3o preparando uma programa\u00e7\u00e3o diversificada voltada para a arte e a cultura entre os dias 23 e 28 de julho. Dentre as atra\u00e7\u00f5es, destacam-se a reabertura do Museu de Arte Moderna da Bahia [&hellip;]<\/p>\n","protected":false},"author":16,"featured_media":832488,"comment_status":"closed","ping_status":"closed","sticky":false,"template":"","format":"standard","meta":[],"categories":[689],"tags":[7903,4584,4596],"acf":[],"yoast_head":"<!-- This site is optimized with the Yoast SEO plugin v20.8 - https:\/\/yoast.com\/wordpress\/plugins\/seo\/ -->\n<title>CONFIRA A PROGRAMA\u00c7\u00c3O SEMANAL DOS MUSEUS DO IPAC<\/title>\n<meta name=\"description\" content=\"Os museus administrados pela Secretaria de Cultura da Bahia est\u00e3o preparando uma programa\u00e7\u00e3o diversificada voltada para a arte e a cultura.\" \/>\n<meta name=\"robots\" content=\"index, follow, max-snippet:-1, max-image-preview:large, max-video-preview:-1\" \/>\n<link rel=\"canonical\" href=\"https:\/\/bahiaeconomica.com.br\/wp\/2024\/07\/23\/confira-a-programacao-semanal-dos-museus-do-ipac-entre-os-dias-23-e-28-de-julho\/\" \/>\n<meta property=\"og:locale\" content=\"pt_BR\" \/>\n<meta property=\"og:type\" content=\"article\" \/>\n<meta property=\"og:title\" content=\"CONFIRA A PROGRAMA\u00c7\u00c3O SEMANAL DOS MUSEUS DO IPAC\" \/>\n<meta property=\"og:description\" content=\"Os museus administrados pela Secretaria de Cultura da Bahia est\u00e3o preparando uma programa\u00e7\u00e3o diversificada voltada para a arte e a cultura.\" \/>\n<meta property=\"og:url\" content=\"https:\/\/bahiaeconomica.com.br\/wp\/2024\/07\/23\/confira-a-programacao-semanal-dos-museus-do-ipac-entre-os-dias-23-e-28-de-julho\/\" \/>\n<meta property=\"og:site_name\" content=\"Bahia Economica\" \/>\n<meta property=\"article:publisher\" content=\"https:\/\/www.facebook.com\/bahiaeconomica\" \/>\n<meta property=\"article:published_time\" content=\"2024-07-23T18:56:49+00:00\" \/>\n<meta property=\"og:image\" content=\"https:\/\/bahiaeconomica.com.br\/wp\/wp-content\/uploads\/2024\/07\/Expo-Armorial50_ThalesAlbieri-1.jpeg\" \/>\n\t<meta property=\"og:image:width\" content=\"1600\" \/>\n\t<meta property=\"og:image:height\" content=\"1065\" \/>\n\t<meta property=\"og:image:type\" content=\"image\/jpeg\" \/>\n<meta name=\"author\" content=\"LUIZA NASCIMENTO\" \/>\n<meta name=\"twitter:card\" content=\"summary_large_image\" \/>\n<meta name=\"twitter:label1\" content=\"Escrito por\" \/>\n\t<meta name=\"twitter:data1\" content=\"LUIZA NASCIMENTO\" \/>\n\t<meta name=\"twitter:label2\" content=\"Est. tempo de leitura\" \/>\n\t<meta name=\"twitter:data2\" content=\"4 minutos\" \/>\n<script type=\"application\/ld+json\" class=\"yoast-schema-graph\">{\"@context\":\"https:\/\/schema.org\",\"@graph\":[{\"@type\":\"Article\",\"@id\":\"https:\/\/bahiaeconomica.com.br\/wp\/2024\/07\/23\/confira-a-programacao-semanal-dos-museus-do-ipac-entre-os-dias-23-e-28-de-julho\/#article\",\"isPartOf\":{\"@id\":\"https:\/\/bahiaeconomica.com.br\/wp\/2024\/07\/23\/confira-a-programacao-semanal-dos-museus-do-ipac-entre-os-dias-23-e-28-de-julho\/\"},\"author\":{\"name\":\"LUIZA NASCIMENTO\",\"@id\":\"https:\/\/bahiaeconomica.com.br\/wp\/#\/schema\/person\/18273ac0fe04bfd4e7b101bf17d40152\"},\"headline\":\"CONFIRA A PROGRAMA\u00c7\u00c3O SEMANAL DOS MUSEUS DO IPAC ENTRE OS DIAS 23 E 28 DE JULHO\",\"datePublished\":\"2024-07-23T18:56:49+00:00\",\"dateModified\":\"2024-07-23T18:56:49+00:00\",\"mainEntityOfPage\":{\"@id\":\"https:\/\/bahiaeconomica.com.br\/wp\/2024\/07\/23\/confira-a-programacao-semanal-dos-museus-do-ipac-entre-os-dias-23-e-28-de-julho\/\"},\"wordCount\":738,\"publisher\":{\"@id\":\"https:\/\/bahiaeconomica.com.br\/wp\/#organization\"},\"keywords\":[\"agenda cultural\",\"Ipac\",\"museu\"],\"articleSection\":[\"CULTURA E ARTE\"],\"inLanguage\":\"pt-BR\"},{\"@type\":\"WebPage\",\"@id\":\"https:\/\/bahiaeconomica.com.br\/wp\/2024\/07\/23\/confira-a-programacao-semanal-dos-museus-do-ipac-entre-os-dias-23-e-28-de-julho\/\",\"url\":\"https:\/\/bahiaeconomica.com.br\/wp\/2024\/07\/23\/confira-a-programacao-semanal-dos-museus-do-ipac-entre-os-dias-23-e-28-de-julho\/\",\"name\":\"CONFIRA A PROGRAMA\u00c7\u00c3O SEMANAL DOS MUSEUS DO IPAC\",\"isPartOf\":{\"@id\":\"https:\/\/bahiaeconomica.com.br\/wp\/#website\"},\"datePublished\":\"2024-07-23T18:56:49+00:00\",\"dateModified\":\"2024-07-23T18:56:49+00:00\",\"description\":\"Os museus administrados pela Secretaria de Cultura da Bahia est\u00e3o preparando uma programa\u00e7\u00e3o diversificada voltada para a arte e a cultura.\",\"breadcrumb\":{\"@id\":\"https:\/\/bahiaeconomica.com.br\/wp\/2024\/07\/23\/confira-a-programacao-semanal-dos-museus-do-ipac-entre-os-dias-23-e-28-de-julho\/#breadcrumb\"},\"inLanguage\":\"pt-BR\",\"potentialAction\":[{\"@type\":\"ReadAction\",\"target\":[\"https:\/\/bahiaeconomica.com.br\/wp\/2024\/07\/23\/confira-a-programacao-semanal-dos-museus-do-ipac-entre-os-dias-23-e-28-de-julho\/\"]}]},{\"@type\":\"BreadcrumbList\",\"@id\":\"https:\/\/bahiaeconomica.com.br\/wp\/2024\/07\/23\/confira-a-programacao-semanal-dos-museus-do-ipac-entre-os-dias-23-e-28-de-julho\/#breadcrumb\",\"itemListElement\":[{\"@type\":\"ListItem\",\"position\":1,\"name\":\"In\u00edcio\",\"item\":\"https:\/\/bahiaeconomica.com.br\/wp\/\"},{\"@type\":\"ListItem\",\"position\":2,\"name\":\"CONFIRA A PROGRAMA\u00c7\u00c3O SEMANAL DOS MUSEUS DO IPAC ENTRE OS DIAS 23 E 28 DE JULHO\"}]},{\"@type\":\"WebSite\",\"@id\":\"https:\/\/bahiaeconomica.com.br\/wp\/#website\",\"url\":\"https:\/\/bahiaeconomica.com.br\/wp\/\",\"name\":\"Bahia Economica\",\"description\":\"O maior portal de Economia da Bahia\",\"publisher\":{\"@id\":\"https:\/\/bahiaeconomica.com.br\/wp\/#organization\"},\"potentialAction\":[{\"@type\":\"SearchAction\",\"target\":{\"@type\":\"EntryPoint\",\"urlTemplate\":\"https:\/\/bahiaeconomica.com.br\/wp\/?s={search_term_string}\"},\"query-input\":\"required name=search_term_string\"}],\"inLanguage\":\"pt-BR\"},{\"@type\":\"Organization\",\"@id\":\"https:\/\/bahiaeconomica.com.br\/wp\/#organization\",\"name\":\"Bahia Econ\u00f4mica\",\"url\":\"https:\/\/bahiaeconomica.com.br\/wp\/\",\"logo\":{\"@type\":\"ImageObject\",\"inLanguage\":\"pt-BR\",\"@id\":\"https:\/\/bahiaeconomica.com.br\/wp\/#\/schema\/logo\/image\/\",\"url\":\"https:\/\/bahiaeconomica.com.br\/wp\/wp-content\/uploads\/2020\/12\/cropped-BE.png\",\"contentUrl\":\"https:\/\/bahiaeconomica.com.br\/wp\/wp-content\/uploads\/2020\/12\/cropped-BE.png\",\"width\":512,\"height\":512,\"caption\":\"Bahia Econ\u00f4mica\"},\"image\":{\"@id\":\"https:\/\/bahiaeconomica.com.br\/wp\/#\/schema\/logo\/image\/\"},\"sameAs\":[\"https:\/\/www.facebook.com\/bahiaeconomica\"]},{\"@type\":\"Person\",\"@id\":\"https:\/\/bahiaeconomica.com.br\/wp\/#\/schema\/person\/18273ac0fe04bfd4e7b101bf17d40152\",\"name\":\"LUIZA NASCIMENTO\",\"sameAs\":[\"http:\/\/www.bahiaeconomica.com.br\"],\"url\":\"https:\/\/bahiaeconomica.com.br\/wp\/author\/luiza-nascimento\/\"}]}<\/script>\n<!-- \/ Yoast SEO plugin. -->","yoast_head_json":{"title":"CONFIRA A PROGRAMA\u00c7\u00c3O SEMANAL DOS MUSEUS DO IPAC","description":"Os museus administrados pela Secretaria de Cultura da Bahia est\u00e3o preparando uma programa\u00e7\u00e3o diversificada voltada para a arte e a cultura.","robots":{"index":"index","follow":"follow","max-snippet":"max-snippet:-1","max-image-preview":"max-image-preview:large","max-video-preview":"max-video-preview:-1"},"canonical":"https:\/\/bahiaeconomica.com.br\/wp\/2024\/07\/23\/confira-a-programacao-semanal-dos-museus-do-ipac-entre-os-dias-23-e-28-de-julho\/","og_locale":"pt_BR","og_type":"article","og_title":"CONFIRA A PROGRAMA\u00c7\u00c3O SEMANAL DOS MUSEUS DO IPAC","og_description":"Os museus administrados pela Secretaria de Cultura da Bahia est\u00e3o preparando uma programa\u00e7\u00e3o diversificada voltada para a arte e a cultura.","og_url":"https:\/\/bahiaeconomica.com.br\/wp\/2024\/07\/23\/confira-a-programacao-semanal-dos-museus-do-ipac-entre-os-dias-23-e-28-de-julho\/","og_site_name":"Bahia Economica","article_publisher":"https:\/\/www.facebook.com\/bahiaeconomica","article_published_time":"2024-07-23T18:56:49+00:00","og_image":[{"width":1600,"height":1065,"url":"https:\/\/bahiaeconomica.com.br\/wp\/wp-content\/uploads\/2024\/07\/Expo-Armorial50_ThalesAlbieri-1.jpeg","type":"image\/jpeg"}],"author":"LUIZA NASCIMENTO","twitter_card":"summary_large_image","twitter_misc":{"Escrito por":"LUIZA NASCIMENTO","Est. tempo de leitura":"4 minutos"},"schema":{"@context":"https:\/\/schema.org","@graph":[{"@type":"Article","@id":"https:\/\/bahiaeconomica.com.br\/wp\/2024\/07\/23\/confira-a-programacao-semanal-dos-museus-do-ipac-entre-os-dias-23-e-28-de-julho\/#article","isPartOf":{"@id":"https:\/\/bahiaeconomica.com.br\/wp\/2024\/07\/23\/confira-a-programacao-semanal-dos-museus-do-ipac-entre-os-dias-23-e-28-de-julho\/"},"author":{"name":"LUIZA NASCIMENTO","@id":"https:\/\/bahiaeconomica.com.br\/wp\/#\/schema\/person\/18273ac0fe04bfd4e7b101bf17d40152"},"headline":"CONFIRA A PROGRAMA\u00c7\u00c3O SEMANAL DOS MUSEUS DO IPAC ENTRE OS DIAS 23 E 28 DE JULHO","datePublished":"2024-07-23T18:56:49+00:00","dateModified":"2024-07-23T18:56:49+00:00","mainEntityOfPage":{"@id":"https:\/\/bahiaeconomica.com.br\/wp\/2024\/07\/23\/confira-a-programacao-semanal-dos-museus-do-ipac-entre-os-dias-23-e-28-de-julho\/"},"wordCount":738,"publisher":{"@id":"https:\/\/bahiaeconomica.com.br\/wp\/#organization"},"keywords":["agenda cultural","Ipac","museu"],"articleSection":["CULTURA E ARTE"],"inLanguage":"pt-BR"},{"@type":"WebPage","@id":"https:\/\/bahiaeconomica.com.br\/wp\/2024\/07\/23\/confira-a-programacao-semanal-dos-museus-do-ipac-entre-os-dias-23-e-28-de-julho\/","url":"https:\/\/bahiaeconomica.com.br\/wp\/2024\/07\/23\/confira-a-programacao-semanal-dos-museus-do-ipac-entre-os-dias-23-e-28-de-julho\/","name":"CONFIRA A PROGRAMA\u00c7\u00c3O SEMANAL DOS MUSEUS DO IPAC","isPartOf":{"@id":"https:\/\/bahiaeconomica.com.br\/wp\/#website"},"datePublished":"2024-07-23T18:56:49+00:00","dateModified":"2024-07-23T18:56:49+00:00","description":"Os museus administrados pela Secretaria de Cultura da Bahia est\u00e3o preparando uma programa\u00e7\u00e3o diversificada voltada para a arte e a cultura.","breadcrumb":{"@id":"https:\/\/bahiaeconomica.com.br\/wp\/2024\/07\/23\/confira-a-programacao-semanal-dos-museus-do-ipac-entre-os-dias-23-e-28-de-julho\/#breadcrumb"},"inLanguage":"pt-BR","potentialAction":[{"@type":"ReadAction","target":["https:\/\/bahiaeconomica.com.br\/wp\/2024\/07\/23\/confira-a-programacao-semanal-dos-museus-do-ipac-entre-os-dias-23-e-28-de-julho\/"]}]},{"@type":"BreadcrumbList","@id":"https:\/\/bahiaeconomica.com.br\/wp\/2024\/07\/23\/confira-a-programacao-semanal-dos-museus-do-ipac-entre-os-dias-23-e-28-de-julho\/#breadcrumb","itemListElement":[{"@type":"ListItem","position":1,"name":"In\u00edcio","item":"https:\/\/bahiaeconomica.com.br\/wp\/"},{"@type":"ListItem","position":2,"name":"CONFIRA A PROGRAMA\u00c7\u00c3O SEMANAL DOS MUSEUS DO IPAC ENTRE OS DIAS 23 E 28 DE JULHO"}]},{"@type":"WebSite","@id":"https:\/\/bahiaeconomica.com.br\/wp\/#website","url":"https:\/\/bahiaeconomica.com.br\/wp\/","name":"Bahia Economica","description":"O maior portal de Economia da Bahia","publisher":{"@id":"https:\/\/bahiaeconomica.com.br\/wp\/#organization"},"potentialAction":[{"@type":"SearchAction","target":{"@type":"EntryPoint","urlTemplate":"https:\/\/bahiaeconomica.com.br\/wp\/?s={search_term_string}"},"query-input":"required name=search_term_string"}],"inLanguage":"pt-BR"},{"@type":"Organization","@id":"https:\/\/bahiaeconomica.com.br\/wp\/#organization","name":"Bahia Econ\u00f4mica","url":"https:\/\/bahiaeconomica.com.br\/wp\/","logo":{"@type":"ImageObject","inLanguage":"pt-BR","@id":"https:\/\/bahiaeconomica.com.br\/wp\/#\/schema\/logo\/image\/","url":"https:\/\/bahiaeconomica.com.br\/wp\/wp-content\/uploads\/2020\/12\/cropped-BE.png","contentUrl":"https:\/\/bahiaeconomica.com.br\/wp\/wp-content\/uploads\/2020\/12\/cropped-BE.png","width":512,"height":512,"caption":"Bahia Econ\u00f4mica"},"image":{"@id":"https:\/\/bahiaeconomica.com.br\/wp\/#\/schema\/logo\/image\/"},"sameAs":["https:\/\/www.facebook.com\/bahiaeconomica"]},{"@type":"Person","@id":"https:\/\/bahiaeconomica.com.br\/wp\/#\/schema\/person\/18273ac0fe04bfd4e7b101bf17d40152","name":"LUIZA NASCIMENTO","sameAs":["http:\/\/www.bahiaeconomica.com.br"],"url":"https:\/\/bahiaeconomica.com.br\/wp\/author\/luiza-nascimento\/"}]}},"views":8,"_links":{"self":[{"href":"https:\/\/bahiaeconomica.com.br\/wp\/wp-json\/wp\/v2\/posts\/832487"}],"collection":[{"href":"https:\/\/bahiaeconomica.com.br\/wp\/wp-json\/wp\/v2\/posts"}],"about":[{"href":"https:\/\/bahiaeconomica.com.br\/wp\/wp-json\/wp\/v2\/types\/post"}],"author":[{"embeddable":true,"href":"https:\/\/bahiaeconomica.com.br\/wp\/wp-json\/wp\/v2\/users\/16"}],"replies":[{"embeddable":true,"href":"https:\/\/bahiaeconomica.com.br\/wp\/wp-json\/wp\/v2\/comments?post=832487"}],"version-history":[{"count":1,"href":"https:\/\/bahiaeconomica.com.br\/wp\/wp-json\/wp\/v2\/posts\/832487\/revisions"}],"predecessor-version":[{"id":832489,"href":"https:\/\/bahiaeconomica.com.br\/wp\/wp-json\/wp\/v2\/posts\/832487\/revisions\/832489"}],"wp:featuredmedia":[{"embeddable":true,"href":"https:\/\/bahiaeconomica.com.br\/wp\/wp-json\/wp\/v2\/media\/832488"}],"wp:attachment":[{"href":"https:\/\/bahiaeconomica.com.br\/wp\/wp-json\/wp\/v2\/media?parent=832487"}],"wp:term":[{"taxonomy":"category","embeddable":true,"href":"https:\/\/bahiaeconomica.com.br\/wp\/wp-json\/wp\/v2\/categories?post=832487"},{"taxonomy":"post_tag","embeddable":true,"href":"https:\/\/bahiaeconomica.com.br\/wp\/wp-json\/wp\/v2\/tags?post=832487"}],"curies":[{"name":"wp","href":"https:\/\/api.w.org\/{rel}","templated":true}]}}