{"id":832045,"date":"2024-07-20T12:00:34","date_gmt":"2024-07-20T15:00:34","guid":{"rendered":"https:\/\/bahiaeconomica.com.br\/wp\/?p=832045"},"modified":"2024-07-20T09:25:48","modified_gmt":"2024-07-20T12:25:48","slug":"pp-oficializa-apoio-a-augusto-castro-em-itabuna","status":"publish","type":"post","link":"https:\/\/bahiaeconomica.com.br\/wp\/2024\/07\/20\/pp-oficializa-apoio-a-augusto-castro-em-itabuna\/","title":{"rendered":"PP OFICIALIZA APOIO A AUGUSTO CASTRO EM ITABUNA"},"content":{"rendered":"<p>Nesta sexta-feira (19), o diret\u00f3rio municipal do PP de Itabuna oficializou seu apoio \u00e0 candidatura de reelei\u00e7\u00e3o do prefeito Augusto Castro (PSD) para as elei\u00e7\u00f5es de outubro. Jabes Ribeiro, secret\u00e1rio-geral da sigla, participou do encontro e ao anunciar a alian\u00e7a, ressaltou sua confian\u00e7a no trabalho realizado por Augusto no munic\u00edpio.<\/p>\n<p>\u201cAcreditamos na gest\u00e3o de Augusto Castro e estamos unidos para garantir mais progresso para Itabuna\u201d, destacou o petista.<\/p>\n<p>J\u00e1 o prefeito pontuou que o apoio fortalece ainda mais sua caminhada para renovar o mandato por mais quatro anos.<\/p>\n<p>\u201cCom o apoio do PP, estamos ainda mais fortalecidos para continuar nosso trabalho por Itabuna\u201d, afirmou o prefeito.<\/p>\n<p>foto: Foto: Divulga\u00e7\u00e3o<\/p>\n","protected":false},"excerpt":{"rendered":"<p>Nesta sexta-feira (19), o diret\u00f3rio municipal do PP de Itabuna oficializou seu apoio \u00e0 candidatura de reelei\u00e7\u00e3o do prefeito Augusto Castro (PSD) para as elei\u00e7\u00f5es de outubro. Jabes Ribeiro, secret\u00e1rio-geral da sigla, participou do encontro e ao anunciar a alian\u00e7a, ressaltou sua confian\u00e7a no trabalho realizado por Augusto no munic\u00edpio. \u201cAcreditamos na gest\u00e3o de Augusto [&hellip;]<\/p>\n","protected":false},"author":15,"featured_media":832046,"comment_status":"closed","ping_status":"closed","sticky":false,"template":"","format":"standard","meta":[],"categories":[5,14601],"tags":[19255,146],"acf":[],"yoast_head":"<!-- This site is optimized with the Yoast SEO plugin v20.8 - https:\/\/yoast.com\/wordpress\/plugins\/seo\/ -->\n<title>PP OFICIALIZA APOIO A AUGUSTO CASTRO EM ITABUNA - Bahia Economica<\/title>\n<meta name=\"description\" content=\"O maior portal de Economia da Bahia MUNIC\u00cdPIOS, Pol\u00edtica Bahia Economica Nesta sexta-feira (19), o diret\u00f3rio municipal do PP de Itabuna\" \/>\n<meta name=\"robots\" content=\"index, follow, max-snippet:-1, max-image-preview:large, max-video-preview:-1\" \/>\n<link rel=\"canonical\" href=\"https:\/\/bahiaeconomica.com.br\/wp\/2024\/07\/20\/pp-oficializa-apoio-a-augusto-castro-em-itabuna\/\" \/>\n<meta property=\"og:locale\" content=\"pt_BR\" \/>\n<meta property=\"og:type\" content=\"article\" \/>\n<meta property=\"og:title\" content=\"PP OFICIALIZA APOIO A AUGUSTO CASTRO EM ITABUNA - Bahia Economica\" \/>\n<meta property=\"og:description\" content=\"O maior portal de Economia da Bahia MUNIC\u00cdPIOS, Pol\u00edtica Bahia Economica Nesta sexta-feira (19), o diret\u00f3rio municipal do PP de Itabuna\" \/>\n<meta property=\"og:url\" content=\"https:\/\/bahiaeconomica.com.br\/wp\/2024\/07\/20\/pp-oficializa-apoio-a-augusto-castro-em-itabuna\/\" \/>\n<meta property=\"og:site_name\" content=\"Bahia Economica\" \/>\n<meta property=\"article:publisher\" content=\"https:\/\/www.facebook.com\/bahiaeconomica\" \/>\n<meta property=\"article:published_time\" content=\"2024-07-20T15:00:34+00:00\" \/>\n<meta property=\"article:modified_time\" content=\"2024-07-20T12:25:48+00:00\" \/>\n<meta property=\"og:image\" content=\"https:\/\/bahiaeconomica.com.br\/wp\/wp-content\/uploads\/2024\/07\/PP-oficializa-apoio-a-Augusto-Castro-em-Itabuna0127915800202407200844-ScaleDownProportional.webp\" \/>\n\t<meta property=\"og:image:width\" content=\"800\" \/>\n\t<meta property=\"og:image:height\" content=\"450\" \/>\n\t<meta property=\"og:image:type\" content=\"image\/webp\" \/>\n<meta name=\"author\" content=\"VICTORIA ISABEL\" \/>\n<meta name=\"twitter:card\" content=\"summary_large_image\" \/>\n<meta name=\"twitter:label1\" content=\"Escrito por\" \/>\n\t<meta name=\"twitter:data1\" content=\"VICTORIA ISABEL\" \/>\n\t<meta name=\"twitter:label2\" content=\"Est. tempo de leitura\" \/>\n\t<meta name=\"twitter:data2\" content=\"1 minuto\" \/>\n<script type=\"application\/ld+json\" class=\"yoast-schema-graph\">{\"@context\":\"https:\/\/schema.org\",\"@graph\":[{\"@type\":\"Article\",\"@id\":\"https:\/\/bahiaeconomica.com.br\/wp\/2024\/07\/20\/pp-oficializa-apoio-a-augusto-castro-em-itabuna\/#article\",\"isPartOf\":{\"@id\":\"https:\/\/bahiaeconomica.com.br\/wp\/2024\/07\/20\/pp-oficializa-apoio-a-augusto-castro-em-itabuna\/\"},\"author\":{\"name\":\"VICTORIA ISABEL\",\"@id\":\"https:\/\/bahiaeconomica.com.br\/wp\/#\/schema\/person\/b719ce0fb1c09f3c7a00d9243ced4a6f\"},\"headline\":\"PP OFICIALIZA APOIO A AUGUSTO CASTRO EM ITABUNA\",\"datePublished\":\"2024-07-20T15:00:34+00:00\",\"dateModified\":\"2024-07-20T12:25:48+00:00\",\"mainEntityOfPage\":{\"@id\":\"https:\/\/bahiaeconomica.com.br\/wp\/2024\/07\/20\/pp-oficializa-apoio-a-augusto-castro-em-itabuna\/\"},\"wordCount\":124,\"publisher\":{\"@id\":\"https:\/\/bahiaeconomica.com.br\/wp\/#organization\"},\"keywords\":[\"elei\u00e7\u00f5es municipais\",\"Itabuna\"],\"articleSection\":[\"MUNIC\u00cdPIOS\",\"Pol\u00edtica\"],\"inLanguage\":\"pt-BR\"},{\"@type\":\"WebPage\",\"@id\":\"https:\/\/bahiaeconomica.com.br\/wp\/2024\/07\/20\/pp-oficializa-apoio-a-augusto-castro-em-itabuna\/\",\"url\":\"https:\/\/bahiaeconomica.com.br\/wp\/2024\/07\/20\/pp-oficializa-apoio-a-augusto-castro-em-itabuna\/\",\"name\":\"PP OFICIALIZA APOIO A AUGUSTO CASTRO EM ITABUNA - Bahia Economica\",\"isPartOf\":{\"@id\":\"https:\/\/bahiaeconomica.com.br\/wp\/#website\"},\"datePublished\":\"2024-07-20T15:00:34+00:00\",\"dateModified\":\"2024-07-20T12:25:48+00:00\",\"description\":\"O maior portal de Economia da Bahia MUNIC\u00cdPIOS, Pol\u00edtica Bahia Economica Nesta sexta-feira (19), o diret\u00f3rio municipal do PP de Itabuna\",\"breadcrumb\":{\"@id\":\"https:\/\/bahiaeconomica.com.br\/wp\/2024\/07\/20\/pp-oficializa-apoio-a-augusto-castro-em-itabuna\/#breadcrumb\"},\"inLanguage\":\"pt-BR\",\"potentialAction\":[{\"@type\":\"ReadAction\",\"target\":[\"https:\/\/bahiaeconomica.com.br\/wp\/2024\/07\/20\/pp-oficializa-apoio-a-augusto-castro-em-itabuna\/\"]}]},{\"@type\":\"BreadcrumbList\",\"@id\":\"https:\/\/bahiaeconomica.com.br\/wp\/2024\/07\/20\/pp-oficializa-apoio-a-augusto-castro-em-itabuna\/#breadcrumb\",\"itemListElement\":[{\"@type\":\"ListItem\",\"position\":1,\"name\":\"In\u00edcio\",\"item\":\"https:\/\/bahiaeconomica.com.br\/wp\/\"},{\"@type\":\"ListItem\",\"position\":2,\"name\":\"PP OFICIALIZA APOIO A AUGUSTO CASTRO EM ITABUNA\"}]},{\"@type\":\"WebSite\",\"@id\":\"https:\/\/bahiaeconomica.com.br\/wp\/#website\",\"url\":\"https:\/\/bahiaeconomica.com.br\/wp\/\",\"name\":\"Bahia Economica\",\"description\":\"O maior portal de Economia da Bahia\",\"publisher\":{\"@id\":\"https:\/\/bahiaeconomica.com.br\/wp\/#organization\"},\"potentialAction\":[{\"@type\":\"SearchAction\",\"target\":{\"@type\":\"EntryPoint\",\"urlTemplate\":\"https:\/\/bahiaeconomica.com.br\/wp\/?s={search_term_string}\"},\"query-input\":\"required name=search_term_string\"}],\"inLanguage\":\"pt-BR\"},{\"@type\":\"Organization\",\"@id\":\"https:\/\/bahiaeconomica.com.br\/wp\/#organization\",\"name\":\"Bahia Econ\u00f4mica\",\"url\":\"https:\/\/bahiaeconomica.com.br\/wp\/\",\"logo\":{\"@type\":\"ImageObject\",\"inLanguage\":\"pt-BR\",\"@id\":\"https:\/\/bahiaeconomica.com.br\/wp\/#\/schema\/logo\/image\/\",\"url\":\"https:\/\/bahiaeconomica.com.br\/wp\/wp-content\/uploads\/2020\/12\/cropped-BE.png\",\"contentUrl\":\"https:\/\/bahiaeconomica.com.br\/wp\/wp-content\/uploads\/2020\/12\/cropped-BE.png\",\"width\":512,\"height\":512,\"caption\":\"Bahia Econ\u00f4mica\"},\"image\":{\"@id\":\"https:\/\/bahiaeconomica.com.br\/wp\/#\/schema\/logo\/image\/\"},\"sameAs\":[\"https:\/\/www.facebook.com\/bahiaeconomica\"]},{\"@type\":\"Person\",\"@id\":\"https:\/\/bahiaeconomica.com.br\/wp\/#\/schema\/person\/b719ce0fb1c09f3c7a00d9243ced4a6f\",\"name\":\"VICTORIA ISABEL\",\"sameAs\":[\"http:\/\/www.bahiaeconomica.com.br\"],\"url\":\"https:\/\/bahiaeconomica.com.br\/wp\/author\/victoria-isabel\/\"}]}<\/script>\n<!-- \/ Yoast SEO plugin. -->","yoast_head_json":{"title":"PP OFICIALIZA APOIO A AUGUSTO CASTRO EM ITABUNA - Bahia Economica","description":"O maior portal de Economia da Bahia MUNIC\u00cdPIOS, Pol\u00edtica Bahia Economica Nesta sexta-feira (19), o diret\u00f3rio municipal do PP de Itabuna","robots":{"index":"index","follow":"follow","max-snippet":"max-snippet:-1","max-image-preview":"max-image-preview:large","max-video-preview":"max-video-preview:-1"},"canonical":"https:\/\/bahiaeconomica.com.br\/wp\/2024\/07\/20\/pp-oficializa-apoio-a-augusto-castro-em-itabuna\/","og_locale":"pt_BR","og_type":"article","og_title":"PP OFICIALIZA APOIO A AUGUSTO CASTRO EM ITABUNA - Bahia Economica","og_description":"O maior portal de Economia da Bahia MUNIC\u00cdPIOS, Pol\u00edtica Bahia Economica Nesta sexta-feira (19), o diret\u00f3rio municipal do PP de Itabuna","og_url":"https:\/\/bahiaeconomica.com.br\/wp\/2024\/07\/20\/pp-oficializa-apoio-a-augusto-castro-em-itabuna\/","og_site_name":"Bahia Economica","article_publisher":"https:\/\/www.facebook.com\/bahiaeconomica","article_published_time":"2024-07-20T15:00:34+00:00","article_modified_time":"2024-07-20T12:25:48+00:00","og_image":[{"width":800,"height":450,"url":"https:\/\/bahiaeconomica.com.br\/wp\/wp-content\/uploads\/2024\/07\/PP-oficializa-apoio-a-Augusto-Castro-em-Itabuna0127915800202407200844-ScaleDownProportional.webp","type":"image\/webp"}],"author":"VICTORIA ISABEL","twitter_card":"summary_large_image","twitter_misc":{"Escrito por":"VICTORIA ISABEL","Est. tempo de leitura":"1 minuto"},"schema":{"@context":"https:\/\/schema.org","@graph":[{"@type":"Article","@id":"https:\/\/bahiaeconomica.com.br\/wp\/2024\/07\/20\/pp-oficializa-apoio-a-augusto-castro-em-itabuna\/#article","isPartOf":{"@id":"https:\/\/bahiaeconomica.com.br\/wp\/2024\/07\/20\/pp-oficializa-apoio-a-augusto-castro-em-itabuna\/"},"author":{"name":"VICTORIA ISABEL","@id":"https:\/\/bahiaeconomica.com.br\/wp\/#\/schema\/person\/b719ce0fb1c09f3c7a00d9243ced4a6f"},"headline":"PP OFICIALIZA APOIO A AUGUSTO CASTRO EM ITABUNA","datePublished":"2024-07-20T15:00:34+00:00","dateModified":"2024-07-20T12:25:48+00:00","mainEntityOfPage":{"@id":"https:\/\/bahiaeconomica.com.br\/wp\/2024\/07\/20\/pp-oficializa-apoio-a-augusto-castro-em-itabuna\/"},"wordCount":124,"publisher":{"@id":"https:\/\/bahiaeconomica.com.br\/wp\/#organization"},"keywords":["elei\u00e7\u00f5es municipais","Itabuna"],"articleSection":["MUNIC\u00cdPIOS","Pol\u00edtica"],"inLanguage":"pt-BR"},{"@type":"WebPage","@id":"https:\/\/bahiaeconomica.com.br\/wp\/2024\/07\/20\/pp-oficializa-apoio-a-augusto-castro-em-itabuna\/","url":"https:\/\/bahiaeconomica.com.br\/wp\/2024\/07\/20\/pp-oficializa-apoio-a-augusto-castro-em-itabuna\/","name":"PP OFICIALIZA APOIO A AUGUSTO CASTRO EM ITABUNA - Bahia Economica","isPartOf":{"@id":"https:\/\/bahiaeconomica.com.br\/wp\/#website"},"datePublished":"2024-07-20T15:00:34+00:00","dateModified":"2024-07-20T12:25:48+00:00","description":"O maior portal de Economia da Bahia MUNIC\u00cdPIOS, Pol\u00edtica Bahia Economica Nesta sexta-feira (19), o diret\u00f3rio municipal do PP de Itabuna","breadcrumb":{"@id":"https:\/\/bahiaeconomica.com.br\/wp\/2024\/07\/20\/pp-oficializa-apoio-a-augusto-castro-em-itabuna\/#breadcrumb"},"inLanguage":"pt-BR","potentialAction":[{"@type":"ReadAction","target":["https:\/\/bahiaeconomica.com.br\/wp\/2024\/07\/20\/pp-oficializa-apoio-a-augusto-castro-em-itabuna\/"]}]},{"@type":"BreadcrumbList","@id":"https:\/\/bahiaeconomica.com.br\/wp\/2024\/07\/20\/pp-oficializa-apoio-a-augusto-castro-em-itabuna\/#breadcrumb","itemListElement":[{"@type":"ListItem","position":1,"name":"In\u00edcio","item":"https:\/\/bahiaeconomica.com.br\/wp\/"},{"@type":"ListItem","position":2,"name":"PP OFICIALIZA APOIO A AUGUSTO CASTRO EM ITABUNA"}]},{"@type":"WebSite","@id":"https:\/\/bahiaeconomica.com.br\/wp\/#website","url":"https:\/\/bahiaeconomica.com.br\/wp\/","name":"Bahia Economica","description":"O maior portal de Economia da Bahia","publisher":{"@id":"https:\/\/bahiaeconomica.com.br\/wp\/#organization"},"potentialAction":[{"@type":"SearchAction","target":{"@type":"EntryPoint","urlTemplate":"https:\/\/bahiaeconomica.com.br\/wp\/?s={search_term_string}"},"query-input":"required name=search_term_string"}],"inLanguage":"pt-BR"},{"@type":"Organization","@id":"https:\/\/bahiaeconomica.com.br\/wp\/#organization","name":"Bahia Econ\u00f4mica","url":"https:\/\/bahiaeconomica.com.br\/wp\/","logo":{"@type":"ImageObject","inLanguage":"pt-BR","@id":"https:\/\/bahiaeconomica.com.br\/wp\/#\/schema\/logo\/image\/","url":"https:\/\/bahiaeconomica.com.br\/wp\/wp-content\/uploads\/2020\/12\/cropped-BE.png","contentUrl":"https:\/\/bahiaeconomica.com.br\/wp\/wp-content\/uploads\/2020\/12\/cropped-BE.png","width":512,"height":512,"caption":"Bahia Econ\u00f4mica"},"image":{"@id":"https:\/\/bahiaeconomica.com.br\/wp\/#\/schema\/logo\/image\/"},"sameAs":["https:\/\/www.facebook.com\/bahiaeconomica"]},{"@type":"Person","@id":"https:\/\/bahiaeconomica.com.br\/wp\/#\/schema\/person\/b719ce0fb1c09f3c7a00d9243ced4a6f","name":"VICTORIA ISABEL","sameAs":["http:\/\/www.bahiaeconomica.com.br"],"url":"https:\/\/bahiaeconomica.com.br\/wp\/author\/victoria-isabel\/"}]}},"views":85,"_links":{"self":[{"href":"https:\/\/bahiaeconomica.com.br\/wp\/wp-json\/wp\/v2\/posts\/832045"}],"collection":[{"href":"https:\/\/bahiaeconomica.com.br\/wp\/wp-json\/wp\/v2\/posts"}],"about":[{"href":"https:\/\/bahiaeconomica.com.br\/wp\/wp-json\/wp\/v2\/types\/post"}],"author":[{"embeddable":true,"href":"https:\/\/bahiaeconomica.com.br\/wp\/wp-json\/wp\/v2\/users\/15"}],"replies":[{"embeddable":true,"href":"https:\/\/bahiaeconomica.com.br\/wp\/wp-json\/wp\/v2\/comments?post=832045"}],"version-history":[{"count":1,"href":"https:\/\/bahiaeconomica.com.br\/wp\/wp-json\/wp\/v2\/posts\/832045\/revisions"}],"predecessor-version":[{"id":832047,"href":"https:\/\/bahiaeconomica.com.br\/wp\/wp-json\/wp\/v2\/posts\/832045\/revisions\/832047"}],"wp:featuredmedia":[{"embeddable":true,"href":"https:\/\/bahiaeconomica.com.br\/wp\/wp-json\/wp\/v2\/media\/832046"}],"wp:attachment":[{"href":"https:\/\/bahiaeconomica.com.br\/wp\/wp-json\/wp\/v2\/media?parent=832045"}],"wp:term":[{"taxonomy":"category","embeddable":true,"href":"https:\/\/bahiaeconomica.com.br\/wp\/wp-json\/wp\/v2\/categories?post=832045"},{"taxonomy":"post_tag","embeddable":true,"href":"https:\/\/bahiaeconomica.com.br\/wp\/wp-json\/wp\/v2\/tags?post=832045"}],"curies":[{"name":"wp","href":"https:\/\/api.w.org\/{rel}","templated":true}]}}