{"id":831910,"date":"2024-07-19T13:00:47","date_gmt":"2024-07-19T16:00:47","guid":{"rendered":"https:\/\/bahiaeconomica.com.br\/wp\/?p=831910"},"modified":"2024-07-19T11:55:39","modified_gmt":"2024-07-19T14:55:39","slug":"setores-do-agronegocio-e-das-agroindustrias-no-oeste-baiano-serao-contemplados-com-a-pavimentacao-da-estrada-da-producao","status":"publish","type":"post","link":"https:\/\/bahiaeconomica.com.br\/wp\/2024\/07\/19\/setores-do-agronegocio-e-das-agroindustrias-no-oeste-baiano-serao-contemplados-com-a-pavimentacao-da-estrada-da-producao\/","title":{"rendered":"SETORES DO AGRONEG\u00d3CIO E DAS AGROIND\u00daSTRIAS NO OESTE BAIANO SER\u00c3O CONTEMPLADOS COM A PAVIMENTA\u00c7\u00c3O DA ESTRADA DA PRODU\u00c7\u00c3O"},"content":{"rendered":"<p>No Oeste baiano, a pavimenta\u00e7\u00e3o de um total de 25 km de extens\u00e3o da BA-592, em Jaborandi, conhecido como Estrada da Produ\u00e7\u00e3o, em breve facilitar\u00e1 o escoamento da produ\u00e7\u00e3o de soja, algod\u00e3o e milho para o sudeste e o centro-oeste do Brasil. Os servi\u00e7os ser\u00e3o feitos nos trechos de 12 km, que faz liga\u00e7\u00e3o com o entroncamento da BR-349, e de 13 km do entroncamento para quem segue em dire\u00e7\u00e3o \u00e0 Fazenda Novo M\u00e9xico. Nesta sexta-feira (19), o aviso de licita\u00e7\u00e3o da obra a ser realizada pelo Governo da Bahia, atrav\u00e9s da Secretaria de Infraestrutura do Estado (Seinfra), foi publicado no Di\u00e1rio Oficial do Estado (DOE).<\/p>\n<p>&#8220;O munic\u00edpio de Jaborandi faz divisa com os estados de Goi\u00e1s e de Minas Gerais. Ambos os trechos da BA-592 pavimentados possibilitar\u00e3o o transporte da produ\u00e7\u00e3o local de forma mais r\u00e1pida e segura. Criada no ano passado, a rodovia ser\u00e1 um importante vetor para o desenvolvimento do agroneg\u00f3cio e das agroind\u00fastrias do Oeste baiano. O investimento previsto na obra \u00e9 de R$ 25,9 milh\u00f5es&#8221; destaca S\u00e9rgio Brito, secret\u00e1rio de Infraestrutura. Na licita\u00e7\u00e3o, a pr\u00f3xima etapa ser\u00e1 a abertura dos envelopes com as propostas das empresas interessadas em 07 de agosto de 2024.<\/p>\n<p>As a\u00e7\u00f5es na rodovia tamb\u00e9m atender\u00e3o mais de 113 mil moradores dos munic\u00edpios de Correntina, Cocos, Santa Maria da Vit\u00f3ria e Coribe junto com Jaborandi. No oeste baiano, outras obras de infraestrutura j\u00e1 est\u00e3o sendo executadas pela Seinfra, como a pavimenta\u00e7\u00e3o dos 29 km da BA-601, em Coribe, que liga o entroncamento da BA-135 ao distrito de Descoberto. Os servi\u00e7os, com 96% de execu\u00e7\u00e3o, t\u00eam a previs\u00e3o de serem conclu\u00eddos em setembro de 2024. Na BA-172, a manuten\u00e7\u00e3o se encontra em andamento no trecho entre Santana, Santa Maria da Vit\u00f3ria e Jaborandi.<\/p>\n<p>&nbsp;<\/p>\n<p>Fotos:<br \/>\nEstrada da Produ\u00e7\u00e3o &#8211; Divulga\u00e7\u00e3o \/ Seinfra<\/p>\n","protected":false},"excerpt":{"rendered":"<p>No Oeste baiano, a pavimenta\u00e7\u00e3o de um total de 25 km de extens\u00e3o da BA-592, em Jaborandi, conhecido como Estrada da Produ\u00e7\u00e3o, em breve facilitar\u00e1 o escoamento da produ\u00e7\u00e3o de soja, algod\u00e3o e milho para o sudeste e o centro-oeste do Brasil. Os servi\u00e7os ser\u00e3o feitos nos trechos de 12 km, que faz liga\u00e7\u00e3o com [&hellip;]<\/p>\n","protected":false},"author":15,"featured_media":831912,"comment_status":"closed","ping_status":"closed","sticky":false,"template":"","format":"standard","meta":[],"categories":[5],"tags":[31740,88,2686],"acf":[],"yoast_head":"<!-- This site is optimized with the Yoast SEO plugin v20.8 - https:\/\/yoast.com\/wordpress\/plugins\/seo\/ -->\n<title>SETORES DO AGRONEG\u00d3CIO E DAS AGROIND\u00daSTRIAS NO OESTE BAIANO SER\u00c3O CONTEMPLADOS COM A PAVIMENTA\u00c7\u00c3O DA ESTRADA DA PRODU\u00c7\u00c3O - Bahia Economica<\/title>\n<meta name=\"description\" content=\"O maior portal de Economia da Bahia MUNIC\u00cdPIOS Bahia Economica No Oeste baiano, a pavimenta\u00e7\u00e3o de um total de 25 km de\" \/>\n<meta name=\"robots\" content=\"index, follow, max-snippet:-1, max-image-preview:large, max-video-preview:-1\" \/>\n<link rel=\"canonical\" href=\"https:\/\/bahiaeconomica.com.br\/wp\/2024\/07\/19\/setores-do-agronegocio-e-das-agroindustrias-no-oeste-baiano-serao-contemplados-com-a-pavimentacao-da-estrada-da-producao\/\" \/>\n<meta property=\"og:locale\" content=\"pt_BR\" \/>\n<meta property=\"og:type\" content=\"article\" \/>\n<meta property=\"og:title\" content=\"SETORES DO AGRONEG\u00d3CIO E DAS AGROIND\u00daSTRIAS NO OESTE BAIANO SER\u00c3O CONTEMPLADOS COM A PAVIMENTA\u00c7\u00c3O DA ESTRADA DA PRODU\u00c7\u00c3O - Bahia Economica\" \/>\n<meta property=\"og:description\" content=\"O maior portal de Economia da Bahia MUNIC\u00cdPIOS Bahia Economica No Oeste baiano, a pavimenta\u00e7\u00e3o de um total de 25 km de\" \/>\n<meta property=\"og:url\" content=\"https:\/\/bahiaeconomica.com.br\/wp\/2024\/07\/19\/setores-do-agronegocio-e-das-agroindustrias-no-oeste-baiano-serao-contemplados-com-a-pavimentacao-da-estrada-da-producao\/\" \/>\n<meta property=\"og:site_name\" content=\"Bahia Economica\" \/>\n<meta property=\"article:publisher\" content=\"https:\/\/www.facebook.com\/bahiaeconomica\" \/>\n<meta property=\"article:published_time\" content=\"2024-07-19T16:00:47+00:00\" \/>\n<meta property=\"article:modified_time\" content=\"2024-07-19T14:55:39+00:00\" \/>\n<meta property=\"og:image\" content=\"https:\/\/bahiaeconomica.com.br\/wp\/wp-content\/uploads\/2024\/07\/Estrada-da-Producao_BA-592_Jaborandi.jpg\" \/>\n\t<meta property=\"og:image:width\" content=\"870\" \/>\n\t<meta property=\"og:image:height\" content=\"606\" \/>\n\t<meta property=\"og:image:type\" content=\"image\/jpeg\" \/>\n<meta name=\"author\" content=\"VICTORIA ISABEL\" \/>\n<meta name=\"twitter:card\" content=\"summary_large_image\" \/>\n<meta name=\"twitter:label1\" content=\"Escrito por\" \/>\n\t<meta name=\"twitter:data1\" content=\"VICTORIA ISABEL\" \/>\n\t<meta name=\"twitter:label2\" content=\"Est. tempo de leitura\" \/>\n\t<meta name=\"twitter:data2\" content=\"2 minutos\" \/>\n<script type=\"application\/ld+json\" class=\"yoast-schema-graph\">{\"@context\":\"https:\/\/schema.org\",\"@graph\":[{\"@type\":\"Article\",\"@id\":\"https:\/\/bahiaeconomica.com.br\/wp\/2024\/07\/19\/setores-do-agronegocio-e-das-agroindustrias-no-oeste-baiano-serao-contemplados-com-a-pavimentacao-da-estrada-da-producao\/#article\",\"isPartOf\":{\"@id\":\"https:\/\/bahiaeconomica.com.br\/wp\/2024\/07\/19\/setores-do-agronegocio-e-das-agroindustrias-no-oeste-baiano-serao-contemplados-com-a-pavimentacao-da-estrada-da-producao\/\"},\"author\":{\"name\":\"VICTORIA ISABEL\",\"@id\":\"https:\/\/bahiaeconomica.com.br\/wp\/#\/schema\/person\/b719ce0fb1c09f3c7a00d9243ced4a6f\"},\"headline\":\"SETORES DO AGRONEG\u00d3CIO E DAS AGROIND\u00daSTRIAS NO OESTE BAIANO SER\u00c3O CONTEMPLADOS COM A PAVIMENTA\u00c7\u00c3O DA ESTRADA DA PRODU\u00c7\u00c3O\",\"datePublished\":\"2024-07-19T16:00:47+00:00\",\"dateModified\":\"2024-07-19T14:55:39+00:00\",\"mainEntityOfPage\":{\"@id\":\"https:\/\/bahiaeconomica.com.br\/wp\/2024\/07\/19\/setores-do-agronegocio-e-das-agroindustrias-no-oeste-baiano-serao-contemplados-com-a-pavimentacao-da-estrada-da-producao\/\"},\"wordCount\":349,\"publisher\":{\"@id\":\"https:\/\/bahiaeconomica.com.br\/wp\/#organization\"},\"keywords\":[\"BA-592\",\"governo da Bahia\",\"seinfra\"],\"articleSection\":[\"MUNIC\u00cdPIOS\"],\"inLanguage\":\"pt-BR\"},{\"@type\":\"WebPage\",\"@id\":\"https:\/\/bahiaeconomica.com.br\/wp\/2024\/07\/19\/setores-do-agronegocio-e-das-agroindustrias-no-oeste-baiano-serao-contemplados-com-a-pavimentacao-da-estrada-da-producao\/\",\"url\":\"https:\/\/bahiaeconomica.com.br\/wp\/2024\/07\/19\/setores-do-agronegocio-e-das-agroindustrias-no-oeste-baiano-serao-contemplados-com-a-pavimentacao-da-estrada-da-producao\/\",\"name\":\"SETORES DO AGRONEG\u00d3CIO E DAS AGROIND\u00daSTRIAS NO OESTE BAIANO SER\u00c3O CONTEMPLADOS COM A PAVIMENTA\u00c7\u00c3O DA ESTRADA DA PRODU\u00c7\u00c3O - Bahia Economica\",\"isPartOf\":{\"@id\":\"https:\/\/bahiaeconomica.com.br\/wp\/#website\"},\"datePublished\":\"2024-07-19T16:00:47+00:00\",\"dateModified\":\"2024-07-19T14:55:39+00:00\",\"description\":\"O maior portal de Economia da Bahia MUNIC\u00cdPIOS Bahia Economica No Oeste baiano, a pavimenta\u00e7\u00e3o de um total de 25 km de\",\"breadcrumb\":{\"@id\":\"https:\/\/bahiaeconomica.com.br\/wp\/2024\/07\/19\/setores-do-agronegocio-e-das-agroindustrias-no-oeste-baiano-serao-contemplados-com-a-pavimentacao-da-estrada-da-producao\/#breadcrumb\"},\"inLanguage\":\"pt-BR\",\"potentialAction\":[{\"@type\":\"ReadAction\",\"target\":[\"https:\/\/bahiaeconomica.com.br\/wp\/2024\/07\/19\/setores-do-agronegocio-e-das-agroindustrias-no-oeste-baiano-serao-contemplados-com-a-pavimentacao-da-estrada-da-producao\/\"]}]},{\"@type\":\"BreadcrumbList\",\"@id\":\"https:\/\/bahiaeconomica.com.br\/wp\/2024\/07\/19\/setores-do-agronegocio-e-das-agroindustrias-no-oeste-baiano-serao-contemplados-com-a-pavimentacao-da-estrada-da-producao\/#breadcrumb\",\"itemListElement\":[{\"@type\":\"ListItem\",\"position\":1,\"name\":\"In\u00edcio\",\"item\":\"https:\/\/bahiaeconomica.com.br\/wp\/\"},{\"@type\":\"ListItem\",\"position\":2,\"name\":\"SETORES DO AGRONEG\u00d3CIO E DAS AGROIND\u00daSTRIAS NO OESTE BAIANO SER\u00c3O CONTEMPLADOS COM A PAVIMENTA\u00c7\u00c3O DA ESTRADA DA PRODU\u00c7\u00c3O\"}]},{\"@type\":\"WebSite\",\"@id\":\"https:\/\/bahiaeconomica.com.br\/wp\/#website\",\"url\":\"https:\/\/bahiaeconomica.com.br\/wp\/\",\"name\":\"Bahia Economica\",\"description\":\"O maior portal de Economia da Bahia\",\"publisher\":{\"@id\":\"https:\/\/bahiaeconomica.com.br\/wp\/#organization\"},\"potentialAction\":[{\"@type\":\"SearchAction\",\"target\":{\"@type\":\"EntryPoint\",\"urlTemplate\":\"https:\/\/bahiaeconomica.com.br\/wp\/?s={search_term_string}\"},\"query-input\":\"required name=search_term_string\"}],\"inLanguage\":\"pt-BR\"},{\"@type\":\"Organization\",\"@id\":\"https:\/\/bahiaeconomica.com.br\/wp\/#organization\",\"name\":\"Bahia Econ\u00f4mica\",\"url\":\"https:\/\/bahiaeconomica.com.br\/wp\/\",\"logo\":{\"@type\":\"ImageObject\",\"inLanguage\":\"pt-BR\",\"@id\":\"https:\/\/bahiaeconomica.com.br\/wp\/#\/schema\/logo\/image\/\",\"url\":\"https:\/\/bahiaeconomica.com.br\/wp\/wp-content\/uploads\/2020\/12\/cropped-BE.png\",\"contentUrl\":\"https:\/\/bahiaeconomica.com.br\/wp\/wp-content\/uploads\/2020\/12\/cropped-BE.png\",\"width\":512,\"height\":512,\"caption\":\"Bahia Econ\u00f4mica\"},\"image\":{\"@id\":\"https:\/\/bahiaeconomica.com.br\/wp\/#\/schema\/logo\/image\/\"},\"sameAs\":[\"https:\/\/www.facebook.com\/bahiaeconomica\"]},{\"@type\":\"Person\",\"@id\":\"https:\/\/bahiaeconomica.com.br\/wp\/#\/schema\/person\/b719ce0fb1c09f3c7a00d9243ced4a6f\",\"name\":\"VICTORIA ISABEL\",\"sameAs\":[\"http:\/\/www.bahiaeconomica.com.br\"],\"url\":\"https:\/\/bahiaeconomica.com.br\/wp\/author\/victoria-isabel\/\"}]}<\/script>\n<!-- \/ Yoast SEO plugin. -->","yoast_head_json":{"title":"SETORES DO AGRONEG\u00d3CIO E DAS AGROIND\u00daSTRIAS NO OESTE BAIANO SER\u00c3O CONTEMPLADOS COM A PAVIMENTA\u00c7\u00c3O DA ESTRADA DA PRODU\u00c7\u00c3O - Bahia Economica","description":"O maior portal de Economia da Bahia MUNIC\u00cdPIOS Bahia Economica No Oeste baiano, a pavimenta\u00e7\u00e3o de um total de 25 km de","robots":{"index":"index","follow":"follow","max-snippet":"max-snippet:-1","max-image-preview":"max-image-preview:large","max-video-preview":"max-video-preview:-1"},"canonical":"https:\/\/bahiaeconomica.com.br\/wp\/2024\/07\/19\/setores-do-agronegocio-e-das-agroindustrias-no-oeste-baiano-serao-contemplados-com-a-pavimentacao-da-estrada-da-producao\/","og_locale":"pt_BR","og_type":"article","og_title":"SETORES DO AGRONEG\u00d3CIO E DAS AGROIND\u00daSTRIAS NO OESTE BAIANO SER\u00c3O CONTEMPLADOS COM A PAVIMENTA\u00c7\u00c3O DA ESTRADA DA PRODU\u00c7\u00c3O - Bahia Economica","og_description":"O maior portal de Economia da Bahia MUNIC\u00cdPIOS Bahia Economica No Oeste baiano, a pavimenta\u00e7\u00e3o de um total de 25 km de","og_url":"https:\/\/bahiaeconomica.com.br\/wp\/2024\/07\/19\/setores-do-agronegocio-e-das-agroindustrias-no-oeste-baiano-serao-contemplados-com-a-pavimentacao-da-estrada-da-producao\/","og_site_name":"Bahia Economica","article_publisher":"https:\/\/www.facebook.com\/bahiaeconomica","article_published_time":"2024-07-19T16:00:47+00:00","article_modified_time":"2024-07-19T14:55:39+00:00","og_image":[{"width":870,"height":606,"url":"https:\/\/bahiaeconomica.com.br\/wp\/wp-content\/uploads\/2024\/07\/Estrada-da-Producao_BA-592_Jaborandi.jpg","type":"image\/jpeg"}],"author":"VICTORIA ISABEL","twitter_card":"summary_large_image","twitter_misc":{"Escrito por":"VICTORIA ISABEL","Est. tempo de leitura":"2 minutos"},"schema":{"@context":"https:\/\/schema.org","@graph":[{"@type":"Article","@id":"https:\/\/bahiaeconomica.com.br\/wp\/2024\/07\/19\/setores-do-agronegocio-e-das-agroindustrias-no-oeste-baiano-serao-contemplados-com-a-pavimentacao-da-estrada-da-producao\/#article","isPartOf":{"@id":"https:\/\/bahiaeconomica.com.br\/wp\/2024\/07\/19\/setores-do-agronegocio-e-das-agroindustrias-no-oeste-baiano-serao-contemplados-com-a-pavimentacao-da-estrada-da-producao\/"},"author":{"name":"VICTORIA ISABEL","@id":"https:\/\/bahiaeconomica.com.br\/wp\/#\/schema\/person\/b719ce0fb1c09f3c7a00d9243ced4a6f"},"headline":"SETORES DO AGRONEG\u00d3CIO E DAS AGROIND\u00daSTRIAS NO OESTE BAIANO SER\u00c3O CONTEMPLADOS COM A PAVIMENTA\u00c7\u00c3O DA ESTRADA DA PRODU\u00c7\u00c3O","datePublished":"2024-07-19T16:00:47+00:00","dateModified":"2024-07-19T14:55:39+00:00","mainEntityOfPage":{"@id":"https:\/\/bahiaeconomica.com.br\/wp\/2024\/07\/19\/setores-do-agronegocio-e-das-agroindustrias-no-oeste-baiano-serao-contemplados-com-a-pavimentacao-da-estrada-da-producao\/"},"wordCount":349,"publisher":{"@id":"https:\/\/bahiaeconomica.com.br\/wp\/#organization"},"keywords":["BA-592","governo da Bahia","seinfra"],"articleSection":["MUNIC\u00cdPIOS"],"inLanguage":"pt-BR"},{"@type":"WebPage","@id":"https:\/\/bahiaeconomica.com.br\/wp\/2024\/07\/19\/setores-do-agronegocio-e-das-agroindustrias-no-oeste-baiano-serao-contemplados-com-a-pavimentacao-da-estrada-da-producao\/","url":"https:\/\/bahiaeconomica.com.br\/wp\/2024\/07\/19\/setores-do-agronegocio-e-das-agroindustrias-no-oeste-baiano-serao-contemplados-com-a-pavimentacao-da-estrada-da-producao\/","name":"SETORES DO AGRONEG\u00d3CIO E DAS AGROIND\u00daSTRIAS NO OESTE BAIANO SER\u00c3O CONTEMPLADOS COM A PAVIMENTA\u00c7\u00c3O DA ESTRADA DA PRODU\u00c7\u00c3O - Bahia Economica","isPartOf":{"@id":"https:\/\/bahiaeconomica.com.br\/wp\/#website"},"datePublished":"2024-07-19T16:00:47+00:00","dateModified":"2024-07-19T14:55:39+00:00","description":"O maior portal de Economia da Bahia MUNIC\u00cdPIOS Bahia Economica No Oeste baiano, a pavimenta\u00e7\u00e3o de um total de 25 km de","breadcrumb":{"@id":"https:\/\/bahiaeconomica.com.br\/wp\/2024\/07\/19\/setores-do-agronegocio-e-das-agroindustrias-no-oeste-baiano-serao-contemplados-com-a-pavimentacao-da-estrada-da-producao\/#breadcrumb"},"inLanguage":"pt-BR","potentialAction":[{"@type":"ReadAction","target":["https:\/\/bahiaeconomica.com.br\/wp\/2024\/07\/19\/setores-do-agronegocio-e-das-agroindustrias-no-oeste-baiano-serao-contemplados-com-a-pavimentacao-da-estrada-da-producao\/"]}]},{"@type":"BreadcrumbList","@id":"https:\/\/bahiaeconomica.com.br\/wp\/2024\/07\/19\/setores-do-agronegocio-e-das-agroindustrias-no-oeste-baiano-serao-contemplados-com-a-pavimentacao-da-estrada-da-producao\/#breadcrumb","itemListElement":[{"@type":"ListItem","position":1,"name":"In\u00edcio","item":"https:\/\/bahiaeconomica.com.br\/wp\/"},{"@type":"ListItem","position":2,"name":"SETORES DO AGRONEG\u00d3CIO E DAS AGROIND\u00daSTRIAS NO OESTE BAIANO SER\u00c3O CONTEMPLADOS COM A PAVIMENTA\u00c7\u00c3O DA ESTRADA DA PRODU\u00c7\u00c3O"}]},{"@type":"WebSite","@id":"https:\/\/bahiaeconomica.com.br\/wp\/#website","url":"https:\/\/bahiaeconomica.com.br\/wp\/","name":"Bahia Economica","description":"O maior portal de Economia da Bahia","publisher":{"@id":"https:\/\/bahiaeconomica.com.br\/wp\/#organization"},"potentialAction":[{"@type":"SearchAction","target":{"@type":"EntryPoint","urlTemplate":"https:\/\/bahiaeconomica.com.br\/wp\/?s={search_term_string}"},"query-input":"required name=search_term_string"}],"inLanguage":"pt-BR"},{"@type":"Organization","@id":"https:\/\/bahiaeconomica.com.br\/wp\/#organization","name":"Bahia Econ\u00f4mica","url":"https:\/\/bahiaeconomica.com.br\/wp\/","logo":{"@type":"ImageObject","inLanguage":"pt-BR","@id":"https:\/\/bahiaeconomica.com.br\/wp\/#\/schema\/logo\/image\/","url":"https:\/\/bahiaeconomica.com.br\/wp\/wp-content\/uploads\/2020\/12\/cropped-BE.png","contentUrl":"https:\/\/bahiaeconomica.com.br\/wp\/wp-content\/uploads\/2020\/12\/cropped-BE.png","width":512,"height":512,"caption":"Bahia Econ\u00f4mica"},"image":{"@id":"https:\/\/bahiaeconomica.com.br\/wp\/#\/schema\/logo\/image\/"},"sameAs":["https:\/\/www.facebook.com\/bahiaeconomica"]},{"@type":"Person","@id":"https:\/\/bahiaeconomica.com.br\/wp\/#\/schema\/person\/b719ce0fb1c09f3c7a00d9243ced4a6f","name":"VICTORIA ISABEL","sameAs":["http:\/\/www.bahiaeconomica.com.br"],"url":"https:\/\/bahiaeconomica.com.br\/wp\/author\/victoria-isabel\/"}]}},"views":14,"_links":{"self":[{"href":"https:\/\/bahiaeconomica.com.br\/wp\/wp-json\/wp\/v2\/posts\/831910"}],"collection":[{"href":"https:\/\/bahiaeconomica.com.br\/wp\/wp-json\/wp\/v2\/posts"}],"about":[{"href":"https:\/\/bahiaeconomica.com.br\/wp\/wp-json\/wp\/v2\/types\/post"}],"author":[{"embeddable":true,"href":"https:\/\/bahiaeconomica.com.br\/wp\/wp-json\/wp\/v2\/users\/15"}],"replies":[{"embeddable":true,"href":"https:\/\/bahiaeconomica.com.br\/wp\/wp-json\/wp\/v2\/comments?post=831910"}],"version-history":[{"count":1,"href":"https:\/\/bahiaeconomica.com.br\/wp\/wp-json\/wp\/v2\/posts\/831910\/revisions"}],"predecessor-version":[{"id":831913,"href":"https:\/\/bahiaeconomica.com.br\/wp\/wp-json\/wp\/v2\/posts\/831910\/revisions\/831913"}],"wp:featuredmedia":[{"embeddable":true,"href":"https:\/\/bahiaeconomica.com.br\/wp\/wp-json\/wp\/v2\/media\/831912"}],"wp:attachment":[{"href":"https:\/\/bahiaeconomica.com.br\/wp\/wp-json\/wp\/v2\/media?parent=831910"}],"wp:term":[{"taxonomy":"category","embeddable":true,"href":"https:\/\/bahiaeconomica.com.br\/wp\/wp-json\/wp\/v2\/categories?post=831910"},{"taxonomy":"post_tag","embeddable":true,"href":"https:\/\/bahiaeconomica.com.br\/wp\/wp-json\/wp\/v2\/tags?post=831910"}],"curies":[{"name":"wp","href":"https:\/\/api.w.org\/{rel}","templated":true}]}}