{"id":831540,"date":"2024-05-01T05:00:25","date_gmt":"2024-05-01T08:00:25","guid":{"rendered":"https:\/\/bahiaeconomica.com.br\/wp\/?p=831540"},"modified":"2024-07-17T21:46:31","modified_gmt":"2024-07-18T00:46:31","slug":"entrevista-com-presidente-da-fieb-carlos-henrique-passos","status":"publish","type":"post","link":"https:\/\/bahiaeconomica.com.br\/wp\/2024\/05\/01\/entrevista-com-presidente-da-fieb-carlos-henrique-passos\/","title":{"rendered":"ENTREVISTA COM PRESIDENTE DA FIEB CARLOS HENRIQUE PASSOS"},"content":{"rendered":"<p><strong>Bahia Econ\u00f4mica \u2013 O projeto da Reforma Tribut\u00e1ria teve uma primeira vers\u00e3o aprovada na c\u00e2mara e agora est\u00e1 tramitando uma segunda parte dele. Como o senhor est\u00e1 vendo esse processo. \u00a0<\/strong><\/p>\n<p><strong>Carlos Henrique Passos \u2013<\/strong> N\u00f3s defendemos a reforma. Ela tr\u00e1s pontos muito favor\u00e1veis a ind\u00fastria. O principal deles \u00e9 que a reforma tribut\u00e1ria evita a tributa\u00e7\u00e3o sob a tributa\u00e7\u00e3o, isso permite a ind\u00fastria verticalizar melhor seu processo de produ\u00e7\u00e3o, buscando as especialidades de cada empresa, buscando os ganhos de escala desse processo. Al\u00e9m disso, destacamos outras vantagens tamb\u00e9m como \u00e0 desonera\u00e7\u00e3o do investimento, a quest\u00e3o do cr\u00e9dito, ent\u00e3o todos esses ganhos nos permitem pensar que isso vai ser bom para a ind\u00fastria, sendo bom para a ind\u00fastria vai ser bom para a sociedade brasileira, porque vai trazer mais capacidade e competi\u00e7\u00e3o da nossa ind\u00fastria.<\/p>\n<p><strong>Bahia Econ\u00f4mica \u2013 Qual a expectativa para ind\u00fastria no ano de 2024 ?<\/strong><\/p>\n<p><strong>Carlos Henrique Passos \u2013<\/strong> A ind\u00fastria tem apresentado indicadores positivos, embora a nossa ind\u00fastria ainda esteja muito concentrada em poucos setores e poucas empresas. Um dos grandes objetivos da FIEB \u00e9 elevar a generaliza\u00e7\u00e3o de servi\u00e7os no interior do Estado, refor\u00e7ando n\u00e3o s\u00f3 a desconcentra\u00e7\u00e3o territorial, mas tamb\u00e9m a desconcentra\u00e7\u00e3o de empresas, de forma tal, que eventuais problemas naquele setor, n\u00e3o afete o outro, na medida em que voc\u00ea tenha uma diversifica\u00e7\u00e3o de empresas, de setores e de locais.<\/p>\n<p><strong>Bahia Econ\u00f4mica \u2013 Quais setores devem se destacar?<\/strong><\/p>\n<p><strong>Carlos Henrique Passos \u2013<\/strong> A ind\u00fastria de consumo no contexto geral. Mas n\u00f3s acreditamos que alguns dos setores industriais espec\u00edficos, como da energia renov\u00e1vel, como o petr\u00f3leo e g\u00e1s, porque, de certa forma, a gente colhe esse ano, efetivamente, os ganhos que foram plantados dos investimentos que foram feitos na nossa refinaria. Esse ano devemos ter crescimento da produ\u00e7\u00e3o, com a refinaria operando com a capacidade produtiva m\u00e1xima. A \u00e1rea de minera\u00e7\u00e3o tamb\u00e9m \u00e9 um outro setor que a Bahia v\u00ea se diversificando em produtos, diversificando em empresas e tudo isso ajuda a ind\u00fastria da Bahia a crescer de forma diferenciada, inclusive em rela\u00e7\u00e3o ao Brasil.<\/p>\n<p>&nbsp;<\/p>\n<p>Foto: Gilberto Jr.\/Coperphoto\/Sistema FIEB<\/p>\n","protected":false},"excerpt":{"rendered":"<p>Bahia Econ\u00f4mica \u2013 O projeto da Reforma Tribut\u00e1ria teve uma primeira vers\u00e3o aprovada na c\u00e2mara e agora est\u00e1 tramitando uma segunda parte dele. Como o senhor est\u00e1 vendo esse processo. \u00a0 Carlos Henrique Passos \u2013 N\u00f3s defendemos a reforma. Ela tr\u00e1s pontos muito favor\u00e1veis a ind\u00fastria. O principal deles \u00e9 que a reforma tribut\u00e1ria evita [&hellip;]<\/p>\n","protected":false},"author":8,"featured_media":831541,"comment_status":"closed","ping_status":"closed","sticky":false,"template":"","format":"standard","meta":[],"categories":[9],"tags":[85,668,100],"acf":[],"yoast_head":"<!-- This site is optimized with the Yoast SEO plugin v20.8 - https:\/\/yoast.com\/wordpress\/plugins\/seo\/ -->\n<title>ENTREVISTA COM PRESIDENTE DA FIEB CARLOS HENRIQUE PASSOS - Bahia Economica<\/title>\n<meta name=\"description\" content=\"O maior portal de Economia da Bahia ENTREVISTAS Bahia Economica N\u00f3s defendemos a reforma. Ela tr\u00e1s pontos muito favor\u00e1veis a ind\u00fastria. O principal deles \u00e9\" \/>\n<meta name=\"robots\" content=\"index, follow, max-snippet:-1, max-image-preview:large, max-video-preview:-1\" \/>\n<link rel=\"canonical\" href=\"https:\/\/bahiaeconomica.com.br\/wp\/2024\/05\/01\/entrevista-com-presidente-da-fieb-carlos-henrique-passos\/\" \/>\n<meta property=\"og:locale\" content=\"pt_BR\" \/>\n<meta property=\"og:type\" content=\"article\" \/>\n<meta property=\"og:title\" content=\"ENTREVISTA COM PRESIDENTE DA FIEB CARLOS HENRIQUE PASSOS - Bahia Economica\" \/>\n<meta property=\"og:description\" content=\"O maior portal de Economia da Bahia ENTREVISTAS Bahia Economica N\u00f3s defendemos a reforma. Ela tr\u00e1s pontos muito favor\u00e1veis a ind\u00fastria. O principal deles \u00e9\" \/>\n<meta property=\"og:url\" content=\"https:\/\/bahiaeconomica.com.br\/wp\/2024\/05\/01\/entrevista-com-presidente-da-fieb-carlos-henrique-passos\/\" \/>\n<meta property=\"og:site_name\" content=\"Bahia Economica\" \/>\n<meta property=\"article:publisher\" content=\"https:\/\/www.facebook.com\/bahiaeconomica\" \/>\n<meta property=\"article:published_time\" content=\"2024-05-01T08:00:25+00:00\" \/>\n<meta property=\"article:modified_time\" content=\"2024-07-18T00:46:31+00:00\" \/>\n<meta property=\"og:image\" content=\"https:\/\/bahiaeconomica.com.br\/wp\/wp-content\/uploads\/2024\/07\/Carlos-Henrique-Passos-presidente-eleito-da-FIEB-Foto-Gilberto-Jr._Coperphoto_Sistema-FIEB-8.1-1024x683-1.jpg\" \/>\n\t<meta property=\"og:image:width\" content=\"1024\" \/>\n\t<meta property=\"og:image:height\" content=\"683\" \/>\n\t<meta property=\"og:image:type\" content=\"image\/jpeg\" \/>\n<meta name=\"author\" content=\"JP\" \/>\n<meta name=\"twitter:card\" content=\"summary_large_image\" \/>\n<meta name=\"twitter:label1\" content=\"Escrito por\" \/>\n\t<meta name=\"twitter:data1\" content=\"JP\" \/>\n\t<meta name=\"twitter:label2\" content=\"Est. tempo de leitura\" \/>\n\t<meta name=\"twitter:data2\" content=\"2 minutos\" \/>\n<script type=\"application\/ld+json\" class=\"yoast-schema-graph\">{\"@context\":\"https:\/\/schema.org\",\"@graph\":[{\"@type\":\"Article\",\"@id\":\"https:\/\/bahiaeconomica.com.br\/wp\/2024\/05\/01\/entrevista-com-presidente-da-fieb-carlos-henrique-passos\/#article\",\"isPartOf\":{\"@id\":\"https:\/\/bahiaeconomica.com.br\/wp\/2024\/05\/01\/entrevista-com-presidente-da-fieb-carlos-henrique-passos\/\"},\"author\":{\"name\":\"JP\",\"@id\":\"https:\/\/bahiaeconomica.com.br\/wp\/#\/schema\/person\/c86d3a3f8960425a0f9d0e5245991f4e\"},\"headline\":\"ENTREVISTA COM PRESIDENTE DA FIEB CARLOS HENRIQUE PASSOS\",\"datePublished\":\"2024-05-01T08:00:25+00:00\",\"dateModified\":\"2024-07-18T00:46:31+00:00\",\"mainEntityOfPage\":{\"@id\":\"https:\/\/bahiaeconomica.com.br\/wp\/2024\/05\/01\/entrevista-com-presidente-da-fieb-carlos-henrique-passos\/\"},\"wordCount\":392,\"publisher\":{\"@id\":\"https:\/\/bahiaeconomica.com.br\/wp\/#organization\"},\"keywords\":[\"Bahia\",\"FIEB\",\"Pol\u00edtica\"],\"articleSection\":[\"ENTREVISTAS\"],\"inLanguage\":\"pt-BR\"},{\"@type\":\"WebPage\",\"@id\":\"https:\/\/bahiaeconomica.com.br\/wp\/2024\/05\/01\/entrevista-com-presidente-da-fieb-carlos-henrique-passos\/\",\"url\":\"https:\/\/bahiaeconomica.com.br\/wp\/2024\/05\/01\/entrevista-com-presidente-da-fieb-carlos-henrique-passos\/\",\"name\":\"ENTREVISTA COM PRESIDENTE DA FIEB CARLOS HENRIQUE PASSOS - Bahia Economica\",\"isPartOf\":{\"@id\":\"https:\/\/bahiaeconomica.com.br\/wp\/#website\"},\"datePublished\":\"2024-05-01T08:00:25+00:00\",\"dateModified\":\"2024-07-18T00:46:31+00:00\",\"description\":\"O maior portal de Economia da Bahia ENTREVISTAS Bahia Economica N\u00f3s defendemos a reforma. Ela tr\u00e1s pontos muito favor\u00e1veis a ind\u00fastria. O principal deles \u00e9\",\"breadcrumb\":{\"@id\":\"https:\/\/bahiaeconomica.com.br\/wp\/2024\/05\/01\/entrevista-com-presidente-da-fieb-carlos-henrique-passos\/#breadcrumb\"},\"inLanguage\":\"pt-BR\",\"potentialAction\":[{\"@type\":\"ReadAction\",\"target\":[\"https:\/\/bahiaeconomica.com.br\/wp\/2024\/05\/01\/entrevista-com-presidente-da-fieb-carlos-henrique-passos\/\"]}]},{\"@type\":\"BreadcrumbList\",\"@id\":\"https:\/\/bahiaeconomica.com.br\/wp\/2024\/05\/01\/entrevista-com-presidente-da-fieb-carlos-henrique-passos\/#breadcrumb\",\"itemListElement\":[{\"@type\":\"ListItem\",\"position\":1,\"name\":\"In\u00edcio\",\"item\":\"https:\/\/bahiaeconomica.com.br\/wp\/\"},{\"@type\":\"ListItem\",\"position\":2,\"name\":\"ENTREVISTA COM PRESIDENTE DA FIEB CARLOS HENRIQUE PASSOS\"}]},{\"@type\":\"WebSite\",\"@id\":\"https:\/\/bahiaeconomica.com.br\/wp\/#website\",\"url\":\"https:\/\/bahiaeconomica.com.br\/wp\/\",\"name\":\"Bahia Economica\",\"description\":\"O maior portal de Economia da Bahia\",\"publisher\":{\"@id\":\"https:\/\/bahiaeconomica.com.br\/wp\/#organization\"},\"potentialAction\":[{\"@type\":\"SearchAction\",\"target\":{\"@type\":\"EntryPoint\",\"urlTemplate\":\"https:\/\/bahiaeconomica.com.br\/wp\/?s={search_term_string}\"},\"query-input\":\"required name=search_term_string\"}],\"inLanguage\":\"pt-BR\"},{\"@type\":\"Organization\",\"@id\":\"https:\/\/bahiaeconomica.com.br\/wp\/#organization\",\"name\":\"Bahia Econ\u00f4mica\",\"url\":\"https:\/\/bahiaeconomica.com.br\/wp\/\",\"logo\":{\"@type\":\"ImageObject\",\"inLanguage\":\"pt-BR\",\"@id\":\"https:\/\/bahiaeconomica.com.br\/wp\/#\/schema\/logo\/image\/\",\"url\":\"https:\/\/bahiaeconomica.com.br\/wp\/wp-content\/uploads\/2020\/12\/cropped-BE.png\",\"contentUrl\":\"https:\/\/bahiaeconomica.com.br\/wp\/wp-content\/uploads\/2020\/12\/cropped-BE.png\",\"width\":512,\"height\":512,\"caption\":\"Bahia Econ\u00f4mica\"},\"image\":{\"@id\":\"https:\/\/bahiaeconomica.com.br\/wp\/#\/schema\/logo\/image\/\"},\"sameAs\":[\"https:\/\/www.facebook.com\/bahiaeconomica\"]},{\"@type\":\"Person\",\"@id\":\"https:\/\/bahiaeconomica.com.br\/wp\/#\/schema\/person\/c86d3a3f8960425a0f9d0e5245991f4e\",\"name\":\"JP\",\"sameAs\":[\"https:\/\/bahiaeconomica.com.br\/wp\/beta\/\"],\"url\":\"https:\/\/bahiaeconomica.com.br\/wp\/author\/jp\/\"}]}<\/script>\n<!-- \/ Yoast SEO plugin. -->","yoast_head_json":{"title":"ENTREVISTA COM PRESIDENTE DA FIEB CARLOS HENRIQUE PASSOS - Bahia Economica","description":"O maior portal de Economia da Bahia ENTREVISTAS Bahia Economica N\u00f3s defendemos a reforma. Ela tr\u00e1s pontos muito favor\u00e1veis a ind\u00fastria. O principal deles \u00e9","robots":{"index":"index","follow":"follow","max-snippet":"max-snippet:-1","max-image-preview":"max-image-preview:large","max-video-preview":"max-video-preview:-1"},"canonical":"https:\/\/bahiaeconomica.com.br\/wp\/2024\/05\/01\/entrevista-com-presidente-da-fieb-carlos-henrique-passos\/","og_locale":"pt_BR","og_type":"article","og_title":"ENTREVISTA COM PRESIDENTE DA FIEB CARLOS HENRIQUE PASSOS - Bahia Economica","og_description":"O maior portal de Economia da Bahia ENTREVISTAS Bahia Economica N\u00f3s defendemos a reforma. Ela tr\u00e1s pontos muito favor\u00e1veis a ind\u00fastria. O principal deles \u00e9","og_url":"https:\/\/bahiaeconomica.com.br\/wp\/2024\/05\/01\/entrevista-com-presidente-da-fieb-carlos-henrique-passos\/","og_site_name":"Bahia Economica","article_publisher":"https:\/\/www.facebook.com\/bahiaeconomica","article_published_time":"2024-05-01T08:00:25+00:00","article_modified_time":"2024-07-18T00:46:31+00:00","og_image":[{"width":1024,"height":683,"url":"https:\/\/bahiaeconomica.com.br\/wp\/wp-content\/uploads\/2024\/07\/Carlos-Henrique-Passos-presidente-eleito-da-FIEB-Foto-Gilberto-Jr._Coperphoto_Sistema-FIEB-8.1-1024x683-1.jpg","type":"image\/jpeg"}],"author":"JP","twitter_card":"summary_large_image","twitter_misc":{"Escrito por":"JP","Est. tempo de leitura":"2 minutos"},"schema":{"@context":"https:\/\/schema.org","@graph":[{"@type":"Article","@id":"https:\/\/bahiaeconomica.com.br\/wp\/2024\/05\/01\/entrevista-com-presidente-da-fieb-carlos-henrique-passos\/#article","isPartOf":{"@id":"https:\/\/bahiaeconomica.com.br\/wp\/2024\/05\/01\/entrevista-com-presidente-da-fieb-carlos-henrique-passos\/"},"author":{"name":"JP","@id":"https:\/\/bahiaeconomica.com.br\/wp\/#\/schema\/person\/c86d3a3f8960425a0f9d0e5245991f4e"},"headline":"ENTREVISTA COM PRESIDENTE DA FIEB CARLOS HENRIQUE PASSOS","datePublished":"2024-05-01T08:00:25+00:00","dateModified":"2024-07-18T00:46:31+00:00","mainEntityOfPage":{"@id":"https:\/\/bahiaeconomica.com.br\/wp\/2024\/05\/01\/entrevista-com-presidente-da-fieb-carlos-henrique-passos\/"},"wordCount":392,"publisher":{"@id":"https:\/\/bahiaeconomica.com.br\/wp\/#organization"},"keywords":["Bahia","FIEB","Pol\u00edtica"],"articleSection":["ENTREVISTAS"],"inLanguage":"pt-BR"},{"@type":"WebPage","@id":"https:\/\/bahiaeconomica.com.br\/wp\/2024\/05\/01\/entrevista-com-presidente-da-fieb-carlos-henrique-passos\/","url":"https:\/\/bahiaeconomica.com.br\/wp\/2024\/05\/01\/entrevista-com-presidente-da-fieb-carlos-henrique-passos\/","name":"ENTREVISTA COM PRESIDENTE DA FIEB CARLOS HENRIQUE PASSOS - Bahia Economica","isPartOf":{"@id":"https:\/\/bahiaeconomica.com.br\/wp\/#website"},"datePublished":"2024-05-01T08:00:25+00:00","dateModified":"2024-07-18T00:46:31+00:00","description":"O maior portal de Economia da Bahia ENTREVISTAS Bahia Economica N\u00f3s defendemos a reforma. Ela tr\u00e1s pontos muito favor\u00e1veis a ind\u00fastria. O principal deles \u00e9","breadcrumb":{"@id":"https:\/\/bahiaeconomica.com.br\/wp\/2024\/05\/01\/entrevista-com-presidente-da-fieb-carlos-henrique-passos\/#breadcrumb"},"inLanguage":"pt-BR","potentialAction":[{"@type":"ReadAction","target":["https:\/\/bahiaeconomica.com.br\/wp\/2024\/05\/01\/entrevista-com-presidente-da-fieb-carlos-henrique-passos\/"]}]},{"@type":"BreadcrumbList","@id":"https:\/\/bahiaeconomica.com.br\/wp\/2024\/05\/01\/entrevista-com-presidente-da-fieb-carlos-henrique-passos\/#breadcrumb","itemListElement":[{"@type":"ListItem","position":1,"name":"In\u00edcio","item":"https:\/\/bahiaeconomica.com.br\/wp\/"},{"@type":"ListItem","position":2,"name":"ENTREVISTA COM PRESIDENTE DA FIEB CARLOS HENRIQUE PASSOS"}]},{"@type":"WebSite","@id":"https:\/\/bahiaeconomica.com.br\/wp\/#website","url":"https:\/\/bahiaeconomica.com.br\/wp\/","name":"Bahia Economica","description":"O maior portal de Economia da Bahia","publisher":{"@id":"https:\/\/bahiaeconomica.com.br\/wp\/#organization"},"potentialAction":[{"@type":"SearchAction","target":{"@type":"EntryPoint","urlTemplate":"https:\/\/bahiaeconomica.com.br\/wp\/?s={search_term_string}"},"query-input":"required name=search_term_string"}],"inLanguage":"pt-BR"},{"@type":"Organization","@id":"https:\/\/bahiaeconomica.com.br\/wp\/#organization","name":"Bahia Econ\u00f4mica","url":"https:\/\/bahiaeconomica.com.br\/wp\/","logo":{"@type":"ImageObject","inLanguage":"pt-BR","@id":"https:\/\/bahiaeconomica.com.br\/wp\/#\/schema\/logo\/image\/","url":"https:\/\/bahiaeconomica.com.br\/wp\/wp-content\/uploads\/2020\/12\/cropped-BE.png","contentUrl":"https:\/\/bahiaeconomica.com.br\/wp\/wp-content\/uploads\/2020\/12\/cropped-BE.png","width":512,"height":512,"caption":"Bahia Econ\u00f4mica"},"image":{"@id":"https:\/\/bahiaeconomica.com.br\/wp\/#\/schema\/logo\/image\/"},"sameAs":["https:\/\/www.facebook.com\/bahiaeconomica"]},{"@type":"Person","@id":"https:\/\/bahiaeconomica.com.br\/wp\/#\/schema\/person\/c86d3a3f8960425a0f9d0e5245991f4e","name":"JP","sameAs":["https:\/\/bahiaeconomica.com.br\/wp\/beta\/"],"url":"https:\/\/bahiaeconomica.com.br\/wp\/author\/jp\/"}]}},"views":2,"_links":{"self":[{"href":"https:\/\/bahiaeconomica.com.br\/wp\/wp-json\/wp\/v2\/posts\/831540"}],"collection":[{"href":"https:\/\/bahiaeconomica.com.br\/wp\/wp-json\/wp\/v2\/posts"}],"about":[{"href":"https:\/\/bahiaeconomica.com.br\/wp\/wp-json\/wp\/v2\/types\/post"}],"author":[{"embeddable":true,"href":"https:\/\/bahiaeconomica.com.br\/wp\/wp-json\/wp\/v2\/users\/8"}],"replies":[{"embeddable":true,"href":"https:\/\/bahiaeconomica.com.br\/wp\/wp-json\/wp\/v2\/comments?post=831540"}],"version-history":[{"count":1,"href":"https:\/\/bahiaeconomica.com.br\/wp\/wp-json\/wp\/v2\/posts\/831540\/revisions"}],"predecessor-version":[{"id":831543,"href":"https:\/\/bahiaeconomica.com.br\/wp\/wp-json\/wp\/v2\/posts\/831540\/revisions\/831543"}],"wp:featuredmedia":[{"embeddable":true,"href":"https:\/\/bahiaeconomica.com.br\/wp\/wp-json\/wp\/v2\/media\/831541"}],"wp:attachment":[{"href":"https:\/\/bahiaeconomica.com.br\/wp\/wp-json\/wp\/v2\/media?parent=831540"}],"wp:term":[{"taxonomy":"category","embeddable":true,"href":"https:\/\/bahiaeconomica.com.br\/wp\/wp-json\/wp\/v2\/categories?post=831540"},{"taxonomy":"post_tag","embeddable":true,"href":"https:\/\/bahiaeconomica.com.br\/wp\/wp-json\/wp\/v2\/tags?post=831540"}],"curies":[{"name":"wp","href":"https:\/\/api.w.org\/{rel}","templated":true}]}}