{"id":830822,"date":"2024-07-13T17:00:31","date_gmt":"2024-07-13T20:00:31","guid":{"rendered":"https:\/\/bahiaeconomica.com.br\/wp\/?p=830822"},"modified":"2024-07-13T10:53:11","modified_gmt":"2024-07-13T13:53:11","slug":"lula-confirma-visita-ao-chile-para-agosto","status":"publish","type":"post","link":"https:\/\/bahiaeconomica.com.br\/wp\/2024\/07\/13\/lula-confirma-visita-ao-chile-para-agosto\/","title":{"rendered":"LULA CONFIRMA VISITA AO CHILE PARA AGOSTO"},"content":{"rendered":"<p>O presidente Luiz In\u00e1cio Lula da Silva (PT) confirmou sua viagem ao Chile nos dias 5 e 6 de agosto, conforme fontes do Pal\u00e1cio do Planalto.<\/p>\n<p>Inicialmente prevista para maio, a visita ao pa\u00eds sul-americano foi adiada por Lula para que ele pudesse acompanhar de perto a situa\u00e7\u00e3o das enchentes que afetaram o Rio Grande do Sul no fim de abril.<\/p>\n<p>Durante sua estadia em Santiago, Lula tem programado um encontro bilateral com o presidente Gabriel Boric, al\u00e9m de participar de um f\u00f3rum empresarial com representantes de ambos os pa\u00edses. Os organizadores do evento destacam que o objetivo principal \u00e9 fomentar o com\u00e9rcio e os investimentos entre Brasil e Chile.<\/p>\n<p>Esta visita \u00e0 capital chilena ocorre em um contexto de aproxima\u00e7\u00e3o do Brasil com outros pa\u00edses da Am\u00e9rica Latina. Recentemente, Lula participou da c\u00fapula do Mercosul em Assun\u00e7\u00e3o, no Paraguai, seguida de uma viagem oficial \u00e0 Bol\u00edvia ap\u00f3s os eventos do golpe, em 26 de junho. Durante sua estadia em Santa Cruz de La Sierra, Lula encontrou-se com o presidente Luis Arce, reiterando seu apoio \u00e0 democracia diante das amea\u00e7as de retrocesso.<\/p>\n<p>foto: Ricardo Stuckert<\/p>\n","protected":false},"excerpt":{"rendered":"<p>O presidente Luiz In\u00e1cio Lula da Silva (PT) confirmou sua viagem ao Chile nos dias 5 e 6 de agosto, conforme fontes do Pal\u00e1cio do Planalto. Inicialmente prevista para maio, a visita ao pa\u00eds sul-americano foi adiada por Lula para que ele pudesse acompanhar de perto a situa\u00e7\u00e3o das enchentes que afetaram o Rio Grande [&hellip;]<\/p>\n","protected":false},"author":15,"featured_media":830823,"comment_status":"closed","ping_status":"closed","sticky":false,"template":"","format":"standard","meta":[],"categories":[14,14601],"tags":[182,100,1490],"acf":[],"yoast_head":"<!-- This site is optimized with the Yoast SEO plugin v20.8 - https:\/\/yoast.com\/wordpress\/plugins\/seo\/ -->\n<title>LULA CONFIRMA VISITA AO CHILE PARA AGOSTO - Bahia Economica<\/title>\n<meta name=\"description\" content=\"O maior portal de Economia da Bahia DESTAQUE DO DIA, Pol\u00edtica Bahia Economica O presidente Luiz In\u00e1cio Lula da Silva (PT) confirmou sua viagem ao\" \/>\n<meta name=\"robots\" content=\"index, follow, max-snippet:-1, max-image-preview:large, max-video-preview:-1\" \/>\n<link rel=\"canonical\" href=\"https:\/\/bahiaeconomica.com.br\/wp\/2024\/07\/13\/lula-confirma-visita-ao-chile-para-agosto\/\" \/>\n<meta property=\"og:locale\" content=\"pt_BR\" \/>\n<meta property=\"og:type\" content=\"article\" \/>\n<meta property=\"og:title\" content=\"LULA CONFIRMA VISITA AO CHILE PARA AGOSTO - Bahia Economica\" \/>\n<meta property=\"og:description\" content=\"O maior portal de Economia da Bahia DESTAQUE DO DIA, Pol\u00edtica Bahia Economica O presidente Luiz In\u00e1cio Lula da Silva (PT) confirmou sua viagem ao\" \/>\n<meta property=\"og:url\" content=\"https:\/\/bahiaeconomica.com.br\/wp\/2024\/07\/13\/lula-confirma-visita-ao-chile-para-agosto\/\" \/>\n<meta property=\"og:site_name\" content=\"Bahia Economica\" \/>\n<meta property=\"article:publisher\" content=\"https:\/\/www.facebook.com\/bahiaeconomica\" \/>\n<meta property=\"article:published_time\" content=\"2024-07-13T20:00:31+00:00\" \/>\n<meta property=\"article:modified_time\" content=\"2024-07-13T13:53:11+00:00\" \/>\n<meta property=\"og:image\" content=\"https:\/\/bahiaeconomica.com.br\/wp\/wp-content\/uploads\/2024\/07\/f960x540-132416_206491_4423-768x432-1-1.webp\" \/>\n\t<meta property=\"og:image:width\" content=\"768\" \/>\n\t<meta property=\"og:image:height\" content=\"432\" \/>\n\t<meta property=\"og:image:type\" content=\"image\/webp\" \/>\n<meta name=\"author\" content=\"VICTORIA ISABEL\" \/>\n<meta name=\"twitter:card\" content=\"summary_large_image\" \/>\n<meta name=\"twitter:label1\" content=\"Escrito por\" \/>\n\t<meta name=\"twitter:data1\" content=\"VICTORIA ISABEL\" \/>\n\t<meta name=\"twitter:label2\" content=\"Est. tempo de leitura\" \/>\n\t<meta name=\"twitter:data2\" content=\"2 minutos\" \/>\n<script type=\"application\/ld+json\" class=\"yoast-schema-graph\">{\"@context\":\"https:\/\/schema.org\",\"@graph\":[{\"@type\":\"Article\",\"@id\":\"https:\/\/bahiaeconomica.com.br\/wp\/2024\/07\/13\/lula-confirma-visita-ao-chile-para-agosto\/#article\",\"isPartOf\":{\"@id\":\"https:\/\/bahiaeconomica.com.br\/wp\/2024\/07\/13\/lula-confirma-visita-ao-chile-para-agosto\/\"},\"author\":{\"name\":\"VICTORIA ISABEL\",\"@id\":\"https:\/\/bahiaeconomica.com.br\/wp\/#\/schema\/person\/b719ce0fb1c09f3c7a00d9243ced4a6f\"},\"headline\":\"LULA CONFIRMA VISITA AO CHILE PARA AGOSTO\",\"datePublished\":\"2024-07-13T20:00:31+00:00\",\"dateModified\":\"2024-07-13T13:53:11+00:00\",\"mainEntityOfPage\":{\"@id\":\"https:\/\/bahiaeconomica.com.br\/wp\/2024\/07\/13\/lula-confirma-visita-ao-chile-para-agosto\/\"},\"wordCount\":201,\"publisher\":{\"@id\":\"https:\/\/bahiaeconomica.com.br\/wp\/#organization\"},\"keywords\":[\"Lula\",\"Pol\u00edtica\",\"viagem\"],\"articleSection\":[\"DESTAQUE DO DIA\",\"Pol\u00edtica\"],\"inLanguage\":\"pt-BR\"},{\"@type\":\"WebPage\",\"@id\":\"https:\/\/bahiaeconomica.com.br\/wp\/2024\/07\/13\/lula-confirma-visita-ao-chile-para-agosto\/\",\"url\":\"https:\/\/bahiaeconomica.com.br\/wp\/2024\/07\/13\/lula-confirma-visita-ao-chile-para-agosto\/\",\"name\":\"LULA CONFIRMA VISITA AO CHILE PARA AGOSTO - Bahia Economica\",\"isPartOf\":{\"@id\":\"https:\/\/bahiaeconomica.com.br\/wp\/#website\"},\"datePublished\":\"2024-07-13T20:00:31+00:00\",\"dateModified\":\"2024-07-13T13:53:11+00:00\",\"description\":\"O maior portal de Economia da Bahia DESTAQUE DO DIA, Pol\u00edtica Bahia Economica O presidente Luiz In\u00e1cio Lula da Silva (PT) confirmou sua viagem ao\",\"breadcrumb\":{\"@id\":\"https:\/\/bahiaeconomica.com.br\/wp\/2024\/07\/13\/lula-confirma-visita-ao-chile-para-agosto\/#breadcrumb\"},\"inLanguage\":\"pt-BR\",\"potentialAction\":[{\"@type\":\"ReadAction\",\"target\":[\"https:\/\/bahiaeconomica.com.br\/wp\/2024\/07\/13\/lula-confirma-visita-ao-chile-para-agosto\/\"]}]},{\"@type\":\"BreadcrumbList\",\"@id\":\"https:\/\/bahiaeconomica.com.br\/wp\/2024\/07\/13\/lula-confirma-visita-ao-chile-para-agosto\/#breadcrumb\",\"itemListElement\":[{\"@type\":\"ListItem\",\"position\":1,\"name\":\"In\u00edcio\",\"item\":\"https:\/\/bahiaeconomica.com.br\/wp\/\"},{\"@type\":\"ListItem\",\"position\":2,\"name\":\"LULA CONFIRMA VISITA AO CHILE PARA AGOSTO\"}]},{\"@type\":\"WebSite\",\"@id\":\"https:\/\/bahiaeconomica.com.br\/wp\/#website\",\"url\":\"https:\/\/bahiaeconomica.com.br\/wp\/\",\"name\":\"Bahia Economica\",\"description\":\"O maior portal de Economia da Bahia\",\"publisher\":{\"@id\":\"https:\/\/bahiaeconomica.com.br\/wp\/#organization\"},\"potentialAction\":[{\"@type\":\"SearchAction\",\"target\":{\"@type\":\"EntryPoint\",\"urlTemplate\":\"https:\/\/bahiaeconomica.com.br\/wp\/?s={search_term_string}\"},\"query-input\":\"required name=search_term_string\"}],\"inLanguage\":\"pt-BR\"},{\"@type\":\"Organization\",\"@id\":\"https:\/\/bahiaeconomica.com.br\/wp\/#organization\",\"name\":\"Bahia Econ\u00f4mica\",\"url\":\"https:\/\/bahiaeconomica.com.br\/wp\/\",\"logo\":{\"@type\":\"ImageObject\",\"inLanguage\":\"pt-BR\",\"@id\":\"https:\/\/bahiaeconomica.com.br\/wp\/#\/schema\/logo\/image\/\",\"url\":\"https:\/\/bahiaeconomica.com.br\/wp\/wp-content\/uploads\/2020\/12\/cropped-BE.png\",\"contentUrl\":\"https:\/\/bahiaeconomica.com.br\/wp\/wp-content\/uploads\/2020\/12\/cropped-BE.png\",\"width\":512,\"height\":512,\"caption\":\"Bahia Econ\u00f4mica\"},\"image\":{\"@id\":\"https:\/\/bahiaeconomica.com.br\/wp\/#\/schema\/logo\/image\/\"},\"sameAs\":[\"https:\/\/www.facebook.com\/bahiaeconomica\"]},{\"@type\":\"Person\",\"@id\":\"https:\/\/bahiaeconomica.com.br\/wp\/#\/schema\/person\/b719ce0fb1c09f3c7a00d9243ced4a6f\",\"name\":\"VICTORIA ISABEL\",\"sameAs\":[\"http:\/\/www.bahiaeconomica.com.br\"],\"url\":\"https:\/\/bahiaeconomica.com.br\/wp\/author\/victoria-isabel\/\"}]}<\/script>\n<!-- \/ Yoast SEO plugin. -->","yoast_head_json":{"title":"LULA CONFIRMA VISITA AO CHILE PARA AGOSTO - Bahia Economica","description":"O maior portal de Economia da Bahia DESTAQUE DO DIA, Pol\u00edtica Bahia Economica O presidente Luiz In\u00e1cio Lula da Silva (PT) confirmou sua viagem ao","robots":{"index":"index","follow":"follow","max-snippet":"max-snippet:-1","max-image-preview":"max-image-preview:large","max-video-preview":"max-video-preview:-1"},"canonical":"https:\/\/bahiaeconomica.com.br\/wp\/2024\/07\/13\/lula-confirma-visita-ao-chile-para-agosto\/","og_locale":"pt_BR","og_type":"article","og_title":"LULA CONFIRMA VISITA AO CHILE PARA AGOSTO - Bahia Economica","og_description":"O maior portal de Economia da Bahia DESTAQUE DO DIA, Pol\u00edtica Bahia Economica O presidente Luiz In\u00e1cio Lula da Silva (PT) confirmou sua viagem ao","og_url":"https:\/\/bahiaeconomica.com.br\/wp\/2024\/07\/13\/lula-confirma-visita-ao-chile-para-agosto\/","og_site_name":"Bahia Economica","article_publisher":"https:\/\/www.facebook.com\/bahiaeconomica","article_published_time":"2024-07-13T20:00:31+00:00","article_modified_time":"2024-07-13T13:53:11+00:00","og_image":[{"width":768,"height":432,"url":"https:\/\/bahiaeconomica.com.br\/wp\/wp-content\/uploads\/2024\/07\/f960x540-132416_206491_4423-768x432-1-1.webp","type":"image\/webp"}],"author":"VICTORIA ISABEL","twitter_card":"summary_large_image","twitter_misc":{"Escrito por":"VICTORIA ISABEL","Est. tempo de leitura":"2 minutos"},"schema":{"@context":"https:\/\/schema.org","@graph":[{"@type":"Article","@id":"https:\/\/bahiaeconomica.com.br\/wp\/2024\/07\/13\/lula-confirma-visita-ao-chile-para-agosto\/#article","isPartOf":{"@id":"https:\/\/bahiaeconomica.com.br\/wp\/2024\/07\/13\/lula-confirma-visita-ao-chile-para-agosto\/"},"author":{"name":"VICTORIA ISABEL","@id":"https:\/\/bahiaeconomica.com.br\/wp\/#\/schema\/person\/b719ce0fb1c09f3c7a00d9243ced4a6f"},"headline":"LULA CONFIRMA VISITA AO CHILE PARA AGOSTO","datePublished":"2024-07-13T20:00:31+00:00","dateModified":"2024-07-13T13:53:11+00:00","mainEntityOfPage":{"@id":"https:\/\/bahiaeconomica.com.br\/wp\/2024\/07\/13\/lula-confirma-visita-ao-chile-para-agosto\/"},"wordCount":201,"publisher":{"@id":"https:\/\/bahiaeconomica.com.br\/wp\/#organization"},"keywords":["Lula","Pol\u00edtica","viagem"],"articleSection":["DESTAQUE DO DIA","Pol\u00edtica"],"inLanguage":"pt-BR"},{"@type":"WebPage","@id":"https:\/\/bahiaeconomica.com.br\/wp\/2024\/07\/13\/lula-confirma-visita-ao-chile-para-agosto\/","url":"https:\/\/bahiaeconomica.com.br\/wp\/2024\/07\/13\/lula-confirma-visita-ao-chile-para-agosto\/","name":"LULA CONFIRMA VISITA AO CHILE PARA AGOSTO - Bahia Economica","isPartOf":{"@id":"https:\/\/bahiaeconomica.com.br\/wp\/#website"},"datePublished":"2024-07-13T20:00:31+00:00","dateModified":"2024-07-13T13:53:11+00:00","description":"O maior portal de Economia da Bahia DESTAQUE DO DIA, Pol\u00edtica Bahia Economica O presidente Luiz In\u00e1cio Lula da Silva (PT) confirmou sua viagem ao","breadcrumb":{"@id":"https:\/\/bahiaeconomica.com.br\/wp\/2024\/07\/13\/lula-confirma-visita-ao-chile-para-agosto\/#breadcrumb"},"inLanguage":"pt-BR","potentialAction":[{"@type":"ReadAction","target":["https:\/\/bahiaeconomica.com.br\/wp\/2024\/07\/13\/lula-confirma-visita-ao-chile-para-agosto\/"]}]},{"@type":"BreadcrumbList","@id":"https:\/\/bahiaeconomica.com.br\/wp\/2024\/07\/13\/lula-confirma-visita-ao-chile-para-agosto\/#breadcrumb","itemListElement":[{"@type":"ListItem","position":1,"name":"In\u00edcio","item":"https:\/\/bahiaeconomica.com.br\/wp\/"},{"@type":"ListItem","position":2,"name":"LULA CONFIRMA VISITA AO CHILE PARA AGOSTO"}]},{"@type":"WebSite","@id":"https:\/\/bahiaeconomica.com.br\/wp\/#website","url":"https:\/\/bahiaeconomica.com.br\/wp\/","name":"Bahia Economica","description":"O maior portal de Economia da Bahia","publisher":{"@id":"https:\/\/bahiaeconomica.com.br\/wp\/#organization"},"potentialAction":[{"@type":"SearchAction","target":{"@type":"EntryPoint","urlTemplate":"https:\/\/bahiaeconomica.com.br\/wp\/?s={search_term_string}"},"query-input":"required name=search_term_string"}],"inLanguage":"pt-BR"},{"@type":"Organization","@id":"https:\/\/bahiaeconomica.com.br\/wp\/#organization","name":"Bahia Econ\u00f4mica","url":"https:\/\/bahiaeconomica.com.br\/wp\/","logo":{"@type":"ImageObject","inLanguage":"pt-BR","@id":"https:\/\/bahiaeconomica.com.br\/wp\/#\/schema\/logo\/image\/","url":"https:\/\/bahiaeconomica.com.br\/wp\/wp-content\/uploads\/2020\/12\/cropped-BE.png","contentUrl":"https:\/\/bahiaeconomica.com.br\/wp\/wp-content\/uploads\/2020\/12\/cropped-BE.png","width":512,"height":512,"caption":"Bahia Econ\u00f4mica"},"image":{"@id":"https:\/\/bahiaeconomica.com.br\/wp\/#\/schema\/logo\/image\/"},"sameAs":["https:\/\/www.facebook.com\/bahiaeconomica"]},{"@type":"Person","@id":"https:\/\/bahiaeconomica.com.br\/wp\/#\/schema\/person\/b719ce0fb1c09f3c7a00d9243ced4a6f","name":"VICTORIA ISABEL","sameAs":["http:\/\/www.bahiaeconomica.com.br"],"url":"https:\/\/bahiaeconomica.com.br\/wp\/author\/victoria-isabel\/"}]}},"views":26,"_links":{"self":[{"href":"https:\/\/bahiaeconomica.com.br\/wp\/wp-json\/wp\/v2\/posts\/830822"}],"collection":[{"href":"https:\/\/bahiaeconomica.com.br\/wp\/wp-json\/wp\/v2\/posts"}],"about":[{"href":"https:\/\/bahiaeconomica.com.br\/wp\/wp-json\/wp\/v2\/types\/post"}],"author":[{"embeddable":true,"href":"https:\/\/bahiaeconomica.com.br\/wp\/wp-json\/wp\/v2\/users\/15"}],"replies":[{"embeddable":true,"href":"https:\/\/bahiaeconomica.com.br\/wp\/wp-json\/wp\/v2\/comments?post=830822"}],"version-history":[{"count":1,"href":"https:\/\/bahiaeconomica.com.br\/wp\/wp-json\/wp\/v2\/posts\/830822\/revisions"}],"predecessor-version":[{"id":830824,"href":"https:\/\/bahiaeconomica.com.br\/wp\/wp-json\/wp\/v2\/posts\/830822\/revisions\/830824"}],"wp:featuredmedia":[{"embeddable":true,"href":"https:\/\/bahiaeconomica.com.br\/wp\/wp-json\/wp\/v2\/media\/830823"}],"wp:attachment":[{"href":"https:\/\/bahiaeconomica.com.br\/wp\/wp-json\/wp\/v2\/media?parent=830822"}],"wp:term":[{"taxonomy":"category","embeddable":true,"href":"https:\/\/bahiaeconomica.com.br\/wp\/wp-json\/wp\/v2\/categories?post=830822"},{"taxonomy":"post_tag","embeddable":true,"href":"https:\/\/bahiaeconomica.com.br\/wp\/wp-json\/wp\/v2\/tags?post=830822"}],"curies":[{"name":"wp","href":"https:\/\/api.w.org\/{rel}","templated":true}]}}