{"id":830792,"date":"2024-07-13T10:30:16","date_gmt":"2024-07-13T13:30:16","guid":{"rendered":"https:\/\/bahiaeconomica.com.br\/wp\/?p=830792"},"modified":"2024-07-13T08:39:08","modified_gmt":"2024-07-13T11:39:08","slug":"sms-realiza-acoes-de-cuidado-com-a-saude-bucal-neste-fim-de-semana","status":"publish","type":"post","link":"https:\/\/bahiaeconomica.com.br\/wp\/2024\/07\/13\/sms-realiza-acoes-de-cuidado-com-a-saude-bucal-neste-fim-de-semana\/","title":{"rendered":"SMS REALIZA A\u00c7\u00d5ES DE CUIDADO COM A SA\u00daDE BUCAL NESTE FIM DE SEMANA"},"content":{"rendered":"<p>A Secretaria Municipal da Sa\u00fade (SMS) realizar\u00e1 a\u00e7\u00f5es de cuidado com a sa\u00fade bucal neste s\u00e1bado (13) e domingo (14), das 8h \u00e0s 14h, em quatro pontos de Salvador. A iniciativa ocorrer\u00e1 nas estruturas do programa Sa\u00fade nos Bairros no Cabula VI, Vale dos Lagos e Boa Vista do Lobato, e apenas no s\u00e1bado, na UBS P\u00e9ricles Esteves, no Barbalho.<\/p>\n<p>Os interessados ter\u00e3o acesso \u00e0 escova\u00e7\u00e3o supervisionada, aplica\u00e7\u00e3o de fl\u00faor e atendimento cl\u00ednico odontol\u00f3gico (restaura\u00e7\u00e3o, exodontia e limpeza), al\u00e9m de orienta\u00e7\u00e3o de higiene oral. Para realizar o atendimento, basta comparecer ao local com RG e Cart\u00e3o SUS em m\u00e3os.<\/p>\n<p>foto: OdontoSesc\/Divulga\u00e7\u00e3o<\/p>\n","protected":false},"excerpt":{"rendered":"<p>A Secretaria Municipal da Sa\u00fade (SMS) realizar\u00e1 a\u00e7\u00f5es de cuidado com a sa\u00fade bucal neste s\u00e1bado (13) e domingo (14), das 8h \u00e0s 14h, em quatro pontos de Salvador. A iniciativa ocorrer\u00e1 nas estruturas do programa Sa\u00fade nos Bairros no Cabula VI, Vale dos Lagos e Boa Vista do Lobato, e apenas no s\u00e1bado, na [&hellip;]<\/p>\n","protected":false},"author":15,"featured_media":830793,"comment_status":"closed","ping_status":"closed","sticky":false,"template":"","format":"standard","meta":[],"categories":[5,21],"tags":[73,20489,169],"acf":[],"yoast_head":"<!-- This site is optimized with the Yoast SEO plugin v20.8 - https:\/\/yoast.com\/wordpress\/plugins\/seo\/ -->\n<title>SMS REALIZA A\u00c7\u00d5ES DE CUIDADO COM A SA\u00daDE BUCAL NESTE FIM DE SEMANA - Bahia Economica<\/title>\n<meta name=\"description\" content=\"O maior portal de Economia da Bahia MUNIC\u00cdPIOS, Sa\u00fade \/ Educa\u00e7\u00e3o Bahia Economica A Secretaria Municipal da Sa\u00fade (SMS) realizar\u00e1 a\u00e7\u00f5es de cuidado\" \/>\n<meta name=\"robots\" content=\"index, follow, max-snippet:-1, max-image-preview:large, max-video-preview:-1\" \/>\n<link rel=\"canonical\" href=\"https:\/\/bahiaeconomica.com.br\/wp\/2024\/07\/13\/sms-realiza-acoes-de-cuidado-com-a-saude-bucal-neste-fim-de-semana\/\" \/>\n<meta property=\"og:locale\" content=\"pt_BR\" \/>\n<meta property=\"og:type\" content=\"article\" \/>\n<meta property=\"og:title\" content=\"SMS REALIZA A\u00c7\u00d5ES DE CUIDADO COM A SA\u00daDE BUCAL NESTE FIM DE SEMANA - Bahia Economica\" \/>\n<meta property=\"og:description\" content=\"O maior portal de Economia da Bahia MUNIC\u00cdPIOS, Sa\u00fade \/ Educa\u00e7\u00e3o Bahia Economica A Secretaria Municipal da Sa\u00fade (SMS) realizar\u00e1 a\u00e7\u00f5es de cuidado\" \/>\n<meta property=\"og:url\" content=\"https:\/\/bahiaeconomica.com.br\/wp\/2024\/07\/13\/sms-realiza-acoes-de-cuidado-com-a-saude-bucal-neste-fim-de-semana\/\" \/>\n<meta property=\"og:site_name\" content=\"Bahia Economica\" \/>\n<meta property=\"article:publisher\" content=\"https:\/\/www.facebook.com\/bahiaeconomica\" \/>\n<meta property=\"article:published_time\" content=\"2024-07-13T13:30:16+00:00\" \/>\n<meta property=\"article:modified_time\" content=\"2024-07-13T11:39:08+00:00\" \/>\n<meta property=\"og:image\" content=\"https:\/\/bahiaeconomica.com.br\/wp\/wp-content\/uploads\/2024\/07\/atendimento-odontologico-sera-gratuito-2345200-article.webp\" \/>\n\t<meta property=\"og:image:width\" content=\"600\" \/>\n\t<meta property=\"og:image:height\" content=\"373\" \/>\n\t<meta property=\"og:image:type\" content=\"image\/webp\" \/>\n<meta name=\"author\" content=\"VICTORIA ISABEL\" \/>\n<meta name=\"twitter:card\" content=\"summary_large_image\" \/>\n<meta name=\"twitter:label1\" content=\"Escrito por\" \/>\n\t<meta name=\"twitter:data1\" content=\"VICTORIA ISABEL\" \/>\n\t<meta name=\"twitter:label2\" content=\"Est. tempo de leitura\" \/>\n\t<meta name=\"twitter:data2\" content=\"1 minuto\" \/>\n<script type=\"application\/ld+json\" class=\"yoast-schema-graph\">{\"@context\":\"https:\/\/schema.org\",\"@graph\":[{\"@type\":\"Article\",\"@id\":\"https:\/\/bahiaeconomica.com.br\/wp\/2024\/07\/13\/sms-realiza-acoes-de-cuidado-com-a-saude-bucal-neste-fim-de-semana\/#article\",\"isPartOf\":{\"@id\":\"https:\/\/bahiaeconomica.com.br\/wp\/2024\/07\/13\/sms-realiza-acoes-de-cuidado-com-a-saude-bucal-neste-fim-de-semana\/\"},\"author\":{\"name\":\"VICTORIA ISABEL\",\"@id\":\"https:\/\/bahiaeconomica.com.br\/wp\/#\/schema\/person\/b719ce0fb1c09f3c7a00d9243ced4a6f\"},\"headline\":\"SMS REALIZA A\u00c7\u00d5ES DE CUIDADO COM A SA\u00daDE BUCAL NESTE FIM DE SEMANA\",\"datePublished\":\"2024-07-13T13:30:16+00:00\",\"dateModified\":\"2024-07-13T11:39:08+00:00\",\"mainEntityOfPage\":{\"@id\":\"https:\/\/bahiaeconomica.com.br\/wp\/2024\/07\/13\/sms-realiza-acoes-de-cuidado-com-a-saude-bucal-neste-fim-de-semana\/\"},\"wordCount\":133,\"publisher\":{\"@id\":\"https:\/\/bahiaeconomica.com.br\/wp\/#organization\"},\"keywords\":[\"Salvador\",\"sa\u00fade bucal\",\"SMS\"],\"articleSection\":[\"MUNIC\u00cdPIOS\",\"Sa\u00fade \/ Educa\u00e7\u00e3o\"],\"inLanguage\":\"pt-BR\"},{\"@type\":\"WebPage\",\"@id\":\"https:\/\/bahiaeconomica.com.br\/wp\/2024\/07\/13\/sms-realiza-acoes-de-cuidado-com-a-saude-bucal-neste-fim-de-semana\/\",\"url\":\"https:\/\/bahiaeconomica.com.br\/wp\/2024\/07\/13\/sms-realiza-acoes-de-cuidado-com-a-saude-bucal-neste-fim-de-semana\/\",\"name\":\"SMS REALIZA A\u00c7\u00d5ES DE CUIDADO COM A SA\u00daDE BUCAL NESTE FIM DE SEMANA - Bahia Economica\",\"isPartOf\":{\"@id\":\"https:\/\/bahiaeconomica.com.br\/wp\/#website\"},\"datePublished\":\"2024-07-13T13:30:16+00:00\",\"dateModified\":\"2024-07-13T11:39:08+00:00\",\"description\":\"O maior portal de Economia da Bahia MUNIC\u00cdPIOS, Sa\u00fade \/ Educa\u00e7\u00e3o Bahia Economica A Secretaria Municipal da Sa\u00fade (SMS) realizar\u00e1 a\u00e7\u00f5es de cuidado\",\"breadcrumb\":{\"@id\":\"https:\/\/bahiaeconomica.com.br\/wp\/2024\/07\/13\/sms-realiza-acoes-de-cuidado-com-a-saude-bucal-neste-fim-de-semana\/#breadcrumb\"},\"inLanguage\":\"pt-BR\",\"potentialAction\":[{\"@type\":\"ReadAction\",\"target\":[\"https:\/\/bahiaeconomica.com.br\/wp\/2024\/07\/13\/sms-realiza-acoes-de-cuidado-com-a-saude-bucal-neste-fim-de-semana\/\"]}]},{\"@type\":\"BreadcrumbList\",\"@id\":\"https:\/\/bahiaeconomica.com.br\/wp\/2024\/07\/13\/sms-realiza-acoes-de-cuidado-com-a-saude-bucal-neste-fim-de-semana\/#breadcrumb\",\"itemListElement\":[{\"@type\":\"ListItem\",\"position\":1,\"name\":\"In\u00edcio\",\"item\":\"https:\/\/bahiaeconomica.com.br\/wp\/\"},{\"@type\":\"ListItem\",\"position\":2,\"name\":\"SMS REALIZA A\u00c7\u00d5ES DE CUIDADO COM A SA\u00daDE BUCAL NESTE FIM DE SEMANA\"}]},{\"@type\":\"WebSite\",\"@id\":\"https:\/\/bahiaeconomica.com.br\/wp\/#website\",\"url\":\"https:\/\/bahiaeconomica.com.br\/wp\/\",\"name\":\"Bahia Economica\",\"description\":\"O maior portal de Economia da Bahia\",\"publisher\":{\"@id\":\"https:\/\/bahiaeconomica.com.br\/wp\/#organization\"},\"potentialAction\":[{\"@type\":\"SearchAction\",\"target\":{\"@type\":\"EntryPoint\",\"urlTemplate\":\"https:\/\/bahiaeconomica.com.br\/wp\/?s={search_term_string}\"},\"query-input\":\"required name=search_term_string\"}],\"inLanguage\":\"pt-BR\"},{\"@type\":\"Organization\",\"@id\":\"https:\/\/bahiaeconomica.com.br\/wp\/#organization\",\"name\":\"Bahia Econ\u00f4mica\",\"url\":\"https:\/\/bahiaeconomica.com.br\/wp\/\",\"logo\":{\"@type\":\"ImageObject\",\"inLanguage\":\"pt-BR\",\"@id\":\"https:\/\/bahiaeconomica.com.br\/wp\/#\/schema\/logo\/image\/\",\"url\":\"https:\/\/bahiaeconomica.com.br\/wp\/wp-content\/uploads\/2020\/12\/cropped-BE.png\",\"contentUrl\":\"https:\/\/bahiaeconomica.com.br\/wp\/wp-content\/uploads\/2020\/12\/cropped-BE.png\",\"width\":512,\"height\":512,\"caption\":\"Bahia Econ\u00f4mica\"},\"image\":{\"@id\":\"https:\/\/bahiaeconomica.com.br\/wp\/#\/schema\/logo\/image\/\"},\"sameAs\":[\"https:\/\/www.facebook.com\/bahiaeconomica\"]},{\"@type\":\"Person\",\"@id\":\"https:\/\/bahiaeconomica.com.br\/wp\/#\/schema\/person\/b719ce0fb1c09f3c7a00d9243ced4a6f\",\"name\":\"VICTORIA ISABEL\",\"sameAs\":[\"http:\/\/www.bahiaeconomica.com.br\"],\"url\":\"https:\/\/bahiaeconomica.com.br\/wp\/author\/victoria-isabel\/\"}]}<\/script>\n<!-- \/ Yoast SEO plugin. -->","yoast_head_json":{"title":"SMS REALIZA A\u00c7\u00d5ES DE CUIDADO COM A SA\u00daDE BUCAL NESTE FIM DE SEMANA - Bahia Economica","description":"O maior portal de Economia da Bahia MUNIC\u00cdPIOS, Sa\u00fade \/ Educa\u00e7\u00e3o Bahia Economica A Secretaria Municipal da Sa\u00fade (SMS) realizar\u00e1 a\u00e7\u00f5es de cuidado","robots":{"index":"index","follow":"follow","max-snippet":"max-snippet:-1","max-image-preview":"max-image-preview:large","max-video-preview":"max-video-preview:-1"},"canonical":"https:\/\/bahiaeconomica.com.br\/wp\/2024\/07\/13\/sms-realiza-acoes-de-cuidado-com-a-saude-bucal-neste-fim-de-semana\/","og_locale":"pt_BR","og_type":"article","og_title":"SMS REALIZA A\u00c7\u00d5ES DE CUIDADO COM A SA\u00daDE BUCAL NESTE FIM DE SEMANA - Bahia Economica","og_description":"O maior portal de Economia da Bahia MUNIC\u00cdPIOS, Sa\u00fade \/ Educa\u00e7\u00e3o Bahia Economica A Secretaria Municipal da Sa\u00fade (SMS) realizar\u00e1 a\u00e7\u00f5es de cuidado","og_url":"https:\/\/bahiaeconomica.com.br\/wp\/2024\/07\/13\/sms-realiza-acoes-de-cuidado-com-a-saude-bucal-neste-fim-de-semana\/","og_site_name":"Bahia Economica","article_publisher":"https:\/\/www.facebook.com\/bahiaeconomica","article_published_time":"2024-07-13T13:30:16+00:00","article_modified_time":"2024-07-13T11:39:08+00:00","og_image":[{"width":600,"height":373,"url":"https:\/\/bahiaeconomica.com.br\/wp\/wp-content\/uploads\/2024\/07\/atendimento-odontologico-sera-gratuito-2345200-article.webp","type":"image\/webp"}],"author":"VICTORIA ISABEL","twitter_card":"summary_large_image","twitter_misc":{"Escrito por":"VICTORIA ISABEL","Est. tempo de leitura":"1 minuto"},"schema":{"@context":"https:\/\/schema.org","@graph":[{"@type":"Article","@id":"https:\/\/bahiaeconomica.com.br\/wp\/2024\/07\/13\/sms-realiza-acoes-de-cuidado-com-a-saude-bucal-neste-fim-de-semana\/#article","isPartOf":{"@id":"https:\/\/bahiaeconomica.com.br\/wp\/2024\/07\/13\/sms-realiza-acoes-de-cuidado-com-a-saude-bucal-neste-fim-de-semana\/"},"author":{"name":"VICTORIA ISABEL","@id":"https:\/\/bahiaeconomica.com.br\/wp\/#\/schema\/person\/b719ce0fb1c09f3c7a00d9243ced4a6f"},"headline":"SMS REALIZA A\u00c7\u00d5ES DE CUIDADO COM A SA\u00daDE BUCAL NESTE FIM DE SEMANA","datePublished":"2024-07-13T13:30:16+00:00","dateModified":"2024-07-13T11:39:08+00:00","mainEntityOfPage":{"@id":"https:\/\/bahiaeconomica.com.br\/wp\/2024\/07\/13\/sms-realiza-acoes-de-cuidado-com-a-saude-bucal-neste-fim-de-semana\/"},"wordCount":133,"publisher":{"@id":"https:\/\/bahiaeconomica.com.br\/wp\/#organization"},"keywords":["Salvador","sa\u00fade bucal","SMS"],"articleSection":["MUNIC\u00cdPIOS","Sa\u00fade \/ Educa\u00e7\u00e3o"],"inLanguage":"pt-BR"},{"@type":"WebPage","@id":"https:\/\/bahiaeconomica.com.br\/wp\/2024\/07\/13\/sms-realiza-acoes-de-cuidado-com-a-saude-bucal-neste-fim-de-semana\/","url":"https:\/\/bahiaeconomica.com.br\/wp\/2024\/07\/13\/sms-realiza-acoes-de-cuidado-com-a-saude-bucal-neste-fim-de-semana\/","name":"SMS REALIZA A\u00c7\u00d5ES DE CUIDADO COM A SA\u00daDE BUCAL NESTE FIM DE SEMANA - Bahia Economica","isPartOf":{"@id":"https:\/\/bahiaeconomica.com.br\/wp\/#website"},"datePublished":"2024-07-13T13:30:16+00:00","dateModified":"2024-07-13T11:39:08+00:00","description":"O maior portal de Economia da Bahia MUNIC\u00cdPIOS, Sa\u00fade \/ Educa\u00e7\u00e3o Bahia Economica A Secretaria Municipal da Sa\u00fade (SMS) realizar\u00e1 a\u00e7\u00f5es de cuidado","breadcrumb":{"@id":"https:\/\/bahiaeconomica.com.br\/wp\/2024\/07\/13\/sms-realiza-acoes-de-cuidado-com-a-saude-bucal-neste-fim-de-semana\/#breadcrumb"},"inLanguage":"pt-BR","potentialAction":[{"@type":"ReadAction","target":["https:\/\/bahiaeconomica.com.br\/wp\/2024\/07\/13\/sms-realiza-acoes-de-cuidado-com-a-saude-bucal-neste-fim-de-semana\/"]}]},{"@type":"BreadcrumbList","@id":"https:\/\/bahiaeconomica.com.br\/wp\/2024\/07\/13\/sms-realiza-acoes-de-cuidado-com-a-saude-bucal-neste-fim-de-semana\/#breadcrumb","itemListElement":[{"@type":"ListItem","position":1,"name":"In\u00edcio","item":"https:\/\/bahiaeconomica.com.br\/wp\/"},{"@type":"ListItem","position":2,"name":"SMS REALIZA A\u00c7\u00d5ES DE CUIDADO COM A SA\u00daDE BUCAL NESTE FIM DE SEMANA"}]},{"@type":"WebSite","@id":"https:\/\/bahiaeconomica.com.br\/wp\/#website","url":"https:\/\/bahiaeconomica.com.br\/wp\/","name":"Bahia Economica","description":"O maior portal de Economia da Bahia","publisher":{"@id":"https:\/\/bahiaeconomica.com.br\/wp\/#organization"},"potentialAction":[{"@type":"SearchAction","target":{"@type":"EntryPoint","urlTemplate":"https:\/\/bahiaeconomica.com.br\/wp\/?s={search_term_string}"},"query-input":"required name=search_term_string"}],"inLanguage":"pt-BR"},{"@type":"Organization","@id":"https:\/\/bahiaeconomica.com.br\/wp\/#organization","name":"Bahia Econ\u00f4mica","url":"https:\/\/bahiaeconomica.com.br\/wp\/","logo":{"@type":"ImageObject","inLanguage":"pt-BR","@id":"https:\/\/bahiaeconomica.com.br\/wp\/#\/schema\/logo\/image\/","url":"https:\/\/bahiaeconomica.com.br\/wp\/wp-content\/uploads\/2020\/12\/cropped-BE.png","contentUrl":"https:\/\/bahiaeconomica.com.br\/wp\/wp-content\/uploads\/2020\/12\/cropped-BE.png","width":512,"height":512,"caption":"Bahia Econ\u00f4mica"},"image":{"@id":"https:\/\/bahiaeconomica.com.br\/wp\/#\/schema\/logo\/image\/"},"sameAs":["https:\/\/www.facebook.com\/bahiaeconomica"]},{"@type":"Person","@id":"https:\/\/bahiaeconomica.com.br\/wp\/#\/schema\/person\/b719ce0fb1c09f3c7a00d9243ced4a6f","name":"VICTORIA ISABEL","sameAs":["http:\/\/www.bahiaeconomica.com.br"],"url":"https:\/\/bahiaeconomica.com.br\/wp\/author\/victoria-isabel\/"}]}},"views":8,"_links":{"self":[{"href":"https:\/\/bahiaeconomica.com.br\/wp\/wp-json\/wp\/v2\/posts\/830792"}],"collection":[{"href":"https:\/\/bahiaeconomica.com.br\/wp\/wp-json\/wp\/v2\/posts"}],"about":[{"href":"https:\/\/bahiaeconomica.com.br\/wp\/wp-json\/wp\/v2\/types\/post"}],"author":[{"embeddable":true,"href":"https:\/\/bahiaeconomica.com.br\/wp\/wp-json\/wp\/v2\/users\/15"}],"replies":[{"embeddable":true,"href":"https:\/\/bahiaeconomica.com.br\/wp\/wp-json\/wp\/v2\/comments?post=830792"}],"version-history":[{"count":1,"href":"https:\/\/bahiaeconomica.com.br\/wp\/wp-json\/wp\/v2\/posts\/830792\/revisions"}],"predecessor-version":[{"id":830794,"href":"https:\/\/bahiaeconomica.com.br\/wp\/wp-json\/wp\/v2\/posts\/830792\/revisions\/830794"}],"wp:featuredmedia":[{"embeddable":true,"href":"https:\/\/bahiaeconomica.com.br\/wp\/wp-json\/wp\/v2\/media\/830793"}],"wp:attachment":[{"href":"https:\/\/bahiaeconomica.com.br\/wp\/wp-json\/wp\/v2\/media?parent=830792"}],"wp:term":[{"taxonomy":"category","embeddable":true,"href":"https:\/\/bahiaeconomica.com.br\/wp\/wp-json\/wp\/v2\/categories?post=830792"},{"taxonomy":"post_tag","embeddable":true,"href":"https:\/\/bahiaeconomica.com.br\/wp\/wp-json\/wp\/v2\/tags?post=830792"}],"curies":[{"name":"wp","href":"https:\/\/api.w.org\/{rel}","templated":true}]}}