{"id":830465,"date":"2024-07-11T15:42:58","date_gmt":"2024-07-11T18:42:58","guid":{"rendered":"https:\/\/bahiaeconomica.com.br\/wp\/?p=830465"},"modified":"2024-07-11T15:42:58","modified_gmt":"2024-07-11T18:42:58","slug":"lojas-avenida-inaugura-mais-de-20-unidades-no-primeiro-semestre-16-sao-no-nordeste","status":"publish","type":"post","link":"https:\/\/bahiaeconomica.com.br\/wp\/2024\/07\/11\/lojas-avenida-inaugura-mais-de-20-unidades-no-primeiro-semestre-16-sao-no-nordeste\/","title":{"rendered":"LOJAS AVENIDA INAUGURA MAIS DE 20 UNIDADES NO PRIMEIRO SEMESTRE; 16 S\u00c3O NO NORDESTE"},"content":{"rendered":"<p>Nos primeiros seis meses de 2024, a Lojas Avenida registrou um total de 21 inaugura\u00e7\u00f5es de novas lojas. A expectativa da Pepkor, l\u00edder de varejo de moda na \u00c1frica e controladora das opera\u00e7\u00f5es da Lojas Avenida desde fevereiro de 2022, \u00e9 de alcan\u00e7ar ao menos 40 inaugura\u00e7\u00f5es ao longo do ano, superando a marca hist\u00f3rica de 39 inaugura\u00e7\u00f5es alcan\u00e7ada em 2023. Este crescimento acelerado faz parte do plano de expans\u00e3o implementado pela Pepkor.<\/p>\n<p>A maior parte dessas novas unidades foi aberta no Nordeste, uma regi\u00e3o estrat\u00e9gica para a expans\u00e3o da empresa. Dos 21 novos pontos de venda, 16 est\u00e3o localizados no Nordeste, com destaque para os estados de Pernambuco e Bahia, que receberam 8 e 6 novas lojas, respectivamente. As outras duas inaugura\u00e7\u00f5es na regi\u00e3o ocorreram no Maranh\u00e3o e em Sergipe. Este foco no Nordeste reflete a estrat\u00e9gia da Lojas Avenida de fortalecer sua presen\u00e7a em mercados em crescimento e de alta demanda.<\/p>\n<p>Com essas inaugura\u00e7\u00f5es, a Lojas Avenida passa a contar com mais de 170 unidades espalhadas por todo o Brasil. A empresa est\u00e1 confiante de que ultrapassar\u00e1 a marca de 200 lojas at\u00e9 o final de 2024, refor\u00e7ando sua posi\u00e7\u00e3o como uma das maiores redes de varejo de moda do pa\u00eds.<\/p>\n<p>Desde a chegada da Pepkor, a Lojas Avenida tem se beneficiado de investimentos significativos em infraestrutura e expans\u00e3o, o que tem permitido \u00e0 rede alcan\u00e7ar novos mercados e consolidar sua presen\u00e7a nas regi\u00f5es onde j\u00e1 atuava. Este crescimento tamb\u00e9m reflete a resposta positiva dos consumidores \u00e0 oferta de produtos de moda acess\u00edveis.<\/p>\n<p>A expectativa para o restante do ano \u00e9 manter o ritmo de inaugura\u00e7\u00f5es e continuar a expans\u00e3o em outras regi\u00f5es estrat\u00e9gicas do pa\u00eds. A Pepkor tem se mostrado comprometida com o desenvolvimento da Lojas Avenida. Juntas, as empresas demonstraram uma sinergia que vem proporcionando resultados positivos para a rede varejista em curto prazo.<\/p>\n<p>A Lojas Avenida conta com produtos em vestu\u00e1rio masculino, feminino e infantil, al\u00e9m de cal\u00e7ados e artigos para o lar, sempre com foco nos p\u00fablicos de classe C e D do mercado. Al\u00e9m disso, a rede busca impactar positivamente na vida das pessoas das regi\u00f5es onde se instala atrav\u00e9s da gera\u00e7\u00e3o de empregos diretos e indiretos, colaborando para o desenvolvimento econ\u00f4mico regional.<\/p>\n<p>Foto: Divulga\u00e7\u00e3o\/Lojas Avenida.<\/p>\n","protected":false},"excerpt":{"rendered":"<p>Nos primeiros seis meses de 2024, a Lojas Avenida registrou um total de 21 inaugura\u00e7\u00f5es de novas lojas. A expectativa da Pepkor, l\u00edder de varejo de moda na \u00c1frica e controladora das opera\u00e7\u00f5es da Lojas Avenida desde fevereiro de 2022, \u00e9 de alcan\u00e7ar ao menos 40 inaugura\u00e7\u00f5es ao longo do ano, superando a marca hist\u00f3rica [&hellip;]<\/p>\n","protected":false},"author":16,"featured_media":830472,"comment_status":"closed","ping_status":"closed","sticky":false,"template":"","format":"standard","meta":[],"categories":[3,21931],"tags":[740,16962,20],"acf":[],"yoast_head":"<!-- This site is optimized with the Yoast SEO plugin v20.8 - https:\/\/yoast.com\/wordpress\/plugins\/seo\/ -->\n<title>LOJAS AVENIDA INAUGURA MAIS DE 20 UNIDADES<\/title>\n<meta name=\"description\" content=\"A expectativa da Pepkor \u00e9 de alcan\u00e7ar ao menos 40 inaugura\u00e7\u00f5es ao longo do ano, superando a marca hist\u00f3rica alcan\u00e7ada em 2023\" \/>\n<meta name=\"robots\" content=\"index, follow, max-snippet:-1, max-image-preview:large, max-video-preview:-1\" \/>\n<link rel=\"canonical\" href=\"https:\/\/bahiaeconomica.com.br\/wp\/2024\/07\/11\/lojas-avenida-inaugura-mais-de-20-unidades-no-primeiro-semestre-16-sao-no-nordeste\/\" \/>\n<meta property=\"og:locale\" content=\"pt_BR\" \/>\n<meta property=\"og:type\" content=\"article\" \/>\n<meta property=\"og:title\" content=\"LOJAS AVENIDA INAUGURA MAIS DE 20 UNIDADES\" \/>\n<meta property=\"og:description\" content=\"A expectativa da Pepkor \u00e9 de alcan\u00e7ar ao menos 40 inaugura\u00e7\u00f5es ao longo do ano, superando a marca hist\u00f3rica alcan\u00e7ada em 2023\" \/>\n<meta property=\"og:url\" content=\"https:\/\/bahiaeconomica.com.br\/wp\/2024\/07\/11\/lojas-avenida-inaugura-mais-de-20-unidades-no-primeiro-semestre-16-sao-no-nordeste\/\" \/>\n<meta property=\"og:site_name\" content=\"Bahia Economica\" \/>\n<meta property=\"article:publisher\" content=\"https:\/\/www.facebook.com\/bahiaeconomica\" \/>\n<meta property=\"article:published_time\" content=\"2024-07-11T18:42:58+00:00\" \/>\n<meta property=\"og:image\" content=\"https:\/\/bahiaeconomica.com.br\/wp\/wp-content\/uploads\/2024\/07\/38-a9f9a121-5023-4a0a-8140-29b3aca27181.webp\" \/>\n\t<meta property=\"og:image:width\" content=\"967\" \/>\n\t<meta property=\"og:image:height\" content=\"478\" \/>\n\t<meta property=\"og:image:type\" content=\"image\/webp\" \/>\n<meta name=\"author\" content=\"LUIZA NASCIMENTO\" \/>\n<meta name=\"twitter:card\" content=\"summary_large_image\" \/>\n<meta name=\"twitter:label1\" content=\"Escrito por\" \/>\n\t<meta name=\"twitter:data1\" content=\"LUIZA NASCIMENTO\" \/>\n\t<meta name=\"twitter:label2\" content=\"Est. tempo de leitura\" \/>\n\t<meta name=\"twitter:data2\" content=\"3 minutos\" \/>\n<script type=\"application\/ld+json\" class=\"yoast-schema-graph\">{\"@context\":\"https:\/\/schema.org\",\"@graph\":[{\"@type\":\"Article\",\"@id\":\"https:\/\/bahiaeconomica.com.br\/wp\/2024\/07\/11\/lojas-avenida-inaugura-mais-de-20-unidades-no-primeiro-semestre-16-sao-no-nordeste\/#article\",\"isPartOf\":{\"@id\":\"https:\/\/bahiaeconomica.com.br\/wp\/2024\/07\/11\/lojas-avenida-inaugura-mais-de-20-unidades-no-primeiro-semestre-16-sao-no-nordeste\/\"},\"author\":{\"name\":\"LUIZA NASCIMENTO\",\"@id\":\"https:\/\/bahiaeconomica.com.br\/wp\/#\/schema\/person\/18273ac0fe04bfd4e7b101bf17d40152\"},\"headline\":\"LOJAS AVENIDA INAUGURA MAIS DE 20 UNIDADES NO PRIMEIRO SEMESTRE; 16 S\u00c3O NO NORDESTE\",\"datePublished\":\"2024-07-11T18:42:58+00:00\",\"dateModified\":\"2024-07-11T18:42:58+00:00\",\"mainEntityOfPage\":{\"@id\":\"https:\/\/bahiaeconomica.com.br\/wp\/2024\/07\/11\/lojas-avenida-inaugura-mais-de-20-unidades-no-primeiro-semestre-16-sao-no-nordeste\/\"},\"wordCount\":413,\"publisher\":{\"@id\":\"https:\/\/bahiaeconomica.com.br\/wp\/#organization\"},\"keywords\":[\"investimento\",\"lojas avenida\",\"nordeste\"],\"articleSection\":[\"ECONOMIA \/ POL\u00cdTICA\",\"NORDESTE INVEST\"],\"inLanguage\":\"pt-BR\"},{\"@type\":\"WebPage\",\"@id\":\"https:\/\/bahiaeconomica.com.br\/wp\/2024\/07\/11\/lojas-avenida-inaugura-mais-de-20-unidades-no-primeiro-semestre-16-sao-no-nordeste\/\",\"url\":\"https:\/\/bahiaeconomica.com.br\/wp\/2024\/07\/11\/lojas-avenida-inaugura-mais-de-20-unidades-no-primeiro-semestre-16-sao-no-nordeste\/\",\"name\":\"LOJAS AVENIDA INAUGURA MAIS DE 20 UNIDADES\",\"isPartOf\":{\"@id\":\"https:\/\/bahiaeconomica.com.br\/wp\/#website\"},\"datePublished\":\"2024-07-11T18:42:58+00:00\",\"dateModified\":\"2024-07-11T18:42:58+00:00\",\"description\":\"A expectativa da Pepkor \u00e9 de alcan\u00e7ar ao menos 40 inaugura\u00e7\u00f5es ao longo do ano, superando a marca hist\u00f3rica alcan\u00e7ada em 2023\",\"breadcrumb\":{\"@id\":\"https:\/\/bahiaeconomica.com.br\/wp\/2024\/07\/11\/lojas-avenida-inaugura-mais-de-20-unidades-no-primeiro-semestre-16-sao-no-nordeste\/#breadcrumb\"},\"inLanguage\":\"pt-BR\",\"potentialAction\":[{\"@type\":\"ReadAction\",\"target\":[\"https:\/\/bahiaeconomica.com.br\/wp\/2024\/07\/11\/lojas-avenida-inaugura-mais-de-20-unidades-no-primeiro-semestre-16-sao-no-nordeste\/\"]}]},{\"@type\":\"BreadcrumbList\",\"@id\":\"https:\/\/bahiaeconomica.com.br\/wp\/2024\/07\/11\/lojas-avenida-inaugura-mais-de-20-unidades-no-primeiro-semestre-16-sao-no-nordeste\/#breadcrumb\",\"itemListElement\":[{\"@type\":\"ListItem\",\"position\":1,\"name\":\"In\u00edcio\",\"item\":\"https:\/\/bahiaeconomica.com.br\/wp\/\"},{\"@type\":\"ListItem\",\"position\":2,\"name\":\"LOJAS AVENIDA INAUGURA MAIS DE 20 UNIDADES NO PRIMEIRO SEMESTRE; 16 S\u00c3O NO NORDESTE\"}]},{\"@type\":\"WebSite\",\"@id\":\"https:\/\/bahiaeconomica.com.br\/wp\/#website\",\"url\":\"https:\/\/bahiaeconomica.com.br\/wp\/\",\"name\":\"Bahia Economica\",\"description\":\"O maior portal de Economia da Bahia\",\"publisher\":{\"@id\":\"https:\/\/bahiaeconomica.com.br\/wp\/#organization\"},\"potentialAction\":[{\"@type\":\"SearchAction\",\"target\":{\"@type\":\"EntryPoint\",\"urlTemplate\":\"https:\/\/bahiaeconomica.com.br\/wp\/?s={search_term_string}\"},\"query-input\":\"required name=search_term_string\"}],\"inLanguage\":\"pt-BR\"},{\"@type\":\"Organization\",\"@id\":\"https:\/\/bahiaeconomica.com.br\/wp\/#organization\",\"name\":\"Bahia Econ\u00f4mica\",\"url\":\"https:\/\/bahiaeconomica.com.br\/wp\/\",\"logo\":{\"@type\":\"ImageObject\",\"inLanguage\":\"pt-BR\",\"@id\":\"https:\/\/bahiaeconomica.com.br\/wp\/#\/schema\/logo\/image\/\",\"url\":\"https:\/\/bahiaeconomica.com.br\/wp\/wp-content\/uploads\/2020\/12\/cropped-BE.png\",\"contentUrl\":\"https:\/\/bahiaeconomica.com.br\/wp\/wp-content\/uploads\/2020\/12\/cropped-BE.png\",\"width\":512,\"height\":512,\"caption\":\"Bahia Econ\u00f4mica\"},\"image\":{\"@id\":\"https:\/\/bahiaeconomica.com.br\/wp\/#\/schema\/logo\/image\/\"},\"sameAs\":[\"https:\/\/www.facebook.com\/bahiaeconomica\"]},{\"@type\":\"Person\",\"@id\":\"https:\/\/bahiaeconomica.com.br\/wp\/#\/schema\/person\/18273ac0fe04bfd4e7b101bf17d40152\",\"name\":\"LUIZA NASCIMENTO\",\"sameAs\":[\"http:\/\/www.bahiaeconomica.com.br\"],\"url\":\"https:\/\/bahiaeconomica.com.br\/wp\/author\/luiza-nascimento\/\"}]}<\/script>\n<!-- \/ Yoast SEO plugin. -->","yoast_head_json":{"title":"LOJAS AVENIDA INAUGURA MAIS DE 20 UNIDADES","description":"A expectativa da Pepkor \u00e9 de alcan\u00e7ar ao menos 40 inaugura\u00e7\u00f5es ao longo do ano, superando a marca hist\u00f3rica alcan\u00e7ada em 2023","robots":{"index":"index","follow":"follow","max-snippet":"max-snippet:-1","max-image-preview":"max-image-preview:large","max-video-preview":"max-video-preview:-1"},"canonical":"https:\/\/bahiaeconomica.com.br\/wp\/2024\/07\/11\/lojas-avenida-inaugura-mais-de-20-unidades-no-primeiro-semestre-16-sao-no-nordeste\/","og_locale":"pt_BR","og_type":"article","og_title":"LOJAS AVENIDA INAUGURA MAIS DE 20 UNIDADES","og_description":"A expectativa da Pepkor \u00e9 de alcan\u00e7ar ao menos 40 inaugura\u00e7\u00f5es ao longo do ano, superando a marca hist\u00f3rica alcan\u00e7ada em 2023","og_url":"https:\/\/bahiaeconomica.com.br\/wp\/2024\/07\/11\/lojas-avenida-inaugura-mais-de-20-unidades-no-primeiro-semestre-16-sao-no-nordeste\/","og_site_name":"Bahia Economica","article_publisher":"https:\/\/www.facebook.com\/bahiaeconomica","article_published_time":"2024-07-11T18:42:58+00:00","og_image":[{"width":967,"height":478,"url":"https:\/\/bahiaeconomica.com.br\/wp\/wp-content\/uploads\/2024\/07\/38-a9f9a121-5023-4a0a-8140-29b3aca27181.webp","type":"image\/webp"}],"author":"LUIZA NASCIMENTO","twitter_card":"summary_large_image","twitter_misc":{"Escrito por":"LUIZA NASCIMENTO","Est. tempo de leitura":"3 minutos"},"schema":{"@context":"https:\/\/schema.org","@graph":[{"@type":"Article","@id":"https:\/\/bahiaeconomica.com.br\/wp\/2024\/07\/11\/lojas-avenida-inaugura-mais-de-20-unidades-no-primeiro-semestre-16-sao-no-nordeste\/#article","isPartOf":{"@id":"https:\/\/bahiaeconomica.com.br\/wp\/2024\/07\/11\/lojas-avenida-inaugura-mais-de-20-unidades-no-primeiro-semestre-16-sao-no-nordeste\/"},"author":{"name":"LUIZA NASCIMENTO","@id":"https:\/\/bahiaeconomica.com.br\/wp\/#\/schema\/person\/18273ac0fe04bfd4e7b101bf17d40152"},"headline":"LOJAS AVENIDA INAUGURA MAIS DE 20 UNIDADES NO PRIMEIRO SEMESTRE; 16 S\u00c3O NO NORDESTE","datePublished":"2024-07-11T18:42:58+00:00","dateModified":"2024-07-11T18:42:58+00:00","mainEntityOfPage":{"@id":"https:\/\/bahiaeconomica.com.br\/wp\/2024\/07\/11\/lojas-avenida-inaugura-mais-de-20-unidades-no-primeiro-semestre-16-sao-no-nordeste\/"},"wordCount":413,"publisher":{"@id":"https:\/\/bahiaeconomica.com.br\/wp\/#organization"},"keywords":["investimento","lojas avenida","nordeste"],"articleSection":["ECONOMIA \/ POL\u00cdTICA","NORDESTE INVEST"],"inLanguage":"pt-BR"},{"@type":"WebPage","@id":"https:\/\/bahiaeconomica.com.br\/wp\/2024\/07\/11\/lojas-avenida-inaugura-mais-de-20-unidades-no-primeiro-semestre-16-sao-no-nordeste\/","url":"https:\/\/bahiaeconomica.com.br\/wp\/2024\/07\/11\/lojas-avenida-inaugura-mais-de-20-unidades-no-primeiro-semestre-16-sao-no-nordeste\/","name":"LOJAS AVENIDA INAUGURA MAIS DE 20 UNIDADES","isPartOf":{"@id":"https:\/\/bahiaeconomica.com.br\/wp\/#website"},"datePublished":"2024-07-11T18:42:58+00:00","dateModified":"2024-07-11T18:42:58+00:00","description":"A expectativa da Pepkor \u00e9 de alcan\u00e7ar ao menos 40 inaugura\u00e7\u00f5es ao longo do ano, superando a marca hist\u00f3rica alcan\u00e7ada em 2023","breadcrumb":{"@id":"https:\/\/bahiaeconomica.com.br\/wp\/2024\/07\/11\/lojas-avenida-inaugura-mais-de-20-unidades-no-primeiro-semestre-16-sao-no-nordeste\/#breadcrumb"},"inLanguage":"pt-BR","potentialAction":[{"@type":"ReadAction","target":["https:\/\/bahiaeconomica.com.br\/wp\/2024\/07\/11\/lojas-avenida-inaugura-mais-de-20-unidades-no-primeiro-semestre-16-sao-no-nordeste\/"]}]},{"@type":"BreadcrumbList","@id":"https:\/\/bahiaeconomica.com.br\/wp\/2024\/07\/11\/lojas-avenida-inaugura-mais-de-20-unidades-no-primeiro-semestre-16-sao-no-nordeste\/#breadcrumb","itemListElement":[{"@type":"ListItem","position":1,"name":"In\u00edcio","item":"https:\/\/bahiaeconomica.com.br\/wp\/"},{"@type":"ListItem","position":2,"name":"LOJAS AVENIDA INAUGURA MAIS DE 20 UNIDADES NO PRIMEIRO SEMESTRE; 16 S\u00c3O NO NORDESTE"}]},{"@type":"WebSite","@id":"https:\/\/bahiaeconomica.com.br\/wp\/#website","url":"https:\/\/bahiaeconomica.com.br\/wp\/","name":"Bahia Economica","description":"O maior portal de Economia da Bahia","publisher":{"@id":"https:\/\/bahiaeconomica.com.br\/wp\/#organization"},"potentialAction":[{"@type":"SearchAction","target":{"@type":"EntryPoint","urlTemplate":"https:\/\/bahiaeconomica.com.br\/wp\/?s={search_term_string}"},"query-input":"required name=search_term_string"}],"inLanguage":"pt-BR"},{"@type":"Organization","@id":"https:\/\/bahiaeconomica.com.br\/wp\/#organization","name":"Bahia Econ\u00f4mica","url":"https:\/\/bahiaeconomica.com.br\/wp\/","logo":{"@type":"ImageObject","inLanguage":"pt-BR","@id":"https:\/\/bahiaeconomica.com.br\/wp\/#\/schema\/logo\/image\/","url":"https:\/\/bahiaeconomica.com.br\/wp\/wp-content\/uploads\/2020\/12\/cropped-BE.png","contentUrl":"https:\/\/bahiaeconomica.com.br\/wp\/wp-content\/uploads\/2020\/12\/cropped-BE.png","width":512,"height":512,"caption":"Bahia Econ\u00f4mica"},"image":{"@id":"https:\/\/bahiaeconomica.com.br\/wp\/#\/schema\/logo\/image\/"},"sameAs":["https:\/\/www.facebook.com\/bahiaeconomica"]},{"@type":"Person","@id":"https:\/\/bahiaeconomica.com.br\/wp\/#\/schema\/person\/18273ac0fe04bfd4e7b101bf17d40152","name":"LUIZA NASCIMENTO","sameAs":["http:\/\/www.bahiaeconomica.com.br"],"url":"https:\/\/bahiaeconomica.com.br\/wp\/author\/luiza-nascimento\/"}]}},"views":112,"_links":{"self":[{"href":"https:\/\/bahiaeconomica.com.br\/wp\/wp-json\/wp\/v2\/posts\/830465"}],"collection":[{"href":"https:\/\/bahiaeconomica.com.br\/wp\/wp-json\/wp\/v2\/posts"}],"about":[{"href":"https:\/\/bahiaeconomica.com.br\/wp\/wp-json\/wp\/v2\/types\/post"}],"author":[{"embeddable":true,"href":"https:\/\/bahiaeconomica.com.br\/wp\/wp-json\/wp\/v2\/users\/16"}],"replies":[{"embeddable":true,"href":"https:\/\/bahiaeconomica.com.br\/wp\/wp-json\/wp\/v2\/comments?post=830465"}],"version-history":[{"count":1,"href":"https:\/\/bahiaeconomica.com.br\/wp\/wp-json\/wp\/v2\/posts\/830465\/revisions"}],"predecessor-version":[{"id":830473,"href":"https:\/\/bahiaeconomica.com.br\/wp\/wp-json\/wp\/v2\/posts\/830465\/revisions\/830473"}],"wp:featuredmedia":[{"embeddable":true,"href":"https:\/\/bahiaeconomica.com.br\/wp\/wp-json\/wp\/v2\/media\/830472"}],"wp:attachment":[{"href":"https:\/\/bahiaeconomica.com.br\/wp\/wp-json\/wp\/v2\/media?parent=830465"}],"wp:term":[{"taxonomy":"category","embeddable":true,"href":"https:\/\/bahiaeconomica.com.br\/wp\/wp-json\/wp\/v2\/categories?post=830465"},{"taxonomy":"post_tag","embeddable":true,"href":"https:\/\/bahiaeconomica.com.br\/wp\/wp-json\/wp\/v2\/tags?post=830465"}],"curies":[{"name":"wp","href":"https:\/\/api.w.org\/{rel}","templated":true}]}}