{"id":830260,"date":"2024-07-10T16:32:14","date_gmt":"2024-07-10T19:32:14","guid":{"rendered":"https:\/\/bahiaeconomica.com.br\/wp\/?p=830260"},"modified":"2024-07-10T16:32:14","modified_gmt":"2024-07-10T19:32:14","slug":"lauro-de-freitas-central-de-regulacao-abre-canal-de-atendimento-pelo-whatsapp","status":"publish","type":"post","link":"https:\/\/bahiaeconomica.com.br\/wp\/2024\/07\/10\/lauro-de-freitas-central-de-regulacao-abre-canal-de-atendimento-pelo-whatsapp\/","title":{"rendered":"LAURO DE FREITAS: CENTRAL DE REGULA\u00c7\u00c3O ABRE CANAL DE ATENDIMENTO PELO WHATSAPP"},"content":{"rendered":"<p>A Secretaria Municipal de Sa\u00fade (SESA) de Lauro de Freitas, por meio da Central de Regula\u00e7\u00e3o, disponibilizou mais um canal de atendimento para a popula\u00e7\u00e3o. Agora, os cidad\u00e3os podem consultar solicita\u00e7\u00f5es, solicitar segunda via do Cart\u00e3o SUS e d\u00favidas sobre preparo para procedimentos atrav\u00e9s do WhatsApp (71) 3288-3354.<\/p>\n<p>Esse novo servi\u00e7o \u00e9 oferecido atrav\u00e9s da assistente virtual &#8220;Laura&#8221;, que funciona 24 horas por dia. Para utiliz\u00e1-la, basta salvar o contato na agenda do celular e iniciar uma conversa no aplicativo.<\/p>\n<p>Al\u00e9m disso, a popula\u00e7\u00e3o pode acompanhar suas solicita\u00e7\u00f5es de consultas e exames e obter os endere\u00e7os das unidades descentralizadas da Regula\u00e7\u00e3o pelo site regulacaomunicipal.pmlf.ba.gov.br. Para acessar o servi\u00e7o online, \u00e9 necess\u00e1rio ter em m\u00e3os o n\u00famero do CPF ou do Cart\u00e3o SUS.<\/p>\n<p>Para mais informa\u00e7\u00f5es, os mun\u00edcipes podem entrar em contato com a Central de Regula\u00e7\u00e3o pelo telefone (71) 9328-3354.<\/p>\n<p>Servi\u00e7os dispon\u00edveis atrav\u00e9s da assistente virtual Laura:<\/p>\n<p>\u00b7 Consultar solicita\u00e7\u00f5es;<\/p>\n<p>\u00b7 Consultar solicita\u00e7\u00f5es via protocolo;<\/p>\n<p>\u00b7 Solicitar cancelamento;<\/p>\n<p>\u00b7 Segunda via do Cart\u00e3o SUS;<\/p>\n<p>\u00b7 Documentos necess\u00e1rios para fazer o Cart\u00e3o SUS;<\/p>\n<p>\u00b7 Para consultar postos descentralizados de marca\u00e7\u00e3o;<\/p>\n<p>\u00b7 Para consultar preparo para procedimentos;<\/p>\n<p>\u00b7 Documentos necess\u00e1rios para realizar procedimento.<\/p>\n<p>&nbsp;<\/p>\n<p>Foto \u2013 Andressa Oliveira<\/p>\n","protected":false},"excerpt":{"rendered":"<p>A Secretaria Municipal de Sa\u00fade (SESA) de Lauro de Freitas, por meio da Central de Regula\u00e7\u00e3o, disponibilizou mais um canal de atendimento para a popula\u00e7\u00e3o. Agora, os cidad\u00e3os podem consultar solicita\u00e7\u00f5es, solicitar segunda via do Cart\u00e3o SUS e d\u00favidas sobre preparo para procedimentos atrav\u00e9s do WhatsApp (71) 3288-3354. Esse novo servi\u00e7o \u00e9 oferecido atrav\u00e9s da [&hellip;]<\/p>\n","protected":false},"author":16,"featured_media":830262,"comment_status":"closed","ping_status":"closed","sticky":false,"template":"","format":"standard","meta":[],"categories":[5],"tags":[31540,330,4212],"acf":[],"yoast_head":"<!-- This site is optimized with the Yoast SEO plugin v20.8 - https:\/\/yoast.com\/wordpress\/plugins\/seo\/ -->\n<title>CENTRAL DE REGULA\u00c7\u00c3O DE LAURO ABRE CANAL NO WPP<\/title>\n<meta name=\"description\" content=\"A Secretaria Municipal de Sa\u00fade (SESA) de Lauro de Freitas disponibilizou mais um canal de atendimento para a popula\u00e7\u00e3o.\" \/>\n<meta name=\"robots\" content=\"index, follow, max-snippet:-1, max-image-preview:large, max-video-preview:-1\" \/>\n<link rel=\"canonical\" href=\"https:\/\/bahiaeconomica.com.br\/wp\/2024\/07\/10\/lauro-de-freitas-central-de-regulacao-abre-canal-de-atendimento-pelo-whatsapp\/\" \/>\n<meta property=\"og:locale\" content=\"pt_BR\" \/>\n<meta property=\"og:type\" content=\"article\" \/>\n<meta property=\"og:title\" content=\"CENTRAL DE REGULA\u00c7\u00c3O DE LAURO ABRE CANAL NO WPP\" \/>\n<meta property=\"og:description\" content=\"A Secretaria Municipal de Sa\u00fade (SESA) de Lauro de Freitas disponibilizou mais um canal de atendimento para a popula\u00e7\u00e3o.\" \/>\n<meta property=\"og:url\" content=\"https:\/\/bahiaeconomica.com.br\/wp\/2024\/07\/10\/lauro-de-freitas-central-de-regulacao-abre-canal-de-atendimento-pelo-whatsapp\/\" \/>\n<meta property=\"og:site_name\" content=\"Bahia Economica\" \/>\n<meta property=\"article:publisher\" content=\"https:\/\/www.facebook.com\/bahiaeconomica\" \/>\n<meta property=\"article:published_time\" content=\"2024-07-10T19:32:14+00:00\" \/>\n<meta property=\"og:image\" content=\"https:\/\/bahiaeconomica.com.br\/wp\/wp-content\/uploads\/2024\/07\/REGULACAO-LAURO-DE-FREITAS-WHATSAPP.jpeg\" \/>\n\t<meta property=\"og:image:width\" content=\"1600\" \/>\n\t<meta property=\"og:image:height\" content=\"1200\" \/>\n\t<meta property=\"og:image:type\" content=\"image\/jpeg\" \/>\n<meta name=\"author\" content=\"LUIZA NASCIMENTO\" \/>\n<meta name=\"twitter:card\" content=\"summary_large_image\" \/>\n<meta name=\"twitter:label1\" content=\"Escrito por\" \/>\n\t<meta name=\"twitter:data1\" content=\"LUIZA NASCIMENTO\" \/>\n\t<meta name=\"twitter:label2\" content=\"Est. tempo de leitura\" \/>\n\t<meta name=\"twitter:data2\" content=\"2 minutos\" \/>\n<script type=\"application\/ld+json\" class=\"yoast-schema-graph\">{\"@context\":\"https:\/\/schema.org\",\"@graph\":[{\"@type\":\"Article\",\"@id\":\"https:\/\/bahiaeconomica.com.br\/wp\/2024\/07\/10\/lauro-de-freitas-central-de-regulacao-abre-canal-de-atendimento-pelo-whatsapp\/#article\",\"isPartOf\":{\"@id\":\"https:\/\/bahiaeconomica.com.br\/wp\/2024\/07\/10\/lauro-de-freitas-central-de-regulacao-abre-canal-de-atendimento-pelo-whatsapp\/\"},\"author\":{\"name\":\"LUIZA NASCIMENTO\",\"@id\":\"https:\/\/bahiaeconomica.com.br\/wp\/#\/schema\/person\/18273ac0fe04bfd4e7b101bf17d40152\"},\"headline\":\"LAURO DE FREITAS: CENTRAL DE REGULA\u00c7\u00c3O ABRE CANAL DE ATENDIMENTO PELO WHATSAPP\",\"datePublished\":\"2024-07-10T19:32:14+00:00\",\"dateModified\":\"2024-07-10T19:32:14+00:00\",\"mainEntityOfPage\":{\"@id\":\"https:\/\/bahiaeconomica.com.br\/wp\/2024\/07\/10\/lauro-de-freitas-central-de-regulacao-abre-canal-de-atendimento-pelo-whatsapp\/\"},\"wordCount\":233,\"publisher\":{\"@id\":\"https:\/\/bahiaeconomica.com.br\/wp\/#organization\"},\"keywords\":[\"central de regula\u00e7\u00e3o\",\"Lauro de Freitas\",\"WhatsApp\"],\"articleSection\":[\"MUNIC\u00cdPIOS\"],\"inLanguage\":\"pt-BR\"},{\"@type\":\"WebPage\",\"@id\":\"https:\/\/bahiaeconomica.com.br\/wp\/2024\/07\/10\/lauro-de-freitas-central-de-regulacao-abre-canal-de-atendimento-pelo-whatsapp\/\",\"url\":\"https:\/\/bahiaeconomica.com.br\/wp\/2024\/07\/10\/lauro-de-freitas-central-de-regulacao-abre-canal-de-atendimento-pelo-whatsapp\/\",\"name\":\"CENTRAL DE REGULA\u00c7\u00c3O DE LAURO ABRE CANAL NO WPP\",\"isPartOf\":{\"@id\":\"https:\/\/bahiaeconomica.com.br\/wp\/#website\"},\"datePublished\":\"2024-07-10T19:32:14+00:00\",\"dateModified\":\"2024-07-10T19:32:14+00:00\",\"description\":\"A Secretaria Municipal de Sa\u00fade (SESA) de Lauro de Freitas disponibilizou mais um canal de atendimento para a popula\u00e7\u00e3o.\",\"breadcrumb\":{\"@id\":\"https:\/\/bahiaeconomica.com.br\/wp\/2024\/07\/10\/lauro-de-freitas-central-de-regulacao-abre-canal-de-atendimento-pelo-whatsapp\/#breadcrumb\"},\"inLanguage\":\"pt-BR\",\"potentialAction\":[{\"@type\":\"ReadAction\",\"target\":[\"https:\/\/bahiaeconomica.com.br\/wp\/2024\/07\/10\/lauro-de-freitas-central-de-regulacao-abre-canal-de-atendimento-pelo-whatsapp\/\"]}]},{\"@type\":\"BreadcrumbList\",\"@id\":\"https:\/\/bahiaeconomica.com.br\/wp\/2024\/07\/10\/lauro-de-freitas-central-de-regulacao-abre-canal-de-atendimento-pelo-whatsapp\/#breadcrumb\",\"itemListElement\":[{\"@type\":\"ListItem\",\"position\":1,\"name\":\"In\u00edcio\",\"item\":\"https:\/\/bahiaeconomica.com.br\/wp\/\"},{\"@type\":\"ListItem\",\"position\":2,\"name\":\"LAURO DE FREITAS: CENTRAL DE REGULA\u00c7\u00c3O ABRE CANAL DE ATENDIMENTO PELO WHATSAPP\"}]},{\"@type\":\"WebSite\",\"@id\":\"https:\/\/bahiaeconomica.com.br\/wp\/#website\",\"url\":\"https:\/\/bahiaeconomica.com.br\/wp\/\",\"name\":\"Bahia Economica\",\"description\":\"O maior portal de Economia da Bahia\",\"publisher\":{\"@id\":\"https:\/\/bahiaeconomica.com.br\/wp\/#organization\"},\"potentialAction\":[{\"@type\":\"SearchAction\",\"target\":{\"@type\":\"EntryPoint\",\"urlTemplate\":\"https:\/\/bahiaeconomica.com.br\/wp\/?s={search_term_string}\"},\"query-input\":\"required name=search_term_string\"}],\"inLanguage\":\"pt-BR\"},{\"@type\":\"Organization\",\"@id\":\"https:\/\/bahiaeconomica.com.br\/wp\/#organization\",\"name\":\"Bahia Econ\u00f4mica\",\"url\":\"https:\/\/bahiaeconomica.com.br\/wp\/\",\"logo\":{\"@type\":\"ImageObject\",\"inLanguage\":\"pt-BR\",\"@id\":\"https:\/\/bahiaeconomica.com.br\/wp\/#\/schema\/logo\/image\/\",\"url\":\"https:\/\/bahiaeconomica.com.br\/wp\/wp-content\/uploads\/2020\/12\/cropped-BE.png\",\"contentUrl\":\"https:\/\/bahiaeconomica.com.br\/wp\/wp-content\/uploads\/2020\/12\/cropped-BE.png\",\"width\":512,\"height\":512,\"caption\":\"Bahia Econ\u00f4mica\"},\"image\":{\"@id\":\"https:\/\/bahiaeconomica.com.br\/wp\/#\/schema\/logo\/image\/\"},\"sameAs\":[\"https:\/\/www.facebook.com\/bahiaeconomica\"]},{\"@type\":\"Person\",\"@id\":\"https:\/\/bahiaeconomica.com.br\/wp\/#\/schema\/person\/18273ac0fe04bfd4e7b101bf17d40152\",\"name\":\"LUIZA NASCIMENTO\",\"sameAs\":[\"http:\/\/www.bahiaeconomica.com.br\"],\"url\":\"https:\/\/bahiaeconomica.com.br\/wp\/author\/luiza-nascimento\/\"}]}<\/script>\n<!-- \/ Yoast SEO plugin. -->","yoast_head_json":{"title":"CENTRAL DE REGULA\u00c7\u00c3O DE LAURO ABRE CANAL NO WPP","description":"A Secretaria Municipal de Sa\u00fade (SESA) de Lauro de Freitas disponibilizou mais um canal de atendimento para a popula\u00e7\u00e3o.","robots":{"index":"index","follow":"follow","max-snippet":"max-snippet:-1","max-image-preview":"max-image-preview:large","max-video-preview":"max-video-preview:-1"},"canonical":"https:\/\/bahiaeconomica.com.br\/wp\/2024\/07\/10\/lauro-de-freitas-central-de-regulacao-abre-canal-de-atendimento-pelo-whatsapp\/","og_locale":"pt_BR","og_type":"article","og_title":"CENTRAL DE REGULA\u00c7\u00c3O DE LAURO ABRE CANAL NO WPP","og_description":"A Secretaria Municipal de Sa\u00fade (SESA) de Lauro de Freitas disponibilizou mais um canal de atendimento para a popula\u00e7\u00e3o.","og_url":"https:\/\/bahiaeconomica.com.br\/wp\/2024\/07\/10\/lauro-de-freitas-central-de-regulacao-abre-canal-de-atendimento-pelo-whatsapp\/","og_site_name":"Bahia Economica","article_publisher":"https:\/\/www.facebook.com\/bahiaeconomica","article_published_time":"2024-07-10T19:32:14+00:00","og_image":[{"width":1600,"height":1200,"url":"https:\/\/bahiaeconomica.com.br\/wp\/wp-content\/uploads\/2024\/07\/REGULACAO-LAURO-DE-FREITAS-WHATSAPP.jpeg","type":"image\/jpeg"}],"author":"LUIZA NASCIMENTO","twitter_card":"summary_large_image","twitter_misc":{"Escrito por":"LUIZA NASCIMENTO","Est. tempo de leitura":"2 minutos"},"schema":{"@context":"https:\/\/schema.org","@graph":[{"@type":"Article","@id":"https:\/\/bahiaeconomica.com.br\/wp\/2024\/07\/10\/lauro-de-freitas-central-de-regulacao-abre-canal-de-atendimento-pelo-whatsapp\/#article","isPartOf":{"@id":"https:\/\/bahiaeconomica.com.br\/wp\/2024\/07\/10\/lauro-de-freitas-central-de-regulacao-abre-canal-de-atendimento-pelo-whatsapp\/"},"author":{"name":"LUIZA NASCIMENTO","@id":"https:\/\/bahiaeconomica.com.br\/wp\/#\/schema\/person\/18273ac0fe04bfd4e7b101bf17d40152"},"headline":"LAURO DE FREITAS: CENTRAL DE REGULA\u00c7\u00c3O ABRE CANAL DE ATENDIMENTO PELO WHATSAPP","datePublished":"2024-07-10T19:32:14+00:00","dateModified":"2024-07-10T19:32:14+00:00","mainEntityOfPage":{"@id":"https:\/\/bahiaeconomica.com.br\/wp\/2024\/07\/10\/lauro-de-freitas-central-de-regulacao-abre-canal-de-atendimento-pelo-whatsapp\/"},"wordCount":233,"publisher":{"@id":"https:\/\/bahiaeconomica.com.br\/wp\/#organization"},"keywords":["central de regula\u00e7\u00e3o","Lauro de Freitas","WhatsApp"],"articleSection":["MUNIC\u00cdPIOS"],"inLanguage":"pt-BR"},{"@type":"WebPage","@id":"https:\/\/bahiaeconomica.com.br\/wp\/2024\/07\/10\/lauro-de-freitas-central-de-regulacao-abre-canal-de-atendimento-pelo-whatsapp\/","url":"https:\/\/bahiaeconomica.com.br\/wp\/2024\/07\/10\/lauro-de-freitas-central-de-regulacao-abre-canal-de-atendimento-pelo-whatsapp\/","name":"CENTRAL DE REGULA\u00c7\u00c3O DE LAURO ABRE CANAL NO WPP","isPartOf":{"@id":"https:\/\/bahiaeconomica.com.br\/wp\/#website"},"datePublished":"2024-07-10T19:32:14+00:00","dateModified":"2024-07-10T19:32:14+00:00","description":"A Secretaria Municipal de Sa\u00fade (SESA) de Lauro de Freitas disponibilizou mais um canal de atendimento para a popula\u00e7\u00e3o.","breadcrumb":{"@id":"https:\/\/bahiaeconomica.com.br\/wp\/2024\/07\/10\/lauro-de-freitas-central-de-regulacao-abre-canal-de-atendimento-pelo-whatsapp\/#breadcrumb"},"inLanguage":"pt-BR","potentialAction":[{"@type":"ReadAction","target":["https:\/\/bahiaeconomica.com.br\/wp\/2024\/07\/10\/lauro-de-freitas-central-de-regulacao-abre-canal-de-atendimento-pelo-whatsapp\/"]}]},{"@type":"BreadcrumbList","@id":"https:\/\/bahiaeconomica.com.br\/wp\/2024\/07\/10\/lauro-de-freitas-central-de-regulacao-abre-canal-de-atendimento-pelo-whatsapp\/#breadcrumb","itemListElement":[{"@type":"ListItem","position":1,"name":"In\u00edcio","item":"https:\/\/bahiaeconomica.com.br\/wp\/"},{"@type":"ListItem","position":2,"name":"LAURO DE FREITAS: CENTRAL DE REGULA\u00c7\u00c3O ABRE CANAL DE ATENDIMENTO PELO WHATSAPP"}]},{"@type":"WebSite","@id":"https:\/\/bahiaeconomica.com.br\/wp\/#website","url":"https:\/\/bahiaeconomica.com.br\/wp\/","name":"Bahia Economica","description":"O maior portal de Economia da Bahia","publisher":{"@id":"https:\/\/bahiaeconomica.com.br\/wp\/#organization"},"potentialAction":[{"@type":"SearchAction","target":{"@type":"EntryPoint","urlTemplate":"https:\/\/bahiaeconomica.com.br\/wp\/?s={search_term_string}"},"query-input":"required name=search_term_string"}],"inLanguage":"pt-BR"},{"@type":"Organization","@id":"https:\/\/bahiaeconomica.com.br\/wp\/#organization","name":"Bahia Econ\u00f4mica","url":"https:\/\/bahiaeconomica.com.br\/wp\/","logo":{"@type":"ImageObject","inLanguage":"pt-BR","@id":"https:\/\/bahiaeconomica.com.br\/wp\/#\/schema\/logo\/image\/","url":"https:\/\/bahiaeconomica.com.br\/wp\/wp-content\/uploads\/2020\/12\/cropped-BE.png","contentUrl":"https:\/\/bahiaeconomica.com.br\/wp\/wp-content\/uploads\/2020\/12\/cropped-BE.png","width":512,"height":512,"caption":"Bahia Econ\u00f4mica"},"image":{"@id":"https:\/\/bahiaeconomica.com.br\/wp\/#\/schema\/logo\/image\/"},"sameAs":["https:\/\/www.facebook.com\/bahiaeconomica"]},{"@type":"Person","@id":"https:\/\/bahiaeconomica.com.br\/wp\/#\/schema\/person\/18273ac0fe04bfd4e7b101bf17d40152","name":"LUIZA NASCIMENTO","sameAs":["http:\/\/www.bahiaeconomica.com.br"],"url":"https:\/\/bahiaeconomica.com.br\/wp\/author\/luiza-nascimento\/"}]}},"views":538,"_links":{"self":[{"href":"https:\/\/bahiaeconomica.com.br\/wp\/wp-json\/wp\/v2\/posts\/830260"}],"collection":[{"href":"https:\/\/bahiaeconomica.com.br\/wp\/wp-json\/wp\/v2\/posts"}],"about":[{"href":"https:\/\/bahiaeconomica.com.br\/wp\/wp-json\/wp\/v2\/types\/post"}],"author":[{"embeddable":true,"href":"https:\/\/bahiaeconomica.com.br\/wp\/wp-json\/wp\/v2\/users\/16"}],"replies":[{"embeddable":true,"href":"https:\/\/bahiaeconomica.com.br\/wp\/wp-json\/wp\/v2\/comments?post=830260"}],"version-history":[{"count":1,"href":"https:\/\/bahiaeconomica.com.br\/wp\/wp-json\/wp\/v2\/posts\/830260\/revisions"}],"predecessor-version":[{"id":830263,"href":"https:\/\/bahiaeconomica.com.br\/wp\/wp-json\/wp\/v2\/posts\/830260\/revisions\/830263"}],"wp:featuredmedia":[{"embeddable":true,"href":"https:\/\/bahiaeconomica.com.br\/wp\/wp-json\/wp\/v2\/media\/830262"}],"wp:attachment":[{"href":"https:\/\/bahiaeconomica.com.br\/wp\/wp-json\/wp\/v2\/media?parent=830260"}],"wp:term":[{"taxonomy":"category","embeddable":true,"href":"https:\/\/bahiaeconomica.com.br\/wp\/wp-json\/wp\/v2\/categories?post=830260"},{"taxonomy":"post_tag","embeddable":true,"href":"https:\/\/bahiaeconomica.com.br\/wp\/wp-json\/wp\/v2\/tags?post=830260"}],"curies":[{"name":"wp","href":"https:\/\/api.w.org\/{rel}","templated":true}]}}