{"id":830086,"date":"2024-07-10T07:00:38","date_gmt":"2024-07-10T10:00:38","guid":{"rendered":"https:\/\/bahiaeconomica.com.br\/wp\/?p=830086"},"modified":"2024-07-10T07:51:12","modified_gmt":"2024-07-10T10:51:12","slug":"senado-adia-votacao-de-projeto-que-garante-acesso-publico-a-praias","status":"publish","type":"post","link":"https:\/\/bahiaeconomica.com.br\/wp\/2024\/07\/10\/senado-adia-votacao-de-projeto-que-garante-acesso-publico-a-praias\/","title":{"rendered":"SENADO ADIA VOTA\u00c7\u00c3O DE PROJETO QUE GARANTE ACESSO P\u00daBLICO A PRAIAS"},"content":{"rendered":"<p>A Comiss\u00e3o de Desenvolvimento Regional e Turismo do Senado adiou para a pr\u00f3xima semana a vota\u00e7\u00e3o do Projeto de Lei 775\/2022 de autoria do senador Rog\u00e9rio Carvalho (PT-SE) que garante o acesso e o uso p\u00fablico das praias brasileiras. O adiamento ocorreu ap\u00f3s o presidente da comiss\u00e3o, senador Marcelo Castro (MDB-PI), conceder vista coletiva, a pedido do senador Fl\u00e1vio Bolsonaro (PL-RJ), que \u00e9 relator da Proposta de Emenda \u00e0 Constitui\u00e7\u00e3o (PEC) 3\/2022, a PEC das Praias, que transfere a propriedade dos terrenos do litoral brasileiro, hoje sob o dom\u00ednio da Uni\u00e3o, para estados, munic\u00edpios e propriet\u00e1rios privados.<\/p>\n<p>O PL 775\/2022 altera o Plano Nacional de Gerenciamento Costeiro (Lei 7.661, de 1988) e o Estatuto das Cidades (Lei 10.257, de 2001) para assegurar o acesso p\u00fablico \u00e0s praias em todo o pa\u00eds, em regi\u00f5es urbanizadas pelo sistema vi\u00e1rio ou n\u00e3o, exceto nas \u00e1reas de interesse de seguran\u00e7a nacional ou que fa\u00e7am parte de unidades de conserva\u00e7\u00e3o, geridas pelo Instituto Chico Mendes de Conserva\u00e7\u00e3o da Biodiversidade (ICMBio), vinculado ao Minist\u00e9rio do Meio Ambiente e Mudan\u00e7a do Clima (MMA).<\/p>\n<p>(Ag\u00eancia Brasil)<br \/>\nfoto:Foto: Bruno Concha\/Secom PMS<\/p>\n","protected":false},"excerpt":{"rendered":"<p>A Comiss\u00e3o de Desenvolvimento Regional e Turismo do Senado adiou para a pr\u00f3xima semana a vota\u00e7\u00e3o do Projeto de Lei 775\/2022 de autoria do senador Rog\u00e9rio Carvalho (PT-SE) que garante o acesso e o uso p\u00fablico das praias brasileiras. O adiamento ocorreu ap\u00f3s o presidente da comiss\u00e3o, senador Marcelo Castro (MDB-PI), conceder vista coletiva, a [&hellip;]<\/p>\n","protected":false},"author":15,"featured_media":830088,"comment_status":"closed","ping_status":"closed","sticky":false,"template":"","format":"standard","meta":[],"categories":[14601],"tags":[30646,1926,855],"acf":[],"yoast_head":"<!-- This site is optimized with the Yoast SEO plugin v20.8 - https:\/\/yoast.com\/wordpress\/plugins\/seo\/ -->\n<title>SENADO ADIA VOTA\u00c7\u00c3O DE PROJETO QUE GARANTE ACESSO P\u00daBLICO A PRAIAS - Bahia Economica<\/title>\n<meta name=\"description\" content=\"O maior portal de Economia da Bahia Pol\u00edtica Bahia Economica A Comiss\u00e3o de Desenvolvimento Regional e Turismo do Senado adiou para a pr\u00f3xima semana\" \/>\n<meta name=\"robots\" content=\"index, follow, max-snippet:-1, max-image-preview:large, max-video-preview:-1\" \/>\n<link rel=\"canonical\" href=\"https:\/\/bahiaeconomica.com.br\/wp\/2024\/07\/10\/senado-adia-votacao-de-projeto-que-garante-acesso-publico-a-praias\/\" \/>\n<meta property=\"og:locale\" content=\"pt_BR\" \/>\n<meta property=\"og:type\" content=\"article\" \/>\n<meta property=\"og:title\" content=\"SENADO ADIA VOTA\u00c7\u00c3O DE PROJETO QUE GARANTE ACESSO P\u00daBLICO A PRAIAS - Bahia Economica\" \/>\n<meta property=\"og:description\" content=\"O maior portal de Economia da Bahia Pol\u00edtica Bahia Economica A Comiss\u00e3o de Desenvolvimento Regional e Turismo do Senado adiou para a pr\u00f3xima semana\" \/>\n<meta property=\"og:url\" content=\"https:\/\/bahiaeconomica.com.br\/wp\/2024\/07\/10\/senado-adia-votacao-de-projeto-que-garante-acesso-publico-a-praias\/\" \/>\n<meta property=\"og:site_name\" content=\"Bahia Economica\" \/>\n<meta property=\"article:publisher\" content=\"https:\/\/www.facebook.com\/bahiaeconomica\" \/>\n<meta property=\"article:published_time\" content=\"2024-07-10T10:00:38+00:00\" \/>\n<meta property=\"article:modified_time\" content=\"2024-07-10T10:51:12+00:00\" \/>\n<meta property=\"og:image\" content=\"https:\/\/bahiaeconomica.com.br\/wp\/wp-content\/uploads\/2024\/07\/Praia_Porto_da_Barra_Bruno_Concha_Secom_Pms-1-1024x683-1.webp\" \/>\n\t<meta property=\"og:image:width\" content=\"1024\" \/>\n\t<meta property=\"og:image:height\" content=\"683\" \/>\n\t<meta property=\"og:image:type\" content=\"image\/webp\" \/>\n<meta name=\"author\" content=\"VICTORIA ISABEL\" \/>\n<meta name=\"twitter:card\" content=\"summary_large_image\" \/>\n<meta name=\"twitter:label1\" content=\"Escrito por\" \/>\n\t<meta name=\"twitter:data1\" content=\"VICTORIA ISABEL\" \/>\n\t<meta name=\"twitter:label2\" content=\"Est. tempo de leitura\" \/>\n\t<meta name=\"twitter:data2\" content=\"2 minutos\" \/>\n<script type=\"application\/ld+json\" class=\"yoast-schema-graph\">{\"@context\":\"https:\/\/schema.org\",\"@graph\":[{\"@type\":\"Article\",\"@id\":\"https:\/\/bahiaeconomica.com.br\/wp\/2024\/07\/10\/senado-adia-votacao-de-projeto-que-garante-acesso-publico-a-praias\/#article\",\"isPartOf\":{\"@id\":\"https:\/\/bahiaeconomica.com.br\/wp\/2024\/07\/10\/senado-adia-votacao-de-projeto-que-garante-acesso-publico-a-praias\/\"},\"author\":{\"name\":\"VICTORIA ISABEL\",\"@id\":\"https:\/\/bahiaeconomica.com.br\/wp\/#\/schema\/person\/b719ce0fb1c09f3c7a00d9243ced4a6f\"},\"headline\":\"SENADO ADIA VOTA\u00c7\u00c3O DE PROJETO QUE GARANTE ACESSO P\u00daBLICO A PRAIAS\",\"datePublished\":\"2024-07-10T10:00:38+00:00\",\"dateModified\":\"2024-07-10T10:51:12+00:00\",\"mainEntityOfPage\":{\"@id\":\"https:\/\/bahiaeconomica.com.br\/wp\/2024\/07\/10\/senado-adia-votacao-de-projeto-que-garante-acesso-publico-a-praias\/\"},\"wordCount\":213,\"publisher\":{\"@id\":\"https:\/\/bahiaeconomica.com.br\/wp\/#organization\"},\"keywords\":[\"pec das praias\",\"praias\",\"senado\"],\"articleSection\":[\"Pol\u00edtica\"],\"inLanguage\":\"pt-BR\"},{\"@type\":\"WebPage\",\"@id\":\"https:\/\/bahiaeconomica.com.br\/wp\/2024\/07\/10\/senado-adia-votacao-de-projeto-que-garante-acesso-publico-a-praias\/\",\"url\":\"https:\/\/bahiaeconomica.com.br\/wp\/2024\/07\/10\/senado-adia-votacao-de-projeto-que-garante-acesso-publico-a-praias\/\",\"name\":\"SENADO ADIA VOTA\u00c7\u00c3O DE PROJETO QUE GARANTE ACESSO P\u00daBLICO A PRAIAS - Bahia Economica\",\"isPartOf\":{\"@id\":\"https:\/\/bahiaeconomica.com.br\/wp\/#website\"},\"datePublished\":\"2024-07-10T10:00:38+00:00\",\"dateModified\":\"2024-07-10T10:51:12+00:00\",\"description\":\"O maior portal de Economia da Bahia Pol\u00edtica Bahia Economica A Comiss\u00e3o de Desenvolvimento Regional e Turismo do Senado adiou para a pr\u00f3xima semana\",\"breadcrumb\":{\"@id\":\"https:\/\/bahiaeconomica.com.br\/wp\/2024\/07\/10\/senado-adia-votacao-de-projeto-que-garante-acesso-publico-a-praias\/#breadcrumb\"},\"inLanguage\":\"pt-BR\",\"potentialAction\":[{\"@type\":\"ReadAction\",\"target\":[\"https:\/\/bahiaeconomica.com.br\/wp\/2024\/07\/10\/senado-adia-votacao-de-projeto-que-garante-acesso-publico-a-praias\/\"]}]},{\"@type\":\"BreadcrumbList\",\"@id\":\"https:\/\/bahiaeconomica.com.br\/wp\/2024\/07\/10\/senado-adia-votacao-de-projeto-que-garante-acesso-publico-a-praias\/#breadcrumb\",\"itemListElement\":[{\"@type\":\"ListItem\",\"position\":1,\"name\":\"In\u00edcio\",\"item\":\"https:\/\/bahiaeconomica.com.br\/wp\/\"},{\"@type\":\"ListItem\",\"position\":2,\"name\":\"SENADO ADIA VOTA\u00c7\u00c3O DE PROJETO QUE GARANTE ACESSO P\u00daBLICO A PRAIAS\"}]},{\"@type\":\"WebSite\",\"@id\":\"https:\/\/bahiaeconomica.com.br\/wp\/#website\",\"url\":\"https:\/\/bahiaeconomica.com.br\/wp\/\",\"name\":\"Bahia Economica\",\"description\":\"O maior portal de Economia da Bahia\",\"publisher\":{\"@id\":\"https:\/\/bahiaeconomica.com.br\/wp\/#organization\"},\"potentialAction\":[{\"@type\":\"SearchAction\",\"target\":{\"@type\":\"EntryPoint\",\"urlTemplate\":\"https:\/\/bahiaeconomica.com.br\/wp\/?s={search_term_string}\"},\"query-input\":\"required name=search_term_string\"}],\"inLanguage\":\"pt-BR\"},{\"@type\":\"Organization\",\"@id\":\"https:\/\/bahiaeconomica.com.br\/wp\/#organization\",\"name\":\"Bahia Econ\u00f4mica\",\"url\":\"https:\/\/bahiaeconomica.com.br\/wp\/\",\"logo\":{\"@type\":\"ImageObject\",\"inLanguage\":\"pt-BR\",\"@id\":\"https:\/\/bahiaeconomica.com.br\/wp\/#\/schema\/logo\/image\/\",\"url\":\"https:\/\/bahiaeconomica.com.br\/wp\/wp-content\/uploads\/2020\/12\/cropped-BE.png\",\"contentUrl\":\"https:\/\/bahiaeconomica.com.br\/wp\/wp-content\/uploads\/2020\/12\/cropped-BE.png\",\"width\":512,\"height\":512,\"caption\":\"Bahia Econ\u00f4mica\"},\"image\":{\"@id\":\"https:\/\/bahiaeconomica.com.br\/wp\/#\/schema\/logo\/image\/\"},\"sameAs\":[\"https:\/\/www.facebook.com\/bahiaeconomica\"]},{\"@type\":\"Person\",\"@id\":\"https:\/\/bahiaeconomica.com.br\/wp\/#\/schema\/person\/b719ce0fb1c09f3c7a00d9243ced4a6f\",\"name\":\"VICTORIA ISABEL\",\"sameAs\":[\"http:\/\/www.bahiaeconomica.com.br\"],\"url\":\"https:\/\/bahiaeconomica.com.br\/wp\/author\/victoria-isabel\/\"}]}<\/script>\n<!-- \/ Yoast SEO plugin. -->","yoast_head_json":{"title":"SENADO ADIA VOTA\u00c7\u00c3O DE PROJETO QUE GARANTE ACESSO P\u00daBLICO A PRAIAS - Bahia Economica","description":"O maior portal de Economia da Bahia Pol\u00edtica Bahia Economica A Comiss\u00e3o de Desenvolvimento Regional e Turismo do Senado adiou para a pr\u00f3xima semana","robots":{"index":"index","follow":"follow","max-snippet":"max-snippet:-1","max-image-preview":"max-image-preview:large","max-video-preview":"max-video-preview:-1"},"canonical":"https:\/\/bahiaeconomica.com.br\/wp\/2024\/07\/10\/senado-adia-votacao-de-projeto-que-garante-acesso-publico-a-praias\/","og_locale":"pt_BR","og_type":"article","og_title":"SENADO ADIA VOTA\u00c7\u00c3O DE PROJETO QUE GARANTE ACESSO P\u00daBLICO A PRAIAS - Bahia Economica","og_description":"O maior portal de Economia da Bahia Pol\u00edtica Bahia Economica A Comiss\u00e3o de Desenvolvimento Regional e Turismo do Senado adiou para a pr\u00f3xima semana","og_url":"https:\/\/bahiaeconomica.com.br\/wp\/2024\/07\/10\/senado-adia-votacao-de-projeto-que-garante-acesso-publico-a-praias\/","og_site_name":"Bahia Economica","article_publisher":"https:\/\/www.facebook.com\/bahiaeconomica","article_published_time":"2024-07-10T10:00:38+00:00","article_modified_time":"2024-07-10T10:51:12+00:00","og_image":[{"width":1024,"height":683,"url":"https:\/\/bahiaeconomica.com.br\/wp\/wp-content\/uploads\/2024\/07\/Praia_Porto_da_Barra_Bruno_Concha_Secom_Pms-1-1024x683-1.webp","type":"image\/webp"}],"author":"VICTORIA ISABEL","twitter_card":"summary_large_image","twitter_misc":{"Escrito por":"VICTORIA ISABEL","Est. tempo de leitura":"2 minutos"},"schema":{"@context":"https:\/\/schema.org","@graph":[{"@type":"Article","@id":"https:\/\/bahiaeconomica.com.br\/wp\/2024\/07\/10\/senado-adia-votacao-de-projeto-que-garante-acesso-publico-a-praias\/#article","isPartOf":{"@id":"https:\/\/bahiaeconomica.com.br\/wp\/2024\/07\/10\/senado-adia-votacao-de-projeto-que-garante-acesso-publico-a-praias\/"},"author":{"name":"VICTORIA ISABEL","@id":"https:\/\/bahiaeconomica.com.br\/wp\/#\/schema\/person\/b719ce0fb1c09f3c7a00d9243ced4a6f"},"headline":"SENADO ADIA VOTA\u00c7\u00c3O DE PROJETO QUE GARANTE ACESSO P\u00daBLICO A PRAIAS","datePublished":"2024-07-10T10:00:38+00:00","dateModified":"2024-07-10T10:51:12+00:00","mainEntityOfPage":{"@id":"https:\/\/bahiaeconomica.com.br\/wp\/2024\/07\/10\/senado-adia-votacao-de-projeto-que-garante-acesso-publico-a-praias\/"},"wordCount":213,"publisher":{"@id":"https:\/\/bahiaeconomica.com.br\/wp\/#organization"},"keywords":["pec das praias","praias","senado"],"articleSection":["Pol\u00edtica"],"inLanguage":"pt-BR"},{"@type":"WebPage","@id":"https:\/\/bahiaeconomica.com.br\/wp\/2024\/07\/10\/senado-adia-votacao-de-projeto-que-garante-acesso-publico-a-praias\/","url":"https:\/\/bahiaeconomica.com.br\/wp\/2024\/07\/10\/senado-adia-votacao-de-projeto-que-garante-acesso-publico-a-praias\/","name":"SENADO ADIA VOTA\u00c7\u00c3O DE PROJETO QUE GARANTE ACESSO P\u00daBLICO A PRAIAS - Bahia Economica","isPartOf":{"@id":"https:\/\/bahiaeconomica.com.br\/wp\/#website"},"datePublished":"2024-07-10T10:00:38+00:00","dateModified":"2024-07-10T10:51:12+00:00","description":"O maior portal de Economia da Bahia Pol\u00edtica Bahia Economica A Comiss\u00e3o de Desenvolvimento Regional e Turismo do Senado adiou para a pr\u00f3xima semana","breadcrumb":{"@id":"https:\/\/bahiaeconomica.com.br\/wp\/2024\/07\/10\/senado-adia-votacao-de-projeto-que-garante-acesso-publico-a-praias\/#breadcrumb"},"inLanguage":"pt-BR","potentialAction":[{"@type":"ReadAction","target":["https:\/\/bahiaeconomica.com.br\/wp\/2024\/07\/10\/senado-adia-votacao-de-projeto-que-garante-acesso-publico-a-praias\/"]}]},{"@type":"BreadcrumbList","@id":"https:\/\/bahiaeconomica.com.br\/wp\/2024\/07\/10\/senado-adia-votacao-de-projeto-que-garante-acesso-publico-a-praias\/#breadcrumb","itemListElement":[{"@type":"ListItem","position":1,"name":"In\u00edcio","item":"https:\/\/bahiaeconomica.com.br\/wp\/"},{"@type":"ListItem","position":2,"name":"SENADO ADIA VOTA\u00c7\u00c3O DE PROJETO QUE GARANTE ACESSO P\u00daBLICO A PRAIAS"}]},{"@type":"WebSite","@id":"https:\/\/bahiaeconomica.com.br\/wp\/#website","url":"https:\/\/bahiaeconomica.com.br\/wp\/","name":"Bahia Economica","description":"O maior portal de Economia da Bahia","publisher":{"@id":"https:\/\/bahiaeconomica.com.br\/wp\/#organization"},"potentialAction":[{"@type":"SearchAction","target":{"@type":"EntryPoint","urlTemplate":"https:\/\/bahiaeconomica.com.br\/wp\/?s={search_term_string}"},"query-input":"required name=search_term_string"}],"inLanguage":"pt-BR"},{"@type":"Organization","@id":"https:\/\/bahiaeconomica.com.br\/wp\/#organization","name":"Bahia Econ\u00f4mica","url":"https:\/\/bahiaeconomica.com.br\/wp\/","logo":{"@type":"ImageObject","inLanguage":"pt-BR","@id":"https:\/\/bahiaeconomica.com.br\/wp\/#\/schema\/logo\/image\/","url":"https:\/\/bahiaeconomica.com.br\/wp\/wp-content\/uploads\/2020\/12\/cropped-BE.png","contentUrl":"https:\/\/bahiaeconomica.com.br\/wp\/wp-content\/uploads\/2020\/12\/cropped-BE.png","width":512,"height":512,"caption":"Bahia Econ\u00f4mica"},"image":{"@id":"https:\/\/bahiaeconomica.com.br\/wp\/#\/schema\/logo\/image\/"},"sameAs":["https:\/\/www.facebook.com\/bahiaeconomica"]},{"@type":"Person","@id":"https:\/\/bahiaeconomica.com.br\/wp\/#\/schema\/person\/b719ce0fb1c09f3c7a00d9243ced4a6f","name":"VICTORIA ISABEL","sameAs":["http:\/\/www.bahiaeconomica.com.br"],"url":"https:\/\/bahiaeconomica.com.br\/wp\/author\/victoria-isabel\/"}]}},"views":5,"_links":{"self":[{"href":"https:\/\/bahiaeconomica.com.br\/wp\/wp-json\/wp\/v2\/posts\/830086"}],"collection":[{"href":"https:\/\/bahiaeconomica.com.br\/wp\/wp-json\/wp\/v2\/posts"}],"about":[{"href":"https:\/\/bahiaeconomica.com.br\/wp\/wp-json\/wp\/v2\/types\/post"}],"author":[{"embeddable":true,"href":"https:\/\/bahiaeconomica.com.br\/wp\/wp-json\/wp\/v2\/users\/15"}],"replies":[{"embeddable":true,"href":"https:\/\/bahiaeconomica.com.br\/wp\/wp-json\/wp\/v2\/comments?post=830086"}],"version-history":[{"count":1,"href":"https:\/\/bahiaeconomica.com.br\/wp\/wp-json\/wp\/v2\/posts\/830086\/revisions"}],"predecessor-version":[{"id":830089,"href":"https:\/\/bahiaeconomica.com.br\/wp\/wp-json\/wp\/v2\/posts\/830086\/revisions\/830089"}],"wp:featuredmedia":[{"embeddable":true,"href":"https:\/\/bahiaeconomica.com.br\/wp\/wp-json\/wp\/v2\/media\/830088"}],"wp:attachment":[{"href":"https:\/\/bahiaeconomica.com.br\/wp\/wp-json\/wp\/v2\/media?parent=830086"}],"wp:term":[{"taxonomy":"category","embeddable":true,"href":"https:\/\/bahiaeconomica.com.br\/wp\/wp-json\/wp\/v2\/categories?post=830086"},{"taxonomy":"post_tag","embeddable":true,"href":"https:\/\/bahiaeconomica.com.br\/wp\/wp-json\/wp\/v2\/tags?post=830086"}],"curies":[{"name":"wp","href":"https:\/\/api.w.org\/{rel}","templated":true}]}}